{"id":177935,"date":"2025-08-29T20:43:04","date_gmt":"2025-08-30T02:43:04","guid":{"rendered":"https:\/\/canal7slp.tv\/2025\/?p=177935"},"modified":"2025-08-30T23:45:22","modified_gmt":"2025-08-31T05:45:22","slug":"donald-trump-plantea-restablecer-la-pena-capital-en-washington-como-medida-contra-homicidio","status":"publish","type":"post","link":"https:\/\/canal7slp.tv\/2025\/donald-trump-plantea-restablecer-la-pena-capital-en-washington-como-medida-contra-homicidio\/","title":{"rendered":"Donald Trump plantea restablecer la pena capital en Washington como medida contra homicidio"},"content":{"rendered":"<p style=\"text-align: justify;\">Washington, D.C., Agosto de 2025. En una decisi\u00f3n que abre un nuevo frente legal y pol\u00edtico, el presidente Donald Trump anunci\u00f3 que su administraci\u00f3n buscar\u00e1 imponer la pena de muerte a cualquier persona que cometa un asesinato en Washington, D.C. (\u201cla capital del pa\u00eds\u201d). La declaraci\u00f3n fue realizada durante su s\u00e9ptima reuni\u00f3n de gabinete, donde enfatiz\u00f3 que esta propuesta constituir\u00eda \u201cuna medida de prevenci\u00f3n muy fuerte\u201d, respaldada por su equipo gubernamental. Sin embargo, admiti\u00f3 que EE. UU. \u201ctal vez no est\u00e9 preparado\u201d para implementarla, aunque insisti\u00f3: \u00abNo tenemos otra opci\u00f3n.\u00bb<\/p>\n<p style=\"text-align: justify;\">La aplicaci\u00f3n de la pena de muerte en D.C. es un tema altamente controversial, ya que el Distrito aboli\u00f3 oficialmente esta sanci\u00f3n en 1981 y los residentes rechazaron su reinstauraci\u00f3n en un refer\u00e9ndum en 1992. A pesar de ello, expertos legales se\u00f1alan que, por ser un distrito federal, los fiscales federales a\u00fan podr\u00edan solicitarla, aunque el jurado local deber\u00e1 aprobarlo, un escenario dif\u00edcil dada la oposici\u00f3n generalizada hacia la pena capital en la ciudad.<\/p>\n<p style=\"text-align: justify;\">El anuncio se enmarca en un plan m\u00e1s amplio de militarizaci\u00f3n y control federal sobre la seguridad en la capital. A principios de agosto, Trump invoc\u00f3 la Ley de Autonom\u00eda del Distrito de Columbia para asumir el control de la Polic\u00eda Metropolitana y despleg\u00f3 m\u00e1s de 2,000 tropas de la Guardia Nacional, adem\u00e1s de agentes de m\u00faltiples agencias federales. Esta estrategia fue presentada como una respuesta urgente a una supuesta \u201cola de cr\u00edmenes fuera de control\u201d.<\/p>\n","protected":false},"excerpt":{"rendered":"<p>Washington, D.C., Agosto de 2025. En una decisi\u00f3n que abre un nuevo frente legal y pol\u00edtico, el presidente Donald Trump anunci\u00f3 que su administraci\u00f3n buscar\u00e1 imponer la pena de muerte a cualquier persona que cometa un asesinato en Washington, D.C. (\u201cla capital del pa\u00eds\u201d). La declaraci\u00f3n fue realizada durante su s\u00e9ptima reuni\u00f3n de gabinete, donde enfatiz\u00f3 que esta propuesta constituir\u00eda \u201cuna medida de prevenci\u00f3n muy fuerte\u201d, respaldada por su equipo gubernamental. Sin embargo, admiti\u00f3 que EE. UU. \u201ctal vez no est\u00e9 preparado\u201d para implementarla, aunque insisti\u00f3: \u00abNo tenemos otra opci\u00f3n.\u00bb La aplicaci\u00f3n de la pena de muerte en D.C. es [&hellip;]<\/p>\n","protected":false},"author":1,"featured_media":177936,"comment_status":"closed","ping_status":"closed","sticky":false,"template":"","format":"standard","meta":{"_monsterinsights_skip_tracking":false,"_monsterinsights_sitenote_active":false,"_monsterinsights_sitenote_note":"","_monsterinsights_sitenote_category":0,"footnotes":""},"categories":[5,44],"tags":[],"class_list":["post-177935","post","type-post","status-publish","format-standard","has-post-thumbnail","hentry","category-destacadas","category-internacional","post--single"],"yoast_head":"<!-- This site is optimized with the Yoast SEO plugin v27.4 - https:\/\/yoast.com\/product\/yoast-seo-wordpress\/ -->\n<title>Donald Trump plantea restablecer la pena capital en Washington como medida contra homicidio - Canal 7 SLP - 2025<\/title>\n<meta name=\"robots\" content=\"index, follow, max-snippet:-1, max-image-preview:large, max-video-preview:-1\" \/>\n<link rel=\"canonical\" href=\"https:\/\/canal7slp.tv\/2025\/donald-trump-plantea-restablecer-la-pena-capital-en-washington-como-medida-contra-homicidio\/\" \/>\n<meta property=\"og:locale\" content=\"es_ES\" \/>\n<meta property=\"og:type\" content=\"article\" \/>\n<meta property=\"og:title\" content=\"Donald Trump plantea restablecer la pena capital en Washington como medida contra homicidio - Canal 7 SLP - 2025\" \/>\n<meta property=\"og:description\" content=\"Washington, D.C., Agosto de 2025. En una decisi\u00f3n que abre un nuevo frente legal y pol\u00edtico, el presidente Donald Trump anunci\u00f3 que su administraci\u00f3n buscar\u00e1 imponer la pena de muerte a cualquier persona que cometa un asesinato en Washington, D.C. (\u201cla capital del pa\u00eds\u201d). La declaraci\u00f3n fue realizada durante su s\u00e9ptima reuni\u00f3n de gabinete, donde enfatiz\u00f3 que esta propuesta constituir\u00eda \u201cuna medida de prevenci\u00f3n muy fuerte\u201d, respaldada por su equipo gubernamental. Sin embargo, admiti\u00f3 que EE. UU. \u201ctal vez no est\u00e9 preparado\u201d para implementarla, aunque insisti\u00f3: \u00abNo tenemos otra opci\u00f3n.\u00bb La aplicaci\u00f3n de la pena de muerte en D.C. es [&hellip;]\" \/>\n<meta property=\"og:url\" content=\"https:\/\/canal7slp.tv\/2025\/donald-trump-plantea-restablecer-la-pena-capital-en-washington-como-medida-contra-homicidio\/\" \/>\n<meta property=\"og:site_name\" content=\"Canal 7 SLP - 2025\" \/>\n<meta property=\"article:publisher\" content=\"https:\/\/www.facebook.com\/noticieroscanal7atencionciudadana\/\" \/>\n<meta property=\"article:published_time\" content=\"2025-08-30T02:43:04+00:00\" \/>\n<meta property=\"article:modified_time\" content=\"2025-08-31T05:45:22+00:00\" \/>\n<meta property=\"og:image\" content=\"https:\/\/canal7slp.tv\/2025\/wp-content\/uploads\/2025\/08\/0f0ea737-c07b-4593-a8d5-afbe92a65fda.jpeg\" \/>\n\t<meta property=\"og:image:width\" content=\"768\" \/>\n\t<meta property=\"og:image:height\" content=\"405\" \/>\n\t<meta property=\"og:image:type\" content=\"image\/jpeg\" \/>\n<meta name=\"author\" content=\"admin\" \/>\n<meta name=\"twitter:card\" content=\"summary_large_image\" \/>\n<meta name=\"twitter:creator\" content=\"@NOTICIEROS7\" \/>\n<meta name=\"twitter:site\" content=\"@NOTICIEROS7\" \/>\n<meta name=\"twitter:label1\" content=\"Escrito por\" \/>\n\t<meta name=\"twitter:data1\" content=\"admin\" \/>\n\t<meta name=\"twitter:label2\" content=\"Tiempo de lectura\" \/>\n\t<meta name=\"twitter:data2\" content=\"2 minutos\" \/>\n<script type=\"application\/ld+json\" class=\"yoast-schema-graph\">{\"@context\":\"https:\\\/\\\/schema.org\",\"@graph\":[{\"@type\":\"Article\",\"@id\":\"https:\\\/\\\/canal7slp.tv\\\/2025\\\/donald-trump-plantea-restablecer-la-pena-capital-en-washington-como-medida-contra-homicidio\\\/#article\",\"isPartOf\":{\"@id\":\"https:\\\/\\\/canal7slp.tv\\\/2025\\\/donald-trump-plantea-restablecer-la-pena-capital-en-washington-como-medida-contra-homicidio\\\/\"},\"author\":{\"name\":\"admin\",\"@id\":\"https:\\\/\\\/canal7slp.tv\\\/2025\\\/#\\\/schema\\\/person\\\/1257e7e4a3d5ac29c4732733a887970d\"},\"headline\":\"Donald Trump plantea restablecer la pena capital en Washington como medida contra homicidio\",\"datePublished\":\"2025-08-30T02:43:04+00:00\",\"dateModified\":\"2025-08-31T05:45:22+00:00\",\"mainEntityOfPage\":{\"@id\":\"https:\\\/\\\/canal7slp.tv\\\/2025\\\/donald-trump-plantea-restablecer-la-pena-capital-en-washington-como-medida-contra-homicidio\\\/\"},\"wordCount\":279,\"publisher\":{\"@id\":\"https:\\\/\\\/canal7slp.tv\\\/2025\\\/#organization\"},\"image\":{\"@id\":\"https:\\\/\\\/canal7slp.tv\\\/2025\\\/donald-trump-plantea-restablecer-la-pena-capital-en-washington-como-medida-contra-homicidio\\\/#primaryimage\"},\"thumbnailUrl\":\"https:\\\/\\\/canal7slp.tv\\\/2025\\\/wp-content\\\/uploads\\\/2025\\\/08\\\/0f0ea737-c07b-4593-a8d5-afbe92a65fda.jpeg\",\"articleSection\":[\"DESTACADAS\",\"INTERNACIONALES\"],\"inLanguage\":\"es\"},{\"@type\":\"WebPage\",\"@id\":\"https:\\\/\\\/canal7slp.tv\\\/2025\\\/donald-trump-plantea-restablecer-la-pena-capital-en-washington-como-medida-contra-homicidio\\\/\",\"url\":\"https:\\\/\\\/canal7slp.tv\\\/2025\\\/donald-trump-plantea-restablecer-la-pena-capital-en-washington-como-medida-contra-homicidio\\\/\",\"name\":\"Donald Trump plantea restablecer la pena capital en Washington como medida contra homicidio - Canal 7 SLP - 2025\",\"isPartOf\":{\"@id\":\"https:\\\/\\\/canal7slp.tv\\\/2025\\\/#website\"},\"primaryImageOfPage\":{\"@id\":\"https:\\\/\\\/canal7slp.tv\\\/2025\\\/donald-trump-plantea-restablecer-la-pena-capital-en-washington-como-medida-contra-homicidio\\\/#primaryimage\"},\"image\":{\"@id\":\"https:\\\/\\\/canal7slp.tv\\\/2025\\\/donald-trump-plantea-restablecer-la-pena-capital-en-washington-como-medida-contra-homicidio\\\/#primaryimage\"},\"thumbnailUrl\":\"https:\\\/\\\/canal7slp.tv\\\/2025\\\/wp-content\\\/uploads\\\/2025\\\/08\\\/0f0ea737-c07b-4593-a8d5-afbe92a65fda.jpeg\",\"datePublished\":\"2025-08-30T02:43:04+00:00\",\"dateModified\":\"2025-08-31T05:45:22+00:00\",\"breadcrumb\":{\"@id\":\"https:\\\/\\\/canal7slp.tv\\\/2025\\\/donald-trump-plantea-restablecer-la-pena-capital-en-washington-como-medida-contra-homicidio\\\/#breadcrumb\"},\"inLanguage\":\"es\",\"potentialAction\":[{\"@type\":\"ReadAction\",\"target\":[\"https:\\\/\\\/canal7slp.tv\\\/2025\\\/donald-trump-plantea-restablecer-la-pena-capital-en-washington-como-medida-contra-homicidio\\\/\"]}]},{\"@type\":\"ImageObject\",\"inLanguage\":\"es\",\"@id\":\"https:\\\/\\\/canal7slp.tv\\\/2025\\\/donald-trump-plantea-restablecer-la-pena-capital-en-washington-como-medida-contra-homicidio\\\/#primaryimage\",\"url\":\"https:\\\/\\\/canal7slp.tv\\\/2025\\\/wp-content\\\/uploads\\\/2025\\\/08\\\/0f0ea737-c07b-4593-a8d5-afbe92a65fda.jpeg\",\"contentUrl\":\"https:\\\/\\\/canal7slp.tv\\\/2025\\\/wp-content\\\/uploads\\\/2025\\\/08\\\/0f0ea737-c07b-4593-a8d5-afbe92a65fda.jpeg\",\"width\":768,\"height\":405},{\"@type\":\"BreadcrumbList\",\"@id\":\"https:\\\/\\\/canal7slp.tv\\\/2025\\\/donald-trump-plantea-restablecer-la-pena-capital-en-washington-como-medida-contra-homicidio\\\/#breadcrumb\",\"itemListElement\":[{\"@type\":\"ListItem\",\"position\":1,\"name\":\"Portada\",\"item\":\"https:\\\/\\\/canal7slp.tv\\\/2025\\\/\"},{\"@type\":\"ListItem\",\"position\":2,\"name\":\"Donald Trump plantea restablecer la pena capital en Washington como medida contra homicidio\"}]},{\"@type\":\"WebSite\",\"@id\":\"https:\\\/\\\/canal7slp.tv\\\/2025\\\/#website\",\"url\":\"https:\\\/\\\/canal7slp.tv\\\/2025\\\/\",\"name\":\"N7 - Noticieros Canal 7\",\"description\":\"Somos el Medio\",\"publisher\":{\"@id\":\"https:\\\/\\\/canal7slp.tv\\\/2025\\\/#organization\"},\"potentialAction\":[{\"@type\":\"SearchAction\",\"target\":{\"@type\":\"EntryPoint\",\"urlTemplate\":\"https:\\\/\\\/canal7slp.tv\\\/2025\\\/?s={search_term_string}\"},\"query-input\":{\"@type\":\"PropertyValueSpecification\",\"valueRequired\":true,\"valueName\":\"search_term_string\"}}],\"inLanguage\":\"es\"},{\"@type\":\"Organization\",\"@id\":\"https:\\\/\\\/canal7slp.tv\\\/2025\\\/#organization\",\"name\":\"Noticieros Canal 7\",\"url\":\"https:\\\/\\\/canal7slp.tv\\\/2025\\\/\",\"logo\":{\"@type\":\"ImageObject\",\"inLanguage\":\"es\",\"@id\":\"https:\\\/\\\/canal7slp.tv\\\/2025\\\/#\\\/schema\\\/logo\\\/image\\\/\",\"url\":\"https:\\\/\\\/canal7slp.tv\\\/2025\\\/wp-content\\\/uploads\\\/2021\\\/01\\\/logo-noticieros@2x.png\",\"contentUrl\":\"https:\\\/\\\/canal7slp.tv\\\/2025\\\/wp-content\\\/uploads\\\/2021\\\/01\\\/logo-noticieros@2x.png\",\"width\":1017,\"height\":268,\"caption\":\"Noticieros Canal 7\"},\"image\":{\"@id\":\"https:\\\/\\\/canal7slp.tv\\\/2025\\\/#\\\/schema\\\/logo\\\/image\\\/\"},\"sameAs\":[\"https:\\\/\\\/www.facebook.com\\\/noticieroscanal7atencionciudadana\\\/\",\"https:\\\/\\\/x.com\\\/NOTICIEROS7\",\"https:\\\/\\\/www.instagram.com\\\/canal7_slp\",\"https:\\\/\\\/www.youtube.com\\\/channel\\\/UCliiYs-gP3JfJeqdPrNdd5A\"]},{\"@type\":\"Person\",\"@id\":\"https:\\\/\\\/canal7slp.tv\\\/2025\\\/#\\\/schema\\\/person\\\/1257e7e4a3d5ac29c4732733a887970d\",\"name\":\"admin\",\"image\":{\"@type\":\"ImageObject\",\"inLanguage\":\"es\",\"@id\":\"https:\\\/\\\/secure.gravatar.com\\\/avatar\\\/d1da498ea933582ecc2b5d72a4eac16ec41c3ec04cf2dc9d46e0b557dedfd5ff?s=96&d=mm&r=g\",\"url\":\"https:\\\/\\\/secure.gravatar.com\\\/avatar\\\/d1da498ea933582ecc2b5d72a4eac16ec41c3ec04cf2dc9d46e0b557dedfd5ff?s=96&d=mm&r=g\",\"contentUrl\":\"https:\\\/\\\/secure.gravatar.com\\\/avatar\\\/d1da498ea933582ecc2b5d72a4eac16ec41c3ec04cf2dc9d46e0b557dedfd5ff?s=96&d=mm&r=g\",\"caption\":\"admin\"},\"sameAs\":[\"https:\\\/\\\/canal7slp.tv\\\/2025\"],\"url\":\"https:\\\/\\\/canal7slp.tv\\\/2025\\\/author\\\/bicefalo\\\/\"}]}<\/script>\n<!-- \/ Yoast SEO plugin. -->","yoast_head_json":{"title":"Donald Trump plantea restablecer la pena capital en Washington como medida contra homicidio - Canal 7 SLP - 2025","robots":{"index":"index","follow":"follow","max-snippet":"max-snippet:-1","max-image-preview":"max-image-preview:large","max-video-preview":"max-video-preview:-1"},"canonical":"https:\/\/canal7slp.tv\/2025\/donald-trump-plantea-restablecer-la-pena-capital-en-washington-como-medida-contra-homicidio\/","og_locale":"es_ES","og_type":"article","og_title":"Donald Trump plantea restablecer la pena capital en Washington como medida contra homicidio - Canal 7 SLP - 2025","og_description":"Washington, D.C., Agosto de 2025. En una decisi\u00f3n que abre un nuevo frente legal y pol\u00edtico, el presidente Donald Trump anunci\u00f3 que su administraci\u00f3n buscar\u00e1 imponer la pena de muerte a cualquier persona que cometa un asesinato en Washington, D.C. (\u201cla capital del pa\u00eds\u201d). La declaraci\u00f3n fue realizada durante su s\u00e9ptima reuni\u00f3n de gabinete, donde enfatiz\u00f3 que esta propuesta constituir\u00eda \u201cuna medida de prevenci\u00f3n muy fuerte\u201d, respaldada por su equipo gubernamental. Sin embargo, admiti\u00f3 que EE. UU. \u201ctal vez no est\u00e9 preparado\u201d para implementarla, aunque insisti\u00f3: \u00abNo tenemos otra opci\u00f3n.\u00bb La aplicaci\u00f3n de la pena de muerte en D.C. es [&hellip;]","og_url":"https:\/\/canal7slp.tv\/2025\/donald-trump-plantea-restablecer-la-pena-capital-en-washington-como-medida-contra-homicidio\/","og_site_name":"Canal 7 SLP - 2025","article_publisher":"https:\/\/www.facebook.com\/noticieroscanal7atencionciudadana\/","article_published_time":"2025-08-30T02:43:04+00:00","article_modified_time":"2025-08-31T05:45:22+00:00","og_image":[{"width":768,"height":405,"url":"https:\/\/canal7slp.tv\/2025\/wp-content\/uploads\/2025\/08\/0f0ea737-c07b-4593-a8d5-afbe92a65fda.jpeg","type":"image\/jpeg"}],"author":"admin","twitter_card":"summary_large_image","twitter_creator":"@NOTICIEROS7","twitter_site":"@NOTICIEROS7","twitter_misc":{"Escrito por":"admin","Tiempo de lectura":"2 minutos"},"schema":{"@context":"https:\/\/schema.org","@graph":[{"@type":"Article","@id":"https:\/\/canal7slp.tv\/2025\/donald-trump-plantea-restablecer-la-pena-capital-en-washington-como-medida-contra-homicidio\/#article","isPartOf":{"@id":"https:\/\/canal7slp.tv\/2025\/donald-trump-plantea-restablecer-la-pena-capital-en-washington-como-medida-contra-homicidio\/"},"author":{"name":"admin","@id":"https:\/\/canal7slp.tv\/2025\/#\/schema\/person\/1257e7e4a3d5ac29c4732733a887970d"},"headline":"Donald Trump plantea restablecer la pena capital en Washington como medida contra homicidio","datePublished":"2025-08-30T02:43:04+00:00","dateModified":"2025-08-31T05:45:22+00:00","mainEntityOfPage":{"@id":"https:\/\/canal7slp.tv\/2025\/donald-trump-plantea-restablecer-la-pena-capital-en-washington-como-medida-contra-homicidio\/"},"wordCount":279,"publisher":{"@id":"https:\/\/canal7slp.tv\/2025\/#organization"},"image":{"@id":"https:\/\/canal7slp.tv\/2025\/donald-trump-plantea-restablecer-la-pena-capital-en-washington-como-medida-contra-homicidio\/#primaryimage"},"thumbnailUrl":"https:\/\/canal7slp.tv\/2025\/wp-content\/uploads\/2025\/08\/0f0ea737-c07b-4593-a8d5-afbe92a65fda.jpeg","articleSection":["DESTACADAS","INTERNACIONALES"],"inLanguage":"es"},{"@type":"WebPage","@id":"https:\/\/canal7slp.tv\/2025\/donald-trump-plantea-restablecer-la-pena-capital-en-washington-como-medida-contra-homicidio\/","url":"https:\/\/canal7slp.tv\/2025\/donald-trump-plantea-restablecer-la-pena-capital-en-washington-como-medida-contra-homicidio\/","name":"Donald Trump plantea restablecer la pena capital en Washington como medida contra homicidio - Canal 7 SLP - 2025","isPartOf":{"@id":"https:\/\/canal7slp.tv\/2025\/#website"},"primaryImageOfPage":{"@id":"https:\/\/canal7slp.tv\/2025\/donald-trump-plantea-restablecer-la-pena-capital-en-washington-como-medida-contra-homicidio\/#primaryimage"},"image":{"@id":"https:\/\/canal7slp.tv\/2025\/donald-trump-plantea-restablecer-la-pena-capital-en-washington-como-medida-contra-homicidio\/#primaryimage"},"thumbnailUrl":"https:\/\/canal7slp.tv\/2025\/wp-content\/uploads\/2025\/08\/0f0ea737-c07b-4593-a8d5-afbe92a65fda.jpeg","datePublished":"2025-08-30T02:43:04+00:00","dateModified":"2025-08-31T05:45:22+00:00","breadcrumb":{"@id":"https:\/\/canal7slp.tv\/2025\/donald-trump-plantea-restablecer-la-pena-capital-en-washington-como-medida-contra-homicidio\/#breadcrumb"},"inLanguage":"es","potentialAction":[{"@type":"ReadAction","target":["https:\/\/canal7slp.tv\/2025\/donald-trump-plantea-restablecer-la-pena-capital-en-washington-como-medida-contra-homicidio\/"]}]},{"@type":"ImageObject","inLanguage":"es","@id":"https:\/\/canal7slp.tv\/2025\/donald-trump-plantea-restablecer-la-pena-capital-en-washington-como-medida-contra-homicidio\/#primaryimage","url":"https:\/\/canal7slp.tv\/2025\/wp-content\/uploads\/2025\/08\/0f0ea737-c07b-4593-a8d5-afbe92a65fda.jpeg","contentUrl":"https:\/\/canal7slp.tv\/2025\/wp-content\/uploads\/2025\/08\/0f0ea737-c07b-4593-a8d5-afbe92a65fda.jpeg","width":768,"height":405},{"@type":"BreadcrumbList","@id":"https:\/\/canal7slp.tv\/2025\/donald-trump-plantea-restablecer-la-pena-capital-en-washington-como-medida-contra-homicidio\/#breadcrumb","itemListElement":[{"@type":"ListItem","position":1,"name":"Portada","item":"https:\/\/canal7slp.tv\/2025\/"},{"@type":"ListItem","position":2,"name":"Donald Trump plantea restablecer la pena capital en Washington como medida contra homicidio"}]},{"@type":"WebSite","@id":"https:\/\/canal7slp.tv\/2025\/#website","url":"https:\/\/canal7slp.tv\/2025\/","name":"N7 - Noticieros Canal 7","description":"Somos el Medio","publisher":{"@id":"https:\/\/canal7slp.tv\/2025\/#organization"},"potentialAction":[{"@type":"SearchAction","target":{"@type":"EntryPoint","urlTemplate":"https:\/\/canal7slp.tv\/2025\/?s={search_term_string}"},"query-input":{"@type":"PropertyValueSpecification","valueRequired":true,"valueName":"search_term_string"}}],"inLanguage":"es"},{"@type":"Organization","@id":"https:\/\/canal7slp.tv\/2025\/#organization","name":"Noticieros Canal 7","url":"https:\/\/canal7slp.tv\/2025\/","logo":{"@type":"ImageObject","inLanguage":"es","@id":"https:\/\/canal7slp.tv\/2025\/#\/schema\/logo\/image\/","url":"https:\/\/canal7slp.tv\/2025\/wp-content\/uploads\/2021\/01\/logo-noticieros@2x.png","contentUrl":"https:\/\/canal7slp.tv\/2025\/wp-content\/uploads\/2021\/01\/logo-noticieros@2x.png","width":1017,"height":268,"caption":"Noticieros Canal 7"},"image":{"@id":"https:\/\/canal7slp.tv\/2025\/#\/schema\/logo\/image\/"},"sameAs":["https:\/\/www.facebook.com\/noticieroscanal7atencionciudadana\/","https:\/\/x.com\/NOTICIEROS7","https:\/\/www.instagram.com\/canal7_slp","https:\/\/www.youtube.com\/channel\/UCliiYs-gP3JfJeqdPrNdd5A"]},{"@type":"Person","@id":"https:\/\/canal7slp.tv\/2025\/#\/schema\/person\/1257e7e4a3d5ac29c4732733a887970d","name":"admin","image":{"@type":"ImageObject","inLanguage":"es","@id":"https:\/\/secure.gravatar.com\/avatar\/d1da498ea933582ecc2b5d72a4eac16ec41c3ec04cf2dc9d46e0b557dedfd5ff?s=96&d=mm&r=g","url":"https:\/\/secure.gravatar.com\/avatar\/d1da498ea933582ecc2b5d72a4eac16ec41c3ec04cf2dc9d46e0b557dedfd5ff?s=96&d=mm&r=g","contentUrl":"https:\/\/secure.gravatar.com\/avatar\/d1da498ea933582ecc2b5d72a4eac16ec41c3ec04cf2dc9d46e0b557dedfd5ff?s=96&d=mm&r=g","caption":"admin"},"sameAs":["https:\/\/canal7slp.tv\/2025"],"url":"https:\/\/canal7slp.tv\/2025\/author\/bicefalo\/"}]}},"_links":{"self":[{"href":"https:\/\/canal7slp.tv\/2025\/wp-json\/wp\/v2\/posts\/177935","targetHints":{"allow":["GET"]}}],"collection":[{"href":"https:\/\/canal7slp.tv\/2025\/wp-json\/wp\/v2\/posts"}],"about":[{"href":"https:\/\/canal7slp.tv\/2025\/wp-json\/wp\/v2\/types\/post"}],"author":[{"embeddable":true,"href":"https:\/\/canal7slp.tv\/2025\/wp-json\/wp\/v2\/users\/1"}],"replies":[{"embeddable":true,"href":"https:\/\/canal7slp.tv\/2025\/wp-json\/wp\/v2\/comments?post=177935"}],"version-history":[{"count":1,"href":"https:\/\/canal7slp.tv\/2025\/wp-json\/wp\/v2\/posts\/177935\/revisions"}],"predecessor-version":[{"id":177937,"href":"https:\/\/canal7slp.tv\/2025\/wp-json\/wp\/v2\/posts\/177935\/revisions\/177937"}],"wp:featuredmedia":[{"embeddable":true,"href":"https:\/\/canal7slp.tv\/2025\/wp-json\/wp\/v2\/media\/177936"}],"wp:attachment":[{"href":"https:\/\/canal7slp.tv\/2025\/wp-json\/wp\/v2\/media?parent=177935"}],"wp:term":[{"taxonomy":"category","embeddable":true,"href":"https:\/\/canal7slp.tv\/2025\/wp-json\/wp\/v2\/categories?post=177935"},{"taxonomy":"post_tag","embeddable":true,"href":"https:\/\/canal7slp.tv\/2025\/wp-json\/wp\/v2\/tags?post=177935"}],"curies":[{"name":"wp","href":"https:\/\/api.w.org\/{rel}","templated":true}]}}