{"id":177932,"date":"2025-08-29T19:35:11","date_gmt":"2025-08-30T01:35:11","guid":{"rendered":"https:\/\/canal7slp.tv\/2025\/?p=177932"},"modified":"2025-08-30T23:38:01","modified_gmt":"2025-08-31T05:38:01","slug":"conmemora-h-cuerpo-de-bomberos-44-anos-de-servicio-en-rioverde","status":"publish","type":"post","link":"https:\/\/canal7slp.tv\/2025\/conmemora-h-cuerpo-de-bomberos-44-anos-de-servicio-en-rioverde\/","title":{"rendered":"Conmemora H. Cuerpo de Bomberos 44 a\u00f1os de  servicio en Rioverde"},"content":{"rendered":"<p style=\"text-align: justify;\">Rioverde. \u2013<\/p>\n<p style=\"text-align: justify;\">El honorable cuerpo de bomberos de Rioverde celebr\u00f3 44 a\u00f1os de servicio en beneficio de la poblaci\u00f3n, consolid\u00e1ndose como una de las instituciones m\u00e1s importantes en la atenci\u00f3n de emergencias en la regi\u00f3n.<\/p>\n<p style=\"text-align: justify;\">El segundo comandante, Juan Jos\u00e9 Ram\u00edrez Rico, quien cuenta con 38 a\u00f1os de trayectoria, se\u00f1al\u00f3 que a lo largo de estas d\u00e9cadas la percepci\u00f3n social hacia los bomberos ha cambiado. Record\u00f3 que en sus inicios la ciudadan\u00eda era m\u00e1s participativa y sol\u00eda colaborar de manera voluntaria, mientras que en la actualidad se ha perdido en gran medida esa cultura entre los j\u00f3venes.<\/p>\n<p style=\"text-align: justify;\">Pese a ello, destac\u00f3 que el cuerpo contin\u00faa fortaleci\u00e9ndose y respondiendo a las emergencias que cada temporada demandan mayor esfuerzo, como los incendios de pastizales, los accidentes viales durante la \u00e9poca de lluvias o las contingencias invernales.<\/p>\n<p style=\"text-align: justify;\">Ram\u00edrez Rico puntualiz\u00f3 que uno de los principales retos es obtener recursos para el mantenimiento de las unidades de rescate, herramientas indispensables para salvaguardar la vida y la seguridad de la poblaci\u00f3n.<\/p>\n<p style=\"text-align: justify;\">Por: X\u00f3chitl Morales Castro.<\/p>\n","protected":false},"excerpt":{"rendered":"<p>Rioverde. \u2013 El honorable cuerpo de bomberos de Rioverde celebr\u00f3 44 a\u00f1os de servicio en beneficio de la poblaci\u00f3n, consolid\u00e1ndose como una de las instituciones m\u00e1s importantes en la atenci\u00f3n de emergencias en la regi\u00f3n. El segundo comandante, Juan Jos\u00e9 Ram\u00edrez Rico, quien cuenta con 38 a\u00f1os de trayectoria, se\u00f1al\u00f3 que a lo largo de estas d\u00e9cadas la percepci\u00f3n social hacia los bomberos ha cambiado. Record\u00f3 que en sus inicios la ciudadan\u00eda era m\u00e1s participativa y sol\u00eda colaborar de manera voluntaria, mientras que en la actualidad se ha perdido en gran medida esa cultura entre los j\u00f3venes. Pese a ello, [&hellip;]<\/p>\n","protected":false},"author":1,"featured_media":177933,"comment_status":"closed","ping_status":"closed","sticky":false,"template":"","format":"video","meta":{"_monsterinsights_skip_tracking":false,"_monsterinsights_sitenote_active":false,"_monsterinsights_sitenote_note":"","_monsterinsights_sitenote_category":0,"footnotes":""},"categories":[5,45],"tags":[],"class_list":["post-177932","post","type-post","status-publish","format-video","has-post-thumbnail","hentry","category-destacadas","category-localesyregionales","post_format-post-format-video","post--single"],"yoast_head":"<!-- This site is optimized with the Yoast SEO plugin v27.4 - https:\/\/yoast.com\/product\/yoast-seo-wordpress\/ -->\n<title>Conmemora H. Cuerpo de Bomberos 44 a\u00f1os de servicio en Rioverde - Canal 7 SLP - 2025<\/title>\n<meta name=\"robots\" content=\"index, follow, max-snippet:-1, max-image-preview:large, max-video-preview:-1\" \/>\n<link rel=\"canonical\" href=\"https:\/\/canal7slp.tv\/2025\/conmemora-h-cuerpo-de-bomberos-44-anos-de-servicio-en-rioverde\/\" \/>\n<meta property=\"og:locale\" content=\"es_ES\" \/>\n<meta property=\"og:type\" content=\"article\" \/>\n<meta property=\"og:title\" content=\"Conmemora H. Cuerpo de Bomberos 44 a\u00f1os de servicio en Rioverde - Canal 7 SLP - 2025\" \/>\n<meta property=\"og:description\" content=\"Rioverde. \u2013 El honorable cuerpo de bomberos de Rioverde celebr\u00f3 44 a\u00f1os de servicio en beneficio de la poblaci\u00f3n, consolid\u00e1ndose como una de las instituciones m\u00e1s importantes en la atenci\u00f3n de emergencias en la regi\u00f3n. El segundo comandante, Juan Jos\u00e9 Ram\u00edrez Rico, quien cuenta con 38 a\u00f1os de trayectoria, se\u00f1al\u00f3 que a lo largo de estas d\u00e9cadas la percepci\u00f3n social hacia los bomberos ha cambiado. Record\u00f3 que en sus inicios la ciudadan\u00eda era m\u00e1s participativa y sol\u00eda colaborar de manera voluntaria, mientras que en la actualidad se ha perdido en gran medida esa cultura entre los j\u00f3venes. Pese a ello, [&hellip;]\" \/>\n<meta property=\"og:url\" content=\"https:\/\/canal7slp.tv\/2025\/conmemora-h-cuerpo-de-bomberos-44-anos-de-servicio-en-rioverde\/\" \/>\n<meta property=\"og:site_name\" content=\"Canal 7 SLP - 2025\" \/>\n<meta property=\"article:publisher\" content=\"https:\/\/www.facebook.com\/noticieroscanal7atencionciudadana\/\" \/>\n<meta property=\"article:published_time\" content=\"2025-08-30T01:35:11+00:00\" \/>\n<meta property=\"article:modified_time\" content=\"2025-08-31T05:38:01+00:00\" \/>\n<meta property=\"og:image\" content=\"https:\/\/canal7slp.tv\/2025\/wp-content\/uploads\/2025\/08\/photo_2025-08-30_23-36-59.jpg\" \/>\n\t<meta property=\"og:image:width\" content=\"1147\" \/>\n\t<meta property=\"og:image:height\" content=\"628\" \/>\n\t<meta property=\"og:image:type\" content=\"image\/jpeg\" \/>\n<meta name=\"author\" content=\"admin\" \/>\n<meta name=\"twitter:card\" content=\"summary_large_image\" \/>\n<meta name=\"twitter:creator\" content=\"@NOTICIEROS7\" \/>\n<meta name=\"twitter:site\" content=\"@NOTICIEROS7\" \/>\n<meta name=\"twitter:label1\" content=\"Escrito por\" \/>\n\t<meta name=\"twitter:data1\" content=\"admin\" \/>\n\t<meta name=\"twitter:label2\" content=\"Tiempo de lectura\" \/>\n\t<meta name=\"twitter:data2\" content=\"1 minuto\" \/>\n<script type=\"application\/ld+json\" class=\"yoast-schema-graph\">{\"@context\":\"https:\\\/\\\/schema.org\",\"@graph\":[{\"@type\":\"Article\",\"@id\":\"https:\\\/\\\/canal7slp.tv\\\/2025\\\/conmemora-h-cuerpo-de-bomberos-44-anos-de-servicio-en-rioverde\\\/#article\",\"isPartOf\":{\"@id\":\"https:\\\/\\\/canal7slp.tv\\\/2025\\\/conmemora-h-cuerpo-de-bomberos-44-anos-de-servicio-en-rioverde\\\/\"},\"author\":{\"name\":\"admin\",\"@id\":\"https:\\\/\\\/canal7slp.tv\\\/2025\\\/#\\\/schema\\\/person\\\/1257e7e4a3d5ac29c4732733a887970d\"},\"headline\":\"Conmemora H. Cuerpo de Bomberos 44 a\u00f1os de servicio en Rioverde\",\"datePublished\":\"2025-08-30T01:35:11+00:00\",\"dateModified\":\"2025-08-31T05:38:01+00:00\",\"mainEntityOfPage\":{\"@id\":\"https:\\\/\\\/canal7slp.tv\\\/2025\\\/conmemora-h-cuerpo-de-bomberos-44-anos-de-servicio-en-rioverde\\\/\"},\"wordCount\":198,\"publisher\":{\"@id\":\"https:\\\/\\\/canal7slp.tv\\\/2025\\\/#organization\"},\"image\":{\"@id\":\"https:\\\/\\\/canal7slp.tv\\\/2025\\\/conmemora-h-cuerpo-de-bomberos-44-anos-de-servicio-en-rioverde\\\/#primaryimage\"},\"thumbnailUrl\":\"https:\\\/\\\/canal7slp.tv\\\/2025\\\/wp-content\\\/uploads\\\/2025\\\/08\\\/photo_2025-08-30_23-36-59.jpg\",\"articleSection\":[\"DESTACADAS\",\"LOCALES Y REGIONALES\"],\"inLanguage\":\"es\"},{\"@type\":\"WebPage\",\"@id\":\"https:\\\/\\\/canal7slp.tv\\\/2025\\\/conmemora-h-cuerpo-de-bomberos-44-anos-de-servicio-en-rioverde\\\/\",\"url\":\"https:\\\/\\\/canal7slp.tv\\\/2025\\\/conmemora-h-cuerpo-de-bomberos-44-anos-de-servicio-en-rioverde\\\/\",\"name\":\"Conmemora H. Cuerpo de Bomberos 44 a\u00f1os de servicio en Rioverde - Canal 7 SLP - 2025\",\"isPartOf\":{\"@id\":\"https:\\\/\\\/canal7slp.tv\\\/2025\\\/#website\"},\"primaryImageOfPage\":{\"@id\":\"https:\\\/\\\/canal7slp.tv\\\/2025\\\/conmemora-h-cuerpo-de-bomberos-44-anos-de-servicio-en-rioverde\\\/#primaryimage\"},\"image\":{\"@id\":\"https:\\\/\\\/canal7slp.tv\\\/2025\\\/conmemora-h-cuerpo-de-bomberos-44-anos-de-servicio-en-rioverde\\\/#primaryimage\"},\"thumbnailUrl\":\"https:\\\/\\\/canal7slp.tv\\\/2025\\\/wp-content\\\/uploads\\\/2025\\\/08\\\/photo_2025-08-30_23-36-59.jpg\",\"datePublished\":\"2025-08-30T01:35:11+00:00\",\"dateModified\":\"2025-08-31T05:38:01+00:00\",\"breadcrumb\":{\"@id\":\"https:\\\/\\\/canal7slp.tv\\\/2025\\\/conmemora-h-cuerpo-de-bomberos-44-anos-de-servicio-en-rioverde\\\/#breadcrumb\"},\"inLanguage\":\"es\",\"potentialAction\":[{\"@type\":\"ReadAction\",\"target\":[\"https:\\\/\\\/canal7slp.tv\\\/2025\\\/conmemora-h-cuerpo-de-bomberos-44-anos-de-servicio-en-rioverde\\\/\"]}]},{\"@type\":\"ImageObject\",\"inLanguage\":\"es\",\"@id\":\"https:\\\/\\\/canal7slp.tv\\\/2025\\\/conmemora-h-cuerpo-de-bomberos-44-anos-de-servicio-en-rioverde\\\/#primaryimage\",\"url\":\"https:\\\/\\\/canal7slp.tv\\\/2025\\\/wp-content\\\/uploads\\\/2025\\\/08\\\/photo_2025-08-30_23-36-59.jpg\",\"contentUrl\":\"https:\\\/\\\/canal7slp.tv\\\/2025\\\/wp-content\\\/uploads\\\/2025\\\/08\\\/photo_2025-08-30_23-36-59.jpg\",\"width\":1147,\"height\":628},{\"@type\":\"BreadcrumbList\",\"@id\":\"https:\\\/\\\/canal7slp.tv\\\/2025\\\/conmemora-h-cuerpo-de-bomberos-44-anos-de-servicio-en-rioverde\\\/#breadcrumb\",\"itemListElement\":[{\"@type\":\"ListItem\",\"position\":1,\"name\":\"Portada\",\"item\":\"https:\\\/\\\/canal7slp.tv\\\/2025\\\/\"},{\"@type\":\"ListItem\",\"position\":2,\"name\":\"Conmemora H. Cuerpo de Bomberos 44 a\u00f1os de servicio en Rioverde\"}]},{\"@type\":\"WebSite\",\"@id\":\"https:\\\/\\\/canal7slp.tv\\\/2025\\\/#website\",\"url\":\"https:\\\/\\\/canal7slp.tv\\\/2025\\\/\",\"name\":\"N7 - Noticieros Canal 7\",\"description\":\"Somos el Medio\",\"publisher\":{\"@id\":\"https:\\\/\\\/canal7slp.tv\\\/2025\\\/#organization\"},\"potentialAction\":[{\"@type\":\"SearchAction\",\"target\":{\"@type\":\"EntryPoint\",\"urlTemplate\":\"https:\\\/\\\/canal7slp.tv\\\/2025\\\/?s={search_term_string}\"},\"query-input\":{\"@type\":\"PropertyValueSpecification\",\"valueRequired\":true,\"valueName\":\"search_term_string\"}}],\"inLanguage\":\"es\"},{\"@type\":\"Organization\",\"@id\":\"https:\\\/\\\/canal7slp.tv\\\/2025\\\/#organization\",\"name\":\"Noticieros Canal 7\",\"url\":\"https:\\\/\\\/canal7slp.tv\\\/2025\\\/\",\"logo\":{\"@type\":\"ImageObject\",\"inLanguage\":\"es\",\"@id\":\"https:\\\/\\\/canal7slp.tv\\\/2025\\\/#\\\/schema\\\/logo\\\/image\\\/\",\"url\":\"https:\\\/\\\/canal7slp.tv\\\/2025\\\/wp-content\\\/uploads\\\/2021\\\/01\\\/logo-noticieros@2x.png\",\"contentUrl\":\"https:\\\/\\\/canal7slp.tv\\\/2025\\\/wp-content\\\/uploads\\\/2021\\\/01\\\/logo-noticieros@2x.png\",\"width\":1017,\"height\":268,\"caption\":\"Noticieros Canal 7\"},\"image\":{\"@id\":\"https:\\\/\\\/canal7slp.tv\\\/2025\\\/#\\\/schema\\\/logo\\\/image\\\/\"},\"sameAs\":[\"https:\\\/\\\/www.facebook.com\\\/noticieroscanal7atencionciudadana\\\/\",\"https:\\\/\\\/x.com\\\/NOTICIEROS7\",\"https:\\\/\\\/www.instagram.com\\\/canal7_slp\",\"https:\\\/\\\/www.youtube.com\\\/channel\\\/UCliiYs-gP3JfJeqdPrNdd5A\"]},{\"@type\":\"Person\",\"@id\":\"https:\\\/\\\/canal7slp.tv\\\/2025\\\/#\\\/schema\\\/person\\\/1257e7e4a3d5ac29c4732733a887970d\",\"name\":\"admin\",\"image\":{\"@type\":\"ImageObject\",\"inLanguage\":\"es\",\"@id\":\"https:\\\/\\\/secure.gravatar.com\\\/avatar\\\/d1da498ea933582ecc2b5d72a4eac16ec41c3ec04cf2dc9d46e0b557dedfd5ff?s=96&d=mm&r=g\",\"url\":\"https:\\\/\\\/secure.gravatar.com\\\/avatar\\\/d1da498ea933582ecc2b5d72a4eac16ec41c3ec04cf2dc9d46e0b557dedfd5ff?s=96&d=mm&r=g\",\"contentUrl\":\"https:\\\/\\\/secure.gravatar.com\\\/avatar\\\/d1da498ea933582ecc2b5d72a4eac16ec41c3ec04cf2dc9d46e0b557dedfd5ff?s=96&d=mm&r=g\",\"caption\":\"admin\"},\"sameAs\":[\"https:\\\/\\\/canal7slp.tv\\\/2025\"],\"url\":\"https:\\\/\\\/canal7slp.tv\\\/2025\\\/author\\\/bicefalo\\\/\"}]}<\/script>\n<!-- \/ Yoast SEO plugin. -->","yoast_head_json":{"title":"Conmemora H. Cuerpo de Bomberos 44 a\u00f1os de servicio en Rioverde - Canal 7 SLP - 2025","robots":{"index":"index","follow":"follow","max-snippet":"max-snippet:-1","max-image-preview":"max-image-preview:large","max-video-preview":"max-video-preview:-1"},"canonical":"https:\/\/canal7slp.tv\/2025\/conmemora-h-cuerpo-de-bomberos-44-anos-de-servicio-en-rioverde\/","og_locale":"es_ES","og_type":"article","og_title":"Conmemora H. Cuerpo de Bomberos 44 a\u00f1os de servicio en Rioverde - Canal 7 SLP - 2025","og_description":"Rioverde. \u2013 El honorable cuerpo de bomberos de Rioverde celebr\u00f3 44 a\u00f1os de servicio en beneficio de la poblaci\u00f3n, consolid\u00e1ndose como una de las instituciones m\u00e1s importantes en la atenci\u00f3n de emergencias en la regi\u00f3n. El segundo comandante, Juan Jos\u00e9 Ram\u00edrez Rico, quien cuenta con 38 a\u00f1os de trayectoria, se\u00f1al\u00f3 que a lo largo de estas d\u00e9cadas la percepci\u00f3n social hacia los bomberos ha cambiado. Record\u00f3 que en sus inicios la ciudadan\u00eda era m\u00e1s participativa y sol\u00eda colaborar de manera voluntaria, mientras que en la actualidad se ha perdido en gran medida esa cultura entre los j\u00f3venes. Pese a ello, [&hellip;]","og_url":"https:\/\/canal7slp.tv\/2025\/conmemora-h-cuerpo-de-bomberos-44-anos-de-servicio-en-rioverde\/","og_site_name":"Canal 7 SLP - 2025","article_publisher":"https:\/\/www.facebook.com\/noticieroscanal7atencionciudadana\/","article_published_time":"2025-08-30T01:35:11+00:00","article_modified_time":"2025-08-31T05:38:01+00:00","og_image":[{"width":1147,"height":628,"url":"https:\/\/canal7slp.tv\/2025\/wp-content\/uploads\/2025\/08\/photo_2025-08-30_23-36-59.jpg","type":"image\/jpeg"}],"author":"admin","twitter_card":"summary_large_image","twitter_creator":"@NOTICIEROS7","twitter_site":"@NOTICIEROS7","twitter_misc":{"Escrito por":"admin","Tiempo de lectura":"1 minuto"},"schema":{"@context":"https:\/\/schema.org","@graph":[{"@type":"Article","@id":"https:\/\/canal7slp.tv\/2025\/conmemora-h-cuerpo-de-bomberos-44-anos-de-servicio-en-rioverde\/#article","isPartOf":{"@id":"https:\/\/canal7slp.tv\/2025\/conmemora-h-cuerpo-de-bomberos-44-anos-de-servicio-en-rioverde\/"},"author":{"name":"admin","@id":"https:\/\/canal7slp.tv\/2025\/#\/schema\/person\/1257e7e4a3d5ac29c4732733a887970d"},"headline":"Conmemora H. Cuerpo de Bomberos 44 a\u00f1os de servicio en Rioverde","datePublished":"2025-08-30T01:35:11+00:00","dateModified":"2025-08-31T05:38:01+00:00","mainEntityOfPage":{"@id":"https:\/\/canal7slp.tv\/2025\/conmemora-h-cuerpo-de-bomberos-44-anos-de-servicio-en-rioverde\/"},"wordCount":198,"publisher":{"@id":"https:\/\/canal7slp.tv\/2025\/#organization"},"image":{"@id":"https:\/\/canal7slp.tv\/2025\/conmemora-h-cuerpo-de-bomberos-44-anos-de-servicio-en-rioverde\/#primaryimage"},"thumbnailUrl":"https:\/\/canal7slp.tv\/2025\/wp-content\/uploads\/2025\/08\/photo_2025-08-30_23-36-59.jpg","articleSection":["DESTACADAS","LOCALES Y REGIONALES"],"inLanguage":"es"},{"@type":"WebPage","@id":"https:\/\/canal7slp.tv\/2025\/conmemora-h-cuerpo-de-bomberos-44-anos-de-servicio-en-rioverde\/","url":"https:\/\/canal7slp.tv\/2025\/conmemora-h-cuerpo-de-bomberos-44-anos-de-servicio-en-rioverde\/","name":"Conmemora H. Cuerpo de Bomberos 44 a\u00f1os de servicio en Rioverde - Canal 7 SLP - 2025","isPartOf":{"@id":"https:\/\/canal7slp.tv\/2025\/#website"},"primaryImageOfPage":{"@id":"https:\/\/canal7slp.tv\/2025\/conmemora-h-cuerpo-de-bomberos-44-anos-de-servicio-en-rioverde\/#primaryimage"},"image":{"@id":"https:\/\/canal7slp.tv\/2025\/conmemora-h-cuerpo-de-bomberos-44-anos-de-servicio-en-rioverde\/#primaryimage"},"thumbnailUrl":"https:\/\/canal7slp.tv\/2025\/wp-content\/uploads\/2025\/08\/photo_2025-08-30_23-36-59.jpg","datePublished":"2025-08-30T01:35:11+00:00","dateModified":"2025-08-31T05:38:01+00:00","breadcrumb":{"@id":"https:\/\/canal7slp.tv\/2025\/conmemora-h-cuerpo-de-bomberos-44-anos-de-servicio-en-rioverde\/#breadcrumb"},"inLanguage":"es","potentialAction":[{"@type":"ReadAction","target":["https:\/\/canal7slp.tv\/2025\/conmemora-h-cuerpo-de-bomberos-44-anos-de-servicio-en-rioverde\/"]}]},{"@type":"ImageObject","inLanguage":"es","@id":"https:\/\/canal7slp.tv\/2025\/conmemora-h-cuerpo-de-bomberos-44-anos-de-servicio-en-rioverde\/#primaryimage","url":"https:\/\/canal7slp.tv\/2025\/wp-content\/uploads\/2025\/08\/photo_2025-08-30_23-36-59.jpg","contentUrl":"https:\/\/canal7slp.tv\/2025\/wp-content\/uploads\/2025\/08\/photo_2025-08-30_23-36-59.jpg","width":1147,"height":628},{"@type":"BreadcrumbList","@id":"https:\/\/canal7slp.tv\/2025\/conmemora-h-cuerpo-de-bomberos-44-anos-de-servicio-en-rioverde\/#breadcrumb","itemListElement":[{"@type":"ListItem","position":1,"name":"Portada","item":"https:\/\/canal7slp.tv\/2025\/"},{"@type":"ListItem","position":2,"name":"Conmemora H. Cuerpo de Bomberos 44 a\u00f1os de servicio en Rioverde"}]},{"@type":"WebSite","@id":"https:\/\/canal7slp.tv\/2025\/#website","url":"https:\/\/canal7slp.tv\/2025\/","name":"N7 - Noticieros Canal 7","description":"Somos el Medio","publisher":{"@id":"https:\/\/canal7slp.tv\/2025\/#organization"},"potentialAction":[{"@type":"SearchAction","target":{"@type":"EntryPoint","urlTemplate":"https:\/\/canal7slp.tv\/2025\/?s={search_term_string}"},"query-input":{"@type":"PropertyValueSpecification","valueRequired":true,"valueName":"search_term_string"}}],"inLanguage":"es"},{"@type":"Organization","@id":"https:\/\/canal7slp.tv\/2025\/#organization","name":"Noticieros Canal 7","url":"https:\/\/canal7slp.tv\/2025\/","logo":{"@type":"ImageObject","inLanguage":"es","@id":"https:\/\/canal7slp.tv\/2025\/#\/schema\/logo\/image\/","url":"https:\/\/canal7slp.tv\/2025\/wp-content\/uploads\/2021\/01\/logo-noticieros@2x.png","contentUrl":"https:\/\/canal7slp.tv\/2025\/wp-content\/uploads\/2021\/01\/logo-noticieros@2x.png","width":1017,"height":268,"caption":"Noticieros Canal 7"},"image":{"@id":"https:\/\/canal7slp.tv\/2025\/#\/schema\/logo\/image\/"},"sameAs":["https:\/\/www.facebook.com\/noticieroscanal7atencionciudadana\/","https:\/\/x.com\/NOTICIEROS7","https:\/\/www.instagram.com\/canal7_slp","https:\/\/www.youtube.com\/channel\/UCliiYs-gP3JfJeqdPrNdd5A"]},{"@type":"Person","@id":"https:\/\/canal7slp.tv\/2025\/#\/schema\/person\/1257e7e4a3d5ac29c4732733a887970d","name":"admin","image":{"@type":"ImageObject","inLanguage":"es","@id":"https:\/\/secure.gravatar.com\/avatar\/d1da498ea933582ecc2b5d72a4eac16ec41c3ec04cf2dc9d46e0b557dedfd5ff?s=96&d=mm&r=g","url":"https:\/\/secure.gravatar.com\/avatar\/d1da498ea933582ecc2b5d72a4eac16ec41c3ec04cf2dc9d46e0b557dedfd5ff?s=96&d=mm&r=g","contentUrl":"https:\/\/secure.gravatar.com\/avatar\/d1da498ea933582ecc2b5d72a4eac16ec41c3ec04cf2dc9d46e0b557dedfd5ff?s=96&d=mm&r=g","caption":"admin"},"sameAs":["https:\/\/canal7slp.tv\/2025"],"url":"https:\/\/canal7slp.tv\/2025\/author\/bicefalo\/"}]}},"_links":{"self":[{"href":"https:\/\/canal7slp.tv\/2025\/wp-json\/wp\/v2\/posts\/177932","targetHints":{"allow":["GET"]}}],"collection":[{"href":"https:\/\/canal7slp.tv\/2025\/wp-json\/wp\/v2\/posts"}],"about":[{"href":"https:\/\/canal7slp.tv\/2025\/wp-json\/wp\/v2\/types\/post"}],"author":[{"embeddable":true,"href":"https:\/\/canal7slp.tv\/2025\/wp-json\/wp\/v2\/users\/1"}],"replies":[{"embeddable":true,"href":"https:\/\/canal7slp.tv\/2025\/wp-json\/wp\/v2\/comments?post=177932"}],"version-history":[{"count":1,"href":"https:\/\/canal7slp.tv\/2025\/wp-json\/wp\/v2\/posts\/177932\/revisions"}],"predecessor-version":[{"id":177934,"href":"https:\/\/canal7slp.tv\/2025\/wp-json\/wp\/v2\/posts\/177932\/revisions\/177934"}],"wp:featuredmedia":[{"embeddable":true,"href":"https:\/\/canal7slp.tv\/2025\/wp-json\/wp\/v2\/media\/177933"}],"wp:attachment":[{"href":"https:\/\/canal7slp.tv\/2025\/wp-json\/wp\/v2\/media?parent=177932"}],"wp:term":[{"taxonomy":"category","embeddable":true,"href":"https:\/\/canal7slp.tv\/2025\/wp-json\/wp\/v2\/categories?post=177932"},{"taxonomy":"post_tag","embeddable":true,"href":"https:\/\/canal7slp.tv\/2025\/wp-json\/wp\/v2\/tags?post=177932"}],"curies":[{"name":"wp","href":"https:\/\/api.w.org\/{rel}","templated":true}]}}