{"id":177928,"date":"2025-08-29T18:31:59","date_gmt":"2025-08-30T00:31:59","guid":{"rendered":"https:\/\/canal7slp.tv\/2025\/?p=177928"},"modified":"2025-08-30T23:34:05","modified_gmt":"2025-08-31T05:34:05","slug":"silvano-aureoles-continua-profugo-tras-revocarse-proteccion-legal-sobre-ordenes-de-arresto","status":"publish","type":"post","link":"https:\/\/canal7slp.tv\/2025\/silvano-aureoles-continua-profugo-tras-revocarse-proteccion-legal-sobre-ordenes-de-arresto\/","title":{"rendered":"Silvano Aureoles contin\u00faa pr\u00f3fugo tras revocarse protecci\u00f3n legal sobre \u00f3rdenes de arresto:"},"content":{"rendered":"<p style=\"text-align: justify;\">Ciudad de M\u00e9xico.- Agosto de 2025. Una juez federal neg\u00f3 hoy la concesi\u00f3n de una suspensi\u00f3n definitiva al exgobernador de Michoac\u00e1n, Silvano Aureoles Conejo, para protegerse contra nuevas \u00f3rdenes de aprehensi\u00f3n que pudieran emitirse en su contra. La decisi\u00f3n deja vigente la orden de captura previamente autorizada por su presunta responsabilidad en delitos como asociaci\u00f3n delictuosa, peculado y lavado de dinero, en un caso que involucra un presunto da\u00f1o al erario estatal por 3 mil 412 millones de pesos destinados a la construcci\u00f3n de siete cuarteles administrativos.<\/p>\n<p style=\"text-align: justify;\">La jueza Jovita Vargas Alarc\u00f3n, titular del Juzgado Noveno de Distrito en Materia Penal en la Ciudad de M\u00e9xico, detall\u00f3 que Aureoles hab\u00eda obtenido una suspensi\u00f3n provisional el 18 de agosto, mediante el pago de una garant\u00eda de 100 mil pesos. Sin embargo, esa protecci\u00f3n no cubr\u00eda la orden de arresto vigente ni posibles nuevas causas, por lo que no impide su detenci\u00f3n en caso de materializarse un nuevo mandamiento judicial.<\/p>\n<p style=\"text-align: justify;\">El propio 20 de agosto, el ex mandatario, junto con uno de sus excolaboradores, no acudi\u00f3 a la audiencia de imputaci\u00f3n fijada ante la jueza del Reclusorio Oriente, Patricia S\u00e1nchez Nava. Aunque sus abogados s\u00ed se presentaron, su ausencia fue reiterada\u2014situaci\u00f3n que ha influido en el desvanecimiento de las garant\u00edas previas.<\/p>\n<p style=\"text-align: justify;\">Desde febrero de este a\u00f1o, Aureoles ha promovido tres amparos para frenar \u00f3rdenes de detenci\u00f3n. No obstante, ninguno logr\u00f3 suspender la orden existente ni efectos sobre nuevas imputaciones, lo que mantiene la investigaci\u00f3n en curso y su estatus como pr\u00f3fugo de la justicia.<\/p>\n<p style=\"text-align: justify;\">En marzo, cuatro excolaboradores fueron vinculados a proceso por su posible participaci\u00f3n en el presunto desv\u00edo de recursos a trav\u00e9s de arrendamientos y compras irregulares de inmuebles para cuarteles en municipios como Apatzing\u00e1n, Coalcom\u00e1n, Huetamo, Jiquilpan, L\u00e1zaro C\u00e1rdenas, Uruapan y Zit\u00e1cuaro. Este procedimiento forma parte de la misma trama de corrupci\u00f3n estatal que involucra los hechos bajo investigaci\u00f3n; tambi\u00e9n v\u00e9ase contexto divulgado hace meses).<\/p>\n","protected":false},"excerpt":{"rendered":"<p>Ciudad de M\u00e9xico.- Agosto de 2025. Una juez federal neg\u00f3 hoy la concesi\u00f3n de una suspensi\u00f3n definitiva al exgobernador de Michoac\u00e1n, Silvano Aureoles Conejo, para protegerse contra nuevas \u00f3rdenes de aprehensi\u00f3n que pudieran emitirse en su contra. La decisi\u00f3n deja vigente la orden de captura previamente autorizada por su presunta responsabilidad en delitos como asociaci\u00f3n delictuosa, peculado y lavado de dinero, en un caso que involucra un presunto da\u00f1o al erario estatal por 3 mil 412 millones de pesos destinados a la construcci\u00f3n de siete cuarteles administrativos. La jueza Jovita Vargas Alarc\u00f3n, titular del Juzgado Noveno de Distrito en Materia [&hellip;]<\/p>\n","protected":false},"author":1,"featured_media":177929,"comment_status":"closed","ping_status":"closed","sticky":false,"template":"","format":"standard","meta":{"_monsterinsights_skip_tracking":false,"_monsterinsights_sitenote_active":false,"_monsterinsights_sitenote_note":"","_monsterinsights_sitenote_category":0,"footnotes":""},"categories":[5,46],"tags":[],"class_list":["post-177928","post","type-post","status-publish","format-standard","has-post-thumbnail","hentry","category-destacadas","category-nacional","post--single"],"yoast_head":"<!-- This site is optimized with the Yoast SEO plugin v27.5 - https:\/\/yoast.com\/product\/yoast-seo-wordpress\/ -->\n<title>Silvano Aureoles contin\u00faa pr\u00f3fugo tras revocarse protecci\u00f3n legal sobre \u00f3rdenes de arresto: - Canal 7 SLP - 2025<\/title>\n<meta name=\"robots\" content=\"index, follow, max-snippet:-1, max-image-preview:large, max-video-preview:-1\" \/>\n<link rel=\"canonical\" href=\"https:\/\/canal7slp.tv\/2025\/silvano-aureoles-continua-profugo-tras-revocarse-proteccion-legal-sobre-ordenes-de-arresto\/\" \/>\n<meta property=\"og:locale\" content=\"es_ES\" \/>\n<meta property=\"og:type\" content=\"article\" \/>\n<meta property=\"og:title\" content=\"Silvano Aureoles contin\u00faa pr\u00f3fugo tras revocarse protecci\u00f3n legal sobre \u00f3rdenes de arresto: - Canal 7 SLP - 2025\" \/>\n<meta property=\"og:description\" content=\"Ciudad de M\u00e9xico.- Agosto de 2025. Una juez federal neg\u00f3 hoy la concesi\u00f3n de una suspensi\u00f3n definitiva al exgobernador de Michoac\u00e1n, Silvano Aureoles Conejo, para protegerse contra nuevas \u00f3rdenes de aprehensi\u00f3n que pudieran emitirse en su contra. La decisi\u00f3n deja vigente la orden de captura previamente autorizada por su presunta responsabilidad en delitos como asociaci\u00f3n delictuosa, peculado y lavado de dinero, en un caso que involucra un presunto da\u00f1o al erario estatal por 3 mil 412 millones de pesos destinados a la construcci\u00f3n de siete cuarteles administrativos. La jueza Jovita Vargas Alarc\u00f3n, titular del Juzgado Noveno de Distrito en Materia [&hellip;]\" \/>\n<meta property=\"og:url\" content=\"https:\/\/canal7slp.tv\/2025\/silvano-aureoles-continua-profugo-tras-revocarse-proteccion-legal-sobre-ordenes-de-arresto\/\" \/>\n<meta property=\"og:site_name\" content=\"Canal 7 SLP - 2025\" \/>\n<meta property=\"article:publisher\" content=\"https:\/\/www.facebook.com\/noticieroscanal7atencionciudadana\/\" \/>\n<meta property=\"article:published_time\" content=\"2025-08-30T00:31:59+00:00\" \/>\n<meta property=\"article:modified_time\" content=\"2025-08-31T05:34:05+00:00\" \/>\n<meta property=\"og:image\" content=\"https:\/\/canal7slp.tv\/2025\/wp-content\/uploads\/2025\/08\/ad83133f-7daf-4cd2-b767-b23bcae99904.jpeg\" \/>\n\t<meta property=\"og:image:width\" content=\"1056\" \/>\n\t<meta property=\"og:image:height\" content=\"557\" \/>\n\t<meta property=\"og:image:type\" content=\"image\/jpeg\" \/>\n<meta name=\"author\" content=\"admin\" \/>\n<meta name=\"twitter:card\" content=\"summary_large_image\" \/>\n<meta name=\"twitter:creator\" content=\"@NOTICIEROS7\" \/>\n<meta name=\"twitter:site\" content=\"@NOTICIEROS7\" \/>\n<meta name=\"twitter:label1\" content=\"Escrito por\" \/>\n\t<meta name=\"twitter:data1\" content=\"admin\" \/>\n\t<meta name=\"twitter:label2\" content=\"Tiempo de lectura\" \/>\n\t<meta name=\"twitter:data2\" content=\"2 minutos\" \/>\n<script type=\"application\/ld+json\" class=\"yoast-schema-graph\">{\"@context\":\"https:\\\/\\\/schema.org\",\"@graph\":[{\"@type\":\"Article\",\"@id\":\"https:\\\/\\\/canal7slp.tv\\\/2025\\\/silvano-aureoles-continua-profugo-tras-revocarse-proteccion-legal-sobre-ordenes-de-arresto\\\/#article\",\"isPartOf\":{\"@id\":\"https:\\\/\\\/canal7slp.tv\\\/2025\\\/silvano-aureoles-continua-profugo-tras-revocarse-proteccion-legal-sobre-ordenes-de-arresto\\\/\"},\"author\":{\"name\":\"admin\",\"@id\":\"https:\\\/\\\/canal7slp.tv\\\/2025\\\/#\\\/schema\\\/person\\\/1257e7e4a3d5ac29c4732733a887970d\"},\"headline\":\"Silvano Aureoles contin\u00faa pr\u00f3fugo tras revocarse protecci\u00f3n legal sobre \u00f3rdenes de arresto:\",\"datePublished\":\"2025-08-30T00:31:59+00:00\",\"dateModified\":\"2025-08-31T05:34:05+00:00\",\"mainEntityOfPage\":{\"@id\":\"https:\\\/\\\/canal7slp.tv\\\/2025\\\/silvano-aureoles-continua-profugo-tras-revocarse-proteccion-legal-sobre-ordenes-de-arresto\\\/\"},\"wordCount\":364,\"publisher\":{\"@id\":\"https:\\\/\\\/canal7slp.tv\\\/2025\\\/#organization\"},\"image\":{\"@id\":\"https:\\\/\\\/canal7slp.tv\\\/2025\\\/silvano-aureoles-continua-profugo-tras-revocarse-proteccion-legal-sobre-ordenes-de-arresto\\\/#primaryimage\"},\"thumbnailUrl\":\"https:\\\/\\\/canal7slp.tv\\\/2025\\\/wp-content\\\/uploads\\\/2025\\\/08\\\/ad83133f-7daf-4cd2-b767-b23bcae99904.jpeg\",\"articleSection\":[\"DESTACADAS\",\"NACIONALES\"],\"inLanguage\":\"es\"},{\"@type\":\"WebPage\",\"@id\":\"https:\\\/\\\/canal7slp.tv\\\/2025\\\/silvano-aureoles-continua-profugo-tras-revocarse-proteccion-legal-sobre-ordenes-de-arresto\\\/\",\"url\":\"https:\\\/\\\/canal7slp.tv\\\/2025\\\/silvano-aureoles-continua-profugo-tras-revocarse-proteccion-legal-sobre-ordenes-de-arresto\\\/\",\"name\":\"Silvano Aureoles contin\u00faa pr\u00f3fugo tras revocarse protecci\u00f3n legal sobre \u00f3rdenes de arresto: - Canal 7 SLP - 2025\",\"isPartOf\":{\"@id\":\"https:\\\/\\\/canal7slp.tv\\\/2025\\\/#website\"},\"primaryImageOfPage\":{\"@id\":\"https:\\\/\\\/canal7slp.tv\\\/2025\\\/silvano-aureoles-continua-profugo-tras-revocarse-proteccion-legal-sobre-ordenes-de-arresto\\\/#primaryimage\"},\"image\":{\"@id\":\"https:\\\/\\\/canal7slp.tv\\\/2025\\\/silvano-aureoles-continua-profugo-tras-revocarse-proteccion-legal-sobre-ordenes-de-arresto\\\/#primaryimage\"},\"thumbnailUrl\":\"https:\\\/\\\/canal7slp.tv\\\/2025\\\/wp-content\\\/uploads\\\/2025\\\/08\\\/ad83133f-7daf-4cd2-b767-b23bcae99904.jpeg\",\"datePublished\":\"2025-08-30T00:31:59+00:00\",\"dateModified\":\"2025-08-31T05:34:05+00:00\",\"breadcrumb\":{\"@id\":\"https:\\\/\\\/canal7slp.tv\\\/2025\\\/silvano-aureoles-continua-profugo-tras-revocarse-proteccion-legal-sobre-ordenes-de-arresto\\\/#breadcrumb\"},\"inLanguage\":\"es\",\"potentialAction\":[{\"@type\":\"ReadAction\",\"target\":[\"https:\\\/\\\/canal7slp.tv\\\/2025\\\/silvano-aureoles-continua-profugo-tras-revocarse-proteccion-legal-sobre-ordenes-de-arresto\\\/\"]}]},{\"@type\":\"ImageObject\",\"inLanguage\":\"es\",\"@id\":\"https:\\\/\\\/canal7slp.tv\\\/2025\\\/silvano-aureoles-continua-profugo-tras-revocarse-proteccion-legal-sobre-ordenes-de-arresto\\\/#primaryimage\",\"url\":\"https:\\\/\\\/canal7slp.tv\\\/2025\\\/wp-content\\\/uploads\\\/2025\\\/08\\\/ad83133f-7daf-4cd2-b767-b23bcae99904.jpeg\",\"contentUrl\":\"https:\\\/\\\/canal7slp.tv\\\/2025\\\/wp-content\\\/uploads\\\/2025\\\/08\\\/ad83133f-7daf-4cd2-b767-b23bcae99904.jpeg\",\"width\":1056,\"height\":557},{\"@type\":\"BreadcrumbList\",\"@id\":\"https:\\\/\\\/canal7slp.tv\\\/2025\\\/silvano-aureoles-continua-profugo-tras-revocarse-proteccion-legal-sobre-ordenes-de-arresto\\\/#breadcrumb\",\"itemListElement\":[{\"@type\":\"ListItem\",\"position\":1,\"name\":\"Portada\",\"item\":\"https:\\\/\\\/canal7slp.tv\\\/2025\\\/\"},{\"@type\":\"ListItem\",\"position\":2,\"name\":\"Silvano Aureoles contin\u00faa pr\u00f3fugo tras revocarse protecci\u00f3n legal sobre \u00f3rdenes de arresto:\"}]},{\"@type\":\"WebSite\",\"@id\":\"https:\\\/\\\/canal7slp.tv\\\/2025\\\/#website\",\"url\":\"https:\\\/\\\/canal7slp.tv\\\/2025\\\/\",\"name\":\"N7 - Noticieros Canal 7\",\"description\":\"Somos el Medio\",\"publisher\":{\"@id\":\"https:\\\/\\\/canal7slp.tv\\\/2025\\\/#organization\"},\"potentialAction\":[{\"@type\":\"SearchAction\",\"target\":{\"@type\":\"EntryPoint\",\"urlTemplate\":\"https:\\\/\\\/canal7slp.tv\\\/2025\\\/?s={search_term_string}\"},\"query-input\":{\"@type\":\"PropertyValueSpecification\",\"valueRequired\":true,\"valueName\":\"search_term_string\"}}],\"inLanguage\":\"es\"},{\"@type\":\"Organization\",\"@id\":\"https:\\\/\\\/canal7slp.tv\\\/2025\\\/#organization\",\"name\":\"Noticieros Canal 7\",\"url\":\"https:\\\/\\\/canal7slp.tv\\\/2025\\\/\",\"logo\":{\"@type\":\"ImageObject\",\"inLanguage\":\"es\",\"@id\":\"https:\\\/\\\/canal7slp.tv\\\/2025\\\/#\\\/schema\\\/logo\\\/image\\\/\",\"url\":\"https:\\\/\\\/canal7slp.tv\\\/2025\\\/wp-content\\\/uploads\\\/2021\\\/01\\\/logo-noticieros@2x.png\",\"contentUrl\":\"https:\\\/\\\/canal7slp.tv\\\/2025\\\/wp-content\\\/uploads\\\/2021\\\/01\\\/logo-noticieros@2x.png\",\"width\":1017,\"height\":268,\"caption\":\"Noticieros Canal 7\"},\"image\":{\"@id\":\"https:\\\/\\\/canal7slp.tv\\\/2025\\\/#\\\/schema\\\/logo\\\/image\\\/\"},\"sameAs\":[\"https:\\\/\\\/www.facebook.com\\\/noticieroscanal7atencionciudadana\\\/\",\"https:\\\/\\\/x.com\\\/NOTICIEROS7\",\"https:\\\/\\\/www.instagram.com\\\/canal7_slp\",\"https:\\\/\\\/www.youtube.com\\\/channel\\\/UCliiYs-gP3JfJeqdPrNdd5A\"]},{\"@type\":\"Person\",\"@id\":\"https:\\\/\\\/canal7slp.tv\\\/2025\\\/#\\\/schema\\\/person\\\/1257e7e4a3d5ac29c4732733a887970d\",\"name\":\"admin\",\"image\":{\"@type\":\"ImageObject\",\"inLanguage\":\"es\",\"@id\":\"https:\\\/\\\/secure.gravatar.com\\\/avatar\\\/d1da498ea933582ecc2b5d72a4eac16ec41c3ec04cf2dc9d46e0b557dedfd5ff?s=96&d=mm&r=g\",\"url\":\"https:\\\/\\\/secure.gravatar.com\\\/avatar\\\/d1da498ea933582ecc2b5d72a4eac16ec41c3ec04cf2dc9d46e0b557dedfd5ff?s=96&d=mm&r=g\",\"contentUrl\":\"https:\\\/\\\/secure.gravatar.com\\\/avatar\\\/d1da498ea933582ecc2b5d72a4eac16ec41c3ec04cf2dc9d46e0b557dedfd5ff?s=96&d=mm&r=g\",\"caption\":\"admin\"},\"sameAs\":[\"https:\\\/\\\/canal7slp.tv\\\/2025\"],\"url\":\"https:\\\/\\\/canal7slp.tv\\\/2025\\\/author\\\/bicefalo\\\/\"}]}<\/script>\n<!-- \/ Yoast SEO plugin. -->","yoast_head_json":{"title":"Silvano Aureoles contin\u00faa pr\u00f3fugo tras revocarse protecci\u00f3n legal sobre \u00f3rdenes de arresto: - Canal 7 SLP - 2025","robots":{"index":"index","follow":"follow","max-snippet":"max-snippet:-1","max-image-preview":"max-image-preview:large","max-video-preview":"max-video-preview:-1"},"canonical":"https:\/\/canal7slp.tv\/2025\/silvano-aureoles-continua-profugo-tras-revocarse-proteccion-legal-sobre-ordenes-de-arresto\/","og_locale":"es_ES","og_type":"article","og_title":"Silvano Aureoles contin\u00faa pr\u00f3fugo tras revocarse protecci\u00f3n legal sobre \u00f3rdenes de arresto: - Canal 7 SLP - 2025","og_description":"Ciudad de M\u00e9xico.- Agosto de 2025. Una juez federal neg\u00f3 hoy la concesi\u00f3n de una suspensi\u00f3n definitiva al exgobernador de Michoac\u00e1n, Silvano Aureoles Conejo, para protegerse contra nuevas \u00f3rdenes de aprehensi\u00f3n que pudieran emitirse en su contra. La decisi\u00f3n deja vigente la orden de captura previamente autorizada por su presunta responsabilidad en delitos como asociaci\u00f3n delictuosa, peculado y lavado de dinero, en un caso que involucra un presunto da\u00f1o al erario estatal por 3 mil 412 millones de pesos destinados a la construcci\u00f3n de siete cuarteles administrativos. La jueza Jovita Vargas Alarc\u00f3n, titular del Juzgado Noveno de Distrito en Materia [&hellip;]","og_url":"https:\/\/canal7slp.tv\/2025\/silvano-aureoles-continua-profugo-tras-revocarse-proteccion-legal-sobre-ordenes-de-arresto\/","og_site_name":"Canal 7 SLP - 2025","article_publisher":"https:\/\/www.facebook.com\/noticieroscanal7atencionciudadana\/","article_published_time":"2025-08-30T00:31:59+00:00","article_modified_time":"2025-08-31T05:34:05+00:00","og_image":[{"width":1056,"height":557,"url":"https:\/\/canal7slp.tv\/2025\/wp-content\/uploads\/2025\/08\/ad83133f-7daf-4cd2-b767-b23bcae99904.jpeg","type":"image\/jpeg"}],"author":"admin","twitter_card":"summary_large_image","twitter_creator":"@NOTICIEROS7","twitter_site":"@NOTICIEROS7","twitter_misc":{"Escrito por":"admin","Tiempo de lectura":"2 minutos"},"schema":{"@context":"https:\/\/schema.org","@graph":[{"@type":"Article","@id":"https:\/\/canal7slp.tv\/2025\/silvano-aureoles-continua-profugo-tras-revocarse-proteccion-legal-sobre-ordenes-de-arresto\/#article","isPartOf":{"@id":"https:\/\/canal7slp.tv\/2025\/silvano-aureoles-continua-profugo-tras-revocarse-proteccion-legal-sobre-ordenes-de-arresto\/"},"author":{"name":"admin","@id":"https:\/\/canal7slp.tv\/2025\/#\/schema\/person\/1257e7e4a3d5ac29c4732733a887970d"},"headline":"Silvano Aureoles contin\u00faa pr\u00f3fugo tras revocarse protecci\u00f3n legal sobre \u00f3rdenes de arresto:","datePublished":"2025-08-30T00:31:59+00:00","dateModified":"2025-08-31T05:34:05+00:00","mainEntityOfPage":{"@id":"https:\/\/canal7slp.tv\/2025\/silvano-aureoles-continua-profugo-tras-revocarse-proteccion-legal-sobre-ordenes-de-arresto\/"},"wordCount":364,"publisher":{"@id":"https:\/\/canal7slp.tv\/2025\/#organization"},"image":{"@id":"https:\/\/canal7slp.tv\/2025\/silvano-aureoles-continua-profugo-tras-revocarse-proteccion-legal-sobre-ordenes-de-arresto\/#primaryimage"},"thumbnailUrl":"https:\/\/canal7slp.tv\/2025\/wp-content\/uploads\/2025\/08\/ad83133f-7daf-4cd2-b767-b23bcae99904.jpeg","articleSection":["DESTACADAS","NACIONALES"],"inLanguage":"es"},{"@type":"WebPage","@id":"https:\/\/canal7slp.tv\/2025\/silvano-aureoles-continua-profugo-tras-revocarse-proteccion-legal-sobre-ordenes-de-arresto\/","url":"https:\/\/canal7slp.tv\/2025\/silvano-aureoles-continua-profugo-tras-revocarse-proteccion-legal-sobre-ordenes-de-arresto\/","name":"Silvano Aureoles contin\u00faa pr\u00f3fugo tras revocarse protecci\u00f3n legal sobre \u00f3rdenes de arresto: - Canal 7 SLP - 2025","isPartOf":{"@id":"https:\/\/canal7slp.tv\/2025\/#website"},"primaryImageOfPage":{"@id":"https:\/\/canal7slp.tv\/2025\/silvano-aureoles-continua-profugo-tras-revocarse-proteccion-legal-sobre-ordenes-de-arresto\/#primaryimage"},"image":{"@id":"https:\/\/canal7slp.tv\/2025\/silvano-aureoles-continua-profugo-tras-revocarse-proteccion-legal-sobre-ordenes-de-arresto\/#primaryimage"},"thumbnailUrl":"https:\/\/canal7slp.tv\/2025\/wp-content\/uploads\/2025\/08\/ad83133f-7daf-4cd2-b767-b23bcae99904.jpeg","datePublished":"2025-08-30T00:31:59+00:00","dateModified":"2025-08-31T05:34:05+00:00","breadcrumb":{"@id":"https:\/\/canal7slp.tv\/2025\/silvano-aureoles-continua-profugo-tras-revocarse-proteccion-legal-sobre-ordenes-de-arresto\/#breadcrumb"},"inLanguage":"es","potentialAction":[{"@type":"ReadAction","target":["https:\/\/canal7slp.tv\/2025\/silvano-aureoles-continua-profugo-tras-revocarse-proteccion-legal-sobre-ordenes-de-arresto\/"]}]},{"@type":"ImageObject","inLanguage":"es","@id":"https:\/\/canal7slp.tv\/2025\/silvano-aureoles-continua-profugo-tras-revocarse-proteccion-legal-sobre-ordenes-de-arresto\/#primaryimage","url":"https:\/\/canal7slp.tv\/2025\/wp-content\/uploads\/2025\/08\/ad83133f-7daf-4cd2-b767-b23bcae99904.jpeg","contentUrl":"https:\/\/canal7slp.tv\/2025\/wp-content\/uploads\/2025\/08\/ad83133f-7daf-4cd2-b767-b23bcae99904.jpeg","width":1056,"height":557},{"@type":"BreadcrumbList","@id":"https:\/\/canal7slp.tv\/2025\/silvano-aureoles-continua-profugo-tras-revocarse-proteccion-legal-sobre-ordenes-de-arresto\/#breadcrumb","itemListElement":[{"@type":"ListItem","position":1,"name":"Portada","item":"https:\/\/canal7slp.tv\/2025\/"},{"@type":"ListItem","position":2,"name":"Silvano Aureoles contin\u00faa pr\u00f3fugo tras revocarse protecci\u00f3n legal sobre \u00f3rdenes de arresto:"}]},{"@type":"WebSite","@id":"https:\/\/canal7slp.tv\/2025\/#website","url":"https:\/\/canal7slp.tv\/2025\/","name":"N7 - Noticieros Canal 7","description":"Somos el Medio","publisher":{"@id":"https:\/\/canal7slp.tv\/2025\/#organization"},"potentialAction":[{"@type":"SearchAction","target":{"@type":"EntryPoint","urlTemplate":"https:\/\/canal7slp.tv\/2025\/?s={search_term_string}"},"query-input":{"@type":"PropertyValueSpecification","valueRequired":true,"valueName":"search_term_string"}}],"inLanguage":"es"},{"@type":"Organization","@id":"https:\/\/canal7slp.tv\/2025\/#organization","name":"Noticieros Canal 7","url":"https:\/\/canal7slp.tv\/2025\/","logo":{"@type":"ImageObject","inLanguage":"es","@id":"https:\/\/canal7slp.tv\/2025\/#\/schema\/logo\/image\/","url":"https:\/\/canal7slp.tv\/2025\/wp-content\/uploads\/2021\/01\/logo-noticieros@2x.png","contentUrl":"https:\/\/canal7slp.tv\/2025\/wp-content\/uploads\/2021\/01\/logo-noticieros@2x.png","width":1017,"height":268,"caption":"Noticieros Canal 7"},"image":{"@id":"https:\/\/canal7slp.tv\/2025\/#\/schema\/logo\/image\/"},"sameAs":["https:\/\/www.facebook.com\/noticieroscanal7atencionciudadana\/","https:\/\/x.com\/NOTICIEROS7","https:\/\/www.instagram.com\/canal7_slp","https:\/\/www.youtube.com\/channel\/UCliiYs-gP3JfJeqdPrNdd5A"]},{"@type":"Person","@id":"https:\/\/canal7slp.tv\/2025\/#\/schema\/person\/1257e7e4a3d5ac29c4732733a887970d","name":"admin","image":{"@type":"ImageObject","inLanguage":"es","@id":"https:\/\/secure.gravatar.com\/avatar\/d1da498ea933582ecc2b5d72a4eac16ec41c3ec04cf2dc9d46e0b557dedfd5ff?s=96&d=mm&r=g","url":"https:\/\/secure.gravatar.com\/avatar\/d1da498ea933582ecc2b5d72a4eac16ec41c3ec04cf2dc9d46e0b557dedfd5ff?s=96&d=mm&r=g","contentUrl":"https:\/\/secure.gravatar.com\/avatar\/d1da498ea933582ecc2b5d72a4eac16ec41c3ec04cf2dc9d46e0b557dedfd5ff?s=96&d=mm&r=g","caption":"admin"},"sameAs":["https:\/\/canal7slp.tv\/2025"],"url":"https:\/\/canal7slp.tv\/2025\/author\/bicefalo\/"}]}},"_links":{"self":[{"href":"https:\/\/canal7slp.tv\/2025\/wp-json\/wp\/v2\/posts\/177928","targetHints":{"allow":["GET"]}}],"collection":[{"href":"https:\/\/canal7slp.tv\/2025\/wp-json\/wp\/v2\/posts"}],"about":[{"href":"https:\/\/canal7slp.tv\/2025\/wp-json\/wp\/v2\/types\/post"}],"author":[{"embeddable":true,"href":"https:\/\/canal7slp.tv\/2025\/wp-json\/wp\/v2\/users\/1"}],"replies":[{"embeddable":true,"href":"https:\/\/canal7slp.tv\/2025\/wp-json\/wp\/v2\/comments?post=177928"}],"version-history":[{"count":2,"href":"https:\/\/canal7slp.tv\/2025\/wp-json\/wp\/v2\/posts\/177928\/revisions"}],"predecessor-version":[{"id":177931,"href":"https:\/\/canal7slp.tv\/2025\/wp-json\/wp\/v2\/posts\/177928\/revisions\/177931"}],"wp:featuredmedia":[{"embeddable":true,"href":"https:\/\/canal7slp.tv\/2025\/wp-json\/wp\/v2\/media\/177929"}],"wp:attachment":[{"href":"https:\/\/canal7slp.tv\/2025\/wp-json\/wp\/v2\/media?parent=177928"}],"wp:term":[{"taxonomy":"category","embeddable":true,"href":"https:\/\/canal7slp.tv\/2025\/wp-json\/wp\/v2\/categories?post=177928"},{"taxonomy":"post_tag","embeddable":true,"href":"https:\/\/canal7slp.tv\/2025\/wp-json\/wp\/v2\/tags?post=177928"}],"curies":[{"name":"wp","href":"https:\/\/api.w.org\/{rel}","templated":true}]}}