{"id":177925,"date":"2025-08-29T17:28:33","date_gmt":"2025-08-29T23:28:33","guid":{"rendered":"https:\/\/canal7slp.tv\/2025\/?p=177925"},"modified":"2025-08-30T23:30:41","modified_gmt":"2025-08-31T05:30:41","slug":"consterna-a-poblacion-de-zona-media-fallecimiento-de-jovenes-xitlali-e-iris","status":"publish","type":"post","link":"https:\/\/canal7slp.tv\/2025\/consterna-a-poblacion-de-zona-media-fallecimiento-de-jovenes-xitlali-e-iris\/","title":{"rendered":"Consterna a poblaci\u00f3n de Zona Media, fallecimiento de j\u00f3venes Xitlali e Iris"},"content":{"rendered":"<p style=\"text-align: justify;\">La sociedad de la Zona Media se encuentra consternada tras confirmarse el fallecimiento de las j\u00f3venes Xitlali e Iris Adriana, originarias de Rioverde, quienes perdieron la vida en Quer\u00e9taro al ser arrastradas por la corriente en la colonia Pe\u00f1uelas, durante intensas lluvias registradas en la zona metropolitana.<\/p>\n<p style=\"text-align: justify;\">Desde el 22 de agosto las familias de las v\u00edctimas reportaron la p\u00e9rdida de comunicaci\u00f3n y levantaron de inmediato una ficha de b\u00fasqueda. Desde ese d\u00eda, emprendieron campa\u00f1as en redes sociales con el apoyo de ciudadanos de regi\u00f3n media, quienes se unieron para difundir la informaci\u00f3n y contribuir a su localizaci\u00f3n.<\/p>\n<p style=\"text-align: justify;\">Tras algunos d\u00edas, las autoridades confirmaron que ambas hab\u00edan sido encontradas sin vida, hecho que gener\u00f3 una profunda tristeza en la regi\u00f3n media y en la comunidad queretana.Tras cumplirse los protocolos legales, los cuerpos fueron entregados a sus familias. Los servicios funerales de Xitlali tuvieron lugar en Rioverde, mientras que los de Iris Adriana en Ciudad Fern\u00e1ndez.<\/p>\n<p style=\"text-align: justify;\">Este lamentable incidente pone de relieve los riesgos que conllevan las precipitaciones extremas, que han ocasionado emergencias y afectaciones en diversas zonas. Autoridades exhortaron a extremar precauciones y reiteraron que contin\u00faan con las investigaciones correspondientes.<\/p>\n<p>Por: X\u00f3chitl Morales Castro.<\/p>\n","protected":false},"excerpt":{"rendered":"<p>La sociedad de la Zona Media se encuentra consternada tras confirmarse el fallecimiento de las j\u00f3venes Xitlali e Iris Adriana, originarias de Rioverde, quienes perdieron la vida en Quer\u00e9taro al ser arrastradas por la corriente en la colonia Pe\u00f1uelas, durante intensas lluvias registradas en la zona metropolitana. Desde el 22 de agosto las familias de las v\u00edctimas reportaron la p\u00e9rdida de comunicaci\u00f3n y levantaron de inmediato una ficha de b\u00fasqueda. Desde ese d\u00eda, emprendieron campa\u00f1as en redes sociales con el apoyo de ciudadanos de regi\u00f3n media, quienes se unieron para difundir la informaci\u00f3n y contribuir a su localizaci\u00f3n. Tras algunos [&hellip;]<\/p>\n","protected":false},"author":1,"featured_media":177926,"comment_status":"closed","ping_status":"closed","sticky":false,"template":"","format":"video","meta":{"_monsterinsights_skip_tracking":false,"_monsterinsights_sitenote_active":false,"_monsterinsights_sitenote_note":"","_monsterinsights_sitenote_category":0,"footnotes":""},"categories":[5,45],"tags":[],"class_list":["post-177925","post","type-post","status-publish","format-video","has-post-thumbnail","hentry","category-destacadas","category-localesyregionales","post_format-post-format-video","post--single"],"yoast_head":"<!-- This site is optimized with the Yoast SEO plugin v27.5 - https:\/\/yoast.com\/product\/yoast-seo-wordpress\/ -->\n<title>Consterna a poblaci\u00f3n de Zona Media, fallecimiento de j\u00f3venes Xitlali e Iris - Canal 7 SLP - 2025<\/title>\n<meta name=\"robots\" content=\"index, follow, max-snippet:-1, max-image-preview:large, max-video-preview:-1\" \/>\n<link rel=\"canonical\" href=\"https:\/\/canal7slp.tv\/2025\/consterna-a-poblacion-de-zona-media-fallecimiento-de-jovenes-xitlali-e-iris\/\" \/>\n<meta property=\"og:locale\" content=\"es_ES\" \/>\n<meta property=\"og:type\" content=\"article\" \/>\n<meta property=\"og:title\" content=\"Consterna a poblaci\u00f3n de Zona Media, fallecimiento de j\u00f3venes Xitlali e Iris - Canal 7 SLP - 2025\" \/>\n<meta property=\"og:description\" content=\"La sociedad de la Zona Media se encuentra consternada tras confirmarse el fallecimiento de las j\u00f3venes Xitlali e Iris Adriana, originarias de Rioverde, quienes perdieron la vida en Quer\u00e9taro al ser arrastradas por la corriente en la colonia Pe\u00f1uelas, durante intensas lluvias registradas en la zona metropolitana. Desde el 22 de agosto las familias de las v\u00edctimas reportaron la p\u00e9rdida de comunicaci\u00f3n y levantaron de inmediato una ficha de b\u00fasqueda. Desde ese d\u00eda, emprendieron campa\u00f1as en redes sociales con el apoyo de ciudadanos de regi\u00f3n media, quienes se unieron para difundir la informaci\u00f3n y contribuir a su localizaci\u00f3n. Tras algunos [&hellip;]\" \/>\n<meta property=\"og:url\" content=\"https:\/\/canal7slp.tv\/2025\/consterna-a-poblacion-de-zona-media-fallecimiento-de-jovenes-xitlali-e-iris\/\" \/>\n<meta property=\"og:site_name\" content=\"Canal 7 SLP - 2025\" \/>\n<meta property=\"article:publisher\" content=\"https:\/\/www.facebook.com\/noticieroscanal7atencionciudadana\/\" \/>\n<meta property=\"article:published_time\" content=\"2025-08-29T23:28:33+00:00\" \/>\n<meta property=\"article:modified_time\" content=\"2025-08-31T05:30:41+00:00\" \/>\n<meta property=\"og:image\" content=\"https:\/\/canal7slp.tv\/2025\/wp-content\/uploads\/2025\/08\/photo_2025-08-30_23-30-10.jpg\" \/>\n\t<meta property=\"og:image:width\" content=\"1132\" \/>\n\t<meta property=\"og:image:height\" content=\"633\" \/>\n\t<meta property=\"og:image:type\" content=\"image\/jpeg\" \/>\n<meta name=\"author\" content=\"admin\" \/>\n<meta name=\"twitter:card\" content=\"summary_large_image\" \/>\n<meta name=\"twitter:creator\" content=\"@NOTICIEROS7\" \/>\n<meta name=\"twitter:site\" content=\"@NOTICIEROS7\" \/>\n<meta name=\"twitter:label1\" content=\"Escrito por\" \/>\n\t<meta name=\"twitter:data1\" content=\"admin\" \/>\n\t<meta name=\"twitter:label2\" content=\"Tiempo de lectura\" \/>\n\t<meta name=\"twitter:data2\" content=\"2 minutos\" \/>\n<script type=\"application\/ld+json\" class=\"yoast-schema-graph\">{\"@context\":\"https:\\\/\\\/schema.org\",\"@graph\":[{\"@type\":\"Article\",\"@id\":\"https:\\\/\\\/canal7slp.tv\\\/2025\\\/consterna-a-poblacion-de-zona-media-fallecimiento-de-jovenes-xitlali-e-iris\\\/#article\",\"isPartOf\":{\"@id\":\"https:\\\/\\\/canal7slp.tv\\\/2025\\\/consterna-a-poblacion-de-zona-media-fallecimiento-de-jovenes-xitlali-e-iris\\\/\"},\"author\":{\"name\":\"admin\",\"@id\":\"https:\\\/\\\/canal7slp.tv\\\/2025\\\/#\\\/schema\\\/person\\\/1257e7e4a3d5ac29c4732733a887970d\"},\"headline\":\"Consterna a poblaci\u00f3n de Zona Media, fallecimiento de j\u00f3venes Xitlali e Iris\",\"datePublished\":\"2025-08-29T23:28:33+00:00\",\"dateModified\":\"2025-08-31T05:30:41+00:00\",\"mainEntityOfPage\":{\"@id\":\"https:\\\/\\\/canal7slp.tv\\\/2025\\\/consterna-a-poblacion-de-zona-media-fallecimiento-de-jovenes-xitlali-e-iris\\\/\"},\"wordCount\":226,\"publisher\":{\"@id\":\"https:\\\/\\\/canal7slp.tv\\\/2025\\\/#organization\"},\"image\":{\"@id\":\"https:\\\/\\\/canal7slp.tv\\\/2025\\\/consterna-a-poblacion-de-zona-media-fallecimiento-de-jovenes-xitlali-e-iris\\\/#primaryimage\"},\"thumbnailUrl\":\"https:\\\/\\\/canal7slp.tv\\\/2025\\\/wp-content\\\/uploads\\\/2025\\\/08\\\/photo_2025-08-30_23-30-10.jpg\",\"articleSection\":[\"DESTACADAS\",\"LOCALES Y REGIONALES\"],\"inLanguage\":\"es\"},{\"@type\":\"WebPage\",\"@id\":\"https:\\\/\\\/canal7slp.tv\\\/2025\\\/consterna-a-poblacion-de-zona-media-fallecimiento-de-jovenes-xitlali-e-iris\\\/\",\"url\":\"https:\\\/\\\/canal7slp.tv\\\/2025\\\/consterna-a-poblacion-de-zona-media-fallecimiento-de-jovenes-xitlali-e-iris\\\/\",\"name\":\"Consterna a poblaci\u00f3n de Zona Media, fallecimiento de j\u00f3venes Xitlali e Iris - Canal 7 SLP - 2025\",\"isPartOf\":{\"@id\":\"https:\\\/\\\/canal7slp.tv\\\/2025\\\/#website\"},\"primaryImageOfPage\":{\"@id\":\"https:\\\/\\\/canal7slp.tv\\\/2025\\\/consterna-a-poblacion-de-zona-media-fallecimiento-de-jovenes-xitlali-e-iris\\\/#primaryimage\"},\"image\":{\"@id\":\"https:\\\/\\\/canal7slp.tv\\\/2025\\\/consterna-a-poblacion-de-zona-media-fallecimiento-de-jovenes-xitlali-e-iris\\\/#primaryimage\"},\"thumbnailUrl\":\"https:\\\/\\\/canal7slp.tv\\\/2025\\\/wp-content\\\/uploads\\\/2025\\\/08\\\/photo_2025-08-30_23-30-10.jpg\",\"datePublished\":\"2025-08-29T23:28:33+00:00\",\"dateModified\":\"2025-08-31T05:30:41+00:00\",\"breadcrumb\":{\"@id\":\"https:\\\/\\\/canal7slp.tv\\\/2025\\\/consterna-a-poblacion-de-zona-media-fallecimiento-de-jovenes-xitlali-e-iris\\\/#breadcrumb\"},\"inLanguage\":\"es\",\"potentialAction\":[{\"@type\":\"ReadAction\",\"target\":[\"https:\\\/\\\/canal7slp.tv\\\/2025\\\/consterna-a-poblacion-de-zona-media-fallecimiento-de-jovenes-xitlali-e-iris\\\/\"]}]},{\"@type\":\"ImageObject\",\"inLanguage\":\"es\",\"@id\":\"https:\\\/\\\/canal7slp.tv\\\/2025\\\/consterna-a-poblacion-de-zona-media-fallecimiento-de-jovenes-xitlali-e-iris\\\/#primaryimage\",\"url\":\"https:\\\/\\\/canal7slp.tv\\\/2025\\\/wp-content\\\/uploads\\\/2025\\\/08\\\/photo_2025-08-30_23-30-10.jpg\",\"contentUrl\":\"https:\\\/\\\/canal7slp.tv\\\/2025\\\/wp-content\\\/uploads\\\/2025\\\/08\\\/photo_2025-08-30_23-30-10.jpg\",\"width\":1132,\"height\":633},{\"@type\":\"BreadcrumbList\",\"@id\":\"https:\\\/\\\/canal7slp.tv\\\/2025\\\/consterna-a-poblacion-de-zona-media-fallecimiento-de-jovenes-xitlali-e-iris\\\/#breadcrumb\",\"itemListElement\":[{\"@type\":\"ListItem\",\"position\":1,\"name\":\"Portada\",\"item\":\"https:\\\/\\\/canal7slp.tv\\\/2025\\\/\"},{\"@type\":\"ListItem\",\"position\":2,\"name\":\"Consterna a poblaci\u00f3n de Zona Media, fallecimiento de j\u00f3venes Xitlali e Iris\"}]},{\"@type\":\"WebSite\",\"@id\":\"https:\\\/\\\/canal7slp.tv\\\/2025\\\/#website\",\"url\":\"https:\\\/\\\/canal7slp.tv\\\/2025\\\/\",\"name\":\"N7 - Noticieros Canal 7\",\"description\":\"Somos el Medio\",\"publisher\":{\"@id\":\"https:\\\/\\\/canal7slp.tv\\\/2025\\\/#organization\"},\"potentialAction\":[{\"@type\":\"SearchAction\",\"target\":{\"@type\":\"EntryPoint\",\"urlTemplate\":\"https:\\\/\\\/canal7slp.tv\\\/2025\\\/?s={search_term_string}\"},\"query-input\":{\"@type\":\"PropertyValueSpecification\",\"valueRequired\":true,\"valueName\":\"search_term_string\"}}],\"inLanguage\":\"es\"},{\"@type\":\"Organization\",\"@id\":\"https:\\\/\\\/canal7slp.tv\\\/2025\\\/#organization\",\"name\":\"Noticieros Canal 7\",\"url\":\"https:\\\/\\\/canal7slp.tv\\\/2025\\\/\",\"logo\":{\"@type\":\"ImageObject\",\"inLanguage\":\"es\",\"@id\":\"https:\\\/\\\/canal7slp.tv\\\/2025\\\/#\\\/schema\\\/logo\\\/image\\\/\",\"url\":\"https:\\\/\\\/canal7slp.tv\\\/2025\\\/wp-content\\\/uploads\\\/2021\\\/01\\\/logo-noticieros@2x.png\",\"contentUrl\":\"https:\\\/\\\/canal7slp.tv\\\/2025\\\/wp-content\\\/uploads\\\/2021\\\/01\\\/logo-noticieros@2x.png\",\"width\":1017,\"height\":268,\"caption\":\"Noticieros Canal 7\"},\"image\":{\"@id\":\"https:\\\/\\\/canal7slp.tv\\\/2025\\\/#\\\/schema\\\/logo\\\/image\\\/\"},\"sameAs\":[\"https:\\\/\\\/www.facebook.com\\\/noticieroscanal7atencionciudadana\\\/\",\"https:\\\/\\\/x.com\\\/NOTICIEROS7\",\"https:\\\/\\\/www.instagram.com\\\/canal7_slp\",\"https:\\\/\\\/www.youtube.com\\\/channel\\\/UCliiYs-gP3JfJeqdPrNdd5A\"]},{\"@type\":\"Person\",\"@id\":\"https:\\\/\\\/canal7slp.tv\\\/2025\\\/#\\\/schema\\\/person\\\/1257e7e4a3d5ac29c4732733a887970d\",\"name\":\"admin\",\"image\":{\"@type\":\"ImageObject\",\"inLanguage\":\"es\",\"@id\":\"https:\\\/\\\/secure.gravatar.com\\\/avatar\\\/d1da498ea933582ecc2b5d72a4eac16ec41c3ec04cf2dc9d46e0b557dedfd5ff?s=96&d=mm&r=g\",\"url\":\"https:\\\/\\\/secure.gravatar.com\\\/avatar\\\/d1da498ea933582ecc2b5d72a4eac16ec41c3ec04cf2dc9d46e0b557dedfd5ff?s=96&d=mm&r=g\",\"contentUrl\":\"https:\\\/\\\/secure.gravatar.com\\\/avatar\\\/d1da498ea933582ecc2b5d72a4eac16ec41c3ec04cf2dc9d46e0b557dedfd5ff?s=96&d=mm&r=g\",\"caption\":\"admin\"},\"sameAs\":[\"https:\\\/\\\/canal7slp.tv\\\/2025\"],\"url\":\"https:\\\/\\\/canal7slp.tv\\\/2025\\\/author\\\/bicefalo\\\/\"}]}<\/script>\n<!-- \/ Yoast SEO plugin. -->","yoast_head_json":{"title":"Consterna a poblaci\u00f3n de Zona Media, fallecimiento de j\u00f3venes Xitlali e Iris - Canal 7 SLP - 2025","robots":{"index":"index","follow":"follow","max-snippet":"max-snippet:-1","max-image-preview":"max-image-preview:large","max-video-preview":"max-video-preview:-1"},"canonical":"https:\/\/canal7slp.tv\/2025\/consterna-a-poblacion-de-zona-media-fallecimiento-de-jovenes-xitlali-e-iris\/","og_locale":"es_ES","og_type":"article","og_title":"Consterna a poblaci\u00f3n de Zona Media, fallecimiento de j\u00f3venes Xitlali e Iris - Canal 7 SLP - 2025","og_description":"La sociedad de la Zona Media se encuentra consternada tras confirmarse el fallecimiento de las j\u00f3venes Xitlali e Iris Adriana, originarias de Rioverde, quienes perdieron la vida en Quer\u00e9taro al ser arrastradas por la corriente en la colonia Pe\u00f1uelas, durante intensas lluvias registradas en la zona metropolitana. Desde el 22 de agosto las familias de las v\u00edctimas reportaron la p\u00e9rdida de comunicaci\u00f3n y levantaron de inmediato una ficha de b\u00fasqueda. Desde ese d\u00eda, emprendieron campa\u00f1as en redes sociales con el apoyo de ciudadanos de regi\u00f3n media, quienes se unieron para difundir la informaci\u00f3n y contribuir a su localizaci\u00f3n. Tras algunos [&hellip;]","og_url":"https:\/\/canal7slp.tv\/2025\/consterna-a-poblacion-de-zona-media-fallecimiento-de-jovenes-xitlali-e-iris\/","og_site_name":"Canal 7 SLP - 2025","article_publisher":"https:\/\/www.facebook.com\/noticieroscanal7atencionciudadana\/","article_published_time":"2025-08-29T23:28:33+00:00","article_modified_time":"2025-08-31T05:30:41+00:00","og_image":[{"width":1132,"height":633,"url":"https:\/\/canal7slp.tv\/2025\/wp-content\/uploads\/2025\/08\/photo_2025-08-30_23-30-10.jpg","type":"image\/jpeg"}],"author":"admin","twitter_card":"summary_large_image","twitter_creator":"@NOTICIEROS7","twitter_site":"@NOTICIEROS7","twitter_misc":{"Escrito por":"admin","Tiempo de lectura":"2 minutos"},"schema":{"@context":"https:\/\/schema.org","@graph":[{"@type":"Article","@id":"https:\/\/canal7slp.tv\/2025\/consterna-a-poblacion-de-zona-media-fallecimiento-de-jovenes-xitlali-e-iris\/#article","isPartOf":{"@id":"https:\/\/canal7slp.tv\/2025\/consterna-a-poblacion-de-zona-media-fallecimiento-de-jovenes-xitlali-e-iris\/"},"author":{"name":"admin","@id":"https:\/\/canal7slp.tv\/2025\/#\/schema\/person\/1257e7e4a3d5ac29c4732733a887970d"},"headline":"Consterna a poblaci\u00f3n de Zona Media, fallecimiento de j\u00f3venes Xitlali e Iris","datePublished":"2025-08-29T23:28:33+00:00","dateModified":"2025-08-31T05:30:41+00:00","mainEntityOfPage":{"@id":"https:\/\/canal7slp.tv\/2025\/consterna-a-poblacion-de-zona-media-fallecimiento-de-jovenes-xitlali-e-iris\/"},"wordCount":226,"publisher":{"@id":"https:\/\/canal7slp.tv\/2025\/#organization"},"image":{"@id":"https:\/\/canal7slp.tv\/2025\/consterna-a-poblacion-de-zona-media-fallecimiento-de-jovenes-xitlali-e-iris\/#primaryimage"},"thumbnailUrl":"https:\/\/canal7slp.tv\/2025\/wp-content\/uploads\/2025\/08\/photo_2025-08-30_23-30-10.jpg","articleSection":["DESTACADAS","LOCALES Y REGIONALES"],"inLanguage":"es"},{"@type":"WebPage","@id":"https:\/\/canal7slp.tv\/2025\/consterna-a-poblacion-de-zona-media-fallecimiento-de-jovenes-xitlali-e-iris\/","url":"https:\/\/canal7slp.tv\/2025\/consterna-a-poblacion-de-zona-media-fallecimiento-de-jovenes-xitlali-e-iris\/","name":"Consterna a poblaci\u00f3n de Zona Media, fallecimiento de j\u00f3venes Xitlali e Iris - Canal 7 SLP - 2025","isPartOf":{"@id":"https:\/\/canal7slp.tv\/2025\/#website"},"primaryImageOfPage":{"@id":"https:\/\/canal7slp.tv\/2025\/consterna-a-poblacion-de-zona-media-fallecimiento-de-jovenes-xitlali-e-iris\/#primaryimage"},"image":{"@id":"https:\/\/canal7slp.tv\/2025\/consterna-a-poblacion-de-zona-media-fallecimiento-de-jovenes-xitlali-e-iris\/#primaryimage"},"thumbnailUrl":"https:\/\/canal7slp.tv\/2025\/wp-content\/uploads\/2025\/08\/photo_2025-08-30_23-30-10.jpg","datePublished":"2025-08-29T23:28:33+00:00","dateModified":"2025-08-31T05:30:41+00:00","breadcrumb":{"@id":"https:\/\/canal7slp.tv\/2025\/consterna-a-poblacion-de-zona-media-fallecimiento-de-jovenes-xitlali-e-iris\/#breadcrumb"},"inLanguage":"es","potentialAction":[{"@type":"ReadAction","target":["https:\/\/canal7slp.tv\/2025\/consterna-a-poblacion-de-zona-media-fallecimiento-de-jovenes-xitlali-e-iris\/"]}]},{"@type":"ImageObject","inLanguage":"es","@id":"https:\/\/canal7slp.tv\/2025\/consterna-a-poblacion-de-zona-media-fallecimiento-de-jovenes-xitlali-e-iris\/#primaryimage","url":"https:\/\/canal7slp.tv\/2025\/wp-content\/uploads\/2025\/08\/photo_2025-08-30_23-30-10.jpg","contentUrl":"https:\/\/canal7slp.tv\/2025\/wp-content\/uploads\/2025\/08\/photo_2025-08-30_23-30-10.jpg","width":1132,"height":633},{"@type":"BreadcrumbList","@id":"https:\/\/canal7slp.tv\/2025\/consterna-a-poblacion-de-zona-media-fallecimiento-de-jovenes-xitlali-e-iris\/#breadcrumb","itemListElement":[{"@type":"ListItem","position":1,"name":"Portada","item":"https:\/\/canal7slp.tv\/2025\/"},{"@type":"ListItem","position":2,"name":"Consterna a poblaci\u00f3n de Zona Media, fallecimiento de j\u00f3venes Xitlali e Iris"}]},{"@type":"WebSite","@id":"https:\/\/canal7slp.tv\/2025\/#website","url":"https:\/\/canal7slp.tv\/2025\/","name":"N7 - Noticieros Canal 7","description":"Somos el Medio","publisher":{"@id":"https:\/\/canal7slp.tv\/2025\/#organization"},"potentialAction":[{"@type":"SearchAction","target":{"@type":"EntryPoint","urlTemplate":"https:\/\/canal7slp.tv\/2025\/?s={search_term_string}"},"query-input":{"@type":"PropertyValueSpecification","valueRequired":true,"valueName":"search_term_string"}}],"inLanguage":"es"},{"@type":"Organization","@id":"https:\/\/canal7slp.tv\/2025\/#organization","name":"Noticieros Canal 7","url":"https:\/\/canal7slp.tv\/2025\/","logo":{"@type":"ImageObject","inLanguage":"es","@id":"https:\/\/canal7slp.tv\/2025\/#\/schema\/logo\/image\/","url":"https:\/\/canal7slp.tv\/2025\/wp-content\/uploads\/2021\/01\/logo-noticieros@2x.png","contentUrl":"https:\/\/canal7slp.tv\/2025\/wp-content\/uploads\/2021\/01\/logo-noticieros@2x.png","width":1017,"height":268,"caption":"Noticieros Canal 7"},"image":{"@id":"https:\/\/canal7slp.tv\/2025\/#\/schema\/logo\/image\/"},"sameAs":["https:\/\/www.facebook.com\/noticieroscanal7atencionciudadana\/","https:\/\/x.com\/NOTICIEROS7","https:\/\/www.instagram.com\/canal7_slp","https:\/\/www.youtube.com\/channel\/UCliiYs-gP3JfJeqdPrNdd5A"]},{"@type":"Person","@id":"https:\/\/canal7slp.tv\/2025\/#\/schema\/person\/1257e7e4a3d5ac29c4732733a887970d","name":"admin","image":{"@type":"ImageObject","inLanguage":"es","@id":"https:\/\/secure.gravatar.com\/avatar\/d1da498ea933582ecc2b5d72a4eac16ec41c3ec04cf2dc9d46e0b557dedfd5ff?s=96&d=mm&r=g","url":"https:\/\/secure.gravatar.com\/avatar\/d1da498ea933582ecc2b5d72a4eac16ec41c3ec04cf2dc9d46e0b557dedfd5ff?s=96&d=mm&r=g","contentUrl":"https:\/\/secure.gravatar.com\/avatar\/d1da498ea933582ecc2b5d72a4eac16ec41c3ec04cf2dc9d46e0b557dedfd5ff?s=96&d=mm&r=g","caption":"admin"},"sameAs":["https:\/\/canal7slp.tv\/2025"],"url":"https:\/\/canal7slp.tv\/2025\/author\/bicefalo\/"}]}},"_links":{"self":[{"href":"https:\/\/canal7slp.tv\/2025\/wp-json\/wp\/v2\/posts\/177925","targetHints":{"allow":["GET"]}}],"collection":[{"href":"https:\/\/canal7slp.tv\/2025\/wp-json\/wp\/v2\/posts"}],"about":[{"href":"https:\/\/canal7slp.tv\/2025\/wp-json\/wp\/v2\/types\/post"}],"author":[{"embeddable":true,"href":"https:\/\/canal7slp.tv\/2025\/wp-json\/wp\/v2\/users\/1"}],"replies":[{"embeddable":true,"href":"https:\/\/canal7slp.tv\/2025\/wp-json\/wp\/v2\/comments?post=177925"}],"version-history":[{"count":1,"href":"https:\/\/canal7slp.tv\/2025\/wp-json\/wp\/v2\/posts\/177925\/revisions"}],"predecessor-version":[{"id":177927,"href":"https:\/\/canal7slp.tv\/2025\/wp-json\/wp\/v2\/posts\/177925\/revisions\/177927"}],"wp:featuredmedia":[{"embeddable":true,"href":"https:\/\/canal7slp.tv\/2025\/wp-json\/wp\/v2\/media\/177926"}],"wp:attachment":[{"href":"https:\/\/canal7slp.tv\/2025\/wp-json\/wp\/v2\/media?parent=177925"}],"wp:term":[{"taxonomy":"category","embeddable":true,"href":"https:\/\/canal7slp.tv\/2025\/wp-json\/wp\/v2\/categories?post=177925"},{"taxonomy":"post_tag","embeddable":true,"href":"https:\/\/canal7slp.tv\/2025\/wp-json\/wp\/v2\/tags?post=177925"}],"curies":[{"name":"wp","href":"https:\/\/api.w.org\/{rel}","templated":true}]}}