{"id":177907,"date":"2025-08-28T23:17:37","date_gmt":"2025-08-29T05:17:37","guid":{"rendered":"https:\/\/canal7slp.tv\/2025\/?p=177907"},"modified":"2025-08-28T23:17:37","modified_gmt":"2025-08-29T05:17:37","slug":"ricardo-cordero-va-por-el-rally-sierra-juarez","status":"publish","type":"post","link":"https:\/\/canal7slp.tv\/2025\/ricardo-cordero-va-por-el-rally-sierra-juarez\/","title":{"rendered":"Ricardo Cordero Va Por El Rally Sierra Ju\u00e1rez"},"content":{"rendered":"<p style=\"text-align: justify;\"><span style=\"font-weight: 400;\">Todo est\u00e1 listo para celebrar una fecha m\u00e1s del rallismo latinoamericano, en esta ocasi\u00f3n Oaxaca tocar\u00e1 ser sede del Rally Sierra Ju\u00e1rez, esta fecha significa el desenlace puntuable\u00a0 del NACAM Rally Championship, adem\u00e1s de contar tambi\u00e9n para el campeonato mexicano de rallismo,\u00a0 Por lo que el piloto potosino Ricardo Cordero inicia de manera formal la capitalizaci\u00f3n de los esfuerzos, esto en b\u00fasqueda de lograr la cifra hist\u00f3rica de cuatro t\u00edtulos en un mismo a\u00f1o calendario.<\/span><\/p>\n<p style=\"text-align: justify;\"><span style=\"font-weight: 400;\">\u00a0La edici\u00f3n no. 22 del Rally Sierra Ju\u00e1rez ser\u00e1 sobre\u00a0 los caminos de la bella regi\u00f3n del sur del pa\u00eds en donde la configuraci\u00f3n ser\u00e1 sobre pavimento,\u00a0 se llevar\u00e1 a cabo desde este 28 de agosto al 30,\u00a0 ser\u00e1 puntuable tanto para el CMR como para el NACAM Rally Championship.<\/span><\/p>\n<p style=\"text-align: justify;\"><span style=\"font-weight: 400;\">Cordero buscar\u00e1 algo hist\u00f3rico y descomunal,\u00a0 levantar cuatro t\u00edtulos en el 2025 y aqu\u00ed empieza la etapa formal; el Nacam Rally Championship, El campeonato Mexicano de Rallismo, El Campeonato de rallismo Canadiense y la Carrera Panamericana.\u00a0<\/span><\/p>\n","protected":false},"excerpt":{"rendered":"<p>Todo est\u00e1 listo para celebrar una fecha m\u00e1s del rallismo latinoamericano, en esta ocasi\u00f3n Oaxaca tocar\u00e1 ser sede del Rally Sierra Ju\u00e1rez, esta fecha significa el desenlace puntuable\u00a0 del NACAM Rally Championship, adem\u00e1s de contar tambi\u00e9n para el campeonato mexicano de rallismo,\u00a0 Por lo que el piloto potosino Ricardo Cordero inicia de manera formal la capitalizaci\u00f3n de los esfuerzos, esto en b\u00fasqueda de lograr la cifra hist\u00f3rica de cuatro t\u00edtulos en un mismo a\u00f1o calendario. \u00a0La edici\u00f3n no. 22 del Rally Sierra Ju\u00e1rez ser\u00e1 sobre\u00a0 los caminos de la bella regi\u00f3n del sur del pa\u00eds en donde la configuraci\u00f3n ser\u00e1 [&hellip;]<\/p>\n","protected":false},"author":1,"featured_media":177908,"comment_status":"closed","ping_status":"closed","sticky":false,"template":"","format":"video","meta":{"_monsterinsights_skip_tracking":false,"_monsterinsights_sitenote_active":false,"_monsterinsights_sitenote_note":"","_monsterinsights_sitenote_category":0,"footnotes":""},"categories":[7,5],"tags":[],"class_list":["post-177907","post","type-post","status-publish","format-video","has-post-thumbnail","hentry","category-deportes","category-destacadas","post_format-post-format-video","post--single"],"yoast_head":"<!-- This site is optimized with the Yoast SEO plugin v27.5 - https:\/\/yoast.com\/product\/yoast-seo-wordpress\/ -->\n<title>Ricardo Cordero Va Por El Rally Sierra Ju\u00e1rez - Canal 7 SLP - 2025<\/title>\n<meta name=\"robots\" content=\"index, follow, max-snippet:-1, max-image-preview:large, max-video-preview:-1\" \/>\n<link rel=\"canonical\" href=\"https:\/\/canal7slp.tv\/2025\/ricardo-cordero-va-por-el-rally-sierra-juarez\/\" \/>\n<meta property=\"og:locale\" content=\"es_ES\" \/>\n<meta property=\"og:type\" content=\"article\" \/>\n<meta property=\"og:title\" content=\"Ricardo Cordero Va Por El Rally Sierra Ju\u00e1rez - Canal 7 SLP - 2025\" \/>\n<meta property=\"og:description\" content=\"Todo est\u00e1 listo para celebrar una fecha m\u00e1s del rallismo latinoamericano, en esta ocasi\u00f3n Oaxaca tocar\u00e1 ser sede del Rally Sierra Ju\u00e1rez, esta fecha significa el desenlace puntuable\u00a0 del NACAM Rally Championship, adem\u00e1s de contar tambi\u00e9n para el campeonato mexicano de rallismo,\u00a0 Por lo que el piloto potosino Ricardo Cordero inicia de manera formal la capitalizaci\u00f3n de los esfuerzos, esto en b\u00fasqueda de lograr la cifra hist\u00f3rica de cuatro t\u00edtulos en un mismo a\u00f1o calendario. \u00a0La edici\u00f3n no. 22 del Rally Sierra Ju\u00e1rez ser\u00e1 sobre\u00a0 los caminos de la bella regi\u00f3n del sur del pa\u00eds en donde la configuraci\u00f3n ser\u00e1 [&hellip;]\" \/>\n<meta property=\"og:url\" content=\"https:\/\/canal7slp.tv\/2025\/ricardo-cordero-va-por-el-rally-sierra-juarez\/\" \/>\n<meta property=\"og:site_name\" content=\"Canal 7 SLP - 2025\" \/>\n<meta property=\"article:publisher\" content=\"https:\/\/www.facebook.com\/noticieroscanal7atencionciudadana\/\" \/>\n<meta property=\"article:published_time\" content=\"2025-08-29T05:17:37+00:00\" \/>\n<meta property=\"og:image\" content=\"https:\/\/canal7slp.tv\/2025\/wp-content\/uploads\/2025\/08\/photo_2025-08-28_23-16-46.jpg\" \/>\n\t<meta property=\"og:image:width\" content=\"1062\" \/>\n\t<meta property=\"og:image:height\" content=\"644\" \/>\n\t<meta property=\"og:image:type\" content=\"image\/jpeg\" \/>\n<meta name=\"author\" content=\"admin\" \/>\n<meta name=\"twitter:card\" content=\"summary_large_image\" \/>\n<meta name=\"twitter:creator\" content=\"@NOTICIEROS7\" \/>\n<meta name=\"twitter:site\" content=\"@NOTICIEROS7\" \/>\n<meta name=\"twitter:label1\" content=\"Escrito por\" \/>\n\t<meta name=\"twitter:data1\" content=\"admin\" \/>\n\t<meta name=\"twitter:label2\" content=\"Tiempo de lectura\" \/>\n\t<meta name=\"twitter:data2\" content=\"1 minuto\" \/>\n<script type=\"application\/ld+json\" class=\"yoast-schema-graph\">{\"@context\":\"https:\\\/\\\/schema.org\",\"@graph\":[{\"@type\":\"Article\",\"@id\":\"https:\\\/\\\/canal7slp.tv\\\/2025\\\/ricardo-cordero-va-por-el-rally-sierra-juarez\\\/#article\",\"isPartOf\":{\"@id\":\"https:\\\/\\\/canal7slp.tv\\\/2025\\\/ricardo-cordero-va-por-el-rally-sierra-juarez\\\/\"},\"author\":{\"name\":\"admin\",\"@id\":\"https:\\\/\\\/canal7slp.tv\\\/2025\\\/#\\\/schema\\\/person\\\/1257e7e4a3d5ac29c4732733a887970d\"},\"headline\":\"Ricardo Cordero Va Por El Rally Sierra Ju\u00e1rez\",\"datePublished\":\"2025-08-29T05:17:37+00:00\",\"mainEntityOfPage\":{\"@id\":\"https:\\\/\\\/canal7slp.tv\\\/2025\\\/ricardo-cordero-va-por-el-rally-sierra-juarez\\\/\"},\"wordCount\":183,\"publisher\":{\"@id\":\"https:\\\/\\\/canal7slp.tv\\\/2025\\\/#organization\"},\"image\":{\"@id\":\"https:\\\/\\\/canal7slp.tv\\\/2025\\\/ricardo-cordero-va-por-el-rally-sierra-juarez\\\/#primaryimage\"},\"thumbnailUrl\":\"https:\\\/\\\/canal7slp.tv\\\/2025\\\/wp-content\\\/uploads\\\/2025\\\/08\\\/photo_2025-08-28_23-16-46.jpg\",\"articleSection\":[\"DEPORTES\",\"DESTACADAS\"],\"inLanguage\":\"es\"},{\"@type\":\"WebPage\",\"@id\":\"https:\\\/\\\/canal7slp.tv\\\/2025\\\/ricardo-cordero-va-por-el-rally-sierra-juarez\\\/\",\"url\":\"https:\\\/\\\/canal7slp.tv\\\/2025\\\/ricardo-cordero-va-por-el-rally-sierra-juarez\\\/\",\"name\":\"Ricardo Cordero Va Por El Rally Sierra Ju\u00e1rez - Canal 7 SLP - 2025\",\"isPartOf\":{\"@id\":\"https:\\\/\\\/canal7slp.tv\\\/2025\\\/#website\"},\"primaryImageOfPage\":{\"@id\":\"https:\\\/\\\/canal7slp.tv\\\/2025\\\/ricardo-cordero-va-por-el-rally-sierra-juarez\\\/#primaryimage\"},\"image\":{\"@id\":\"https:\\\/\\\/canal7slp.tv\\\/2025\\\/ricardo-cordero-va-por-el-rally-sierra-juarez\\\/#primaryimage\"},\"thumbnailUrl\":\"https:\\\/\\\/canal7slp.tv\\\/2025\\\/wp-content\\\/uploads\\\/2025\\\/08\\\/photo_2025-08-28_23-16-46.jpg\",\"datePublished\":\"2025-08-29T05:17:37+00:00\",\"breadcrumb\":{\"@id\":\"https:\\\/\\\/canal7slp.tv\\\/2025\\\/ricardo-cordero-va-por-el-rally-sierra-juarez\\\/#breadcrumb\"},\"inLanguage\":\"es\",\"potentialAction\":[{\"@type\":\"ReadAction\",\"target\":[\"https:\\\/\\\/canal7slp.tv\\\/2025\\\/ricardo-cordero-va-por-el-rally-sierra-juarez\\\/\"]}]},{\"@type\":\"ImageObject\",\"inLanguage\":\"es\",\"@id\":\"https:\\\/\\\/canal7slp.tv\\\/2025\\\/ricardo-cordero-va-por-el-rally-sierra-juarez\\\/#primaryimage\",\"url\":\"https:\\\/\\\/canal7slp.tv\\\/2025\\\/wp-content\\\/uploads\\\/2025\\\/08\\\/photo_2025-08-28_23-16-46.jpg\",\"contentUrl\":\"https:\\\/\\\/canal7slp.tv\\\/2025\\\/wp-content\\\/uploads\\\/2025\\\/08\\\/photo_2025-08-28_23-16-46.jpg\",\"width\":1062,\"height\":644},{\"@type\":\"BreadcrumbList\",\"@id\":\"https:\\\/\\\/canal7slp.tv\\\/2025\\\/ricardo-cordero-va-por-el-rally-sierra-juarez\\\/#breadcrumb\",\"itemListElement\":[{\"@type\":\"ListItem\",\"position\":1,\"name\":\"Portada\",\"item\":\"https:\\\/\\\/canal7slp.tv\\\/2025\\\/\"},{\"@type\":\"ListItem\",\"position\":2,\"name\":\"Ricardo Cordero Va Por El Rally Sierra Ju\u00e1rez\"}]},{\"@type\":\"WebSite\",\"@id\":\"https:\\\/\\\/canal7slp.tv\\\/2025\\\/#website\",\"url\":\"https:\\\/\\\/canal7slp.tv\\\/2025\\\/\",\"name\":\"N7 - Noticieros Canal 7\",\"description\":\"Somos el Medio\",\"publisher\":{\"@id\":\"https:\\\/\\\/canal7slp.tv\\\/2025\\\/#organization\"},\"potentialAction\":[{\"@type\":\"SearchAction\",\"target\":{\"@type\":\"EntryPoint\",\"urlTemplate\":\"https:\\\/\\\/canal7slp.tv\\\/2025\\\/?s={search_term_string}\"},\"query-input\":{\"@type\":\"PropertyValueSpecification\",\"valueRequired\":true,\"valueName\":\"search_term_string\"}}],\"inLanguage\":\"es\"},{\"@type\":\"Organization\",\"@id\":\"https:\\\/\\\/canal7slp.tv\\\/2025\\\/#organization\",\"name\":\"Noticieros Canal 7\",\"url\":\"https:\\\/\\\/canal7slp.tv\\\/2025\\\/\",\"logo\":{\"@type\":\"ImageObject\",\"inLanguage\":\"es\",\"@id\":\"https:\\\/\\\/canal7slp.tv\\\/2025\\\/#\\\/schema\\\/logo\\\/image\\\/\",\"url\":\"https:\\\/\\\/canal7slp.tv\\\/2025\\\/wp-content\\\/uploads\\\/2021\\\/01\\\/logo-noticieros@2x.png\",\"contentUrl\":\"https:\\\/\\\/canal7slp.tv\\\/2025\\\/wp-content\\\/uploads\\\/2021\\\/01\\\/logo-noticieros@2x.png\",\"width\":1017,\"height\":268,\"caption\":\"Noticieros Canal 7\"},\"image\":{\"@id\":\"https:\\\/\\\/canal7slp.tv\\\/2025\\\/#\\\/schema\\\/logo\\\/image\\\/\"},\"sameAs\":[\"https:\\\/\\\/www.facebook.com\\\/noticieroscanal7atencionciudadana\\\/\",\"https:\\\/\\\/x.com\\\/NOTICIEROS7\",\"https:\\\/\\\/www.instagram.com\\\/canal7_slp\",\"https:\\\/\\\/www.youtube.com\\\/channel\\\/UCliiYs-gP3JfJeqdPrNdd5A\"]},{\"@type\":\"Person\",\"@id\":\"https:\\\/\\\/canal7slp.tv\\\/2025\\\/#\\\/schema\\\/person\\\/1257e7e4a3d5ac29c4732733a887970d\",\"name\":\"admin\",\"image\":{\"@type\":\"ImageObject\",\"inLanguage\":\"es\",\"@id\":\"https:\\\/\\\/secure.gravatar.com\\\/avatar\\\/d1da498ea933582ecc2b5d72a4eac16ec41c3ec04cf2dc9d46e0b557dedfd5ff?s=96&d=mm&r=g\",\"url\":\"https:\\\/\\\/secure.gravatar.com\\\/avatar\\\/d1da498ea933582ecc2b5d72a4eac16ec41c3ec04cf2dc9d46e0b557dedfd5ff?s=96&d=mm&r=g\",\"contentUrl\":\"https:\\\/\\\/secure.gravatar.com\\\/avatar\\\/d1da498ea933582ecc2b5d72a4eac16ec41c3ec04cf2dc9d46e0b557dedfd5ff?s=96&d=mm&r=g\",\"caption\":\"admin\"},\"sameAs\":[\"https:\\\/\\\/canal7slp.tv\\\/2025\"],\"url\":\"https:\\\/\\\/canal7slp.tv\\\/2025\\\/author\\\/bicefalo\\\/\"}]}<\/script>\n<!-- \/ Yoast SEO plugin. -->","yoast_head_json":{"title":"Ricardo Cordero Va Por El Rally Sierra Ju\u00e1rez - Canal 7 SLP - 2025","robots":{"index":"index","follow":"follow","max-snippet":"max-snippet:-1","max-image-preview":"max-image-preview:large","max-video-preview":"max-video-preview:-1"},"canonical":"https:\/\/canal7slp.tv\/2025\/ricardo-cordero-va-por-el-rally-sierra-juarez\/","og_locale":"es_ES","og_type":"article","og_title":"Ricardo Cordero Va Por El Rally Sierra Ju\u00e1rez - Canal 7 SLP - 2025","og_description":"Todo est\u00e1 listo para celebrar una fecha m\u00e1s del rallismo latinoamericano, en esta ocasi\u00f3n Oaxaca tocar\u00e1 ser sede del Rally Sierra Ju\u00e1rez, esta fecha significa el desenlace puntuable\u00a0 del NACAM Rally Championship, adem\u00e1s de contar tambi\u00e9n para el campeonato mexicano de rallismo,\u00a0 Por lo que el piloto potosino Ricardo Cordero inicia de manera formal la capitalizaci\u00f3n de los esfuerzos, esto en b\u00fasqueda de lograr la cifra hist\u00f3rica de cuatro t\u00edtulos en un mismo a\u00f1o calendario. \u00a0La edici\u00f3n no. 22 del Rally Sierra Ju\u00e1rez ser\u00e1 sobre\u00a0 los caminos de la bella regi\u00f3n del sur del pa\u00eds en donde la configuraci\u00f3n ser\u00e1 [&hellip;]","og_url":"https:\/\/canal7slp.tv\/2025\/ricardo-cordero-va-por-el-rally-sierra-juarez\/","og_site_name":"Canal 7 SLP - 2025","article_publisher":"https:\/\/www.facebook.com\/noticieroscanal7atencionciudadana\/","article_published_time":"2025-08-29T05:17:37+00:00","og_image":[{"width":1062,"height":644,"url":"https:\/\/canal7slp.tv\/2025\/wp-content\/uploads\/2025\/08\/photo_2025-08-28_23-16-46.jpg","type":"image\/jpeg"}],"author":"admin","twitter_card":"summary_large_image","twitter_creator":"@NOTICIEROS7","twitter_site":"@NOTICIEROS7","twitter_misc":{"Escrito por":"admin","Tiempo de lectura":"1 minuto"},"schema":{"@context":"https:\/\/schema.org","@graph":[{"@type":"Article","@id":"https:\/\/canal7slp.tv\/2025\/ricardo-cordero-va-por-el-rally-sierra-juarez\/#article","isPartOf":{"@id":"https:\/\/canal7slp.tv\/2025\/ricardo-cordero-va-por-el-rally-sierra-juarez\/"},"author":{"name":"admin","@id":"https:\/\/canal7slp.tv\/2025\/#\/schema\/person\/1257e7e4a3d5ac29c4732733a887970d"},"headline":"Ricardo Cordero Va Por El Rally Sierra Ju\u00e1rez","datePublished":"2025-08-29T05:17:37+00:00","mainEntityOfPage":{"@id":"https:\/\/canal7slp.tv\/2025\/ricardo-cordero-va-por-el-rally-sierra-juarez\/"},"wordCount":183,"publisher":{"@id":"https:\/\/canal7slp.tv\/2025\/#organization"},"image":{"@id":"https:\/\/canal7slp.tv\/2025\/ricardo-cordero-va-por-el-rally-sierra-juarez\/#primaryimage"},"thumbnailUrl":"https:\/\/canal7slp.tv\/2025\/wp-content\/uploads\/2025\/08\/photo_2025-08-28_23-16-46.jpg","articleSection":["DEPORTES","DESTACADAS"],"inLanguage":"es"},{"@type":"WebPage","@id":"https:\/\/canal7slp.tv\/2025\/ricardo-cordero-va-por-el-rally-sierra-juarez\/","url":"https:\/\/canal7slp.tv\/2025\/ricardo-cordero-va-por-el-rally-sierra-juarez\/","name":"Ricardo Cordero Va Por El Rally Sierra Ju\u00e1rez - Canal 7 SLP - 2025","isPartOf":{"@id":"https:\/\/canal7slp.tv\/2025\/#website"},"primaryImageOfPage":{"@id":"https:\/\/canal7slp.tv\/2025\/ricardo-cordero-va-por-el-rally-sierra-juarez\/#primaryimage"},"image":{"@id":"https:\/\/canal7slp.tv\/2025\/ricardo-cordero-va-por-el-rally-sierra-juarez\/#primaryimage"},"thumbnailUrl":"https:\/\/canal7slp.tv\/2025\/wp-content\/uploads\/2025\/08\/photo_2025-08-28_23-16-46.jpg","datePublished":"2025-08-29T05:17:37+00:00","breadcrumb":{"@id":"https:\/\/canal7slp.tv\/2025\/ricardo-cordero-va-por-el-rally-sierra-juarez\/#breadcrumb"},"inLanguage":"es","potentialAction":[{"@type":"ReadAction","target":["https:\/\/canal7slp.tv\/2025\/ricardo-cordero-va-por-el-rally-sierra-juarez\/"]}]},{"@type":"ImageObject","inLanguage":"es","@id":"https:\/\/canal7slp.tv\/2025\/ricardo-cordero-va-por-el-rally-sierra-juarez\/#primaryimage","url":"https:\/\/canal7slp.tv\/2025\/wp-content\/uploads\/2025\/08\/photo_2025-08-28_23-16-46.jpg","contentUrl":"https:\/\/canal7slp.tv\/2025\/wp-content\/uploads\/2025\/08\/photo_2025-08-28_23-16-46.jpg","width":1062,"height":644},{"@type":"BreadcrumbList","@id":"https:\/\/canal7slp.tv\/2025\/ricardo-cordero-va-por-el-rally-sierra-juarez\/#breadcrumb","itemListElement":[{"@type":"ListItem","position":1,"name":"Portada","item":"https:\/\/canal7slp.tv\/2025\/"},{"@type":"ListItem","position":2,"name":"Ricardo Cordero Va Por El Rally Sierra Ju\u00e1rez"}]},{"@type":"WebSite","@id":"https:\/\/canal7slp.tv\/2025\/#website","url":"https:\/\/canal7slp.tv\/2025\/","name":"N7 - Noticieros Canal 7","description":"Somos el Medio","publisher":{"@id":"https:\/\/canal7slp.tv\/2025\/#organization"},"potentialAction":[{"@type":"SearchAction","target":{"@type":"EntryPoint","urlTemplate":"https:\/\/canal7slp.tv\/2025\/?s={search_term_string}"},"query-input":{"@type":"PropertyValueSpecification","valueRequired":true,"valueName":"search_term_string"}}],"inLanguage":"es"},{"@type":"Organization","@id":"https:\/\/canal7slp.tv\/2025\/#organization","name":"Noticieros Canal 7","url":"https:\/\/canal7slp.tv\/2025\/","logo":{"@type":"ImageObject","inLanguage":"es","@id":"https:\/\/canal7slp.tv\/2025\/#\/schema\/logo\/image\/","url":"https:\/\/canal7slp.tv\/2025\/wp-content\/uploads\/2021\/01\/logo-noticieros@2x.png","contentUrl":"https:\/\/canal7slp.tv\/2025\/wp-content\/uploads\/2021\/01\/logo-noticieros@2x.png","width":1017,"height":268,"caption":"Noticieros Canal 7"},"image":{"@id":"https:\/\/canal7slp.tv\/2025\/#\/schema\/logo\/image\/"},"sameAs":["https:\/\/www.facebook.com\/noticieroscanal7atencionciudadana\/","https:\/\/x.com\/NOTICIEROS7","https:\/\/www.instagram.com\/canal7_slp","https:\/\/www.youtube.com\/channel\/UCliiYs-gP3JfJeqdPrNdd5A"]},{"@type":"Person","@id":"https:\/\/canal7slp.tv\/2025\/#\/schema\/person\/1257e7e4a3d5ac29c4732733a887970d","name":"admin","image":{"@type":"ImageObject","inLanguage":"es","@id":"https:\/\/secure.gravatar.com\/avatar\/d1da498ea933582ecc2b5d72a4eac16ec41c3ec04cf2dc9d46e0b557dedfd5ff?s=96&d=mm&r=g","url":"https:\/\/secure.gravatar.com\/avatar\/d1da498ea933582ecc2b5d72a4eac16ec41c3ec04cf2dc9d46e0b557dedfd5ff?s=96&d=mm&r=g","contentUrl":"https:\/\/secure.gravatar.com\/avatar\/d1da498ea933582ecc2b5d72a4eac16ec41c3ec04cf2dc9d46e0b557dedfd5ff?s=96&d=mm&r=g","caption":"admin"},"sameAs":["https:\/\/canal7slp.tv\/2025"],"url":"https:\/\/canal7slp.tv\/2025\/author\/bicefalo\/"}]}},"_links":{"self":[{"href":"https:\/\/canal7slp.tv\/2025\/wp-json\/wp\/v2\/posts\/177907","targetHints":{"allow":["GET"]}}],"collection":[{"href":"https:\/\/canal7slp.tv\/2025\/wp-json\/wp\/v2\/posts"}],"about":[{"href":"https:\/\/canal7slp.tv\/2025\/wp-json\/wp\/v2\/types\/post"}],"author":[{"embeddable":true,"href":"https:\/\/canal7slp.tv\/2025\/wp-json\/wp\/v2\/users\/1"}],"replies":[{"embeddable":true,"href":"https:\/\/canal7slp.tv\/2025\/wp-json\/wp\/v2\/comments?post=177907"}],"version-history":[{"count":1,"href":"https:\/\/canal7slp.tv\/2025\/wp-json\/wp\/v2\/posts\/177907\/revisions"}],"predecessor-version":[{"id":177909,"href":"https:\/\/canal7slp.tv\/2025\/wp-json\/wp\/v2\/posts\/177907\/revisions\/177909"}],"wp:featuredmedia":[{"embeddable":true,"href":"https:\/\/canal7slp.tv\/2025\/wp-json\/wp\/v2\/media\/177908"}],"wp:attachment":[{"href":"https:\/\/canal7slp.tv\/2025\/wp-json\/wp\/v2\/media?parent=177907"}],"wp:term":[{"taxonomy":"category","embeddable":true,"href":"https:\/\/canal7slp.tv\/2025\/wp-json\/wp\/v2\/categories?post=177907"},{"taxonomy":"post_tag","embeddable":true,"href":"https:\/\/canal7slp.tv\/2025\/wp-json\/wp\/v2\/tags?post=177907"}],"curies":[{"name":"wp","href":"https:\/\/api.w.org\/{rel}","templated":true}]}}