{"id":177898,"date":"2025-08-28T23:01:33","date_gmt":"2025-08-29T05:01:33","guid":{"rendered":"https:\/\/canal7slp.tv\/2025\/?p=177898"},"modified":"2025-08-28T23:01:33","modified_gmt":"2025-08-29T05:01:33","slug":"con-neumaticos-alertan-falta-de-cubierta-en-registro-de-la-calle-tecali","status":"publish","type":"post","link":"https:\/\/canal7slp.tv\/2025\/con-neumaticos-alertan-falta-de-cubierta-en-registro-de-la-calle-tecali\/","title":{"rendered":"Con neum\u00e1ticos alertan falta de cubierta en registro de la calle Tecali"},"content":{"rendered":"<p style=\"text-align: justify;\">En la calle Tecali, de la colonia Las Piedras en la capital potosina, un registro carece de cubierta y provoc\u00f3 un hueco en la superficie que ha encendido las alertas entre vecinos.<\/p>\n<p style=\"text-align: justify;\">La falta de vestidura, lo convierte en una amenaza para quienes transitan por la zona, en especial durante horarios de baja visibilidad.<\/p>\n<p style=\"text-align: justify;\">Hasta el momento, dos neum\u00e1ticos colocados de manera improvisada funcionan como se\u00f1al de advertencia; sin embargo, son medidas insuficientes, ya que no garantizan la prevenci\u00f3n de accidentes.<\/p>\n<p style=\"text-align: justify;\">La inseguridad se intensifica en la temporada de lluvias, cuando el agua se concentra alrededor del registro, lo que dificulta su visibilidad.<\/p>\n<p style=\"text-align: justify;\">Por ello, habitantes de la calle expresaron su preocupaci\u00f3n ante la falta de intervenci\u00f3n por parte de la instancia correspondiente.<\/p>\n<p style=\"text-align: justify;\">Adem\u00e1s, se\u00f1alaron que el desperfecto no s\u00f3lo representa un riesgo inmediato, tambi\u00e9n es el reflejo de la ausencia de mantenimiento en la infraestructura urbana que persiste en la capital potosina.<\/p>\n<p style=\"text-align: justify;\">La situaci\u00f3n evidencia la necesidad de supervisi\u00f3n constante y mantenimiento de la en espacios donde la visibilidad y el flujo vehicular pueden convertirse en factores de peligro.<\/p>\n","protected":false},"excerpt":{"rendered":"<p>En la calle Tecali, de la colonia Las Piedras en la capital potosina, un registro carece de cubierta y provoc\u00f3 un hueco en la superficie que ha encendido las alertas entre vecinos. La falta de vestidura, lo convierte en una amenaza para quienes transitan por la zona, en especial durante horarios de baja visibilidad. Hasta el momento, dos neum\u00e1ticos colocados de manera improvisada funcionan como se\u00f1al de advertencia; sin embargo, son medidas insuficientes, ya que no garantizan la prevenci\u00f3n de accidentes. La inseguridad se intensifica en la temporada de lluvias, cuando el agua se concentra alrededor del registro, lo que [&hellip;]<\/p>\n","protected":false},"author":1,"featured_media":177899,"comment_status":"closed","ping_status":"closed","sticky":false,"template":"","format":"video","meta":{"_monsterinsights_skip_tracking":false,"_monsterinsights_sitenote_active":false,"_monsterinsights_sitenote_note":"","_monsterinsights_sitenote_category":0,"footnotes":""},"categories":[5,45],"tags":[],"class_list":["post-177898","post","type-post","status-publish","format-video","has-post-thumbnail","hentry","category-destacadas","category-localesyregionales","post_format-post-format-video","post--single"],"yoast_head":"<!-- This site is optimized with the Yoast SEO plugin v27.5 - https:\/\/yoast.com\/product\/yoast-seo-wordpress\/ -->\n<title>Con neum\u00e1ticos alertan falta de cubierta en registro de la calle Tecali - Canal 7 SLP - 2025<\/title>\n<meta name=\"robots\" content=\"index, follow, max-snippet:-1, max-image-preview:large, max-video-preview:-1\" \/>\n<link rel=\"canonical\" href=\"https:\/\/canal7slp.tv\/2025\/con-neumaticos-alertan-falta-de-cubierta-en-registro-de-la-calle-tecali\/\" \/>\n<meta property=\"og:locale\" content=\"es_ES\" \/>\n<meta property=\"og:type\" content=\"article\" \/>\n<meta property=\"og:title\" content=\"Con neum\u00e1ticos alertan falta de cubierta en registro de la calle Tecali - Canal 7 SLP - 2025\" \/>\n<meta property=\"og:description\" content=\"En la calle Tecali, de la colonia Las Piedras en la capital potosina, un registro carece de cubierta y provoc\u00f3 un hueco en la superficie que ha encendido las alertas entre vecinos. La falta de vestidura, lo convierte en una amenaza para quienes transitan por la zona, en especial durante horarios de baja visibilidad. Hasta el momento, dos neum\u00e1ticos colocados de manera improvisada funcionan como se\u00f1al de advertencia; sin embargo, son medidas insuficientes, ya que no garantizan la prevenci\u00f3n de accidentes. La inseguridad se intensifica en la temporada de lluvias, cuando el agua se concentra alrededor del registro, lo que [&hellip;]\" \/>\n<meta property=\"og:url\" content=\"https:\/\/canal7slp.tv\/2025\/con-neumaticos-alertan-falta-de-cubierta-en-registro-de-la-calle-tecali\/\" \/>\n<meta property=\"og:site_name\" content=\"Canal 7 SLP - 2025\" \/>\n<meta property=\"article:publisher\" content=\"https:\/\/www.facebook.com\/noticieroscanal7atencionciudadana\/\" \/>\n<meta property=\"article:published_time\" content=\"2025-08-29T05:01:33+00:00\" \/>\n<meta property=\"og:image\" content=\"https:\/\/canal7slp.tv\/2025\/wp-content\/uploads\/2025\/08\/photo_2025-08-28_23-00-42.jpg\" \/>\n\t<meta property=\"og:image:width\" content=\"1129\" \/>\n\t<meta property=\"og:image:height\" content=\"647\" \/>\n\t<meta property=\"og:image:type\" content=\"image\/jpeg\" \/>\n<meta name=\"author\" content=\"admin\" \/>\n<meta name=\"twitter:card\" content=\"summary_large_image\" \/>\n<meta name=\"twitter:creator\" content=\"@NOTICIEROS7\" \/>\n<meta name=\"twitter:site\" content=\"@NOTICIEROS7\" \/>\n<meta name=\"twitter:label1\" content=\"Escrito por\" \/>\n\t<meta name=\"twitter:data1\" content=\"admin\" \/>\n\t<meta name=\"twitter:label2\" content=\"Tiempo de lectura\" \/>\n\t<meta name=\"twitter:data2\" content=\"2 minutos\" \/>\n<script type=\"application\/ld+json\" class=\"yoast-schema-graph\">{\"@context\":\"https:\\\/\\\/schema.org\",\"@graph\":[{\"@type\":\"Article\",\"@id\":\"https:\\\/\\\/canal7slp.tv\\\/2025\\\/con-neumaticos-alertan-falta-de-cubierta-en-registro-de-la-calle-tecali\\\/#article\",\"isPartOf\":{\"@id\":\"https:\\\/\\\/canal7slp.tv\\\/2025\\\/con-neumaticos-alertan-falta-de-cubierta-en-registro-de-la-calle-tecali\\\/\"},\"author\":{\"name\":\"admin\",\"@id\":\"https:\\\/\\\/canal7slp.tv\\\/2025\\\/#\\\/schema\\\/person\\\/1257e7e4a3d5ac29c4732733a887970d\"},\"headline\":\"Con neum\u00e1ticos alertan falta de cubierta en registro de la calle Tecali\",\"datePublished\":\"2025-08-29T05:01:33+00:00\",\"mainEntityOfPage\":{\"@id\":\"https:\\\/\\\/canal7slp.tv\\\/2025\\\/con-neumaticos-alertan-falta-de-cubierta-en-registro-de-la-calle-tecali\\\/\"},\"wordCount\":204,\"publisher\":{\"@id\":\"https:\\\/\\\/canal7slp.tv\\\/2025\\\/#organization\"},\"image\":{\"@id\":\"https:\\\/\\\/canal7slp.tv\\\/2025\\\/con-neumaticos-alertan-falta-de-cubierta-en-registro-de-la-calle-tecali\\\/#primaryimage\"},\"thumbnailUrl\":\"https:\\\/\\\/canal7slp.tv\\\/2025\\\/wp-content\\\/uploads\\\/2025\\\/08\\\/photo_2025-08-28_23-00-42.jpg\",\"articleSection\":[\"DESTACADAS\",\"LOCALES Y REGIONALES\"],\"inLanguage\":\"es\"},{\"@type\":\"WebPage\",\"@id\":\"https:\\\/\\\/canal7slp.tv\\\/2025\\\/con-neumaticos-alertan-falta-de-cubierta-en-registro-de-la-calle-tecali\\\/\",\"url\":\"https:\\\/\\\/canal7slp.tv\\\/2025\\\/con-neumaticos-alertan-falta-de-cubierta-en-registro-de-la-calle-tecali\\\/\",\"name\":\"Con neum\u00e1ticos alertan falta de cubierta en registro de la calle Tecali - Canal 7 SLP - 2025\",\"isPartOf\":{\"@id\":\"https:\\\/\\\/canal7slp.tv\\\/2025\\\/#website\"},\"primaryImageOfPage\":{\"@id\":\"https:\\\/\\\/canal7slp.tv\\\/2025\\\/con-neumaticos-alertan-falta-de-cubierta-en-registro-de-la-calle-tecali\\\/#primaryimage\"},\"image\":{\"@id\":\"https:\\\/\\\/canal7slp.tv\\\/2025\\\/con-neumaticos-alertan-falta-de-cubierta-en-registro-de-la-calle-tecali\\\/#primaryimage\"},\"thumbnailUrl\":\"https:\\\/\\\/canal7slp.tv\\\/2025\\\/wp-content\\\/uploads\\\/2025\\\/08\\\/photo_2025-08-28_23-00-42.jpg\",\"datePublished\":\"2025-08-29T05:01:33+00:00\",\"breadcrumb\":{\"@id\":\"https:\\\/\\\/canal7slp.tv\\\/2025\\\/con-neumaticos-alertan-falta-de-cubierta-en-registro-de-la-calle-tecali\\\/#breadcrumb\"},\"inLanguage\":\"es\",\"potentialAction\":[{\"@type\":\"ReadAction\",\"target\":[\"https:\\\/\\\/canal7slp.tv\\\/2025\\\/con-neumaticos-alertan-falta-de-cubierta-en-registro-de-la-calle-tecali\\\/\"]}]},{\"@type\":\"ImageObject\",\"inLanguage\":\"es\",\"@id\":\"https:\\\/\\\/canal7slp.tv\\\/2025\\\/con-neumaticos-alertan-falta-de-cubierta-en-registro-de-la-calle-tecali\\\/#primaryimage\",\"url\":\"https:\\\/\\\/canal7slp.tv\\\/2025\\\/wp-content\\\/uploads\\\/2025\\\/08\\\/photo_2025-08-28_23-00-42.jpg\",\"contentUrl\":\"https:\\\/\\\/canal7slp.tv\\\/2025\\\/wp-content\\\/uploads\\\/2025\\\/08\\\/photo_2025-08-28_23-00-42.jpg\",\"width\":1129,\"height\":647},{\"@type\":\"BreadcrumbList\",\"@id\":\"https:\\\/\\\/canal7slp.tv\\\/2025\\\/con-neumaticos-alertan-falta-de-cubierta-en-registro-de-la-calle-tecali\\\/#breadcrumb\",\"itemListElement\":[{\"@type\":\"ListItem\",\"position\":1,\"name\":\"Portada\",\"item\":\"https:\\\/\\\/canal7slp.tv\\\/2025\\\/\"},{\"@type\":\"ListItem\",\"position\":2,\"name\":\"Con neum\u00e1ticos alertan falta de cubierta en registro de la calle Tecali\"}]},{\"@type\":\"WebSite\",\"@id\":\"https:\\\/\\\/canal7slp.tv\\\/2025\\\/#website\",\"url\":\"https:\\\/\\\/canal7slp.tv\\\/2025\\\/\",\"name\":\"N7 - Noticieros Canal 7\",\"description\":\"Somos el Medio\",\"publisher\":{\"@id\":\"https:\\\/\\\/canal7slp.tv\\\/2025\\\/#organization\"},\"potentialAction\":[{\"@type\":\"SearchAction\",\"target\":{\"@type\":\"EntryPoint\",\"urlTemplate\":\"https:\\\/\\\/canal7slp.tv\\\/2025\\\/?s={search_term_string}\"},\"query-input\":{\"@type\":\"PropertyValueSpecification\",\"valueRequired\":true,\"valueName\":\"search_term_string\"}}],\"inLanguage\":\"es\"},{\"@type\":\"Organization\",\"@id\":\"https:\\\/\\\/canal7slp.tv\\\/2025\\\/#organization\",\"name\":\"Noticieros Canal 7\",\"url\":\"https:\\\/\\\/canal7slp.tv\\\/2025\\\/\",\"logo\":{\"@type\":\"ImageObject\",\"inLanguage\":\"es\",\"@id\":\"https:\\\/\\\/canal7slp.tv\\\/2025\\\/#\\\/schema\\\/logo\\\/image\\\/\",\"url\":\"https:\\\/\\\/canal7slp.tv\\\/2025\\\/wp-content\\\/uploads\\\/2021\\\/01\\\/logo-noticieros@2x.png\",\"contentUrl\":\"https:\\\/\\\/canal7slp.tv\\\/2025\\\/wp-content\\\/uploads\\\/2021\\\/01\\\/logo-noticieros@2x.png\",\"width\":1017,\"height\":268,\"caption\":\"Noticieros Canal 7\"},\"image\":{\"@id\":\"https:\\\/\\\/canal7slp.tv\\\/2025\\\/#\\\/schema\\\/logo\\\/image\\\/\"},\"sameAs\":[\"https:\\\/\\\/www.facebook.com\\\/noticieroscanal7atencionciudadana\\\/\",\"https:\\\/\\\/x.com\\\/NOTICIEROS7\",\"https:\\\/\\\/www.instagram.com\\\/canal7_slp\",\"https:\\\/\\\/www.youtube.com\\\/channel\\\/UCliiYs-gP3JfJeqdPrNdd5A\"]},{\"@type\":\"Person\",\"@id\":\"https:\\\/\\\/canal7slp.tv\\\/2025\\\/#\\\/schema\\\/person\\\/1257e7e4a3d5ac29c4732733a887970d\",\"name\":\"admin\",\"image\":{\"@type\":\"ImageObject\",\"inLanguage\":\"es\",\"@id\":\"https:\\\/\\\/secure.gravatar.com\\\/avatar\\\/d1da498ea933582ecc2b5d72a4eac16ec41c3ec04cf2dc9d46e0b557dedfd5ff?s=96&d=mm&r=g\",\"url\":\"https:\\\/\\\/secure.gravatar.com\\\/avatar\\\/d1da498ea933582ecc2b5d72a4eac16ec41c3ec04cf2dc9d46e0b557dedfd5ff?s=96&d=mm&r=g\",\"contentUrl\":\"https:\\\/\\\/secure.gravatar.com\\\/avatar\\\/d1da498ea933582ecc2b5d72a4eac16ec41c3ec04cf2dc9d46e0b557dedfd5ff?s=96&d=mm&r=g\",\"caption\":\"admin\"},\"sameAs\":[\"https:\\\/\\\/canal7slp.tv\\\/2025\"],\"url\":\"https:\\\/\\\/canal7slp.tv\\\/2025\\\/author\\\/bicefalo\\\/\"}]}<\/script>\n<!-- \/ Yoast SEO plugin. -->","yoast_head_json":{"title":"Con neum\u00e1ticos alertan falta de cubierta en registro de la calle Tecali - Canal 7 SLP - 2025","robots":{"index":"index","follow":"follow","max-snippet":"max-snippet:-1","max-image-preview":"max-image-preview:large","max-video-preview":"max-video-preview:-1"},"canonical":"https:\/\/canal7slp.tv\/2025\/con-neumaticos-alertan-falta-de-cubierta-en-registro-de-la-calle-tecali\/","og_locale":"es_ES","og_type":"article","og_title":"Con neum\u00e1ticos alertan falta de cubierta en registro de la calle Tecali - Canal 7 SLP - 2025","og_description":"En la calle Tecali, de la colonia Las Piedras en la capital potosina, un registro carece de cubierta y provoc\u00f3 un hueco en la superficie que ha encendido las alertas entre vecinos. La falta de vestidura, lo convierte en una amenaza para quienes transitan por la zona, en especial durante horarios de baja visibilidad. Hasta el momento, dos neum\u00e1ticos colocados de manera improvisada funcionan como se\u00f1al de advertencia; sin embargo, son medidas insuficientes, ya que no garantizan la prevenci\u00f3n de accidentes. La inseguridad se intensifica en la temporada de lluvias, cuando el agua se concentra alrededor del registro, lo que [&hellip;]","og_url":"https:\/\/canal7slp.tv\/2025\/con-neumaticos-alertan-falta-de-cubierta-en-registro-de-la-calle-tecali\/","og_site_name":"Canal 7 SLP - 2025","article_publisher":"https:\/\/www.facebook.com\/noticieroscanal7atencionciudadana\/","article_published_time":"2025-08-29T05:01:33+00:00","og_image":[{"width":1129,"height":647,"url":"https:\/\/canal7slp.tv\/2025\/wp-content\/uploads\/2025\/08\/photo_2025-08-28_23-00-42.jpg","type":"image\/jpeg"}],"author":"admin","twitter_card":"summary_large_image","twitter_creator":"@NOTICIEROS7","twitter_site":"@NOTICIEROS7","twitter_misc":{"Escrito por":"admin","Tiempo de lectura":"2 minutos"},"schema":{"@context":"https:\/\/schema.org","@graph":[{"@type":"Article","@id":"https:\/\/canal7slp.tv\/2025\/con-neumaticos-alertan-falta-de-cubierta-en-registro-de-la-calle-tecali\/#article","isPartOf":{"@id":"https:\/\/canal7slp.tv\/2025\/con-neumaticos-alertan-falta-de-cubierta-en-registro-de-la-calle-tecali\/"},"author":{"name":"admin","@id":"https:\/\/canal7slp.tv\/2025\/#\/schema\/person\/1257e7e4a3d5ac29c4732733a887970d"},"headline":"Con neum\u00e1ticos alertan falta de cubierta en registro de la calle Tecali","datePublished":"2025-08-29T05:01:33+00:00","mainEntityOfPage":{"@id":"https:\/\/canal7slp.tv\/2025\/con-neumaticos-alertan-falta-de-cubierta-en-registro-de-la-calle-tecali\/"},"wordCount":204,"publisher":{"@id":"https:\/\/canal7slp.tv\/2025\/#organization"},"image":{"@id":"https:\/\/canal7slp.tv\/2025\/con-neumaticos-alertan-falta-de-cubierta-en-registro-de-la-calle-tecali\/#primaryimage"},"thumbnailUrl":"https:\/\/canal7slp.tv\/2025\/wp-content\/uploads\/2025\/08\/photo_2025-08-28_23-00-42.jpg","articleSection":["DESTACADAS","LOCALES Y REGIONALES"],"inLanguage":"es"},{"@type":"WebPage","@id":"https:\/\/canal7slp.tv\/2025\/con-neumaticos-alertan-falta-de-cubierta-en-registro-de-la-calle-tecali\/","url":"https:\/\/canal7slp.tv\/2025\/con-neumaticos-alertan-falta-de-cubierta-en-registro-de-la-calle-tecali\/","name":"Con neum\u00e1ticos alertan falta de cubierta en registro de la calle Tecali - Canal 7 SLP - 2025","isPartOf":{"@id":"https:\/\/canal7slp.tv\/2025\/#website"},"primaryImageOfPage":{"@id":"https:\/\/canal7slp.tv\/2025\/con-neumaticos-alertan-falta-de-cubierta-en-registro-de-la-calle-tecali\/#primaryimage"},"image":{"@id":"https:\/\/canal7slp.tv\/2025\/con-neumaticos-alertan-falta-de-cubierta-en-registro-de-la-calle-tecali\/#primaryimage"},"thumbnailUrl":"https:\/\/canal7slp.tv\/2025\/wp-content\/uploads\/2025\/08\/photo_2025-08-28_23-00-42.jpg","datePublished":"2025-08-29T05:01:33+00:00","breadcrumb":{"@id":"https:\/\/canal7slp.tv\/2025\/con-neumaticos-alertan-falta-de-cubierta-en-registro-de-la-calle-tecali\/#breadcrumb"},"inLanguage":"es","potentialAction":[{"@type":"ReadAction","target":["https:\/\/canal7slp.tv\/2025\/con-neumaticos-alertan-falta-de-cubierta-en-registro-de-la-calle-tecali\/"]}]},{"@type":"ImageObject","inLanguage":"es","@id":"https:\/\/canal7slp.tv\/2025\/con-neumaticos-alertan-falta-de-cubierta-en-registro-de-la-calle-tecali\/#primaryimage","url":"https:\/\/canal7slp.tv\/2025\/wp-content\/uploads\/2025\/08\/photo_2025-08-28_23-00-42.jpg","contentUrl":"https:\/\/canal7slp.tv\/2025\/wp-content\/uploads\/2025\/08\/photo_2025-08-28_23-00-42.jpg","width":1129,"height":647},{"@type":"BreadcrumbList","@id":"https:\/\/canal7slp.tv\/2025\/con-neumaticos-alertan-falta-de-cubierta-en-registro-de-la-calle-tecali\/#breadcrumb","itemListElement":[{"@type":"ListItem","position":1,"name":"Portada","item":"https:\/\/canal7slp.tv\/2025\/"},{"@type":"ListItem","position":2,"name":"Con neum\u00e1ticos alertan falta de cubierta en registro de la calle Tecali"}]},{"@type":"WebSite","@id":"https:\/\/canal7slp.tv\/2025\/#website","url":"https:\/\/canal7slp.tv\/2025\/","name":"N7 - Noticieros Canal 7","description":"Somos el Medio","publisher":{"@id":"https:\/\/canal7slp.tv\/2025\/#organization"},"potentialAction":[{"@type":"SearchAction","target":{"@type":"EntryPoint","urlTemplate":"https:\/\/canal7slp.tv\/2025\/?s={search_term_string}"},"query-input":{"@type":"PropertyValueSpecification","valueRequired":true,"valueName":"search_term_string"}}],"inLanguage":"es"},{"@type":"Organization","@id":"https:\/\/canal7slp.tv\/2025\/#organization","name":"Noticieros Canal 7","url":"https:\/\/canal7slp.tv\/2025\/","logo":{"@type":"ImageObject","inLanguage":"es","@id":"https:\/\/canal7slp.tv\/2025\/#\/schema\/logo\/image\/","url":"https:\/\/canal7slp.tv\/2025\/wp-content\/uploads\/2021\/01\/logo-noticieros@2x.png","contentUrl":"https:\/\/canal7slp.tv\/2025\/wp-content\/uploads\/2021\/01\/logo-noticieros@2x.png","width":1017,"height":268,"caption":"Noticieros Canal 7"},"image":{"@id":"https:\/\/canal7slp.tv\/2025\/#\/schema\/logo\/image\/"},"sameAs":["https:\/\/www.facebook.com\/noticieroscanal7atencionciudadana\/","https:\/\/x.com\/NOTICIEROS7","https:\/\/www.instagram.com\/canal7_slp","https:\/\/www.youtube.com\/channel\/UCliiYs-gP3JfJeqdPrNdd5A"]},{"@type":"Person","@id":"https:\/\/canal7slp.tv\/2025\/#\/schema\/person\/1257e7e4a3d5ac29c4732733a887970d","name":"admin","image":{"@type":"ImageObject","inLanguage":"es","@id":"https:\/\/secure.gravatar.com\/avatar\/d1da498ea933582ecc2b5d72a4eac16ec41c3ec04cf2dc9d46e0b557dedfd5ff?s=96&d=mm&r=g","url":"https:\/\/secure.gravatar.com\/avatar\/d1da498ea933582ecc2b5d72a4eac16ec41c3ec04cf2dc9d46e0b557dedfd5ff?s=96&d=mm&r=g","contentUrl":"https:\/\/secure.gravatar.com\/avatar\/d1da498ea933582ecc2b5d72a4eac16ec41c3ec04cf2dc9d46e0b557dedfd5ff?s=96&d=mm&r=g","caption":"admin"},"sameAs":["https:\/\/canal7slp.tv\/2025"],"url":"https:\/\/canal7slp.tv\/2025\/author\/bicefalo\/"}]}},"_links":{"self":[{"href":"https:\/\/canal7slp.tv\/2025\/wp-json\/wp\/v2\/posts\/177898","targetHints":{"allow":["GET"]}}],"collection":[{"href":"https:\/\/canal7slp.tv\/2025\/wp-json\/wp\/v2\/posts"}],"about":[{"href":"https:\/\/canal7slp.tv\/2025\/wp-json\/wp\/v2\/types\/post"}],"author":[{"embeddable":true,"href":"https:\/\/canal7slp.tv\/2025\/wp-json\/wp\/v2\/users\/1"}],"replies":[{"embeddable":true,"href":"https:\/\/canal7slp.tv\/2025\/wp-json\/wp\/v2\/comments?post=177898"}],"version-history":[{"count":1,"href":"https:\/\/canal7slp.tv\/2025\/wp-json\/wp\/v2\/posts\/177898\/revisions"}],"predecessor-version":[{"id":177900,"href":"https:\/\/canal7slp.tv\/2025\/wp-json\/wp\/v2\/posts\/177898\/revisions\/177900"}],"wp:featuredmedia":[{"embeddable":true,"href":"https:\/\/canal7slp.tv\/2025\/wp-json\/wp\/v2\/media\/177899"}],"wp:attachment":[{"href":"https:\/\/canal7slp.tv\/2025\/wp-json\/wp\/v2\/media?parent=177898"}],"wp:term":[{"taxonomy":"category","embeddable":true,"href":"https:\/\/canal7slp.tv\/2025\/wp-json\/wp\/v2\/categories?post=177898"},{"taxonomy":"post_tag","embeddable":true,"href":"https:\/\/canal7slp.tv\/2025\/wp-json\/wp\/v2\/tags?post=177898"}],"curies":[{"name":"wp","href":"https:\/\/api.w.org\/{rel}","templated":true}]}}