{"id":177895,"date":"2025-08-28T22:56:33","date_gmt":"2025-08-29T04:56:33","guid":{"rendered":"https:\/\/canal7slp.tv\/2025\/?p=177895"},"modified":"2025-08-28T22:56:33","modified_gmt":"2025-08-29T04:56:33","slug":"descuido-y-suciedad-en-estanque-de-la-alameda-advierten-transeuntes","status":"publish","type":"post","link":"https:\/\/canal7slp.tv\/2025\/descuido-y-suciedad-en-estanque-de-la-alameda-advierten-transeuntes\/","title":{"rendered":"Descuido y suciedad en estanque de la Alameda, advierten transe\u00fantes"},"content":{"rendered":"<p style=\"text-align: justify;\">El parque Alameda \u2013situado en el Centro Hist\u00f3rico de la capital potosina\u2013 es uno de los espacios naturales m\u00e1s representativos; no obstante, visitantes se\u00f1alan el descuido en el que se encuentran distintas \u00e1reas.<\/p>\n<p style=\"text-align: justify;\">La contaminaci\u00f3n es m\u00e1s notoria en un estanque, el cual sirve de hogar para algunos peces, donde el l\u00edquido se ha tornado de un color marr\u00f3n, muestra de la falta de mantenimiento que el lugar recibe.<\/p>\n<p style=\"text-align: justify;\">Con peque\u00f1os restos de estructuras vegetales que flotan sobre el agua, la fauna es cada vez menos perceptible.<\/p>\n<p style=\"text-align: justify;\">Por ello, los usuarios expresan su descontento por el deterioro de la zona.<\/p>\n<p style=\"text-align: justify;\">\u201cDeber\u00eda tener mejores condiciones\u201d<\/p>\n<p style=\"text-align: justify;\">El escenario es riesgoso, en especial por la insalubridad que podr\u00eda propiciar focos de infecci\u00f3n.<\/p>\n<p style=\"text-align: justify;\">En este contexto, los asistentes exigen una mayor atenci\u00f3n que brinde una limpieza oportuna al sitio.<\/p>\n<p style=\"text-align: justify;\">\n","protected":false},"excerpt":{"rendered":"<p>El parque Alameda \u2013situado en el Centro Hist\u00f3rico de la capital potosina\u2013 es uno de los espacios naturales m\u00e1s representativos; no obstante, visitantes se\u00f1alan el descuido en el que se encuentran distintas \u00e1reas. La contaminaci\u00f3n es m\u00e1s notoria en un estanque, el cual sirve de hogar para algunos peces, donde el l\u00edquido se ha tornado de un color marr\u00f3n, muestra de la falta de mantenimiento que el lugar recibe. Con peque\u00f1os restos de estructuras vegetales que flotan sobre el agua, la fauna es cada vez menos perceptible. Por ello, los usuarios expresan su descontento por el deterioro de la zona. [&hellip;]<\/p>\n","protected":false},"author":1,"featured_media":177896,"comment_status":"closed","ping_status":"closed","sticky":false,"template":"","format":"video","meta":{"_monsterinsights_skip_tracking":false,"_monsterinsights_sitenote_active":false,"_monsterinsights_sitenote_note":"","_monsterinsights_sitenote_category":0,"footnotes":""},"categories":[5,45],"tags":[],"class_list":["post-177895","post","type-post","status-publish","format-video","has-post-thumbnail","hentry","category-destacadas","category-localesyregionales","post_format-post-format-video","post--single"],"yoast_head":"<!-- This site is optimized with the Yoast SEO plugin v27.5 - https:\/\/yoast.com\/product\/yoast-seo-wordpress\/ -->\n<title>Descuido y suciedad en estanque de la Alameda, advierten transe\u00fantes - Canal 7 SLP - 2025<\/title>\n<meta name=\"robots\" content=\"index, follow, max-snippet:-1, max-image-preview:large, max-video-preview:-1\" \/>\n<link rel=\"canonical\" href=\"https:\/\/canal7slp.tv\/2025\/descuido-y-suciedad-en-estanque-de-la-alameda-advierten-transeuntes\/\" \/>\n<meta property=\"og:locale\" content=\"es_ES\" \/>\n<meta property=\"og:type\" content=\"article\" \/>\n<meta property=\"og:title\" content=\"Descuido y suciedad en estanque de la Alameda, advierten transe\u00fantes - Canal 7 SLP - 2025\" \/>\n<meta property=\"og:description\" content=\"El parque Alameda \u2013situado en el Centro Hist\u00f3rico de la capital potosina\u2013 es uno de los espacios naturales m\u00e1s representativos; no obstante, visitantes se\u00f1alan el descuido en el que se encuentran distintas \u00e1reas. La contaminaci\u00f3n es m\u00e1s notoria en un estanque, el cual sirve de hogar para algunos peces, donde el l\u00edquido se ha tornado de un color marr\u00f3n, muestra de la falta de mantenimiento que el lugar recibe. Con peque\u00f1os restos de estructuras vegetales que flotan sobre el agua, la fauna es cada vez menos perceptible. Por ello, los usuarios expresan su descontento por el deterioro de la zona. [&hellip;]\" \/>\n<meta property=\"og:url\" content=\"https:\/\/canal7slp.tv\/2025\/descuido-y-suciedad-en-estanque-de-la-alameda-advierten-transeuntes\/\" \/>\n<meta property=\"og:site_name\" content=\"Canal 7 SLP - 2025\" \/>\n<meta property=\"article:publisher\" content=\"https:\/\/www.facebook.com\/noticieroscanal7atencionciudadana\/\" \/>\n<meta property=\"article:published_time\" content=\"2025-08-29T04:56:33+00:00\" \/>\n<meta property=\"og:image\" content=\"https:\/\/canal7slp.tv\/2025\/wp-content\/uploads\/2025\/08\/photo_2025-08-28_22-55-44.jpg\" \/>\n\t<meta property=\"og:image:width\" content=\"1122\" \/>\n\t<meta property=\"og:image:height\" content=\"649\" \/>\n\t<meta property=\"og:image:type\" content=\"image\/jpeg\" \/>\n<meta name=\"author\" content=\"admin\" \/>\n<meta name=\"twitter:card\" content=\"summary_large_image\" \/>\n<meta name=\"twitter:creator\" content=\"@NOTICIEROS7\" \/>\n<meta name=\"twitter:site\" content=\"@NOTICIEROS7\" \/>\n<meta name=\"twitter:label1\" content=\"Escrito por\" \/>\n\t<meta name=\"twitter:data1\" content=\"admin\" \/>\n\t<meta name=\"twitter:label2\" content=\"Tiempo de lectura\" \/>\n\t<meta name=\"twitter:data2\" content=\"1 minuto\" \/>\n<script type=\"application\/ld+json\" class=\"yoast-schema-graph\">{\"@context\":\"https:\\\/\\\/schema.org\",\"@graph\":[{\"@type\":\"Article\",\"@id\":\"https:\\\/\\\/canal7slp.tv\\\/2025\\\/descuido-y-suciedad-en-estanque-de-la-alameda-advierten-transeuntes\\\/#article\",\"isPartOf\":{\"@id\":\"https:\\\/\\\/canal7slp.tv\\\/2025\\\/descuido-y-suciedad-en-estanque-de-la-alameda-advierten-transeuntes\\\/\"},\"author\":{\"name\":\"admin\",\"@id\":\"https:\\\/\\\/canal7slp.tv\\\/2025\\\/#\\\/schema\\\/person\\\/1257e7e4a3d5ac29c4732733a887970d\"},\"headline\":\"Descuido y suciedad en estanque de la Alameda, advierten transe\u00fantes\",\"datePublished\":\"2025-08-29T04:56:33+00:00\",\"mainEntityOfPage\":{\"@id\":\"https:\\\/\\\/canal7slp.tv\\\/2025\\\/descuido-y-suciedad-en-estanque-de-la-alameda-advierten-transeuntes\\\/\"},\"wordCount\":158,\"publisher\":{\"@id\":\"https:\\\/\\\/canal7slp.tv\\\/2025\\\/#organization\"},\"image\":{\"@id\":\"https:\\\/\\\/canal7slp.tv\\\/2025\\\/descuido-y-suciedad-en-estanque-de-la-alameda-advierten-transeuntes\\\/#primaryimage\"},\"thumbnailUrl\":\"https:\\\/\\\/canal7slp.tv\\\/2025\\\/wp-content\\\/uploads\\\/2025\\\/08\\\/photo_2025-08-28_22-55-44.jpg\",\"articleSection\":[\"DESTACADAS\",\"LOCALES Y REGIONALES\"],\"inLanguage\":\"es\"},{\"@type\":\"WebPage\",\"@id\":\"https:\\\/\\\/canal7slp.tv\\\/2025\\\/descuido-y-suciedad-en-estanque-de-la-alameda-advierten-transeuntes\\\/\",\"url\":\"https:\\\/\\\/canal7slp.tv\\\/2025\\\/descuido-y-suciedad-en-estanque-de-la-alameda-advierten-transeuntes\\\/\",\"name\":\"Descuido y suciedad en estanque de la Alameda, advierten transe\u00fantes - Canal 7 SLP - 2025\",\"isPartOf\":{\"@id\":\"https:\\\/\\\/canal7slp.tv\\\/2025\\\/#website\"},\"primaryImageOfPage\":{\"@id\":\"https:\\\/\\\/canal7slp.tv\\\/2025\\\/descuido-y-suciedad-en-estanque-de-la-alameda-advierten-transeuntes\\\/#primaryimage\"},\"image\":{\"@id\":\"https:\\\/\\\/canal7slp.tv\\\/2025\\\/descuido-y-suciedad-en-estanque-de-la-alameda-advierten-transeuntes\\\/#primaryimage\"},\"thumbnailUrl\":\"https:\\\/\\\/canal7slp.tv\\\/2025\\\/wp-content\\\/uploads\\\/2025\\\/08\\\/photo_2025-08-28_22-55-44.jpg\",\"datePublished\":\"2025-08-29T04:56:33+00:00\",\"breadcrumb\":{\"@id\":\"https:\\\/\\\/canal7slp.tv\\\/2025\\\/descuido-y-suciedad-en-estanque-de-la-alameda-advierten-transeuntes\\\/#breadcrumb\"},\"inLanguage\":\"es\",\"potentialAction\":[{\"@type\":\"ReadAction\",\"target\":[\"https:\\\/\\\/canal7slp.tv\\\/2025\\\/descuido-y-suciedad-en-estanque-de-la-alameda-advierten-transeuntes\\\/\"]}]},{\"@type\":\"ImageObject\",\"inLanguage\":\"es\",\"@id\":\"https:\\\/\\\/canal7slp.tv\\\/2025\\\/descuido-y-suciedad-en-estanque-de-la-alameda-advierten-transeuntes\\\/#primaryimage\",\"url\":\"https:\\\/\\\/canal7slp.tv\\\/2025\\\/wp-content\\\/uploads\\\/2025\\\/08\\\/photo_2025-08-28_22-55-44.jpg\",\"contentUrl\":\"https:\\\/\\\/canal7slp.tv\\\/2025\\\/wp-content\\\/uploads\\\/2025\\\/08\\\/photo_2025-08-28_22-55-44.jpg\",\"width\":1122,\"height\":649},{\"@type\":\"BreadcrumbList\",\"@id\":\"https:\\\/\\\/canal7slp.tv\\\/2025\\\/descuido-y-suciedad-en-estanque-de-la-alameda-advierten-transeuntes\\\/#breadcrumb\",\"itemListElement\":[{\"@type\":\"ListItem\",\"position\":1,\"name\":\"Portada\",\"item\":\"https:\\\/\\\/canal7slp.tv\\\/2025\\\/\"},{\"@type\":\"ListItem\",\"position\":2,\"name\":\"Descuido y suciedad en estanque de la Alameda, advierten transe\u00fantes\"}]},{\"@type\":\"WebSite\",\"@id\":\"https:\\\/\\\/canal7slp.tv\\\/2025\\\/#website\",\"url\":\"https:\\\/\\\/canal7slp.tv\\\/2025\\\/\",\"name\":\"N7 - Noticieros Canal 7\",\"description\":\"Somos el Medio\",\"publisher\":{\"@id\":\"https:\\\/\\\/canal7slp.tv\\\/2025\\\/#organization\"},\"potentialAction\":[{\"@type\":\"SearchAction\",\"target\":{\"@type\":\"EntryPoint\",\"urlTemplate\":\"https:\\\/\\\/canal7slp.tv\\\/2025\\\/?s={search_term_string}\"},\"query-input\":{\"@type\":\"PropertyValueSpecification\",\"valueRequired\":true,\"valueName\":\"search_term_string\"}}],\"inLanguage\":\"es\"},{\"@type\":\"Organization\",\"@id\":\"https:\\\/\\\/canal7slp.tv\\\/2025\\\/#organization\",\"name\":\"Noticieros Canal 7\",\"url\":\"https:\\\/\\\/canal7slp.tv\\\/2025\\\/\",\"logo\":{\"@type\":\"ImageObject\",\"inLanguage\":\"es\",\"@id\":\"https:\\\/\\\/canal7slp.tv\\\/2025\\\/#\\\/schema\\\/logo\\\/image\\\/\",\"url\":\"https:\\\/\\\/canal7slp.tv\\\/2025\\\/wp-content\\\/uploads\\\/2021\\\/01\\\/logo-noticieros@2x.png\",\"contentUrl\":\"https:\\\/\\\/canal7slp.tv\\\/2025\\\/wp-content\\\/uploads\\\/2021\\\/01\\\/logo-noticieros@2x.png\",\"width\":1017,\"height\":268,\"caption\":\"Noticieros Canal 7\"},\"image\":{\"@id\":\"https:\\\/\\\/canal7slp.tv\\\/2025\\\/#\\\/schema\\\/logo\\\/image\\\/\"},\"sameAs\":[\"https:\\\/\\\/www.facebook.com\\\/noticieroscanal7atencionciudadana\\\/\",\"https:\\\/\\\/x.com\\\/NOTICIEROS7\",\"https:\\\/\\\/www.instagram.com\\\/canal7_slp\",\"https:\\\/\\\/www.youtube.com\\\/channel\\\/UCliiYs-gP3JfJeqdPrNdd5A\"]},{\"@type\":\"Person\",\"@id\":\"https:\\\/\\\/canal7slp.tv\\\/2025\\\/#\\\/schema\\\/person\\\/1257e7e4a3d5ac29c4732733a887970d\",\"name\":\"admin\",\"image\":{\"@type\":\"ImageObject\",\"inLanguage\":\"es\",\"@id\":\"https:\\\/\\\/secure.gravatar.com\\\/avatar\\\/d1da498ea933582ecc2b5d72a4eac16ec41c3ec04cf2dc9d46e0b557dedfd5ff?s=96&d=mm&r=g\",\"url\":\"https:\\\/\\\/secure.gravatar.com\\\/avatar\\\/d1da498ea933582ecc2b5d72a4eac16ec41c3ec04cf2dc9d46e0b557dedfd5ff?s=96&d=mm&r=g\",\"contentUrl\":\"https:\\\/\\\/secure.gravatar.com\\\/avatar\\\/d1da498ea933582ecc2b5d72a4eac16ec41c3ec04cf2dc9d46e0b557dedfd5ff?s=96&d=mm&r=g\",\"caption\":\"admin\"},\"sameAs\":[\"https:\\\/\\\/canal7slp.tv\\\/2025\"],\"url\":\"https:\\\/\\\/canal7slp.tv\\\/2025\\\/author\\\/bicefalo\\\/\"}]}<\/script>\n<!-- \/ Yoast SEO plugin. -->","yoast_head_json":{"title":"Descuido y suciedad en estanque de la Alameda, advierten transe\u00fantes - Canal 7 SLP - 2025","robots":{"index":"index","follow":"follow","max-snippet":"max-snippet:-1","max-image-preview":"max-image-preview:large","max-video-preview":"max-video-preview:-1"},"canonical":"https:\/\/canal7slp.tv\/2025\/descuido-y-suciedad-en-estanque-de-la-alameda-advierten-transeuntes\/","og_locale":"es_ES","og_type":"article","og_title":"Descuido y suciedad en estanque de la Alameda, advierten transe\u00fantes - Canal 7 SLP - 2025","og_description":"El parque Alameda \u2013situado en el Centro Hist\u00f3rico de la capital potosina\u2013 es uno de los espacios naturales m\u00e1s representativos; no obstante, visitantes se\u00f1alan el descuido en el que se encuentran distintas \u00e1reas. La contaminaci\u00f3n es m\u00e1s notoria en un estanque, el cual sirve de hogar para algunos peces, donde el l\u00edquido se ha tornado de un color marr\u00f3n, muestra de la falta de mantenimiento que el lugar recibe. Con peque\u00f1os restos de estructuras vegetales que flotan sobre el agua, la fauna es cada vez menos perceptible. Por ello, los usuarios expresan su descontento por el deterioro de la zona. [&hellip;]","og_url":"https:\/\/canal7slp.tv\/2025\/descuido-y-suciedad-en-estanque-de-la-alameda-advierten-transeuntes\/","og_site_name":"Canal 7 SLP - 2025","article_publisher":"https:\/\/www.facebook.com\/noticieroscanal7atencionciudadana\/","article_published_time":"2025-08-29T04:56:33+00:00","og_image":[{"width":1122,"height":649,"url":"https:\/\/canal7slp.tv\/2025\/wp-content\/uploads\/2025\/08\/photo_2025-08-28_22-55-44.jpg","type":"image\/jpeg"}],"author":"admin","twitter_card":"summary_large_image","twitter_creator":"@NOTICIEROS7","twitter_site":"@NOTICIEROS7","twitter_misc":{"Escrito por":"admin","Tiempo de lectura":"1 minuto"},"schema":{"@context":"https:\/\/schema.org","@graph":[{"@type":"Article","@id":"https:\/\/canal7slp.tv\/2025\/descuido-y-suciedad-en-estanque-de-la-alameda-advierten-transeuntes\/#article","isPartOf":{"@id":"https:\/\/canal7slp.tv\/2025\/descuido-y-suciedad-en-estanque-de-la-alameda-advierten-transeuntes\/"},"author":{"name":"admin","@id":"https:\/\/canal7slp.tv\/2025\/#\/schema\/person\/1257e7e4a3d5ac29c4732733a887970d"},"headline":"Descuido y suciedad en estanque de la Alameda, advierten transe\u00fantes","datePublished":"2025-08-29T04:56:33+00:00","mainEntityOfPage":{"@id":"https:\/\/canal7slp.tv\/2025\/descuido-y-suciedad-en-estanque-de-la-alameda-advierten-transeuntes\/"},"wordCount":158,"publisher":{"@id":"https:\/\/canal7slp.tv\/2025\/#organization"},"image":{"@id":"https:\/\/canal7slp.tv\/2025\/descuido-y-suciedad-en-estanque-de-la-alameda-advierten-transeuntes\/#primaryimage"},"thumbnailUrl":"https:\/\/canal7slp.tv\/2025\/wp-content\/uploads\/2025\/08\/photo_2025-08-28_22-55-44.jpg","articleSection":["DESTACADAS","LOCALES Y REGIONALES"],"inLanguage":"es"},{"@type":"WebPage","@id":"https:\/\/canal7slp.tv\/2025\/descuido-y-suciedad-en-estanque-de-la-alameda-advierten-transeuntes\/","url":"https:\/\/canal7slp.tv\/2025\/descuido-y-suciedad-en-estanque-de-la-alameda-advierten-transeuntes\/","name":"Descuido y suciedad en estanque de la Alameda, advierten transe\u00fantes - Canal 7 SLP - 2025","isPartOf":{"@id":"https:\/\/canal7slp.tv\/2025\/#website"},"primaryImageOfPage":{"@id":"https:\/\/canal7slp.tv\/2025\/descuido-y-suciedad-en-estanque-de-la-alameda-advierten-transeuntes\/#primaryimage"},"image":{"@id":"https:\/\/canal7slp.tv\/2025\/descuido-y-suciedad-en-estanque-de-la-alameda-advierten-transeuntes\/#primaryimage"},"thumbnailUrl":"https:\/\/canal7slp.tv\/2025\/wp-content\/uploads\/2025\/08\/photo_2025-08-28_22-55-44.jpg","datePublished":"2025-08-29T04:56:33+00:00","breadcrumb":{"@id":"https:\/\/canal7slp.tv\/2025\/descuido-y-suciedad-en-estanque-de-la-alameda-advierten-transeuntes\/#breadcrumb"},"inLanguage":"es","potentialAction":[{"@type":"ReadAction","target":["https:\/\/canal7slp.tv\/2025\/descuido-y-suciedad-en-estanque-de-la-alameda-advierten-transeuntes\/"]}]},{"@type":"ImageObject","inLanguage":"es","@id":"https:\/\/canal7slp.tv\/2025\/descuido-y-suciedad-en-estanque-de-la-alameda-advierten-transeuntes\/#primaryimage","url":"https:\/\/canal7slp.tv\/2025\/wp-content\/uploads\/2025\/08\/photo_2025-08-28_22-55-44.jpg","contentUrl":"https:\/\/canal7slp.tv\/2025\/wp-content\/uploads\/2025\/08\/photo_2025-08-28_22-55-44.jpg","width":1122,"height":649},{"@type":"BreadcrumbList","@id":"https:\/\/canal7slp.tv\/2025\/descuido-y-suciedad-en-estanque-de-la-alameda-advierten-transeuntes\/#breadcrumb","itemListElement":[{"@type":"ListItem","position":1,"name":"Portada","item":"https:\/\/canal7slp.tv\/2025\/"},{"@type":"ListItem","position":2,"name":"Descuido y suciedad en estanque de la Alameda, advierten transe\u00fantes"}]},{"@type":"WebSite","@id":"https:\/\/canal7slp.tv\/2025\/#website","url":"https:\/\/canal7slp.tv\/2025\/","name":"N7 - Noticieros Canal 7","description":"Somos el Medio","publisher":{"@id":"https:\/\/canal7slp.tv\/2025\/#organization"},"potentialAction":[{"@type":"SearchAction","target":{"@type":"EntryPoint","urlTemplate":"https:\/\/canal7slp.tv\/2025\/?s={search_term_string}"},"query-input":{"@type":"PropertyValueSpecification","valueRequired":true,"valueName":"search_term_string"}}],"inLanguage":"es"},{"@type":"Organization","@id":"https:\/\/canal7slp.tv\/2025\/#organization","name":"Noticieros Canal 7","url":"https:\/\/canal7slp.tv\/2025\/","logo":{"@type":"ImageObject","inLanguage":"es","@id":"https:\/\/canal7slp.tv\/2025\/#\/schema\/logo\/image\/","url":"https:\/\/canal7slp.tv\/2025\/wp-content\/uploads\/2021\/01\/logo-noticieros@2x.png","contentUrl":"https:\/\/canal7slp.tv\/2025\/wp-content\/uploads\/2021\/01\/logo-noticieros@2x.png","width":1017,"height":268,"caption":"Noticieros Canal 7"},"image":{"@id":"https:\/\/canal7slp.tv\/2025\/#\/schema\/logo\/image\/"},"sameAs":["https:\/\/www.facebook.com\/noticieroscanal7atencionciudadana\/","https:\/\/x.com\/NOTICIEROS7","https:\/\/www.instagram.com\/canal7_slp","https:\/\/www.youtube.com\/channel\/UCliiYs-gP3JfJeqdPrNdd5A"]},{"@type":"Person","@id":"https:\/\/canal7slp.tv\/2025\/#\/schema\/person\/1257e7e4a3d5ac29c4732733a887970d","name":"admin","image":{"@type":"ImageObject","inLanguage":"es","@id":"https:\/\/secure.gravatar.com\/avatar\/d1da498ea933582ecc2b5d72a4eac16ec41c3ec04cf2dc9d46e0b557dedfd5ff?s=96&d=mm&r=g","url":"https:\/\/secure.gravatar.com\/avatar\/d1da498ea933582ecc2b5d72a4eac16ec41c3ec04cf2dc9d46e0b557dedfd5ff?s=96&d=mm&r=g","contentUrl":"https:\/\/secure.gravatar.com\/avatar\/d1da498ea933582ecc2b5d72a4eac16ec41c3ec04cf2dc9d46e0b557dedfd5ff?s=96&d=mm&r=g","caption":"admin"},"sameAs":["https:\/\/canal7slp.tv\/2025"],"url":"https:\/\/canal7slp.tv\/2025\/author\/bicefalo\/"}]}},"_links":{"self":[{"href":"https:\/\/canal7slp.tv\/2025\/wp-json\/wp\/v2\/posts\/177895","targetHints":{"allow":["GET"]}}],"collection":[{"href":"https:\/\/canal7slp.tv\/2025\/wp-json\/wp\/v2\/posts"}],"about":[{"href":"https:\/\/canal7slp.tv\/2025\/wp-json\/wp\/v2\/types\/post"}],"author":[{"embeddable":true,"href":"https:\/\/canal7slp.tv\/2025\/wp-json\/wp\/v2\/users\/1"}],"replies":[{"embeddable":true,"href":"https:\/\/canal7slp.tv\/2025\/wp-json\/wp\/v2\/comments?post=177895"}],"version-history":[{"count":1,"href":"https:\/\/canal7slp.tv\/2025\/wp-json\/wp\/v2\/posts\/177895\/revisions"}],"predecessor-version":[{"id":177897,"href":"https:\/\/canal7slp.tv\/2025\/wp-json\/wp\/v2\/posts\/177895\/revisions\/177897"}],"wp:featuredmedia":[{"embeddable":true,"href":"https:\/\/canal7slp.tv\/2025\/wp-json\/wp\/v2\/media\/177896"}],"wp:attachment":[{"href":"https:\/\/canal7slp.tv\/2025\/wp-json\/wp\/v2\/media?parent=177895"}],"wp:term":[{"taxonomy":"category","embeddable":true,"href":"https:\/\/canal7slp.tv\/2025\/wp-json\/wp\/v2\/categories?post=177895"},{"taxonomy":"post_tag","embeddable":true,"href":"https:\/\/canal7slp.tv\/2025\/wp-json\/wp\/v2\/tags?post=177895"}],"curies":[{"name":"wp","href":"https:\/\/api.w.org\/{rel}","templated":true}]}}