{"id":177892,"date":"2025-08-28T22:51:06","date_gmt":"2025-08-29T04:51:06","guid":{"rendered":"https:\/\/canal7slp.tv\/2025\/?p=177892"},"modified":"2025-08-28T22:51:06","modified_gmt":"2025-08-29T04:51:06","slug":"empujones-y-golpes-marcan-cierre-de-la-sesion-en-el-senado-entre-alito-moreno-y-fernandez-norona","status":"publish","type":"post","link":"https:\/\/canal7slp.tv\/2025\/empujones-y-golpes-marcan-cierre-de-la-sesion-en-el-senado-entre-alito-moreno-y-fernandez-norona\/","title":{"rendered":"EMPUJONES Y GOLPES MARCAN CIERRE DE LA SESI\u00d3N EN EL SENADO ENTRE ALITO MORENO Y FERN\u00c1NDEZ NORO\u00d1A"},"content":{"rendered":"<p style=\"text-align: justify;\">Ciudad de M\u00e9xico, Agosto de 2025. Al concluir la sesi\u00f3n ordinaria de la Comisi\u00f3n Permanente del Congreso de la Uni\u00f3n, se registr\u00f3 un altercado f\u00edsico entre el dirigente nacional del PRI y senador por Campeche, Alejandro \u201cAlito\u201d Moreno, y el presidente de la Mesa Directiva del Senado, Gerardo Fern\u00e1ndez Noro\u00f1a (Morena). El incidente ocurri\u00f3 luego de que Moreno exigiera la palabra y, tras mantener un intercambio verbal, los legisladores terminaron forcejeando con empujones y golpes.<\/p>\n<p style=\"text-align: justify;\">Videos institucionales y grabaciones en celulares difundidos en redes sociales captaron el momento del incidente. Se observa c\u00f3mo Moreno empuja y golpea a Noro\u00f1a, quien retrocede intentando evadir las agresiones. Adem\u00e1s, el colaborador de Noro\u00f1a, Emiliano Gonz\u00e1lez, result\u00f3 lesionado al ser derribado durante el altercado. Tras la confrontaci\u00f3n, Noro\u00f1a anunci\u00f3 que presentar\u00eda denuncias por agresi\u00f3n, mientras que Moreno responsabiliz\u00f3 al senador de Morena por iniciar el conflicto, argumentando que fue agredido a empujones.<\/p>\n","protected":false},"excerpt":{"rendered":"<p>Ciudad de M\u00e9xico, Agosto de 2025. Al concluir la sesi\u00f3n ordinaria de la Comisi\u00f3n Permanente del Congreso de la Uni\u00f3n, se registr\u00f3 un altercado f\u00edsico entre el dirigente nacional del PRI y senador por Campeche, Alejandro \u201cAlito\u201d Moreno, y el presidente de la Mesa Directiva del Senado, Gerardo Fern\u00e1ndez Noro\u00f1a (Morena). El incidente ocurri\u00f3 luego de que Moreno exigiera la palabra y, tras mantener un intercambio verbal, los legisladores terminaron forcejeando con empujones y golpes. Videos institucionales y grabaciones en celulares difundidos en redes sociales captaron el momento del incidente. Se observa c\u00f3mo Moreno empuja y golpea a Noro\u00f1a, quien [&hellip;]<\/p>\n","protected":false},"author":1,"featured_media":177893,"comment_status":"closed","ping_status":"closed","sticky":false,"template":"","format":"standard","meta":{"_monsterinsights_skip_tracking":false,"_monsterinsights_sitenote_active":false,"_monsterinsights_sitenote_note":"","_monsterinsights_sitenote_category":0,"footnotes":""},"categories":[5,46],"tags":[],"class_list":["post-177892","post","type-post","status-publish","format-standard","has-post-thumbnail","hentry","category-destacadas","category-nacional","post--single"],"yoast_head":"<!-- This site is optimized with the Yoast SEO plugin v27.5 - https:\/\/yoast.com\/product\/yoast-seo-wordpress\/ -->\n<title>EMPUJONES Y GOLPES MARCAN CIERRE DE LA SESI\u00d3N EN EL SENADO ENTRE ALITO MORENO Y FERN\u00c1NDEZ NORO\u00d1A - Canal 7 SLP - 2025<\/title>\n<meta name=\"robots\" content=\"index, follow, max-snippet:-1, max-image-preview:large, max-video-preview:-1\" \/>\n<link rel=\"canonical\" href=\"https:\/\/canal7slp.tv\/2025\/empujones-y-golpes-marcan-cierre-de-la-sesion-en-el-senado-entre-alito-moreno-y-fernandez-norona\/\" \/>\n<meta property=\"og:locale\" content=\"es_ES\" \/>\n<meta property=\"og:type\" content=\"article\" \/>\n<meta property=\"og:title\" content=\"EMPUJONES Y GOLPES MARCAN CIERRE DE LA SESI\u00d3N EN EL SENADO ENTRE ALITO MORENO Y FERN\u00c1NDEZ NORO\u00d1A - Canal 7 SLP - 2025\" \/>\n<meta property=\"og:description\" content=\"Ciudad de M\u00e9xico, Agosto de 2025. Al concluir la sesi\u00f3n ordinaria de la Comisi\u00f3n Permanente del Congreso de la Uni\u00f3n, se registr\u00f3 un altercado f\u00edsico entre el dirigente nacional del PRI y senador por Campeche, Alejandro \u201cAlito\u201d Moreno, y el presidente de la Mesa Directiva del Senado, Gerardo Fern\u00e1ndez Noro\u00f1a (Morena). El incidente ocurri\u00f3 luego de que Moreno exigiera la palabra y, tras mantener un intercambio verbal, los legisladores terminaron forcejeando con empujones y golpes. Videos institucionales y grabaciones en celulares difundidos en redes sociales captaron el momento del incidente. Se observa c\u00f3mo Moreno empuja y golpea a Noro\u00f1a, quien [&hellip;]\" \/>\n<meta property=\"og:url\" content=\"https:\/\/canal7slp.tv\/2025\/empujones-y-golpes-marcan-cierre-de-la-sesion-en-el-senado-entre-alito-moreno-y-fernandez-norona\/\" \/>\n<meta property=\"og:site_name\" content=\"Canal 7 SLP - 2025\" \/>\n<meta property=\"article:publisher\" content=\"https:\/\/www.facebook.com\/noticieroscanal7atencionciudadana\/\" \/>\n<meta property=\"article:published_time\" content=\"2025-08-29T04:51:06+00:00\" \/>\n<meta property=\"og:image\" content=\"https:\/\/canal7slp.tv\/2025\/wp-content\/uploads\/2025\/08\/dcbbbbf5-a9b5-4ad0-834d-36f79bbc7a4d.jpeg\" \/>\n\t<meta property=\"og:image:width\" content=\"1353\" \/>\n\t<meta property=\"og:image:height\" content=\"797\" \/>\n\t<meta property=\"og:image:type\" content=\"image\/jpeg\" \/>\n<meta name=\"author\" content=\"admin\" \/>\n<meta name=\"twitter:card\" content=\"summary_large_image\" \/>\n<meta name=\"twitter:creator\" content=\"@NOTICIEROS7\" \/>\n<meta name=\"twitter:site\" content=\"@NOTICIEROS7\" \/>\n<meta name=\"twitter:label1\" content=\"Escrito por\" \/>\n\t<meta name=\"twitter:data1\" content=\"admin\" \/>\n\t<meta name=\"twitter:label2\" content=\"Tiempo de lectura\" \/>\n\t<meta name=\"twitter:data2\" content=\"1 minuto\" \/>\n<script type=\"application\/ld+json\" class=\"yoast-schema-graph\">{\"@context\":\"https:\\\/\\\/schema.org\",\"@graph\":[{\"@type\":\"Article\",\"@id\":\"https:\\\/\\\/canal7slp.tv\\\/2025\\\/empujones-y-golpes-marcan-cierre-de-la-sesion-en-el-senado-entre-alito-moreno-y-fernandez-norona\\\/#article\",\"isPartOf\":{\"@id\":\"https:\\\/\\\/canal7slp.tv\\\/2025\\\/empujones-y-golpes-marcan-cierre-de-la-sesion-en-el-senado-entre-alito-moreno-y-fernandez-norona\\\/\"},\"author\":{\"name\":\"admin\",\"@id\":\"https:\\\/\\\/canal7slp.tv\\\/2025\\\/#\\\/schema\\\/person\\\/1257e7e4a3d5ac29c4732733a887970d\"},\"headline\":\"EMPUJONES Y GOLPES MARCAN CIERRE DE LA SESI\u00d3N EN EL SENADO ENTRE ALITO MORENO Y FERN\u00c1NDEZ NORO\u00d1A\",\"datePublished\":\"2025-08-29T04:51:06+00:00\",\"mainEntityOfPage\":{\"@id\":\"https:\\\/\\\/canal7slp.tv\\\/2025\\\/empujones-y-golpes-marcan-cierre-de-la-sesion-en-el-senado-entre-alito-moreno-y-fernandez-norona\\\/\"},\"wordCount\":183,\"publisher\":{\"@id\":\"https:\\\/\\\/canal7slp.tv\\\/2025\\\/#organization\"},\"image\":{\"@id\":\"https:\\\/\\\/canal7slp.tv\\\/2025\\\/empujones-y-golpes-marcan-cierre-de-la-sesion-en-el-senado-entre-alito-moreno-y-fernandez-norona\\\/#primaryimage\"},\"thumbnailUrl\":\"https:\\\/\\\/canal7slp.tv\\\/2025\\\/wp-content\\\/uploads\\\/2025\\\/08\\\/dcbbbbf5-a9b5-4ad0-834d-36f79bbc7a4d.jpeg\",\"articleSection\":[\"DESTACADAS\",\"NACIONALES\"],\"inLanguage\":\"es\"},{\"@type\":\"WebPage\",\"@id\":\"https:\\\/\\\/canal7slp.tv\\\/2025\\\/empujones-y-golpes-marcan-cierre-de-la-sesion-en-el-senado-entre-alito-moreno-y-fernandez-norona\\\/\",\"url\":\"https:\\\/\\\/canal7slp.tv\\\/2025\\\/empujones-y-golpes-marcan-cierre-de-la-sesion-en-el-senado-entre-alito-moreno-y-fernandez-norona\\\/\",\"name\":\"EMPUJONES Y GOLPES MARCAN CIERRE DE LA SESI\u00d3N EN EL SENADO ENTRE ALITO MORENO Y FERN\u00c1NDEZ NORO\u00d1A - Canal 7 SLP - 2025\",\"isPartOf\":{\"@id\":\"https:\\\/\\\/canal7slp.tv\\\/2025\\\/#website\"},\"primaryImageOfPage\":{\"@id\":\"https:\\\/\\\/canal7slp.tv\\\/2025\\\/empujones-y-golpes-marcan-cierre-de-la-sesion-en-el-senado-entre-alito-moreno-y-fernandez-norona\\\/#primaryimage\"},\"image\":{\"@id\":\"https:\\\/\\\/canal7slp.tv\\\/2025\\\/empujones-y-golpes-marcan-cierre-de-la-sesion-en-el-senado-entre-alito-moreno-y-fernandez-norona\\\/#primaryimage\"},\"thumbnailUrl\":\"https:\\\/\\\/canal7slp.tv\\\/2025\\\/wp-content\\\/uploads\\\/2025\\\/08\\\/dcbbbbf5-a9b5-4ad0-834d-36f79bbc7a4d.jpeg\",\"datePublished\":\"2025-08-29T04:51:06+00:00\",\"breadcrumb\":{\"@id\":\"https:\\\/\\\/canal7slp.tv\\\/2025\\\/empujones-y-golpes-marcan-cierre-de-la-sesion-en-el-senado-entre-alito-moreno-y-fernandez-norona\\\/#breadcrumb\"},\"inLanguage\":\"es\",\"potentialAction\":[{\"@type\":\"ReadAction\",\"target\":[\"https:\\\/\\\/canal7slp.tv\\\/2025\\\/empujones-y-golpes-marcan-cierre-de-la-sesion-en-el-senado-entre-alito-moreno-y-fernandez-norona\\\/\"]}]},{\"@type\":\"ImageObject\",\"inLanguage\":\"es\",\"@id\":\"https:\\\/\\\/canal7slp.tv\\\/2025\\\/empujones-y-golpes-marcan-cierre-de-la-sesion-en-el-senado-entre-alito-moreno-y-fernandez-norona\\\/#primaryimage\",\"url\":\"https:\\\/\\\/canal7slp.tv\\\/2025\\\/wp-content\\\/uploads\\\/2025\\\/08\\\/dcbbbbf5-a9b5-4ad0-834d-36f79bbc7a4d.jpeg\",\"contentUrl\":\"https:\\\/\\\/canal7slp.tv\\\/2025\\\/wp-content\\\/uploads\\\/2025\\\/08\\\/dcbbbbf5-a9b5-4ad0-834d-36f79bbc7a4d.jpeg\",\"width\":1353,\"height\":797},{\"@type\":\"BreadcrumbList\",\"@id\":\"https:\\\/\\\/canal7slp.tv\\\/2025\\\/empujones-y-golpes-marcan-cierre-de-la-sesion-en-el-senado-entre-alito-moreno-y-fernandez-norona\\\/#breadcrumb\",\"itemListElement\":[{\"@type\":\"ListItem\",\"position\":1,\"name\":\"Portada\",\"item\":\"https:\\\/\\\/canal7slp.tv\\\/2025\\\/\"},{\"@type\":\"ListItem\",\"position\":2,\"name\":\"EMPUJONES Y GOLPES MARCAN CIERRE DE LA SESI\u00d3N EN EL SENADO ENTRE ALITO MORENO Y FERN\u00c1NDEZ NORO\u00d1A\"}]},{\"@type\":\"WebSite\",\"@id\":\"https:\\\/\\\/canal7slp.tv\\\/2025\\\/#website\",\"url\":\"https:\\\/\\\/canal7slp.tv\\\/2025\\\/\",\"name\":\"N7 - Noticieros Canal 7\",\"description\":\"Somos el Medio\",\"publisher\":{\"@id\":\"https:\\\/\\\/canal7slp.tv\\\/2025\\\/#organization\"},\"potentialAction\":[{\"@type\":\"SearchAction\",\"target\":{\"@type\":\"EntryPoint\",\"urlTemplate\":\"https:\\\/\\\/canal7slp.tv\\\/2025\\\/?s={search_term_string}\"},\"query-input\":{\"@type\":\"PropertyValueSpecification\",\"valueRequired\":true,\"valueName\":\"search_term_string\"}}],\"inLanguage\":\"es\"},{\"@type\":\"Organization\",\"@id\":\"https:\\\/\\\/canal7slp.tv\\\/2025\\\/#organization\",\"name\":\"Noticieros Canal 7\",\"url\":\"https:\\\/\\\/canal7slp.tv\\\/2025\\\/\",\"logo\":{\"@type\":\"ImageObject\",\"inLanguage\":\"es\",\"@id\":\"https:\\\/\\\/canal7slp.tv\\\/2025\\\/#\\\/schema\\\/logo\\\/image\\\/\",\"url\":\"https:\\\/\\\/canal7slp.tv\\\/2025\\\/wp-content\\\/uploads\\\/2021\\\/01\\\/logo-noticieros@2x.png\",\"contentUrl\":\"https:\\\/\\\/canal7slp.tv\\\/2025\\\/wp-content\\\/uploads\\\/2021\\\/01\\\/logo-noticieros@2x.png\",\"width\":1017,\"height\":268,\"caption\":\"Noticieros Canal 7\"},\"image\":{\"@id\":\"https:\\\/\\\/canal7slp.tv\\\/2025\\\/#\\\/schema\\\/logo\\\/image\\\/\"},\"sameAs\":[\"https:\\\/\\\/www.facebook.com\\\/noticieroscanal7atencionciudadana\\\/\",\"https:\\\/\\\/x.com\\\/NOTICIEROS7\",\"https:\\\/\\\/www.instagram.com\\\/canal7_slp\",\"https:\\\/\\\/www.youtube.com\\\/channel\\\/UCliiYs-gP3JfJeqdPrNdd5A\"]},{\"@type\":\"Person\",\"@id\":\"https:\\\/\\\/canal7slp.tv\\\/2025\\\/#\\\/schema\\\/person\\\/1257e7e4a3d5ac29c4732733a887970d\",\"name\":\"admin\",\"image\":{\"@type\":\"ImageObject\",\"inLanguage\":\"es\",\"@id\":\"https:\\\/\\\/secure.gravatar.com\\\/avatar\\\/d1da498ea933582ecc2b5d72a4eac16ec41c3ec04cf2dc9d46e0b557dedfd5ff?s=96&d=mm&r=g\",\"url\":\"https:\\\/\\\/secure.gravatar.com\\\/avatar\\\/d1da498ea933582ecc2b5d72a4eac16ec41c3ec04cf2dc9d46e0b557dedfd5ff?s=96&d=mm&r=g\",\"contentUrl\":\"https:\\\/\\\/secure.gravatar.com\\\/avatar\\\/d1da498ea933582ecc2b5d72a4eac16ec41c3ec04cf2dc9d46e0b557dedfd5ff?s=96&d=mm&r=g\",\"caption\":\"admin\"},\"sameAs\":[\"https:\\\/\\\/canal7slp.tv\\\/2025\"],\"url\":\"https:\\\/\\\/canal7slp.tv\\\/2025\\\/author\\\/bicefalo\\\/\"}]}<\/script>\n<!-- \/ Yoast SEO plugin. -->","yoast_head_json":{"title":"EMPUJONES Y GOLPES MARCAN CIERRE DE LA SESI\u00d3N EN EL SENADO ENTRE ALITO MORENO Y FERN\u00c1NDEZ NORO\u00d1A - Canal 7 SLP - 2025","robots":{"index":"index","follow":"follow","max-snippet":"max-snippet:-1","max-image-preview":"max-image-preview:large","max-video-preview":"max-video-preview:-1"},"canonical":"https:\/\/canal7slp.tv\/2025\/empujones-y-golpes-marcan-cierre-de-la-sesion-en-el-senado-entre-alito-moreno-y-fernandez-norona\/","og_locale":"es_ES","og_type":"article","og_title":"EMPUJONES Y GOLPES MARCAN CIERRE DE LA SESI\u00d3N EN EL SENADO ENTRE ALITO MORENO Y FERN\u00c1NDEZ NORO\u00d1A - Canal 7 SLP - 2025","og_description":"Ciudad de M\u00e9xico, Agosto de 2025. Al concluir la sesi\u00f3n ordinaria de la Comisi\u00f3n Permanente del Congreso de la Uni\u00f3n, se registr\u00f3 un altercado f\u00edsico entre el dirigente nacional del PRI y senador por Campeche, Alejandro \u201cAlito\u201d Moreno, y el presidente de la Mesa Directiva del Senado, Gerardo Fern\u00e1ndez Noro\u00f1a (Morena). El incidente ocurri\u00f3 luego de que Moreno exigiera la palabra y, tras mantener un intercambio verbal, los legisladores terminaron forcejeando con empujones y golpes. Videos institucionales y grabaciones en celulares difundidos en redes sociales captaron el momento del incidente. Se observa c\u00f3mo Moreno empuja y golpea a Noro\u00f1a, quien [&hellip;]","og_url":"https:\/\/canal7slp.tv\/2025\/empujones-y-golpes-marcan-cierre-de-la-sesion-en-el-senado-entre-alito-moreno-y-fernandez-norona\/","og_site_name":"Canal 7 SLP - 2025","article_publisher":"https:\/\/www.facebook.com\/noticieroscanal7atencionciudadana\/","article_published_time":"2025-08-29T04:51:06+00:00","og_image":[{"width":1353,"height":797,"url":"https:\/\/canal7slp.tv\/2025\/wp-content\/uploads\/2025\/08\/dcbbbbf5-a9b5-4ad0-834d-36f79bbc7a4d.jpeg","type":"image\/jpeg"}],"author":"admin","twitter_card":"summary_large_image","twitter_creator":"@NOTICIEROS7","twitter_site":"@NOTICIEROS7","twitter_misc":{"Escrito por":"admin","Tiempo de lectura":"1 minuto"},"schema":{"@context":"https:\/\/schema.org","@graph":[{"@type":"Article","@id":"https:\/\/canal7slp.tv\/2025\/empujones-y-golpes-marcan-cierre-de-la-sesion-en-el-senado-entre-alito-moreno-y-fernandez-norona\/#article","isPartOf":{"@id":"https:\/\/canal7slp.tv\/2025\/empujones-y-golpes-marcan-cierre-de-la-sesion-en-el-senado-entre-alito-moreno-y-fernandez-norona\/"},"author":{"name":"admin","@id":"https:\/\/canal7slp.tv\/2025\/#\/schema\/person\/1257e7e4a3d5ac29c4732733a887970d"},"headline":"EMPUJONES Y GOLPES MARCAN CIERRE DE LA SESI\u00d3N EN EL SENADO ENTRE ALITO MORENO Y FERN\u00c1NDEZ NORO\u00d1A","datePublished":"2025-08-29T04:51:06+00:00","mainEntityOfPage":{"@id":"https:\/\/canal7slp.tv\/2025\/empujones-y-golpes-marcan-cierre-de-la-sesion-en-el-senado-entre-alito-moreno-y-fernandez-norona\/"},"wordCount":183,"publisher":{"@id":"https:\/\/canal7slp.tv\/2025\/#organization"},"image":{"@id":"https:\/\/canal7slp.tv\/2025\/empujones-y-golpes-marcan-cierre-de-la-sesion-en-el-senado-entre-alito-moreno-y-fernandez-norona\/#primaryimage"},"thumbnailUrl":"https:\/\/canal7slp.tv\/2025\/wp-content\/uploads\/2025\/08\/dcbbbbf5-a9b5-4ad0-834d-36f79bbc7a4d.jpeg","articleSection":["DESTACADAS","NACIONALES"],"inLanguage":"es"},{"@type":"WebPage","@id":"https:\/\/canal7slp.tv\/2025\/empujones-y-golpes-marcan-cierre-de-la-sesion-en-el-senado-entre-alito-moreno-y-fernandez-norona\/","url":"https:\/\/canal7slp.tv\/2025\/empujones-y-golpes-marcan-cierre-de-la-sesion-en-el-senado-entre-alito-moreno-y-fernandez-norona\/","name":"EMPUJONES Y GOLPES MARCAN CIERRE DE LA SESI\u00d3N EN EL SENADO ENTRE ALITO MORENO Y FERN\u00c1NDEZ NORO\u00d1A - Canal 7 SLP - 2025","isPartOf":{"@id":"https:\/\/canal7slp.tv\/2025\/#website"},"primaryImageOfPage":{"@id":"https:\/\/canal7slp.tv\/2025\/empujones-y-golpes-marcan-cierre-de-la-sesion-en-el-senado-entre-alito-moreno-y-fernandez-norona\/#primaryimage"},"image":{"@id":"https:\/\/canal7slp.tv\/2025\/empujones-y-golpes-marcan-cierre-de-la-sesion-en-el-senado-entre-alito-moreno-y-fernandez-norona\/#primaryimage"},"thumbnailUrl":"https:\/\/canal7slp.tv\/2025\/wp-content\/uploads\/2025\/08\/dcbbbbf5-a9b5-4ad0-834d-36f79bbc7a4d.jpeg","datePublished":"2025-08-29T04:51:06+00:00","breadcrumb":{"@id":"https:\/\/canal7slp.tv\/2025\/empujones-y-golpes-marcan-cierre-de-la-sesion-en-el-senado-entre-alito-moreno-y-fernandez-norona\/#breadcrumb"},"inLanguage":"es","potentialAction":[{"@type":"ReadAction","target":["https:\/\/canal7slp.tv\/2025\/empujones-y-golpes-marcan-cierre-de-la-sesion-en-el-senado-entre-alito-moreno-y-fernandez-norona\/"]}]},{"@type":"ImageObject","inLanguage":"es","@id":"https:\/\/canal7slp.tv\/2025\/empujones-y-golpes-marcan-cierre-de-la-sesion-en-el-senado-entre-alito-moreno-y-fernandez-norona\/#primaryimage","url":"https:\/\/canal7slp.tv\/2025\/wp-content\/uploads\/2025\/08\/dcbbbbf5-a9b5-4ad0-834d-36f79bbc7a4d.jpeg","contentUrl":"https:\/\/canal7slp.tv\/2025\/wp-content\/uploads\/2025\/08\/dcbbbbf5-a9b5-4ad0-834d-36f79bbc7a4d.jpeg","width":1353,"height":797},{"@type":"BreadcrumbList","@id":"https:\/\/canal7slp.tv\/2025\/empujones-y-golpes-marcan-cierre-de-la-sesion-en-el-senado-entre-alito-moreno-y-fernandez-norona\/#breadcrumb","itemListElement":[{"@type":"ListItem","position":1,"name":"Portada","item":"https:\/\/canal7slp.tv\/2025\/"},{"@type":"ListItem","position":2,"name":"EMPUJONES Y GOLPES MARCAN CIERRE DE LA SESI\u00d3N EN EL SENADO ENTRE ALITO MORENO Y FERN\u00c1NDEZ NORO\u00d1A"}]},{"@type":"WebSite","@id":"https:\/\/canal7slp.tv\/2025\/#website","url":"https:\/\/canal7slp.tv\/2025\/","name":"N7 - Noticieros Canal 7","description":"Somos el Medio","publisher":{"@id":"https:\/\/canal7slp.tv\/2025\/#organization"},"potentialAction":[{"@type":"SearchAction","target":{"@type":"EntryPoint","urlTemplate":"https:\/\/canal7slp.tv\/2025\/?s={search_term_string}"},"query-input":{"@type":"PropertyValueSpecification","valueRequired":true,"valueName":"search_term_string"}}],"inLanguage":"es"},{"@type":"Organization","@id":"https:\/\/canal7slp.tv\/2025\/#organization","name":"Noticieros Canal 7","url":"https:\/\/canal7slp.tv\/2025\/","logo":{"@type":"ImageObject","inLanguage":"es","@id":"https:\/\/canal7slp.tv\/2025\/#\/schema\/logo\/image\/","url":"https:\/\/canal7slp.tv\/2025\/wp-content\/uploads\/2021\/01\/logo-noticieros@2x.png","contentUrl":"https:\/\/canal7slp.tv\/2025\/wp-content\/uploads\/2021\/01\/logo-noticieros@2x.png","width":1017,"height":268,"caption":"Noticieros Canal 7"},"image":{"@id":"https:\/\/canal7slp.tv\/2025\/#\/schema\/logo\/image\/"},"sameAs":["https:\/\/www.facebook.com\/noticieroscanal7atencionciudadana\/","https:\/\/x.com\/NOTICIEROS7","https:\/\/www.instagram.com\/canal7_slp","https:\/\/www.youtube.com\/channel\/UCliiYs-gP3JfJeqdPrNdd5A"]},{"@type":"Person","@id":"https:\/\/canal7slp.tv\/2025\/#\/schema\/person\/1257e7e4a3d5ac29c4732733a887970d","name":"admin","image":{"@type":"ImageObject","inLanguage":"es","@id":"https:\/\/secure.gravatar.com\/avatar\/d1da498ea933582ecc2b5d72a4eac16ec41c3ec04cf2dc9d46e0b557dedfd5ff?s=96&d=mm&r=g","url":"https:\/\/secure.gravatar.com\/avatar\/d1da498ea933582ecc2b5d72a4eac16ec41c3ec04cf2dc9d46e0b557dedfd5ff?s=96&d=mm&r=g","contentUrl":"https:\/\/secure.gravatar.com\/avatar\/d1da498ea933582ecc2b5d72a4eac16ec41c3ec04cf2dc9d46e0b557dedfd5ff?s=96&d=mm&r=g","caption":"admin"},"sameAs":["https:\/\/canal7slp.tv\/2025"],"url":"https:\/\/canal7slp.tv\/2025\/author\/bicefalo\/"}]}},"_links":{"self":[{"href":"https:\/\/canal7slp.tv\/2025\/wp-json\/wp\/v2\/posts\/177892","targetHints":{"allow":["GET"]}}],"collection":[{"href":"https:\/\/canal7slp.tv\/2025\/wp-json\/wp\/v2\/posts"}],"about":[{"href":"https:\/\/canal7slp.tv\/2025\/wp-json\/wp\/v2\/types\/post"}],"author":[{"embeddable":true,"href":"https:\/\/canal7slp.tv\/2025\/wp-json\/wp\/v2\/users\/1"}],"replies":[{"embeddable":true,"href":"https:\/\/canal7slp.tv\/2025\/wp-json\/wp\/v2\/comments?post=177892"}],"version-history":[{"count":1,"href":"https:\/\/canal7slp.tv\/2025\/wp-json\/wp\/v2\/posts\/177892\/revisions"}],"predecessor-version":[{"id":177894,"href":"https:\/\/canal7slp.tv\/2025\/wp-json\/wp\/v2\/posts\/177892\/revisions\/177894"}],"wp:featuredmedia":[{"embeddable":true,"href":"https:\/\/canal7slp.tv\/2025\/wp-json\/wp\/v2\/media\/177893"}],"wp:attachment":[{"href":"https:\/\/canal7slp.tv\/2025\/wp-json\/wp\/v2\/media?parent=177892"}],"wp:term":[{"taxonomy":"category","embeddable":true,"href":"https:\/\/canal7slp.tv\/2025\/wp-json\/wp\/v2\/categories?post=177892"},{"taxonomy":"post_tag","embeddable":true,"href":"https:\/\/canal7slp.tv\/2025\/wp-json\/wp\/v2\/tags?post=177892"}],"curies":[{"name":"wp","href":"https:\/\/api.w.org\/{rel}","templated":true}]}}