{"id":177877,"date":"2025-08-28T22:32:26","date_gmt":"2025-08-29T04:32:26","guid":{"rendered":"https:\/\/canal7slp.tv\/2025\/?p=177877"},"modified":"2025-08-28T22:32:26","modified_gmt":"2025-08-29T04:32:26","slug":"tepjf-revoca-expulsion-de-enrique-galindo-del-pri","status":"publish","type":"post","link":"https:\/\/canal7slp.tv\/2025\/tepjf-revoca-expulsion-de-enrique-galindo-del-pri\/","title":{"rendered":"TEPJF revoca expulsi\u00f3n de Enrique Galindo del PRI"},"content":{"rendered":"<div style=\"text-align: justify;\">TRIBUNAL ELECTORAL FALLA A FAVOR DE ENRIQUE GALINDO Y LE RESTITUYE SUS DERECHOS POL\u00cdTICOS-ELECTORALES<\/div>\n<div style=\"text-align: justify;\"><\/div>\n<div style=\"text-align: justify;\">En sesi\u00f3n p\u00fablica de resoluci\u00f3n la Sala Monterrey del Tribunal Electoral del Poder Judicial de la Federaci\u00f3n fall\u00f3 a favor del alcalde Enrique Galindo Ceballos, al anular\u00a0 su expulsi\u00f3n del Partido Revolucionario Institucional.<\/div>\n<div style=\"text-align: justify;\"><\/div>\n<div style=\"text-align: justify;\">Y es que el fallo se\u00f1ala que Galindo Ceballos no fue debidamente notificado sobre el procedimiento interno que deriv\u00f3 en su salida del tricolor.<\/div>\n<div style=\"text-align: justify;\"><\/div>\n<div style=\"text-align: justify;\">Con ello, el Tribunal Electoral determin\u00f3 que la expulsi\u00f3n promovida por la actual dirigencia nacional del PRI carec\u00eda de validez, restableciendo en consecuencia la\u00a0 militancia del edil capitalino y sus derechos pol\u00edtico-electorales dentro de este partido.<\/div>\n<div style=\"text-align: justify;\"><\/div>\n<div style=\"text-align: justify;\">Cabe recordar que la expulsi\u00f3n de Enrique Galindo se dio en Diciembre del 2024 cuando la Comisi\u00f3n Nacional de Justicia Partidaria , lo acus\u00f3 de atentar contra la unidad interna del partido.<\/div>\n<div style=\"text-align: justify;\"><\/div>\n<div style=\"text-align: justify;\">La resoluci\u00f3n fue confirmada por el Tribunal Estatal Electoral en Febrero pasado pero el alcalde capitalino impugn\u00f3 ante el tribunal electoral federal, consiguiendo revertirla.<\/div>\n","protected":false},"excerpt":{"rendered":"<p>TRIBUNAL ELECTORAL FALLA A FAVOR DE ENRIQUE GALINDO Y LE RESTITUYE SUS DERECHOS POL\u00cdTICOS-ELECTORALES En sesi\u00f3n p\u00fablica de resoluci\u00f3n la Sala Monterrey del Tribunal Electoral del Poder Judicial de la Federaci\u00f3n fall\u00f3 a favor del alcalde Enrique Galindo Ceballos, al anular\u00a0 su expulsi\u00f3n del Partido Revolucionario Institucional. Y es que el fallo se\u00f1ala que Galindo Ceballos no fue debidamente notificado sobre el procedimiento interno que deriv\u00f3 en su salida del tricolor. Con ello, el Tribunal Electoral determin\u00f3 que la expulsi\u00f3n promovida por la actual dirigencia nacional del PRI carec\u00eda de validez, restableciendo en consecuencia la\u00a0 militancia del edil capitalino y [&hellip;]<\/p>\n","protected":false},"author":1,"featured_media":177878,"comment_status":"closed","ping_status":"closed","sticky":false,"template":"","format":"video","meta":{"_monsterinsights_skip_tracking":false,"_monsterinsights_sitenote_active":false,"_monsterinsights_sitenote_note":"","_monsterinsights_sitenote_category":0,"footnotes":""},"categories":[5,45],"tags":[],"class_list":["post-177877","post","type-post","status-publish","format-video","has-post-thumbnail","hentry","category-destacadas","category-localesyregionales","post_format-post-format-video","post--single"],"yoast_head":"<!-- This site is optimized with the Yoast SEO plugin v27.5 - https:\/\/yoast.com\/product\/yoast-seo-wordpress\/ -->\n<title>TEPJF revoca expulsi\u00f3n de Enrique Galindo del PRI - Canal 7 SLP - 2025<\/title>\n<meta name=\"robots\" content=\"index, follow, max-snippet:-1, max-image-preview:large, max-video-preview:-1\" \/>\n<link rel=\"canonical\" href=\"https:\/\/canal7slp.tv\/2025\/tepjf-revoca-expulsion-de-enrique-galindo-del-pri\/\" \/>\n<meta property=\"og:locale\" content=\"es_ES\" \/>\n<meta property=\"og:type\" content=\"article\" \/>\n<meta property=\"og:title\" content=\"TEPJF revoca expulsi\u00f3n de Enrique Galindo del PRI - Canal 7 SLP - 2025\" \/>\n<meta property=\"og:description\" content=\"TRIBUNAL ELECTORAL FALLA A FAVOR DE ENRIQUE GALINDO Y LE RESTITUYE SUS DERECHOS POL\u00cdTICOS-ELECTORALES En sesi\u00f3n p\u00fablica de resoluci\u00f3n la Sala Monterrey del Tribunal Electoral del Poder Judicial de la Federaci\u00f3n fall\u00f3 a favor del alcalde Enrique Galindo Ceballos, al anular\u00a0 su expulsi\u00f3n del Partido Revolucionario Institucional. Y es que el fallo se\u00f1ala que Galindo Ceballos no fue debidamente notificado sobre el procedimiento interno que deriv\u00f3 en su salida del tricolor. Con ello, el Tribunal Electoral determin\u00f3 que la expulsi\u00f3n promovida por la actual dirigencia nacional del PRI carec\u00eda de validez, restableciendo en consecuencia la\u00a0 militancia del edil capitalino y [&hellip;]\" \/>\n<meta property=\"og:url\" content=\"https:\/\/canal7slp.tv\/2025\/tepjf-revoca-expulsion-de-enrique-galindo-del-pri\/\" \/>\n<meta property=\"og:site_name\" content=\"Canal 7 SLP - 2025\" \/>\n<meta property=\"article:publisher\" content=\"https:\/\/www.facebook.com\/noticieroscanal7atencionciudadana\/\" \/>\n<meta property=\"article:published_time\" content=\"2025-08-29T04:32:26+00:00\" \/>\n<meta property=\"og:image\" content=\"https:\/\/canal7slp.tv\/2025\/wp-content\/uploads\/2025\/08\/photo_2025-08-28_22-31-24.jpg\" \/>\n\t<meta property=\"og:image:width\" content=\"1099\" \/>\n\t<meta property=\"og:image:height\" content=\"645\" \/>\n\t<meta property=\"og:image:type\" content=\"image\/jpeg\" \/>\n<meta name=\"author\" content=\"admin\" \/>\n<meta name=\"twitter:card\" content=\"summary_large_image\" \/>\n<meta name=\"twitter:creator\" content=\"@NOTICIEROS7\" \/>\n<meta name=\"twitter:site\" content=\"@NOTICIEROS7\" \/>\n<meta name=\"twitter:label1\" content=\"Escrito por\" \/>\n\t<meta name=\"twitter:data1\" content=\"admin\" \/>\n\t<meta name=\"twitter:label2\" content=\"Tiempo de lectura\" \/>\n\t<meta name=\"twitter:data2\" content=\"1 minuto\" \/>\n<script type=\"application\/ld+json\" class=\"yoast-schema-graph\">{\"@context\":\"https:\\\/\\\/schema.org\",\"@graph\":[{\"@type\":\"Article\",\"@id\":\"https:\\\/\\\/canal7slp.tv\\\/2025\\\/tepjf-revoca-expulsion-de-enrique-galindo-del-pri\\\/#article\",\"isPartOf\":{\"@id\":\"https:\\\/\\\/canal7slp.tv\\\/2025\\\/tepjf-revoca-expulsion-de-enrique-galindo-del-pri\\\/\"},\"author\":{\"name\":\"admin\",\"@id\":\"https:\\\/\\\/canal7slp.tv\\\/2025\\\/#\\\/schema\\\/person\\\/1257e7e4a3d5ac29c4732733a887970d\"},\"headline\":\"TEPJF revoca expulsi\u00f3n de Enrique Galindo del PRI\",\"datePublished\":\"2025-08-29T04:32:26+00:00\",\"mainEntityOfPage\":{\"@id\":\"https:\\\/\\\/canal7slp.tv\\\/2025\\\/tepjf-revoca-expulsion-de-enrique-galindo-del-pri\\\/\"},\"wordCount\":183,\"publisher\":{\"@id\":\"https:\\\/\\\/canal7slp.tv\\\/2025\\\/#organization\"},\"image\":{\"@id\":\"https:\\\/\\\/canal7slp.tv\\\/2025\\\/tepjf-revoca-expulsion-de-enrique-galindo-del-pri\\\/#primaryimage\"},\"thumbnailUrl\":\"https:\\\/\\\/canal7slp.tv\\\/2025\\\/wp-content\\\/uploads\\\/2025\\\/08\\\/photo_2025-08-28_22-31-24.jpg\",\"articleSection\":[\"DESTACADAS\",\"LOCALES Y REGIONALES\"],\"inLanguage\":\"es\"},{\"@type\":\"WebPage\",\"@id\":\"https:\\\/\\\/canal7slp.tv\\\/2025\\\/tepjf-revoca-expulsion-de-enrique-galindo-del-pri\\\/\",\"url\":\"https:\\\/\\\/canal7slp.tv\\\/2025\\\/tepjf-revoca-expulsion-de-enrique-galindo-del-pri\\\/\",\"name\":\"TEPJF revoca expulsi\u00f3n de Enrique Galindo del PRI - Canal 7 SLP - 2025\",\"isPartOf\":{\"@id\":\"https:\\\/\\\/canal7slp.tv\\\/2025\\\/#website\"},\"primaryImageOfPage\":{\"@id\":\"https:\\\/\\\/canal7slp.tv\\\/2025\\\/tepjf-revoca-expulsion-de-enrique-galindo-del-pri\\\/#primaryimage\"},\"image\":{\"@id\":\"https:\\\/\\\/canal7slp.tv\\\/2025\\\/tepjf-revoca-expulsion-de-enrique-galindo-del-pri\\\/#primaryimage\"},\"thumbnailUrl\":\"https:\\\/\\\/canal7slp.tv\\\/2025\\\/wp-content\\\/uploads\\\/2025\\\/08\\\/photo_2025-08-28_22-31-24.jpg\",\"datePublished\":\"2025-08-29T04:32:26+00:00\",\"breadcrumb\":{\"@id\":\"https:\\\/\\\/canal7slp.tv\\\/2025\\\/tepjf-revoca-expulsion-de-enrique-galindo-del-pri\\\/#breadcrumb\"},\"inLanguage\":\"es\",\"potentialAction\":[{\"@type\":\"ReadAction\",\"target\":[\"https:\\\/\\\/canal7slp.tv\\\/2025\\\/tepjf-revoca-expulsion-de-enrique-galindo-del-pri\\\/\"]}]},{\"@type\":\"ImageObject\",\"inLanguage\":\"es\",\"@id\":\"https:\\\/\\\/canal7slp.tv\\\/2025\\\/tepjf-revoca-expulsion-de-enrique-galindo-del-pri\\\/#primaryimage\",\"url\":\"https:\\\/\\\/canal7slp.tv\\\/2025\\\/wp-content\\\/uploads\\\/2025\\\/08\\\/photo_2025-08-28_22-31-24.jpg\",\"contentUrl\":\"https:\\\/\\\/canal7slp.tv\\\/2025\\\/wp-content\\\/uploads\\\/2025\\\/08\\\/photo_2025-08-28_22-31-24.jpg\",\"width\":1099,\"height\":645},{\"@type\":\"BreadcrumbList\",\"@id\":\"https:\\\/\\\/canal7slp.tv\\\/2025\\\/tepjf-revoca-expulsion-de-enrique-galindo-del-pri\\\/#breadcrumb\",\"itemListElement\":[{\"@type\":\"ListItem\",\"position\":1,\"name\":\"Portada\",\"item\":\"https:\\\/\\\/canal7slp.tv\\\/2025\\\/\"},{\"@type\":\"ListItem\",\"position\":2,\"name\":\"TEPJF revoca expulsi\u00f3n de Enrique Galindo del PRI\"}]},{\"@type\":\"WebSite\",\"@id\":\"https:\\\/\\\/canal7slp.tv\\\/2025\\\/#website\",\"url\":\"https:\\\/\\\/canal7slp.tv\\\/2025\\\/\",\"name\":\"N7 - Noticieros Canal 7\",\"description\":\"Somos el Medio\",\"publisher\":{\"@id\":\"https:\\\/\\\/canal7slp.tv\\\/2025\\\/#organization\"},\"potentialAction\":[{\"@type\":\"SearchAction\",\"target\":{\"@type\":\"EntryPoint\",\"urlTemplate\":\"https:\\\/\\\/canal7slp.tv\\\/2025\\\/?s={search_term_string}\"},\"query-input\":{\"@type\":\"PropertyValueSpecification\",\"valueRequired\":true,\"valueName\":\"search_term_string\"}}],\"inLanguage\":\"es\"},{\"@type\":\"Organization\",\"@id\":\"https:\\\/\\\/canal7slp.tv\\\/2025\\\/#organization\",\"name\":\"Noticieros Canal 7\",\"url\":\"https:\\\/\\\/canal7slp.tv\\\/2025\\\/\",\"logo\":{\"@type\":\"ImageObject\",\"inLanguage\":\"es\",\"@id\":\"https:\\\/\\\/canal7slp.tv\\\/2025\\\/#\\\/schema\\\/logo\\\/image\\\/\",\"url\":\"https:\\\/\\\/canal7slp.tv\\\/2025\\\/wp-content\\\/uploads\\\/2021\\\/01\\\/logo-noticieros@2x.png\",\"contentUrl\":\"https:\\\/\\\/canal7slp.tv\\\/2025\\\/wp-content\\\/uploads\\\/2021\\\/01\\\/logo-noticieros@2x.png\",\"width\":1017,\"height\":268,\"caption\":\"Noticieros Canal 7\"},\"image\":{\"@id\":\"https:\\\/\\\/canal7slp.tv\\\/2025\\\/#\\\/schema\\\/logo\\\/image\\\/\"},\"sameAs\":[\"https:\\\/\\\/www.facebook.com\\\/noticieroscanal7atencionciudadana\\\/\",\"https:\\\/\\\/x.com\\\/NOTICIEROS7\",\"https:\\\/\\\/www.instagram.com\\\/canal7_slp\",\"https:\\\/\\\/www.youtube.com\\\/channel\\\/UCliiYs-gP3JfJeqdPrNdd5A\"]},{\"@type\":\"Person\",\"@id\":\"https:\\\/\\\/canal7slp.tv\\\/2025\\\/#\\\/schema\\\/person\\\/1257e7e4a3d5ac29c4732733a887970d\",\"name\":\"admin\",\"image\":{\"@type\":\"ImageObject\",\"inLanguage\":\"es\",\"@id\":\"https:\\\/\\\/secure.gravatar.com\\\/avatar\\\/d1da498ea933582ecc2b5d72a4eac16ec41c3ec04cf2dc9d46e0b557dedfd5ff?s=96&d=mm&r=g\",\"url\":\"https:\\\/\\\/secure.gravatar.com\\\/avatar\\\/d1da498ea933582ecc2b5d72a4eac16ec41c3ec04cf2dc9d46e0b557dedfd5ff?s=96&d=mm&r=g\",\"contentUrl\":\"https:\\\/\\\/secure.gravatar.com\\\/avatar\\\/d1da498ea933582ecc2b5d72a4eac16ec41c3ec04cf2dc9d46e0b557dedfd5ff?s=96&d=mm&r=g\",\"caption\":\"admin\"},\"sameAs\":[\"https:\\\/\\\/canal7slp.tv\\\/2025\"],\"url\":\"https:\\\/\\\/canal7slp.tv\\\/2025\\\/author\\\/bicefalo\\\/\"}]}<\/script>\n<!-- \/ Yoast SEO plugin. -->","yoast_head_json":{"title":"TEPJF revoca expulsi\u00f3n de Enrique Galindo del PRI - Canal 7 SLP - 2025","robots":{"index":"index","follow":"follow","max-snippet":"max-snippet:-1","max-image-preview":"max-image-preview:large","max-video-preview":"max-video-preview:-1"},"canonical":"https:\/\/canal7slp.tv\/2025\/tepjf-revoca-expulsion-de-enrique-galindo-del-pri\/","og_locale":"es_ES","og_type":"article","og_title":"TEPJF revoca expulsi\u00f3n de Enrique Galindo del PRI - Canal 7 SLP - 2025","og_description":"TRIBUNAL ELECTORAL FALLA A FAVOR DE ENRIQUE GALINDO Y LE RESTITUYE SUS DERECHOS POL\u00cdTICOS-ELECTORALES En sesi\u00f3n p\u00fablica de resoluci\u00f3n la Sala Monterrey del Tribunal Electoral del Poder Judicial de la Federaci\u00f3n fall\u00f3 a favor del alcalde Enrique Galindo Ceballos, al anular\u00a0 su expulsi\u00f3n del Partido Revolucionario Institucional. Y es que el fallo se\u00f1ala que Galindo Ceballos no fue debidamente notificado sobre el procedimiento interno que deriv\u00f3 en su salida del tricolor. Con ello, el Tribunal Electoral determin\u00f3 que la expulsi\u00f3n promovida por la actual dirigencia nacional del PRI carec\u00eda de validez, restableciendo en consecuencia la\u00a0 militancia del edil capitalino y [&hellip;]","og_url":"https:\/\/canal7slp.tv\/2025\/tepjf-revoca-expulsion-de-enrique-galindo-del-pri\/","og_site_name":"Canal 7 SLP - 2025","article_publisher":"https:\/\/www.facebook.com\/noticieroscanal7atencionciudadana\/","article_published_time":"2025-08-29T04:32:26+00:00","og_image":[{"width":1099,"height":645,"url":"https:\/\/canal7slp.tv\/2025\/wp-content\/uploads\/2025\/08\/photo_2025-08-28_22-31-24.jpg","type":"image\/jpeg"}],"author":"admin","twitter_card":"summary_large_image","twitter_creator":"@NOTICIEROS7","twitter_site":"@NOTICIEROS7","twitter_misc":{"Escrito por":"admin","Tiempo de lectura":"1 minuto"},"schema":{"@context":"https:\/\/schema.org","@graph":[{"@type":"Article","@id":"https:\/\/canal7slp.tv\/2025\/tepjf-revoca-expulsion-de-enrique-galindo-del-pri\/#article","isPartOf":{"@id":"https:\/\/canal7slp.tv\/2025\/tepjf-revoca-expulsion-de-enrique-galindo-del-pri\/"},"author":{"name":"admin","@id":"https:\/\/canal7slp.tv\/2025\/#\/schema\/person\/1257e7e4a3d5ac29c4732733a887970d"},"headline":"TEPJF revoca expulsi\u00f3n de Enrique Galindo del PRI","datePublished":"2025-08-29T04:32:26+00:00","mainEntityOfPage":{"@id":"https:\/\/canal7slp.tv\/2025\/tepjf-revoca-expulsion-de-enrique-galindo-del-pri\/"},"wordCount":183,"publisher":{"@id":"https:\/\/canal7slp.tv\/2025\/#organization"},"image":{"@id":"https:\/\/canal7slp.tv\/2025\/tepjf-revoca-expulsion-de-enrique-galindo-del-pri\/#primaryimage"},"thumbnailUrl":"https:\/\/canal7slp.tv\/2025\/wp-content\/uploads\/2025\/08\/photo_2025-08-28_22-31-24.jpg","articleSection":["DESTACADAS","LOCALES Y REGIONALES"],"inLanguage":"es"},{"@type":"WebPage","@id":"https:\/\/canal7slp.tv\/2025\/tepjf-revoca-expulsion-de-enrique-galindo-del-pri\/","url":"https:\/\/canal7slp.tv\/2025\/tepjf-revoca-expulsion-de-enrique-galindo-del-pri\/","name":"TEPJF revoca expulsi\u00f3n de Enrique Galindo del PRI - Canal 7 SLP - 2025","isPartOf":{"@id":"https:\/\/canal7slp.tv\/2025\/#website"},"primaryImageOfPage":{"@id":"https:\/\/canal7slp.tv\/2025\/tepjf-revoca-expulsion-de-enrique-galindo-del-pri\/#primaryimage"},"image":{"@id":"https:\/\/canal7slp.tv\/2025\/tepjf-revoca-expulsion-de-enrique-galindo-del-pri\/#primaryimage"},"thumbnailUrl":"https:\/\/canal7slp.tv\/2025\/wp-content\/uploads\/2025\/08\/photo_2025-08-28_22-31-24.jpg","datePublished":"2025-08-29T04:32:26+00:00","breadcrumb":{"@id":"https:\/\/canal7slp.tv\/2025\/tepjf-revoca-expulsion-de-enrique-galindo-del-pri\/#breadcrumb"},"inLanguage":"es","potentialAction":[{"@type":"ReadAction","target":["https:\/\/canal7slp.tv\/2025\/tepjf-revoca-expulsion-de-enrique-galindo-del-pri\/"]}]},{"@type":"ImageObject","inLanguage":"es","@id":"https:\/\/canal7slp.tv\/2025\/tepjf-revoca-expulsion-de-enrique-galindo-del-pri\/#primaryimage","url":"https:\/\/canal7slp.tv\/2025\/wp-content\/uploads\/2025\/08\/photo_2025-08-28_22-31-24.jpg","contentUrl":"https:\/\/canal7slp.tv\/2025\/wp-content\/uploads\/2025\/08\/photo_2025-08-28_22-31-24.jpg","width":1099,"height":645},{"@type":"BreadcrumbList","@id":"https:\/\/canal7slp.tv\/2025\/tepjf-revoca-expulsion-de-enrique-galindo-del-pri\/#breadcrumb","itemListElement":[{"@type":"ListItem","position":1,"name":"Portada","item":"https:\/\/canal7slp.tv\/2025\/"},{"@type":"ListItem","position":2,"name":"TEPJF revoca expulsi\u00f3n de Enrique Galindo del PRI"}]},{"@type":"WebSite","@id":"https:\/\/canal7slp.tv\/2025\/#website","url":"https:\/\/canal7slp.tv\/2025\/","name":"N7 - Noticieros Canal 7","description":"Somos el Medio","publisher":{"@id":"https:\/\/canal7slp.tv\/2025\/#organization"},"potentialAction":[{"@type":"SearchAction","target":{"@type":"EntryPoint","urlTemplate":"https:\/\/canal7slp.tv\/2025\/?s={search_term_string}"},"query-input":{"@type":"PropertyValueSpecification","valueRequired":true,"valueName":"search_term_string"}}],"inLanguage":"es"},{"@type":"Organization","@id":"https:\/\/canal7slp.tv\/2025\/#organization","name":"Noticieros Canal 7","url":"https:\/\/canal7slp.tv\/2025\/","logo":{"@type":"ImageObject","inLanguage":"es","@id":"https:\/\/canal7slp.tv\/2025\/#\/schema\/logo\/image\/","url":"https:\/\/canal7slp.tv\/2025\/wp-content\/uploads\/2021\/01\/logo-noticieros@2x.png","contentUrl":"https:\/\/canal7slp.tv\/2025\/wp-content\/uploads\/2021\/01\/logo-noticieros@2x.png","width":1017,"height":268,"caption":"Noticieros Canal 7"},"image":{"@id":"https:\/\/canal7slp.tv\/2025\/#\/schema\/logo\/image\/"},"sameAs":["https:\/\/www.facebook.com\/noticieroscanal7atencionciudadana\/","https:\/\/x.com\/NOTICIEROS7","https:\/\/www.instagram.com\/canal7_slp","https:\/\/www.youtube.com\/channel\/UCliiYs-gP3JfJeqdPrNdd5A"]},{"@type":"Person","@id":"https:\/\/canal7slp.tv\/2025\/#\/schema\/person\/1257e7e4a3d5ac29c4732733a887970d","name":"admin","image":{"@type":"ImageObject","inLanguage":"es","@id":"https:\/\/secure.gravatar.com\/avatar\/d1da498ea933582ecc2b5d72a4eac16ec41c3ec04cf2dc9d46e0b557dedfd5ff?s=96&d=mm&r=g","url":"https:\/\/secure.gravatar.com\/avatar\/d1da498ea933582ecc2b5d72a4eac16ec41c3ec04cf2dc9d46e0b557dedfd5ff?s=96&d=mm&r=g","contentUrl":"https:\/\/secure.gravatar.com\/avatar\/d1da498ea933582ecc2b5d72a4eac16ec41c3ec04cf2dc9d46e0b557dedfd5ff?s=96&d=mm&r=g","caption":"admin"},"sameAs":["https:\/\/canal7slp.tv\/2025"],"url":"https:\/\/canal7slp.tv\/2025\/author\/bicefalo\/"}]}},"_links":{"self":[{"href":"https:\/\/canal7slp.tv\/2025\/wp-json\/wp\/v2\/posts\/177877","targetHints":{"allow":["GET"]}}],"collection":[{"href":"https:\/\/canal7slp.tv\/2025\/wp-json\/wp\/v2\/posts"}],"about":[{"href":"https:\/\/canal7slp.tv\/2025\/wp-json\/wp\/v2\/types\/post"}],"author":[{"embeddable":true,"href":"https:\/\/canal7slp.tv\/2025\/wp-json\/wp\/v2\/users\/1"}],"replies":[{"embeddable":true,"href":"https:\/\/canal7slp.tv\/2025\/wp-json\/wp\/v2\/comments?post=177877"}],"version-history":[{"count":1,"href":"https:\/\/canal7slp.tv\/2025\/wp-json\/wp\/v2\/posts\/177877\/revisions"}],"predecessor-version":[{"id":177879,"href":"https:\/\/canal7slp.tv\/2025\/wp-json\/wp\/v2\/posts\/177877\/revisions\/177879"}],"wp:featuredmedia":[{"embeddable":true,"href":"https:\/\/canal7slp.tv\/2025\/wp-json\/wp\/v2\/media\/177878"}],"wp:attachment":[{"href":"https:\/\/canal7slp.tv\/2025\/wp-json\/wp\/v2\/media?parent=177877"}],"wp:term":[{"taxonomy":"category","embeddable":true,"href":"https:\/\/canal7slp.tv\/2025\/wp-json\/wp\/v2\/categories?post=177877"},{"taxonomy":"post_tag","embeddable":true,"href":"https:\/\/canal7slp.tv\/2025\/wp-json\/wp\/v2\/tags?post=177877"}],"curies":[{"name":"wp","href":"https:\/\/api.w.org\/{rel}","templated":true}]}}