{"id":177864,"date":"2025-08-28T22:07:23","date_gmt":"2025-08-29T04:07:23","guid":{"rendered":"https:\/\/canal7slp.tv\/2025\/?p=177864"},"modified":"2025-08-28T22:07:23","modified_gmt":"2025-08-29T04:07:23","slug":"agua-residual-estancada-reportan-en-domicilio-de-las-piedras","status":"publish","type":"post","link":"https:\/\/canal7slp.tv\/2025\/agua-residual-estancada-reportan-en-domicilio-de-las-piedras\/","title":{"rendered":"}Agua residual estancada reportan en domicilio de Las Piedras"},"content":{"rendered":"<p style=\"text-align: justify;\">Residentes de la colonia Las Piedras denuncian la filtraci\u00f3n de aguas residuales en la avenida Hern\u00e1n Cort\u00e9s.<\/p>\n<p style=\"text-align: justify;\">En temporada de lluvia, habitantes del domicilio #487 lidian con el estancamiento de liquido contaminado, proveniente de un drenaje en la v\u00eda publica.<\/p>\n<p style=\"text-align: justify;\">Se\u00f1alan que la suciedad ha llegado a introducirse dentro de la cisterna, lo que propicia un ambiente insalubre y perjudica las condiciones medicas que presentan los pobladores.<\/p>\n<p style=\"text-align: justify;\">Resaltan que \u2013a causa de su posici\u00f3n geogr\u00e1fica\u2013 el flujo de agua pluvial de las calles aleda\u00f1as se concentra en esa secci\u00f3n de la vialidad.<\/p>\n<p style=\"text-align: justify;\">Con resignaci\u00f3n, afirman que \u2013al ser el \u00fanico hogar afectado\u2013 reciben un trato indiferente por parte de las autoridades y otros vecinos.<\/p>\n<p style=\"text-align: justify;\">\u201cNo hay m\u00e1s gente que grite\u201d<\/p>\n<p style=\"text-align: justify;\">Esperan que su llamado sea escuchado por la autoridad pertinente, a fin de que se realicen las inspecciones correspondientes en busca de una soluci\u00f3n.<\/p>\n","protected":false},"excerpt":{"rendered":"<p>Residentes de la colonia Las Piedras denuncian la filtraci\u00f3n de aguas residuales en la avenida Hern\u00e1n Cort\u00e9s. En temporada de lluvia, habitantes del domicilio #487 lidian con el estancamiento de liquido contaminado, proveniente de un drenaje en la v\u00eda publica. Se\u00f1alan que la suciedad ha llegado a introducirse dentro de la cisterna, lo que propicia un ambiente insalubre y perjudica las condiciones medicas que presentan los pobladores. Resaltan que \u2013a causa de su posici\u00f3n geogr\u00e1fica\u2013 el flujo de agua pluvial de las calles aleda\u00f1as se concentra en esa secci\u00f3n de la vialidad. Con resignaci\u00f3n, afirman que \u2013al ser el \u00fanico [&hellip;]<\/p>\n","protected":false},"author":1,"featured_media":177867,"comment_status":"closed","ping_status":"closed","sticky":false,"template":"","format":"video","meta":{"_monsterinsights_skip_tracking":false,"_monsterinsights_sitenote_active":false,"_monsterinsights_sitenote_note":"","_monsterinsights_sitenote_category":0,"footnotes":""},"categories":[5,45],"tags":[],"class_list":["post-177864","post","type-post","status-publish","format-video","has-post-thumbnail","hentry","category-destacadas","category-localesyregionales","post_format-post-format-video","post--single"],"yoast_head":"<!-- This site is optimized with the Yoast SEO plugin v27.5 - https:\/\/yoast.com\/product\/yoast-seo-wordpress\/ -->\n<title>}Agua residual estancada reportan en domicilio de Las Piedras - Canal 7 SLP - 2025<\/title>\n<meta name=\"robots\" content=\"index, follow, max-snippet:-1, max-image-preview:large, max-video-preview:-1\" \/>\n<link rel=\"canonical\" href=\"https:\/\/canal7slp.tv\/2025\/agua-residual-estancada-reportan-en-domicilio-de-las-piedras\/\" \/>\n<meta property=\"og:locale\" content=\"es_ES\" \/>\n<meta property=\"og:type\" content=\"article\" \/>\n<meta property=\"og:title\" content=\"}Agua residual estancada reportan en domicilio de Las Piedras - Canal 7 SLP - 2025\" \/>\n<meta property=\"og:description\" content=\"Residentes de la colonia Las Piedras denuncian la filtraci\u00f3n de aguas residuales en la avenida Hern\u00e1n Cort\u00e9s. En temporada de lluvia, habitantes del domicilio #487 lidian con el estancamiento de liquido contaminado, proveniente de un drenaje en la v\u00eda publica. Se\u00f1alan que la suciedad ha llegado a introducirse dentro de la cisterna, lo que propicia un ambiente insalubre y perjudica las condiciones medicas que presentan los pobladores. Resaltan que \u2013a causa de su posici\u00f3n geogr\u00e1fica\u2013 el flujo de agua pluvial de las calles aleda\u00f1as se concentra en esa secci\u00f3n de la vialidad. Con resignaci\u00f3n, afirman que \u2013al ser el \u00fanico [&hellip;]\" \/>\n<meta property=\"og:url\" content=\"https:\/\/canal7slp.tv\/2025\/agua-residual-estancada-reportan-en-domicilio-de-las-piedras\/\" \/>\n<meta property=\"og:site_name\" content=\"Canal 7 SLP - 2025\" \/>\n<meta property=\"article:publisher\" content=\"https:\/\/www.facebook.com\/noticieroscanal7atencionciudadana\/\" \/>\n<meta property=\"article:published_time\" content=\"2025-08-29T04:07:23+00:00\" \/>\n<meta property=\"og:image\" content=\"https:\/\/canal7slp.tv\/2025\/wp-content\/uploads\/2025\/08\/photo_2025-08-28_22-05-52.jpg\" \/>\n\t<meta property=\"og:image:width\" content=\"1280\" \/>\n\t<meta property=\"og:image:height\" content=\"680\" \/>\n\t<meta property=\"og:image:type\" content=\"image\/jpeg\" \/>\n<meta name=\"author\" content=\"admin\" \/>\n<meta name=\"twitter:card\" content=\"summary_large_image\" \/>\n<meta name=\"twitter:creator\" content=\"@NOTICIEROS7\" \/>\n<meta name=\"twitter:site\" content=\"@NOTICIEROS7\" \/>\n<meta name=\"twitter:label1\" content=\"Escrito por\" \/>\n\t<meta name=\"twitter:data1\" content=\"admin\" \/>\n\t<meta name=\"twitter:label2\" content=\"Tiempo de lectura\" \/>\n\t<meta name=\"twitter:data2\" content=\"1 minuto\" \/>\n<script type=\"application\/ld+json\" class=\"yoast-schema-graph\">{\"@context\":\"https:\\\/\\\/schema.org\",\"@graph\":[{\"@type\":\"Article\",\"@id\":\"https:\\\/\\\/canal7slp.tv\\\/2025\\\/agua-residual-estancada-reportan-en-domicilio-de-las-piedras\\\/#article\",\"isPartOf\":{\"@id\":\"https:\\\/\\\/canal7slp.tv\\\/2025\\\/agua-residual-estancada-reportan-en-domicilio-de-las-piedras\\\/\"},\"author\":{\"name\":\"admin\",\"@id\":\"https:\\\/\\\/canal7slp.tv\\\/2025\\\/#\\\/schema\\\/person\\\/1257e7e4a3d5ac29c4732733a887970d\"},\"headline\":\"}Agua residual estancada reportan en domicilio de Las Piedras\",\"datePublished\":\"2025-08-29T04:07:23+00:00\",\"mainEntityOfPage\":{\"@id\":\"https:\\\/\\\/canal7slp.tv\\\/2025\\\/agua-residual-estancada-reportan-en-domicilio-de-las-piedras\\\/\"},\"wordCount\":164,\"publisher\":{\"@id\":\"https:\\\/\\\/canal7slp.tv\\\/2025\\\/#organization\"},\"image\":{\"@id\":\"https:\\\/\\\/canal7slp.tv\\\/2025\\\/agua-residual-estancada-reportan-en-domicilio-de-las-piedras\\\/#primaryimage\"},\"thumbnailUrl\":\"https:\\\/\\\/canal7slp.tv\\\/2025\\\/wp-content\\\/uploads\\\/2025\\\/08\\\/photo_2025-08-28_22-05-52.jpg\",\"articleSection\":[\"DESTACADAS\",\"LOCALES Y REGIONALES\"],\"inLanguage\":\"es\"},{\"@type\":\"WebPage\",\"@id\":\"https:\\\/\\\/canal7slp.tv\\\/2025\\\/agua-residual-estancada-reportan-en-domicilio-de-las-piedras\\\/\",\"url\":\"https:\\\/\\\/canal7slp.tv\\\/2025\\\/agua-residual-estancada-reportan-en-domicilio-de-las-piedras\\\/\",\"name\":\"}Agua residual estancada reportan en domicilio de Las Piedras - Canal 7 SLP - 2025\",\"isPartOf\":{\"@id\":\"https:\\\/\\\/canal7slp.tv\\\/2025\\\/#website\"},\"primaryImageOfPage\":{\"@id\":\"https:\\\/\\\/canal7slp.tv\\\/2025\\\/agua-residual-estancada-reportan-en-domicilio-de-las-piedras\\\/#primaryimage\"},\"image\":{\"@id\":\"https:\\\/\\\/canal7slp.tv\\\/2025\\\/agua-residual-estancada-reportan-en-domicilio-de-las-piedras\\\/#primaryimage\"},\"thumbnailUrl\":\"https:\\\/\\\/canal7slp.tv\\\/2025\\\/wp-content\\\/uploads\\\/2025\\\/08\\\/photo_2025-08-28_22-05-52.jpg\",\"datePublished\":\"2025-08-29T04:07:23+00:00\",\"breadcrumb\":{\"@id\":\"https:\\\/\\\/canal7slp.tv\\\/2025\\\/agua-residual-estancada-reportan-en-domicilio-de-las-piedras\\\/#breadcrumb\"},\"inLanguage\":\"es\",\"potentialAction\":[{\"@type\":\"ReadAction\",\"target\":[\"https:\\\/\\\/canal7slp.tv\\\/2025\\\/agua-residual-estancada-reportan-en-domicilio-de-las-piedras\\\/\"]}]},{\"@type\":\"ImageObject\",\"inLanguage\":\"es\",\"@id\":\"https:\\\/\\\/canal7slp.tv\\\/2025\\\/agua-residual-estancada-reportan-en-domicilio-de-las-piedras\\\/#primaryimage\",\"url\":\"https:\\\/\\\/canal7slp.tv\\\/2025\\\/wp-content\\\/uploads\\\/2025\\\/08\\\/photo_2025-08-28_22-05-52.jpg\",\"contentUrl\":\"https:\\\/\\\/canal7slp.tv\\\/2025\\\/wp-content\\\/uploads\\\/2025\\\/08\\\/photo_2025-08-28_22-05-52.jpg\",\"width\":1280,\"height\":680},{\"@type\":\"BreadcrumbList\",\"@id\":\"https:\\\/\\\/canal7slp.tv\\\/2025\\\/agua-residual-estancada-reportan-en-domicilio-de-las-piedras\\\/#breadcrumb\",\"itemListElement\":[{\"@type\":\"ListItem\",\"position\":1,\"name\":\"Portada\",\"item\":\"https:\\\/\\\/canal7slp.tv\\\/2025\\\/\"},{\"@type\":\"ListItem\",\"position\":2,\"name\":\"}Agua residual estancada reportan en domicilio de Las Piedras\"}]},{\"@type\":\"WebSite\",\"@id\":\"https:\\\/\\\/canal7slp.tv\\\/2025\\\/#website\",\"url\":\"https:\\\/\\\/canal7slp.tv\\\/2025\\\/\",\"name\":\"N7 - Noticieros Canal 7\",\"description\":\"Somos el Medio\",\"publisher\":{\"@id\":\"https:\\\/\\\/canal7slp.tv\\\/2025\\\/#organization\"},\"potentialAction\":[{\"@type\":\"SearchAction\",\"target\":{\"@type\":\"EntryPoint\",\"urlTemplate\":\"https:\\\/\\\/canal7slp.tv\\\/2025\\\/?s={search_term_string}\"},\"query-input\":{\"@type\":\"PropertyValueSpecification\",\"valueRequired\":true,\"valueName\":\"search_term_string\"}}],\"inLanguage\":\"es\"},{\"@type\":\"Organization\",\"@id\":\"https:\\\/\\\/canal7slp.tv\\\/2025\\\/#organization\",\"name\":\"Noticieros Canal 7\",\"url\":\"https:\\\/\\\/canal7slp.tv\\\/2025\\\/\",\"logo\":{\"@type\":\"ImageObject\",\"inLanguage\":\"es\",\"@id\":\"https:\\\/\\\/canal7slp.tv\\\/2025\\\/#\\\/schema\\\/logo\\\/image\\\/\",\"url\":\"https:\\\/\\\/canal7slp.tv\\\/2025\\\/wp-content\\\/uploads\\\/2021\\\/01\\\/logo-noticieros@2x.png\",\"contentUrl\":\"https:\\\/\\\/canal7slp.tv\\\/2025\\\/wp-content\\\/uploads\\\/2021\\\/01\\\/logo-noticieros@2x.png\",\"width\":1017,\"height\":268,\"caption\":\"Noticieros Canal 7\"},\"image\":{\"@id\":\"https:\\\/\\\/canal7slp.tv\\\/2025\\\/#\\\/schema\\\/logo\\\/image\\\/\"},\"sameAs\":[\"https:\\\/\\\/www.facebook.com\\\/noticieroscanal7atencionciudadana\\\/\",\"https:\\\/\\\/x.com\\\/NOTICIEROS7\",\"https:\\\/\\\/www.instagram.com\\\/canal7_slp\",\"https:\\\/\\\/www.youtube.com\\\/channel\\\/UCliiYs-gP3JfJeqdPrNdd5A\"]},{\"@type\":\"Person\",\"@id\":\"https:\\\/\\\/canal7slp.tv\\\/2025\\\/#\\\/schema\\\/person\\\/1257e7e4a3d5ac29c4732733a887970d\",\"name\":\"admin\",\"image\":{\"@type\":\"ImageObject\",\"inLanguage\":\"es\",\"@id\":\"https:\\\/\\\/secure.gravatar.com\\\/avatar\\\/d1da498ea933582ecc2b5d72a4eac16ec41c3ec04cf2dc9d46e0b557dedfd5ff?s=96&d=mm&r=g\",\"url\":\"https:\\\/\\\/secure.gravatar.com\\\/avatar\\\/d1da498ea933582ecc2b5d72a4eac16ec41c3ec04cf2dc9d46e0b557dedfd5ff?s=96&d=mm&r=g\",\"contentUrl\":\"https:\\\/\\\/secure.gravatar.com\\\/avatar\\\/d1da498ea933582ecc2b5d72a4eac16ec41c3ec04cf2dc9d46e0b557dedfd5ff?s=96&d=mm&r=g\",\"caption\":\"admin\"},\"sameAs\":[\"https:\\\/\\\/canal7slp.tv\\\/2025\"],\"url\":\"https:\\\/\\\/canal7slp.tv\\\/2025\\\/author\\\/bicefalo\\\/\"}]}<\/script>\n<!-- \/ Yoast SEO plugin. -->","yoast_head_json":{"title":"}Agua residual estancada reportan en domicilio de Las Piedras - Canal 7 SLP - 2025","robots":{"index":"index","follow":"follow","max-snippet":"max-snippet:-1","max-image-preview":"max-image-preview:large","max-video-preview":"max-video-preview:-1"},"canonical":"https:\/\/canal7slp.tv\/2025\/agua-residual-estancada-reportan-en-domicilio-de-las-piedras\/","og_locale":"es_ES","og_type":"article","og_title":"}Agua residual estancada reportan en domicilio de Las Piedras - Canal 7 SLP - 2025","og_description":"Residentes de la colonia Las Piedras denuncian la filtraci\u00f3n de aguas residuales en la avenida Hern\u00e1n Cort\u00e9s. En temporada de lluvia, habitantes del domicilio #487 lidian con el estancamiento de liquido contaminado, proveniente de un drenaje en la v\u00eda publica. Se\u00f1alan que la suciedad ha llegado a introducirse dentro de la cisterna, lo que propicia un ambiente insalubre y perjudica las condiciones medicas que presentan los pobladores. Resaltan que \u2013a causa de su posici\u00f3n geogr\u00e1fica\u2013 el flujo de agua pluvial de las calles aleda\u00f1as se concentra en esa secci\u00f3n de la vialidad. Con resignaci\u00f3n, afirman que \u2013al ser el \u00fanico [&hellip;]","og_url":"https:\/\/canal7slp.tv\/2025\/agua-residual-estancada-reportan-en-domicilio-de-las-piedras\/","og_site_name":"Canal 7 SLP - 2025","article_publisher":"https:\/\/www.facebook.com\/noticieroscanal7atencionciudadana\/","article_published_time":"2025-08-29T04:07:23+00:00","og_image":[{"width":1280,"height":680,"url":"https:\/\/canal7slp.tv\/2025\/wp-content\/uploads\/2025\/08\/photo_2025-08-28_22-05-52.jpg","type":"image\/jpeg"}],"author":"admin","twitter_card":"summary_large_image","twitter_creator":"@NOTICIEROS7","twitter_site":"@NOTICIEROS7","twitter_misc":{"Escrito por":"admin","Tiempo de lectura":"1 minuto"},"schema":{"@context":"https:\/\/schema.org","@graph":[{"@type":"Article","@id":"https:\/\/canal7slp.tv\/2025\/agua-residual-estancada-reportan-en-domicilio-de-las-piedras\/#article","isPartOf":{"@id":"https:\/\/canal7slp.tv\/2025\/agua-residual-estancada-reportan-en-domicilio-de-las-piedras\/"},"author":{"name":"admin","@id":"https:\/\/canal7slp.tv\/2025\/#\/schema\/person\/1257e7e4a3d5ac29c4732733a887970d"},"headline":"}Agua residual estancada reportan en domicilio de Las Piedras","datePublished":"2025-08-29T04:07:23+00:00","mainEntityOfPage":{"@id":"https:\/\/canal7slp.tv\/2025\/agua-residual-estancada-reportan-en-domicilio-de-las-piedras\/"},"wordCount":164,"publisher":{"@id":"https:\/\/canal7slp.tv\/2025\/#organization"},"image":{"@id":"https:\/\/canal7slp.tv\/2025\/agua-residual-estancada-reportan-en-domicilio-de-las-piedras\/#primaryimage"},"thumbnailUrl":"https:\/\/canal7slp.tv\/2025\/wp-content\/uploads\/2025\/08\/photo_2025-08-28_22-05-52.jpg","articleSection":["DESTACADAS","LOCALES Y REGIONALES"],"inLanguage":"es"},{"@type":"WebPage","@id":"https:\/\/canal7slp.tv\/2025\/agua-residual-estancada-reportan-en-domicilio-de-las-piedras\/","url":"https:\/\/canal7slp.tv\/2025\/agua-residual-estancada-reportan-en-domicilio-de-las-piedras\/","name":"}Agua residual estancada reportan en domicilio de Las Piedras - Canal 7 SLP - 2025","isPartOf":{"@id":"https:\/\/canal7slp.tv\/2025\/#website"},"primaryImageOfPage":{"@id":"https:\/\/canal7slp.tv\/2025\/agua-residual-estancada-reportan-en-domicilio-de-las-piedras\/#primaryimage"},"image":{"@id":"https:\/\/canal7slp.tv\/2025\/agua-residual-estancada-reportan-en-domicilio-de-las-piedras\/#primaryimage"},"thumbnailUrl":"https:\/\/canal7slp.tv\/2025\/wp-content\/uploads\/2025\/08\/photo_2025-08-28_22-05-52.jpg","datePublished":"2025-08-29T04:07:23+00:00","breadcrumb":{"@id":"https:\/\/canal7slp.tv\/2025\/agua-residual-estancada-reportan-en-domicilio-de-las-piedras\/#breadcrumb"},"inLanguage":"es","potentialAction":[{"@type":"ReadAction","target":["https:\/\/canal7slp.tv\/2025\/agua-residual-estancada-reportan-en-domicilio-de-las-piedras\/"]}]},{"@type":"ImageObject","inLanguage":"es","@id":"https:\/\/canal7slp.tv\/2025\/agua-residual-estancada-reportan-en-domicilio-de-las-piedras\/#primaryimage","url":"https:\/\/canal7slp.tv\/2025\/wp-content\/uploads\/2025\/08\/photo_2025-08-28_22-05-52.jpg","contentUrl":"https:\/\/canal7slp.tv\/2025\/wp-content\/uploads\/2025\/08\/photo_2025-08-28_22-05-52.jpg","width":1280,"height":680},{"@type":"BreadcrumbList","@id":"https:\/\/canal7slp.tv\/2025\/agua-residual-estancada-reportan-en-domicilio-de-las-piedras\/#breadcrumb","itemListElement":[{"@type":"ListItem","position":1,"name":"Portada","item":"https:\/\/canal7slp.tv\/2025\/"},{"@type":"ListItem","position":2,"name":"}Agua residual estancada reportan en domicilio de Las Piedras"}]},{"@type":"WebSite","@id":"https:\/\/canal7slp.tv\/2025\/#website","url":"https:\/\/canal7slp.tv\/2025\/","name":"N7 - Noticieros Canal 7","description":"Somos el Medio","publisher":{"@id":"https:\/\/canal7slp.tv\/2025\/#organization"},"potentialAction":[{"@type":"SearchAction","target":{"@type":"EntryPoint","urlTemplate":"https:\/\/canal7slp.tv\/2025\/?s={search_term_string}"},"query-input":{"@type":"PropertyValueSpecification","valueRequired":true,"valueName":"search_term_string"}}],"inLanguage":"es"},{"@type":"Organization","@id":"https:\/\/canal7slp.tv\/2025\/#organization","name":"Noticieros Canal 7","url":"https:\/\/canal7slp.tv\/2025\/","logo":{"@type":"ImageObject","inLanguage":"es","@id":"https:\/\/canal7slp.tv\/2025\/#\/schema\/logo\/image\/","url":"https:\/\/canal7slp.tv\/2025\/wp-content\/uploads\/2021\/01\/logo-noticieros@2x.png","contentUrl":"https:\/\/canal7slp.tv\/2025\/wp-content\/uploads\/2021\/01\/logo-noticieros@2x.png","width":1017,"height":268,"caption":"Noticieros Canal 7"},"image":{"@id":"https:\/\/canal7slp.tv\/2025\/#\/schema\/logo\/image\/"},"sameAs":["https:\/\/www.facebook.com\/noticieroscanal7atencionciudadana\/","https:\/\/x.com\/NOTICIEROS7","https:\/\/www.instagram.com\/canal7_slp","https:\/\/www.youtube.com\/channel\/UCliiYs-gP3JfJeqdPrNdd5A"]},{"@type":"Person","@id":"https:\/\/canal7slp.tv\/2025\/#\/schema\/person\/1257e7e4a3d5ac29c4732733a887970d","name":"admin","image":{"@type":"ImageObject","inLanguage":"es","@id":"https:\/\/secure.gravatar.com\/avatar\/d1da498ea933582ecc2b5d72a4eac16ec41c3ec04cf2dc9d46e0b557dedfd5ff?s=96&d=mm&r=g","url":"https:\/\/secure.gravatar.com\/avatar\/d1da498ea933582ecc2b5d72a4eac16ec41c3ec04cf2dc9d46e0b557dedfd5ff?s=96&d=mm&r=g","contentUrl":"https:\/\/secure.gravatar.com\/avatar\/d1da498ea933582ecc2b5d72a4eac16ec41c3ec04cf2dc9d46e0b557dedfd5ff?s=96&d=mm&r=g","caption":"admin"},"sameAs":["https:\/\/canal7slp.tv\/2025"],"url":"https:\/\/canal7slp.tv\/2025\/author\/bicefalo\/"}]}},"_links":{"self":[{"href":"https:\/\/canal7slp.tv\/2025\/wp-json\/wp\/v2\/posts\/177864","targetHints":{"allow":["GET"]}}],"collection":[{"href":"https:\/\/canal7slp.tv\/2025\/wp-json\/wp\/v2\/posts"}],"about":[{"href":"https:\/\/canal7slp.tv\/2025\/wp-json\/wp\/v2\/types\/post"}],"author":[{"embeddable":true,"href":"https:\/\/canal7slp.tv\/2025\/wp-json\/wp\/v2\/users\/1"}],"replies":[{"embeddable":true,"href":"https:\/\/canal7slp.tv\/2025\/wp-json\/wp\/v2\/comments?post=177864"}],"version-history":[{"count":2,"href":"https:\/\/canal7slp.tv\/2025\/wp-json\/wp\/v2\/posts\/177864\/revisions"}],"predecessor-version":[{"id":177868,"href":"https:\/\/canal7slp.tv\/2025\/wp-json\/wp\/v2\/posts\/177864\/revisions\/177868"}],"wp:featuredmedia":[{"embeddable":true,"href":"https:\/\/canal7slp.tv\/2025\/wp-json\/wp\/v2\/media\/177867"}],"wp:attachment":[{"href":"https:\/\/canal7slp.tv\/2025\/wp-json\/wp\/v2\/media?parent=177864"}],"wp:term":[{"taxonomy":"category","embeddable":true,"href":"https:\/\/canal7slp.tv\/2025\/wp-json\/wp\/v2\/categories?post=177864"},{"taxonomy":"post_tag","embeddable":true,"href":"https:\/\/canal7slp.tv\/2025\/wp-json\/wp\/v2\/tags?post=177864"}],"curies":[{"name":"wp","href":"https:\/\/api.w.org\/{rel}","templated":true}]}}