{"id":177851,"date":"2025-08-28T14:50:59","date_gmt":"2025-08-28T20:50:59","guid":{"rendered":"https:\/\/canal7slp.tv\/2025\/?p=177851"},"modified":"2025-08-28T01:53:49","modified_gmt":"2025-08-28T07:53:49","slug":"bebe-recien-nacida-es-hallada-en-bote-de-basura-en-estacion-de-metro-uam-iztapalapa","status":"publish","type":"post","link":"https:\/\/canal7slp.tv\/2025\/bebe-recien-nacida-es-hallada-en-bote-de-basura-en-estacion-de-metro-uam-iztapalapa\/","title":{"rendered":"Beb\u00e9 reci\u00e9n nacida es hallada en bote de basura en estaci\u00f3n de metro UAM-Iztapalapa"},"content":{"rendered":"<p style=\"text-align: justify;\">Una beb\u00e9 reci\u00e9n nacida fue abandonada la ma\u00f1ana de este lunes 25 de agosto en un bote de basura dentro de los ba\u00f1os p\u00fablicos ubicados afuera del Metro UAM Iztapalapa.<\/p>\n<p style=\"text-align: justify;\">Cerca de las 7:30 de la ma\u00f1ana, la se\u00f1ora Mar\u00eda Sof\u00eda P\u00e9rez, encargada de la limpieza de los ba\u00f1os, descubri\u00f3 a la menor mientras realizaba su rutina diaria. En entrevista para Heraldo de M\u00e9xico, relat\u00f3 c\u00f3mo encontr\u00f3 a la beb\u00e9.<\/p>\n<p style=\"text-align: justify;\">\u201cFui al segundo ba\u00f1o, meto la mano al bote de basura y agarr\u00e9 algo, me asom\u00e9 y era un beb\u00e9, estaba boca abajo. Fui con el joven que vende tortas y \u00e9l me ayud\u00f3 a sacarla del bote; la sacamos y la muchacha que vende jugos me regal\u00f3 una cobija y con eso la tapamos\u2026 me di cuenta porque a las 7:30 saco mi basura, pero no me di cuenta qui\u00e9n fue, entra mucha gente al ba\u00f1o\u201d, declar\u00f3.<\/p>\n<p style=\"text-align: justify;\">Despu\u00e9s de sacar a la reci\u00e9n nacida, la se\u00f1ora Mar\u00eda dio aviso a las autoridades. Tras una revisi\u00f3n m\u00e9dica, la beb\u00e9 fue trasladada al Hospital Pedi\u00e1trico de Iztapalapa, donde se encuentra estable.<\/p>\n<p style=\"text-align: justify;\">Las autoridades revisar\u00e1n las c\u00e1maras de video vigilancia instaladas en los ba\u00f1os, lo que podr\u00eda ayudar a identificar a la persona o personas que abandonaron a la menor.<\/p>\n<p style=\"text-align: justify;\">\u201cMe dio mucha tristeza, me puse a llorar cuando sacamos a la ni\u00f1a, es la primera vez que me pasa esto\u201d, concluy\u00f3 Mar\u00eda.<\/p>\n","protected":false},"excerpt":{"rendered":"<p>Una beb\u00e9 reci\u00e9n nacida fue abandonada la ma\u00f1ana de este lunes 25 de agosto en un bote de basura dentro de los ba\u00f1os p\u00fablicos ubicados afuera del Metro UAM Iztapalapa. Cerca de las 7:30 de la ma\u00f1ana, la se\u00f1ora Mar\u00eda Sof\u00eda P\u00e9rez, encargada de la limpieza de los ba\u00f1os, descubri\u00f3 a la menor mientras realizaba su rutina diaria. En entrevista para Heraldo de M\u00e9xico, relat\u00f3 c\u00f3mo encontr\u00f3 a la beb\u00e9. \u201cFui al segundo ba\u00f1o, meto la mano al bote de basura y agarr\u00e9 algo, me asom\u00e9 y era un beb\u00e9, estaba boca abajo. Fui con el joven que vende tortas [&hellip;]<\/p>\n","protected":false},"author":1,"featured_media":177852,"comment_status":"closed","ping_status":"closed","sticky":false,"template":"","format":"standard","meta":{"_monsterinsights_skip_tracking":false,"_monsterinsights_sitenote_active":false,"_monsterinsights_sitenote_note":"","_monsterinsights_sitenote_category":0,"footnotes":""},"categories":[5,46],"tags":[],"class_list":["post-177851","post","type-post","status-publish","format-standard","has-post-thumbnail","hentry","category-destacadas","category-nacional","post--single"],"yoast_head":"<!-- This site is optimized with the Yoast SEO plugin v27.5 - https:\/\/yoast.com\/product\/yoast-seo-wordpress\/ -->\n<title>Beb\u00e9 reci\u00e9n nacida es hallada en bote de basura en estaci\u00f3n de metro UAM-Iztapalapa - Canal 7 SLP - 2025<\/title>\n<meta name=\"robots\" content=\"index, follow, max-snippet:-1, max-image-preview:large, max-video-preview:-1\" \/>\n<link rel=\"canonical\" href=\"https:\/\/canal7slp.tv\/2025\/bebe-recien-nacida-es-hallada-en-bote-de-basura-en-estacion-de-metro-uam-iztapalapa\/\" \/>\n<meta property=\"og:locale\" content=\"es_ES\" \/>\n<meta property=\"og:type\" content=\"article\" \/>\n<meta property=\"og:title\" content=\"Beb\u00e9 reci\u00e9n nacida es hallada en bote de basura en estaci\u00f3n de metro UAM-Iztapalapa - Canal 7 SLP - 2025\" \/>\n<meta property=\"og:description\" content=\"Una beb\u00e9 reci\u00e9n nacida fue abandonada la ma\u00f1ana de este lunes 25 de agosto en un bote de basura dentro de los ba\u00f1os p\u00fablicos ubicados afuera del Metro UAM Iztapalapa. Cerca de las 7:30 de la ma\u00f1ana, la se\u00f1ora Mar\u00eda Sof\u00eda P\u00e9rez, encargada de la limpieza de los ba\u00f1os, descubri\u00f3 a la menor mientras realizaba su rutina diaria. En entrevista para Heraldo de M\u00e9xico, relat\u00f3 c\u00f3mo encontr\u00f3 a la beb\u00e9. \u201cFui al segundo ba\u00f1o, meto la mano al bote de basura y agarr\u00e9 algo, me asom\u00e9 y era un beb\u00e9, estaba boca abajo. Fui con el joven que vende tortas [&hellip;]\" \/>\n<meta property=\"og:url\" content=\"https:\/\/canal7slp.tv\/2025\/bebe-recien-nacida-es-hallada-en-bote-de-basura-en-estacion-de-metro-uam-iztapalapa\/\" \/>\n<meta property=\"og:site_name\" content=\"Canal 7 SLP - 2025\" \/>\n<meta property=\"article:publisher\" content=\"https:\/\/www.facebook.com\/noticieroscanal7atencionciudadana\/\" \/>\n<meta property=\"article:published_time\" content=\"2025-08-28T20:50:59+00:00\" \/>\n<meta property=\"og:image\" content=\"https:\/\/canal7slp.tv\/2025\/wp-content\/uploads\/2025\/08\/17946afa-d104-49fb-9e7e-e74fcc273242.jpeg\" \/>\n\t<meta property=\"og:image:width\" content=\"1200\" \/>\n\t<meta property=\"og:image:height\" content=\"800\" \/>\n\t<meta property=\"og:image:type\" content=\"image\/jpeg\" \/>\n<meta name=\"author\" content=\"admin\" \/>\n<meta name=\"twitter:card\" content=\"summary_large_image\" \/>\n<meta name=\"twitter:creator\" content=\"@NOTICIEROS7\" \/>\n<meta name=\"twitter:site\" content=\"@NOTICIEROS7\" \/>\n<meta name=\"twitter:label1\" content=\"Escrito por\" \/>\n\t<meta name=\"twitter:data1\" content=\"admin\" \/>\n\t<meta name=\"twitter:label2\" content=\"Tiempo de lectura\" \/>\n\t<meta name=\"twitter:data2\" content=\"2 minutos\" \/>\n<script type=\"application\/ld+json\" class=\"yoast-schema-graph\">{\"@context\":\"https:\\\/\\\/schema.org\",\"@graph\":[{\"@type\":\"Article\",\"@id\":\"https:\\\/\\\/canal7slp.tv\\\/2025\\\/bebe-recien-nacida-es-hallada-en-bote-de-basura-en-estacion-de-metro-uam-iztapalapa\\\/#article\",\"isPartOf\":{\"@id\":\"https:\\\/\\\/canal7slp.tv\\\/2025\\\/bebe-recien-nacida-es-hallada-en-bote-de-basura-en-estacion-de-metro-uam-iztapalapa\\\/\"},\"author\":{\"name\":\"admin\",\"@id\":\"https:\\\/\\\/canal7slp.tv\\\/2025\\\/#\\\/schema\\\/person\\\/1257e7e4a3d5ac29c4732733a887970d\"},\"headline\":\"Beb\u00e9 reci\u00e9n nacida es hallada en bote de basura en estaci\u00f3n de metro UAM-Iztapalapa\",\"datePublished\":\"2025-08-28T20:50:59+00:00\",\"mainEntityOfPage\":{\"@id\":\"https:\\\/\\\/canal7slp.tv\\\/2025\\\/bebe-recien-nacida-es-hallada-en-bote-de-basura-en-estacion-de-metro-uam-iztapalapa\\\/\"},\"wordCount\":272,\"publisher\":{\"@id\":\"https:\\\/\\\/canal7slp.tv\\\/2025\\\/#organization\"},\"image\":{\"@id\":\"https:\\\/\\\/canal7slp.tv\\\/2025\\\/bebe-recien-nacida-es-hallada-en-bote-de-basura-en-estacion-de-metro-uam-iztapalapa\\\/#primaryimage\"},\"thumbnailUrl\":\"https:\\\/\\\/canal7slp.tv\\\/2025\\\/wp-content\\\/uploads\\\/2025\\\/08\\\/17946afa-d104-49fb-9e7e-e74fcc273242.jpeg\",\"articleSection\":[\"DESTACADAS\",\"NACIONALES\"],\"inLanguage\":\"es\"},{\"@type\":\"WebPage\",\"@id\":\"https:\\\/\\\/canal7slp.tv\\\/2025\\\/bebe-recien-nacida-es-hallada-en-bote-de-basura-en-estacion-de-metro-uam-iztapalapa\\\/\",\"url\":\"https:\\\/\\\/canal7slp.tv\\\/2025\\\/bebe-recien-nacida-es-hallada-en-bote-de-basura-en-estacion-de-metro-uam-iztapalapa\\\/\",\"name\":\"Beb\u00e9 reci\u00e9n nacida es hallada en bote de basura en estaci\u00f3n de metro UAM-Iztapalapa - Canal 7 SLP - 2025\",\"isPartOf\":{\"@id\":\"https:\\\/\\\/canal7slp.tv\\\/2025\\\/#website\"},\"primaryImageOfPage\":{\"@id\":\"https:\\\/\\\/canal7slp.tv\\\/2025\\\/bebe-recien-nacida-es-hallada-en-bote-de-basura-en-estacion-de-metro-uam-iztapalapa\\\/#primaryimage\"},\"image\":{\"@id\":\"https:\\\/\\\/canal7slp.tv\\\/2025\\\/bebe-recien-nacida-es-hallada-en-bote-de-basura-en-estacion-de-metro-uam-iztapalapa\\\/#primaryimage\"},\"thumbnailUrl\":\"https:\\\/\\\/canal7slp.tv\\\/2025\\\/wp-content\\\/uploads\\\/2025\\\/08\\\/17946afa-d104-49fb-9e7e-e74fcc273242.jpeg\",\"datePublished\":\"2025-08-28T20:50:59+00:00\",\"breadcrumb\":{\"@id\":\"https:\\\/\\\/canal7slp.tv\\\/2025\\\/bebe-recien-nacida-es-hallada-en-bote-de-basura-en-estacion-de-metro-uam-iztapalapa\\\/#breadcrumb\"},\"inLanguage\":\"es\",\"potentialAction\":[{\"@type\":\"ReadAction\",\"target\":[\"https:\\\/\\\/canal7slp.tv\\\/2025\\\/bebe-recien-nacida-es-hallada-en-bote-de-basura-en-estacion-de-metro-uam-iztapalapa\\\/\"]}]},{\"@type\":\"ImageObject\",\"inLanguage\":\"es\",\"@id\":\"https:\\\/\\\/canal7slp.tv\\\/2025\\\/bebe-recien-nacida-es-hallada-en-bote-de-basura-en-estacion-de-metro-uam-iztapalapa\\\/#primaryimage\",\"url\":\"https:\\\/\\\/canal7slp.tv\\\/2025\\\/wp-content\\\/uploads\\\/2025\\\/08\\\/17946afa-d104-49fb-9e7e-e74fcc273242.jpeg\",\"contentUrl\":\"https:\\\/\\\/canal7slp.tv\\\/2025\\\/wp-content\\\/uploads\\\/2025\\\/08\\\/17946afa-d104-49fb-9e7e-e74fcc273242.jpeg\",\"width\":1200,\"height\":800},{\"@type\":\"BreadcrumbList\",\"@id\":\"https:\\\/\\\/canal7slp.tv\\\/2025\\\/bebe-recien-nacida-es-hallada-en-bote-de-basura-en-estacion-de-metro-uam-iztapalapa\\\/#breadcrumb\",\"itemListElement\":[{\"@type\":\"ListItem\",\"position\":1,\"name\":\"Portada\",\"item\":\"https:\\\/\\\/canal7slp.tv\\\/2025\\\/\"},{\"@type\":\"ListItem\",\"position\":2,\"name\":\"Beb\u00e9 reci\u00e9n nacida es hallada en bote de basura en estaci\u00f3n de metro UAM-Iztapalapa\"}]},{\"@type\":\"WebSite\",\"@id\":\"https:\\\/\\\/canal7slp.tv\\\/2025\\\/#website\",\"url\":\"https:\\\/\\\/canal7slp.tv\\\/2025\\\/\",\"name\":\"N7 - Noticieros Canal 7\",\"description\":\"Somos el Medio\",\"publisher\":{\"@id\":\"https:\\\/\\\/canal7slp.tv\\\/2025\\\/#organization\"},\"potentialAction\":[{\"@type\":\"SearchAction\",\"target\":{\"@type\":\"EntryPoint\",\"urlTemplate\":\"https:\\\/\\\/canal7slp.tv\\\/2025\\\/?s={search_term_string}\"},\"query-input\":{\"@type\":\"PropertyValueSpecification\",\"valueRequired\":true,\"valueName\":\"search_term_string\"}}],\"inLanguage\":\"es\"},{\"@type\":\"Organization\",\"@id\":\"https:\\\/\\\/canal7slp.tv\\\/2025\\\/#organization\",\"name\":\"Noticieros Canal 7\",\"url\":\"https:\\\/\\\/canal7slp.tv\\\/2025\\\/\",\"logo\":{\"@type\":\"ImageObject\",\"inLanguage\":\"es\",\"@id\":\"https:\\\/\\\/canal7slp.tv\\\/2025\\\/#\\\/schema\\\/logo\\\/image\\\/\",\"url\":\"https:\\\/\\\/canal7slp.tv\\\/2025\\\/wp-content\\\/uploads\\\/2021\\\/01\\\/logo-noticieros@2x.png\",\"contentUrl\":\"https:\\\/\\\/canal7slp.tv\\\/2025\\\/wp-content\\\/uploads\\\/2021\\\/01\\\/logo-noticieros@2x.png\",\"width\":1017,\"height\":268,\"caption\":\"Noticieros Canal 7\"},\"image\":{\"@id\":\"https:\\\/\\\/canal7slp.tv\\\/2025\\\/#\\\/schema\\\/logo\\\/image\\\/\"},\"sameAs\":[\"https:\\\/\\\/www.facebook.com\\\/noticieroscanal7atencionciudadana\\\/\",\"https:\\\/\\\/x.com\\\/NOTICIEROS7\",\"https:\\\/\\\/www.instagram.com\\\/canal7_slp\",\"https:\\\/\\\/www.youtube.com\\\/channel\\\/UCliiYs-gP3JfJeqdPrNdd5A\"]},{\"@type\":\"Person\",\"@id\":\"https:\\\/\\\/canal7slp.tv\\\/2025\\\/#\\\/schema\\\/person\\\/1257e7e4a3d5ac29c4732733a887970d\",\"name\":\"admin\",\"image\":{\"@type\":\"ImageObject\",\"inLanguage\":\"es\",\"@id\":\"https:\\\/\\\/secure.gravatar.com\\\/avatar\\\/d1da498ea933582ecc2b5d72a4eac16ec41c3ec04cf2dc9d46e0b557dedfd5ff?s=96&d=mm&r=g\",\"url\":\"https:\\\/\\\/secure.gravatar.com\\\/avatar\\\/d1da498ea933582ecc2b5d72a4eac16ec41c3ec04cf2dc9d46e0b557dedfd5ff?s=96&d=mm&r=g\",\"contentUrl\":\"https:\\\/\\\/secure.gravatar.com\\\/avatar\\\/d1da498ea933582ecc2b5d72a4eac16ec41c3ec04cf2dc9d46e0b557dedfd5ff?s=96&d=mm&r=g\",\"caption\":\"admin\"},\"sameAs\":[\"https:\\\/\\\/canal7slp.tv\\\/2025\"],\"url\":\"https:\\\/\\\/canal7slp.tv\\\/2025\\\/author\\\/bicefalo\\\/\"}]}<\/script>\n<!-- \/ Yoast SEO plugin. -->","yoast_head_json":{"title":"Beb\u00e9 reci\u00e9n nacida es hallada en bote de basura en estaci\u00f3n de metro UAM-Iztapalapa - Canal 7 SLP - 2025","robots":{"index":"index","follow":"follow","max-snippet":"max-snippet:-1","max-image-preview":"max-image-preview:large","max-video-preview":"max-video-preview:-1"},"canonical":"https:\/\/canal7slp.tv\/2025\/bebe-recien-nacida-es-hallada-en-bote-de-basura-en-estacion-de-metro-uam-iztapalapa\/","og_locale":"es_ES","og_type":"article","og_title":"Beb\u00e9 reci\u00e9n nacida es hallada en bote de basura en estaci\u00f3n de metro UAM-Iztapalapa - Canal 7 SLP - 2025","og_description":"Una beb\u00e9 reci\u00e9n nacida fue abandonada la ma\u00f1ana de este lunes 25 de agosto en un bote de basura dentro de los ba\u00f1os p\u00fablicos ubicados afuera del Metro UAM Iztapalapa. Cerca de las 7:30 de la ma\u00f1ana, la se\u00f1ora Mar\u00eda Sof\u00eda P\u00e9rez, encargada de la limpieza de los ba\u00f1os, descubri\u00f3 a la menor mientras realizaba su rutina diaria. En entrevista para Heraldo de M\u00e9xico, relat\u00f3 c\u00f3mo encontr\u00f3 a la beb\u00e9. \u201cFui al segundo ba\u00f1o, meto la mano al bote de basura y agarr\u00e9 algo, me asom\u00e9 y era un beb\u00e9, estaba boca abajo. Fui con el joven que vende tortas [&hellip;]","og_url":"https:\/\/canal7slp.tv\/2025\/bebe-recien-nacida-es-hallada-en-bote-de-basura-en-estacion-de-metro-uam-iztapalapa\/","og_site_name":"Canal 7 SLP - 2025","article_publisher":"https:\/\/www.facebook.com\/noticieroscanal7atencionciudadana\/","article_published_time":"2025-08-28T20:50:59+00:00","og_image":[{"width":1200,"height":800,"url":"https:\/\/canal7slp.tv\/2025\/wp-content\/uploads\/2025\/08\/17946afa-d104-49fb-9e7e-e74fcc273242.jpeg","type":"image\/jpeg"}],"author":"admin","twitter_card":"summary_large_image","twitter_creator":"@NOTICIEROS7","twitter_site":"@NOTICIEROS7","twitter_misc":{"Escrito por":"admin","Tiempo de lectura":"2 minutos"},"schema":{"@context":"https:\/\/schema.org","@graph":[{"@type":"Article","@id":"https:\/\/canal7slp.tv\/2025\/bebe-recien-nacida-es-hallada-en-bote-de-basura-en-estacion-de-metro-uam-iztapalapa\/#article","isPartOf":{"@id":"https:\/\/canal7slp.tv\/2025\/bebe-recien-nacida-es-hallada-en-bote-de-basura-en-estacion-de-metro-uam-iztapalapa\/"},"author":{"name":"admin","@id":"https:\/\/canal7slp.tv\/2025\/#\/schema\/person\/1257e7e4a3d5ac29c4732733a887970d"},"headline":"Beb\u00e9 reci\u00e9n nacida es hallada en bote de basura en estaci\u00f3n de metro UAM-Iztapalapa","datePublished":"2025-08-28T20:50:59+00:00","mainEntityOfPage":{"@id":"https:\/\/canal7slp.tv\/2025\/bebe-recien-nacida-es-hallada-en-bote-de-basura-en-estacion-de-metro-uam-iztapalapa\/"},"wordCount":272,"publisher":{"@id":"https:\/\/canal7slp.tv\/2025\/#organization"},"image":{"@id":"https:\/\/canal7slp.tv\/2025\/bebe-recien-nacida-es-hallada-en-bote-de-basura-en-estacion-de-metro-uam-iztapalapa\/#primaryimage"},"thumbnailUrl":"https:\/\/canal7slp.tv\/2025\/wp-content\/uploads\/2025\/08\/17946afa-d104-49fb-9e7e-e74fcc273242.jpeg","articleSection":["DESTACADAS","NACIONALES"],"inLanguage":"es"},{"@type":"WebPage","@id":"https:\/\/canal7slp.tv\/2025\/bebe-recien-nacida-es-hallada-en-bote-de-basura-en-estacion-de-metro-uam-iztapalapa\/","url":"https:\/\/canal7slp.tv\/2025\/bebe-recien-nacida-es-hallada-en-bote-de-basura-en-estacion-de-metro-uam-iztapalapa\/","name":"Beb\u00e9 reci\u00e9n nacida es hallada en bote de basura en estaci\u00f3n de metro UAM-Iztapalapa - Canal 7 SLP - 2025","isPartOf":{"@id":"https:\/\/canal7slp.tv\/2025\/#website"},"primaryImageOfPage":{"@id":"https:\/\/canal7slp.tv\/2025\/bebe-recien-nacida-es-hallada-en-bote-de-basura-en-estacion-de-metro-uam-iztapalapa\/#primaryimage"},"image":{"@id":"https:\/\/canal7slp.tv\/2025\/bebe-recien-nacida-es-hallada-en-bote-de-basura-en-estacion-de-metro-uam-iztapalapa\/#primaryimage"},"thumbnailUrl":"https:\/\/canal7slp.tv\/2025\/wp-content\/uploads\/2025\/08\/17946afa-d104-49fb-9e7e-e74fcc273242.jpeg","datePublished":"2025-08-28T20:50:59+00:00","breadcrumb":{"@id":"https:\/\/canal7slp.tv\/2025\/bebe-recien-nacida-es-hallada-en-bote-de-basura-en-estacion-de-metro-uam-iztapalapa\/#breadcrumb"},"inLanguage":"es","potentialAction":[{"@type":"ReadAction","target":["https:\/\/canal7slp.tv\/2025\/bebe-recien-nacida-es-hallada-en-bote-de-basura-en-estacion-de-metro-uam-iztapalapa\/"]}]},{"@type":"ImageObject","inLanguage":"es","@id":"https:\/\/canal7slp.tv\/2025\/bebe-recien-nacida-es-hallada-en-bote-de-basura-en-estacion-de-metro-uam-iztapalapa\/#primaryimage","url":"https:\/\/canal7slp.tv\/2025\/wp-content\/uploads\/2025\/08\/17946afa-d104-49fb-9e7e-e74fcc273242.jpeg","contentUrl":"https:\/\/canal7slp.tv\/2025\/wp-content\/uploads\/2025\/08\/17946afa-d104-49fb-9e7e-e74fcc273242.jpeg","width":1200,"height":800},{"@type":"BreadcrumbList","@id":"https:\/\/canal7slp.tv\/2025\/bebe-recien-nacida-es-hallada-en-bote-de-basura-en-estacion-de-metro-uam-iztapalapa\/#breadcrumb","itemListElement":[{"@type":"ListItem","position":1,"name":"Portada","item":"https:\/\/canal7slp.tv\/2025\/"},{"@type":"ListItem","position":2,"name":"Beb\u00e9 reci\u00e9n nacida es hallada en bote de basura en estaci\u00f3n de metro UAM-Iztapalapa"}]},{"@type":"WebSite","@id":"https:\/\/canal7slp.tv\/2025\/#website","url":"https:\/\/canal7slp.tv\/2025\/","name":"N7 - Noticieros Canal 7","description":"Somos el Medio","publisher":{"@id":"https:\/\/canal7slp.tv\/2025\/#organization"},"potentialAction":[{"@type":"SearchAction","target":{"@type":"EntryPoint","urlTemplate":"https:\/\/canal7slp.tv\/2025\/?s={search_term_string}"},"query-input":{"@type":"PropertyValueSpecification","valueRequired":true,"valueName":"search_term_string"}}],"inLanguage":"es"},{"@type":"Organization","@id":"https:\/\/canal7slp.tv\/2025\/#organization","name":"Noticieros Canal 7","url":"https:\/\/canal7slp.tv\/2025\/","logo":{"@type":"ImageObject","inLanguage":"es","@id":"https:\/\/canal7slp.tv\/2025\/#\/schema\/logo\/image\/","url":"https:\/\/canal7slp.tv\/2025\/wp-content\/uploads\/2021\/01\/logo-noticieros@2x.png","contentUrl":"https:\/\/canal7slp.tv\/2025\/wp-content\/uploads\/2021\/01\/logo-noticieros@2x.png","width":1017,"height":268,"caption":"Noticieros Canal 7"},"image":{"@id":"https:\/\/canal7slp.tv\/2025\/#\/schema\/logo\/image\/"},"sameAs":["https:\/\/www.facebook.com\/noticieroscanal7atencionciudadana\/","https:\/\/x.com\/NOTICIEROS7","https:\/\/www.instagram.com\/canal7_slp","https:\/\/www.youtube.com\/channel\/UCliiYs-gP3JfJeqdPrNdd5A"]},{"@type":"Person","@id":"https:\/\/canal7slp.tv\/2025\/#\/schema\/person\/1257e7e4a3d5ac29c4732733a887970d","name":"admin","image":{"@type":"ImageObject","inLanguage":"es","@id":"https:\/\/secure.gravatar.com\/avatar\/d1da498ea933582ecc2b5d72a4eac16ec41c3ec04cf2dc9d46e0b557dedfd5ff?s=96&d=mm&r=g","url":"https:\/\/secure.gravatar.com\/avatar\/d1da498ea933582ecc2b5d72a4eac16ec41c3ec04cf2dc9d46e0b557dedfd5ff?s=96&d=mm&r=g","contentUrl":"https:\/\/secure.gravatar.com\/avatar\/d1da498ea933582ecc2b5d72a4eac16ec41c3ec04cf2dc9d46e0b557dedfd5ff?s=96&d=mm&r=g","caption":"admin"},"sameAs":["https:\/\/canal7slp.tv\/2025"],"url":"https:\/\/canal7slp.tv\/2025\/author\/bicefalo\/"}]}},"_links":{"self":[{"href":"https:\/\/canal7slp.tv\/2025\/wp-json\/wp\/v2\/posts\/177851","targetHints":{"allow":["GET"]}}],"collection":[{"href":"https:\/\/canal7slp.tv\/2025\/wp-json\/wp\/v2\/posts"}],"about":[{"href":"https:\/\/canal7slp.tv\/2025\/wp-json\/wp\/v2\/types\/post"}],"author":[{"embeddable":true,"href":"https:\/\/canal7slp.tv\/2025\/wp-json\/wp\/v2\/users\/1"}],"replies":[{"embeddable":true,"href":"https:\/\/canal7slp.tv\/2025\/wp-json\/wp\/v2\/comments?post=177851"}],"version-history":[{"count":1,"href":"https:\/\/canal7slp.tv\/2025\/wp-json\/wp\/v2\/posts\/177851\/revisions"}],"predecessor-version":[{"id":177853,"href":"https:\/\/canal7slp.tv\/2025\/wp-json\/wp\/v2\/posts\/177851\/revisions\/177853"}],"wp:featuredmedia":[{"embeddable":true,"href":"https:\/\/canal7slp.tv\/2025\/wp-json\/wp\/v2\/media\/177852"}],"wp:attachment":[{"href":"https:\/\/canal7slp.tv\/2025\/wp-json\/wp\/v2\/media?parent=177851"}],"wp:term":[{"taxonomy":"category","embeddable":true,"href":"https:\/\/canal7slp.tv\/2025\/wp-json\/wp\/v2\/categories?post=177851"},{"taxonomy":"post_tag","embeddable":true,"href":"https:\/\/canal7slp.tv\/2025\/wp-json\/wp\/v2\/tags?post=177851"}],"curies":[{"name":"wp","href":"https:\/\/api.w.org\/{rel}","templated":true}]}}