{"id":177845,"date":"2025-08-28T01:47:37","date_gmt":"2025-08-28T07:47:37","guid":{"rendered":"https:\/\/canal7slp.tv\/2025\/?p=177845"},"modified":"2025-08-28T01:47:37","modified_gmt":"2025-08-28T07:47:37","slug":"gobernadora-de-la-reserva-federal-de-estados-unidos-lisa-cook-es-despedida-por-donald-trump","status":"publish","type":"post","link":"https:\/\/canal7slp.tv\/2025\/gobernadora-de-la-reserva-federal-de-estados-unidos-lisa-cook-es-despedida-por-donald-trump\/","title":{"rendered":"Gobernadora de la Reserva Federal de Estados Unidos, Lisa Cook, es despedida por Donald Trump"},"content":{"rendered":"<p style=\"text-align: justify;\">Washington D.C., \u2013 En una decisi\u00f3n sin precedentes durante la historia de la Reserva Federal (Fed) de Estados Unidos, el presidente Donald Trump anunci\u00f3 la remoci\u00f3n de la gobernadora Lisa Cook \u2014la primera mujer negra en formar parte de su Junta de Gobernadores\u2014, argumentando que incurri\u00f3 en fraude hipotecario al declarar dos residencias principales para acceder a mejores condiciones crediticias.<br \/>\nEl detonante fue una denuncia formal presentada por Bill Pulte, director de la Agencia Federal de Financiamiento de la Vivienda, ante el Departamento de Justicia. Pulte aleg\u00f3 que Cook presuntamente habr\u00eda obtenido condiciones hipotecarias m\u00e1s favorables al declarar como residencia principal dos propiedades distintas en 2021.<\/p>\n<p style=\"text-align: justify;\">Ante estas acusaciones, Trump, a trav\u00e9s de sus redes sociales, afirm\u00f3 que Cook deb\u00eda renunciar de inmediato. Sin embargo, ella rechaz\u00f3 la exigencia y afirm\u00f3 que no ser\u00eda coaccionada para dejar su puesto.<\/p>\n<p style=\"text-align: justify;\">En respuesta, Cook indic\u00f3 que no renunciar\u00eda y anunci\u00f3 su intenci\u00f3n de promover una acci\u00f3n legal para impugnar la medida, advirtiendo que Trump \u201cno tiene autoridad\u201d para removerla sin causa expl\u00edcita bajo la normativa vigente. Adem\u00e1s, aclar\u00f3 que continuar\u00e1 desempe\u00f1ando sus funciones hasta que un fallo judicial determine lo contrario.<\/p>\n<p style=\"text-align: justify;\">La reacci\u00f3n de los mercados fue inicialmente moderada, con algunos movimientos en el rendimiento de los bonos del Tesoro y una ligera depreciaci\u00f3n del d\u00f3lar. No obstante, analistas advirtieron que este golpe a la independencia de la Fed puede erosionar la credibilidad de la pol\u00edtica monetaria estadounidense y aumentar el riesgo inflacionario a mediano y largo plazo.<\/p>\n<p style=\"text-align: justify;\">Especialistas comparan el escenario con casos donde gobiernos politizaron el banco central, como Turqu\u00eda o Venezuela, lo que suele desencadenar inflaci\u00f3n galopante o p\u00e9rdida de confianza financiera. Subrayan que la estabilidad monetaria se fundamenta en la autonom\u00eda de instancias como la Reserva Federal.<\/p>\n<p style=\"text-align: justify;\">Este conflicto podr\u00eda derivar en una disputa legal de alto impacto, considerando que no hay precedentes de presidentes removiendo a un gobernador de la Fed por causas similares. Se anticipa que esta controversia escale hasta la Corte Suprema, a fin de delimitar las facultades ejecutivas en materia de pol\u00edtica monetaria<\/p>\n","protected":false},"excerpt":{"rendered":"<p>Washington D.C., \u2013 En una decisi\u00f3n sin precedentes durante la historia de la Reserva Federal (Fed) de Estados Unidos, el presidente Donald Trump anunci\u00f3 la remoci\u00f3n de la gobernadora Lisa Cook \u2014la primera mujer negra en formar parte de su Junta de Gobernadores\u2014, argumentando que incurri\u00f3 en fraude hipotecario al declarar dos residencias principales para acceder a mejores condiciones crediticias. El detonante fue una denuncia formal presentada por Bill Pulte, director de la Agencia Federal de Financiamiento de la Vivienda, ante el Departamento de Justicia. Pulte aleg\u00f3 que Cook presuntamente habr\u00eda obtenido condiciones hipotecarias m\u00e1s favorables al declarar como residencia [&hellip;]<\/p>\n","protected":false},"author":1,"featured_media":177846,"comment_status":"closed","ping_status":"closed","sticky":false,"template":"","format":"standard","meta":{"_monsterinsights_skip_tracking":false,"_monsterinsights_sitenote_active":false,"_monsterinsights_sitenote_note":"","_monsterinsights_sitenote_category":0,"footnotes":""},"categories":[5,44],"tags":[],"class_list":["post-177845","post","type-post","status-publish","format-standard","has-post-thumbnail","hentry","category-destacadas","category-internacional","post--single"],"yoast_head":"<!-- This site is optimized with the Yoast SEO plugin v27.5 - https:\/\/yoast.com\/product\/yoast-seo-wordpress\/ -->\n<title>Gobernadora de la Reserva Federal de Estados Unidos, Lisa Cook, es despedida por Donald Trump - Canal 7 SLP - 2025<\/title>\n<meta name=\"robots\" content=\"index, follow, max-snippet:-1, max-image-preview:large, max-video-preview:-1\" \/>\n<link rel=\"canonical\" href=\"https:\/\/canal7slp.tv\/2025\/gobernadora-de-la-reserva-federal-de-estados-unidos-lisa-cook-es-despedida-por-donald-trump\/\" \/>\n<meta property=\"og:locale\" content=\"es_ES\" \/>\n<meta property=\"og:type\" content=\"article\" \/>\n<meta property=\"og:title\" content=\"Gobernadora de la Reserva Federal de Estados Unidos, Lisa Cook, es despedida por Donald Trump - Canal 7 SLP - 2025\" \/>\n<meta property=\"og:description\" content=\"Washington D.C., \u2013 En una decisi\u00f3n sin precedentes durante la historia de la Reserva Federal (Fed) de Estados Unidos, el presidente Donald Trump anunci\u00f3 la remoci\u00f3n de la gobernadora Lisa Cook \u2014la primera mujer negra en formar parte de su Junta de Gobernadores\u2014, argumentando que incurri\u00f3 en fraude hipotecario al declarar dos residencias principales para acceder a mejores condiciones crediticias. El detonante fue una denuncia formal presentada por Bill Pulte, director de la Agencia Federal de Financiamiento de la Vivienda, ante el Departamento de Justicia. Pulte aleg\u00f3 que Cook presuntamente habr\u00eda obtenido condiciones hipotecarias m\u00e1s favorables al declarar como residencia [&hellip;]\" \/>\n<meta property=\"og:url\" content=\"https:\/\/canal7slp.tv\/2025\/gobernadora-de-la-reserva-federal-de-estados-unidos-lisa-cook-es-despedida-por-donald-trump\/\" \/>\n<meta property=\"og:site_name\" content=\"Canal 7 SLP - 2025\" \/>\n<meta property=\"article:publisher\" content=\"https:\/\/www.facebook.com\/noticieroscanal7atencionciudadana\/\" \/>\n<meta property=\"article:published_time\" content=\"2025-08-28T07:47:37+00:00\" \/>\n<meta property=\"og:image\" content=\"https:\/\/canal7slp.tv\/2025\/wp-content\/uploads\/2025\/08\/a9eaebd7-1216-4b8c-85be-7bd7a04ebdaf.jpeg\" \/>\n\t<meta property=\"og:image:width\" content=\"760\" \/>\n\t<meta property=\"og:image:height\" content=\"427\" \/>\n\t<meta property=\"og:image:type\" content=\"image\/jpeg\" \/>\n<meta name=\"author\" content=\"admin\" \/>\n<meta name=\"twitter:card\" content=\"summary_large_image\" \/>\n<meta name=\"twitter:creator\" content=\"@NOTICIEROS7\" \/>\n<meta name=\"twitter:site\" content=\"@NOTICIEROS7\" \/>\n<meta name=\"twitter:label1\" content=\"Escrito por\" \/>\n\t<meta name=\"twitter:data1\" content=\"admin\" \/>\n\t<meta name=\"twitter:label2\" content=\"Tiempo de lectura\" \/>\n\t<meta name=\"twitter:data2\" content=\"2 minutos\" \/>\n<script type=\"application\/ld+json\" class=\"yoast-schema-graph\">{\"@context\":\"https:\\\/\\\/schema.org\",\"@graph\":[{\"@type\":\"Article\",\"@id\":\"https:\\\/\\\/canal7slp.tv\\\/2025\\\/gobernadora-de-la-reserva-federal-de-estados-unidos-lisa-cook-es-despedida-por-donald-trump\\\/#article\",\"isPartOf\":{\"@id\":\"https:\\\/\\\/canal7slp.tv\\\/2025\\\/gobernadora-de-la-reserva-federal-de-estados-unidos-lisa-cook-es-despedida-por-donald-trump\\\/\"},\"author\":{\"name\":\"admin\",\"@id\":\"https:\\\/\\\/canal7slp.tv\\\/2025\\\/#\\\/schema\\\/person\\\/1257e7e4a3d5ac29c4732733a887970d\"},\"headline\":\"Gobernadora de la Reserva Federal de Estados Unidos, Lisa Cook, es despedida por Donald Trump\",\"datePublished\":\"2025-08-28T07:47:37+00:00\",\"mainEntityOfPage\":{\"@id\":\"https:\\\/\\\/canal7slp.tv\\\/2025\\\/gobernadora-de-la-reserva-federal-de-estados-unidos-lisa-cook-es-despedida-por-donald-trump\\\/\"},\"wordCount\":376,\"publisher\":{\"@id\":\"https:\\\/\\\/canal7slp.tv\\\/2025\\\/#organization\"},\"image\":{\"@id\":\"https:\\\/\\\/canal7slp.tv\\\/2025\\\/gobernadora-de-la-reserva-federal-de-estados-unidos-lisa-cook-es-despedida-por-donald-trump\\\/#primaryimage\"},\"thumbnailUrl\":\"https:\\\/\\\/canal7slp.tv\\\/2025\\\/wp-content\\\/uploads\\\/2025\\\/08\\\/a9eaebd7-1216-4b8c-85be-7bd7a04ebdaf.jpeg\",\"articleSection\":[\"DESTACADAS\",\"INTERNACIONALES\"],\"inLanguage\":\"es\"},{\"@type\":\"WebPage\",\"@id\":\"https:\\\/\\\/canal7slp.tv\\\/2025\\\/gobernadora-de-la-reserva-federal-de-estados-unidos-lisa-cook-es-despedida-por-donald-trump\\\/\",\"url\":\"https:\\\/\\\/canal7slp.tv\\\/2025\\\/gobernadora-de-la-reserva-federal-de-estados-unidos-lisa-cook-es-despedida-por-donald-trump\\\/\",\"name\":\"Gobernadora de la Reserva Federal de Estados Unidos, Lisa Cook, es despedida por Donald Trump - Canal 7 SLP - 2025\",\"isPartOf\":{\"@id\":\"https:\\\/\\\/canal7slp.tv\\\/2025\\\/#website\"},\"primaryImageOfPage\":{\"@id\":\"https:\\\/\\\/canal7slp.tv\\\/2025\\\/gobernadora-de-la-reserva-federal-de-estados-unidos-lisa-cook-es-despedida-por-donald-trump\\\/#primaryimage\"},\"image\":{\"@id\":\"https:\\\/\\\/canal7slp.tv\\\/2025\\\/gobernadora-de-la-reserva-federal-de-estados-unidos-lisa-cook-es-despedida-por-donald-trump\\\/#primaryimage\"},\"thumbnailUrl\":\"https:\\\/\\\/canal7slp.tv\\\/2025\\\/wp-content\\\/uploads\\\/2025\\\/08\\\/a9eaebd7-1216-4b8c-85be-7bd7a04ebdaf.jpeg\",\"datePublished\":\"2025-08-28T07:47:37+00:00\",\"breadcrumb\":{\"@id\":\"https:\\\/\\\/canal7slp.tv\\\/2025\\\/gobernadora-de-la-reserva-federal-de-estados-unidos-lisa-cook-es-despedida-por-donald-trump\\\/#breadcrumb\"},\"inLanguage\":\"es\",\"potentialAction\":[{\"@type\":\"ReadAction\",\"target\":[\"https:\\\/\\\/canal7slp.tv\\\/2025\\\/gobernadora-de-la-reserva-federal-de-estados-unidos-lisa-cook-es-despedida-por-donald-trump\\\/\"]}]},{\"@type\":\"ImageObject\",\"inLanguage\":\"es\",\"@id\":\"https:\\\/\\\/canal7slp.tv\\\/2025\\\/gobernadora-de-la-reserva-federal-de-estados-unidos-lisa-cook-es-despedida-por-donald-trump\\\/#primaryimage\",\"url\":\"https:\\\/\\\/canal7slp.tv\\\/2025\\\/wp-content\\\/uploads\\\/2025\\\/08\\\/a9eaebd7-1216-4b8c-85be-7bd7a04ebdaf.jpeg\",\"contentUrl\":\"https:\\\/\\\/canal7slp.tv\\\/2025\\\/wp-content\\\/uploads\\\/2025\\\/08\\\/a9eaebd7-1216-4b8c-85be-7bd7a04ebdaf.jpeg\",\"width\":760,\"height\":427},{\"@type\":\"BreadcrumbList\",\"@id\":\"https:\\\/\\\/canal7slp.tv\\\/2025\\\/gobernadora-de-la-reserva-federal-de-estados-unidos-lisa-cook-es-despedida-por-donald-trump\\\/#breadcrumb\",\"itemListElement\":[{\"@type\":\"ListItem\",\"position\":1,\"name\":\"Portada\",\"item\":\"https:\\\/\\\/canal7slp.tv\\\/2025\\\/\"},{\"@type\":\"ListItem\",\"position\":2,\"name\":\"Gobernadora de la Reserva Federal de Estados Unidos, Lisa Cook, es despedida por Donald Trump\"}]},{\"@type\":\"WebSite\",\"@id\":\"https:\\\/\\\/canal7slp.tv\\\/2025\\\/#website\",\"url\":\"https:\\\/\\\/canal7slp.tv\\\/2025\\\/\",\"name\":\"N7 - Noticieros Canal 7\",\"description\":\"Somos el Medio\",\"publisher\":{\"@id\":\"https:\\\/\\\/canal7slp.tv\\\/2025\\\/#organization\"},\"potentialAction\":[{\"@type\":\"SearchAction\",\"target\":{\"@type\":\"EntryPoint\",\"urlTemplate\":\"https:\\\/\\\/canal7slp.tv\\\/2025\\\/?s={search_term_string}\"},\"query-input\":{\"@type\":\"PropertyValueSpecification\",\"valueRequired\":true,\"valueName\":\"search_term_string\"}}],\"inLanguage\":\"es\"},{\"@type\":\"Organization\",\"@id\":\"https:\\\/\\\/canal7slp.tv\\\/2025\\\/#organization\",\"name\":\"Noticieros Canal 7\",\"url\":\"https:\\\/\\\/canal7slp.tv\\\/2025\\\/\",\"logo\":{\"@type\":\"ImageObject\",\"inLanguage\":\"es\",\"@id\":\"https:\\\/\\\/canal7slp.tv\\\/2025\\\/#\\\/schema\\\/logo\\\/image\\\/\",\"url\":\"https:\\\/\\\/canal7slp.tv\\\/2025\\\/wp-content\\\/uploads\\\/2021\\\/01\\\/logo-noticieros@2x.png\",\"contentUrl\":\"https:\\\/\\\/canal7slp.tv\\\/2025\\\/wp-content\\\/uploads\\\/2021\\\/01\\\/logo-noticieros@2x.png\",\"width\":1017,\"height\":268,\"caption\":\"Noticieros Canal 7\"},\"image\":{\"@id\":\"https:\\\/\\\/canal7slp.tv\\\/2025\\\/#\\\/schema\\\/logo\\\/image\\\/\"},\"sameAs\":[\"https:\\\/\\\/www.facebook.com\\\/noticieroscanal7atencionciudadana\\\/\",\"https:\\\/\\\/x.com\\\/NOTICIEROS7\",\"https:\\\/\\\/www.instagram.com\\\/canal7_slp\",\"https:\\\/\\\/www.youtube.com\\\/channel\\\/UCliiYs-gP3JfJeqdPrNdd5A\"]},{\"@type\":\"Person\",\"@id\":\"https:\\\/\\\/canal7slp.tv\\\/2025\\\/#\\\/schema\\\/person\\\/1257e7e4a3d5ac29c4732733a887970d\",\"name\":\"admin\",\"image\":{\"@type\":\"ImageObject\",\"inLanguage\":\"es\",\"@id\":\"https:\\\/\\\/secure.gravatar.com\\\/avatar\\\/d1da498ea933582ecc2b5d72a4eac16ec41c3ec04cf2dc9d46e0b557dedfd5ff?s=96&d=mm&r=g\",\"url\":\"https:\\\/\\\/secure.gravatar.com\\\/avatar\\\/d1da498ea933582ecc2b5d72a4eac16ec41c3ec04cf2dc9d46e0b557dedfd5ff?s=96&d=mm&r=g\",\"contentUrl\":\"https:\\\/\\\/secure.gravatar.com\\\/avatar\\\/d1da498ea933582ecc2b5d72a4eac16ec41c3ec04cf2dc9d46e0b557dedfd5ff?s=96&d=mm&r=g\",\"caption\":\"admin\"},\"sameAs\":[\"https:\\\/\\\/canal7slp.tv\\\/2025\"],\"url\":\"https:\\\/\\\/canal7slp.tv\\\/2025\\\/author\\\/bicefalo\\\/\"}]}<\/script>\n<!-- \/ Yoast SEO plugin. -->","yoast_head_json":{"title":"Gobernadora de la Reserva Federal de Estados Unidos, Lisa Cook, es despedida por Donald Trump - Canal 7 SLP - 2025","robots":{"index":"index","follow":"follow","max-snippet":"max-snippet:-1","max-image-preview":"max-image-preview:large","max-video-preview":"max-video-preview:-1"},"canonical":"https:\/\/canal7slp.tv\/2025\/gobernadora-de-la-reserva-federal-de-estados-unidos-lisa-cook-es-despedida-por-donald-trump\/","og_locale":"es_ES","og_type":"article","og_title":"Gobernadora de la Reserva Federal de Estados Unidos, Lisa Cook, es despedida por Donald Trump - Canal 7 SLP - 2025","og_description":"Washington D.C., \u2013 En una decisi\u00f3n sin precedentes durante la historia de la Reserva Federal (Fed) de Estados Unidos, el presidente Donald Trump anunci\u00f3 la remoci\u00f3n de la gobernadora Lisa Cook \u2014la primera mujer negra en formar parte de su Junta de Gobernadores\u2014, argumentando que incurri\u00f3 en fraude hipotecario al declarar dos residencias principales para acceder a mejores condiciones crediticias. El detonante fue una denuncia formal presentada por Bill Pulte, director de la Agencia Federal de Financiamiento de la Vivienda, ante el Departamento de Justicia. Pulte aleg\u00f3 que Cook presuntamente habr\u00eda obtenido condiciones hipotecarias m\u00e1s favorables al declarar como residencia [&hellip;]","og_url":"https:\/\/canal7slp.tv\/2025\/gobernadora-de-la-reserva-federal-de-estados-unidos-lisa-cook-es-despedida-por-donald-trump\/","og_site_name":"Canal 7 SLP - 2025","article_publisher":"https:\/\/www.facebook.com\/noticieroscanal7atencionciudadana\/","article_published_time":"2025-08-28T07:47:37+00:00","og_image":[{"width":760,"height":427,"url":"https:\/\/canal7slp.tv\/2025\/wp-content\/uploads\/2025\/08\/a9eaebd7-1216-4b8c-85be-7bd7a04ebdaf.jpeg","type":"image\/jpeg"}],"author":"admin","twitter_card":"summary_large_image","twitter_creator":"@NOTICIEROS7","twitter_site":"@NOTICIEROS7","twitter_misc":{"Escrito por":"admin","Tiempo de lectura":"2 minutos"},"schema":{"@context":"https:\/\/schema.org","@graph":[{"@type":"Article","@id":"https:\/\/canal7slp.tv\/2025\/gobernadora-de-la-reserva-federal-de-estados-unidos-lisa-cook-es-despedida-por-donald-trump\/#article","isPartOf":{"@id":"https:\/\/canal7slp.tv\/2025\/gobernadora-de-la-reserva-federal-de-estados-unidos-lisa-cook-es-despedida-por-donald-trump\/"},"author":{"name":"admin","@id":"https:\/\/canal7slp.tv\/2025\/#\/schema\/person\/1257e7e4a3d5ac29c4732733a887970d"},"headline":"Gobernadora de la Reserva Federal de Estados Unidos, Lisa Cook, es despedida por Donald Trump","datePublished":"2025-08-28T07:47:37+00:00","mainEntityOfPage":{"@id":"https:\/\/canal7slp.tv\/2025\/gobernadora-de-la-reserva-federal-de-estados-unidos-lisa-cook-es-despedida-por-donald-trump\/"},"wordCount":376,"publisher":{"@id":"https:\/\/canal7slp.tv\/2025\/#organization"},"image":{"@id":"https:\/\/canal7slp.tv\/2025\/gobernadora-de-la-reserva-federal-de-estados-unidos-lisa-cook-es-despedida-por-donald-trump\/#primaryimage"},"thumbnailUrl":"https:\/\/canal7slp.tv\/2025\/wp-content\/uploads\/2025\/08\/a9eaebd7-1216-4b8c-85be-7bd7a04ebdaf.jpeg","articleSection":["DESTACADAS","INTERNACIONALES"],"inLanguage":"es"},{"@type":"WebPage","@id":"https:\/\/canal7slp.tv\/2025\/gobernadora-de-la-reserva-federal-de-estados-unidos-lisa-cook-es-despedida-por-donald-trump\/","url":"https:\/\/canal7slp.tv\/2025\/gobernadora-de-la-reserva-federal-de-estados-unidos-lisa-cook-es-despedida-por-donald-trump\/","name":"Gobernadora de la Reserva Federal de Estados Unidos, Lisa Cook, es despedida por Donald Trump - Canal 7 SLP - 2025","isPartOf":{"@id":"https:\/\/canal7slp.tv\/2025\/#website"},"primaryImageOfPage":{"@id":"https:\/\/canal7slp.tv\/2025\/gobernadora-de-la-reserva-federal-de-estados-unidos-lisa-cook-es-despedida-por-donald-trump\/#primaryimage"},"image":{"@id":"https:\/\/canal7slp.tv\/2025\/gobernadora-de-la-reserva-federal-de-estados-unidos-lisa-cook-es-despedida-por-donald-trump\/#primaryimage"},"thumbnailUrl":"https:\/\/canal7slp.tv\/2025\/wp-content\/uploads\/2025\/08\/a9eaebd7-1216-4b8c-85be-7bd7a04ebdaf.jpeg","datePublished":"2025-08-28T07:47:37+00:00","breadcrumb":{"@id":"https:\/\/canal7slp.tv\/2025\/gobernadora-de-la-reserva-federal-de-estados-unidos-lisa-cook-es-despedida-por-donald-trump\/#breadcrumb"},"inLanguage":"es","potentialAction":[{"@type":"ReadAction","target":["https:\/\/canal7slp.tv\/2025\/gobernadora-de-la-reserva-federal-de-estados-unidos-lisa-cook-es-despedida-por-donald-trump\/"]}]},{"@type":"ImageObject","inLanguage":"es","@id":"https:\/\/canal7slp.tv\/2025\/gobernadora-de-la-reserva-federal-de-estados-unidos-lisa-cook-es-despedida-por-donald-trump\/#primaryimage","url":"https:\/\/canal7slp.tv\/2025\/wp-content\/uploads\/2025\/08\/a9eaebd7-1216-4b8c-85be-7bd7a04ebdaf.jpeg","contentUrl":"https:\/\/canal7slp.tv\/2025\/wp-content\/uploads\/2025\/08\/a9eaebd7-1216-4b8c-85be-7bd7a04ebdaf.jpeg","width":760,"height":427},{"@type":"BreadcrumbList","@id":"https:\/\/canal7slp.tv\/2025\/gobernadora-de-la-reserva-federal-de-estados-unidos-lisa-cook-es-despedida-por-donald-trump\/#breadcrumb","itemListElement":[{"@type":"ListItem","position":1,"name":"Portada","item":"https:\/\/canal7slp.tv\/2025\/"},{"@type":"ListItem","position":2,"name":"Gobernadora de la Reserva Federal de Estados Unidos, Lisa Cook, es despedida por Donald Trump"}]},{"@type":"WebSite","@id":"https:\/\/canal7slp.tv\/2025\/#website","url":"https:\/\/canal7slp.tv\/2025\/","name":"N7 - Noticieros Canal 7","description":"Somos el Medio","publisher":{"@id":"https:\/\/canal7slp.tv\/2025\/#organization"},"potentialAction":[{"@type":"SearchAction","target":{"@type":"EntryPoint","urlTemplate":"https:\/\/canal7slp.tv\/2025\/?s={search_term_string}"},"query-input":{"@type":"PropertyValueSpecification","valueRequired":true,"valueName":"search_term_string"}}],"inLanguage":"es"},{"@type":"Organization","@id":"https:\/\/canal7slp.tv\/2025\/#organization","name":"Noticieros Canal 7","url":"https:\/\/canal7slp.tv\/2025\/","logo":{"@type":"ImageObject","inLanguage":"es","@id":"https:\/\/canal7slp.tv\/2025\/#\/schema\/logo\/image\/","url":"https:\/\/canal7slp.tv\/2025\/wp-content\/uploads\/2021\/01\/logo-noticieros@2x.png","contentUrl":"https:\/\/canal7slp.tv\/2025\/wp-content\/uploads\/2021\/01\/logo-noticieros@2x.png","width":1017,"height":268,"caption":"Noticieros Canal 7"},"image":{"@id":"https:\/\/canal7slp.tv\/2025\/#\/schema\/logo\/image\/"},"sameAs":["https:\/\/www.facebook.com\/noticieroscanal7atencionciudadana\/","https:\/\/x.com\/NOTICIEROS7","https:\/\/www.instagram.com\/canal7_slp","https:\/\/www.youtube.com\/channel\/UCliiYs-gP3JfJeqdPrNdd5A"]},{"@type":"Person","@id":"https:\/\/canal7slp.tv\/2025\/#\/schema\/person\/1257e7e4a3d5ac29c4732733a887970d","name":"admin","image":{"@type":"ImageObject","inLanguage":"es","@id":"https:\/\/secure.gravatar.com\/avatar\/d1da498ea933582ecc2b5d72a4eac16ec41c3ec04cf2dc9d46e0b557dedfd5ff?s=96&d=mm&r=g","url":"https:\/\/secure.gravatar.com\/avatar\/d1da498ea933582ecc2b5d72a4eac16ec41c3ec04cf2dc9d46e0b557dedfd5ff?s=96&d=mm&r=g","contentUrl":"https:\/\/secure.gravatar.com\/avatar\/d1da498ea933582ecc2b5d72a4eac16ec41c3ec04cf2dc9d46e0b557dedfd5ff?s=96&d=mm&r=g","caption":"admin"},"sameAs":["https:\/\/canal7slp.tv\/2025"],"url":"https:\/\/canal7slp.tv\/2025\/author\/bicefalo\/"}]}},"_links":{"self":[{"href":"https:\/\/canal7slp.tv\/2025\/wp-json\/wp\/v2\/posts\/177845","targetHints":{"allow":["GET"]}}],"collection":[{"href":"https:\/\/canal7slp.tv\/2025\/wp-json\/wp\/v2\/posts"}],"about":[{"href":"https:\/\/canal7slp.tv\/2025\/wp-json\/wp\/v2\/types\/post"}],"author":[{"embeddable":true,"href":"https:\/\/canal7slp.tv\/2025\/wp-json\/wp\/v2\/users\/1"}],"replies":[{"embeddable":true,"href":"https:\/\/canal7slp.tv\/2025\/wp-json\/wp\/v2\/comments?post=177845"}],"version-history":[{"count":1,"href":"https:\/\/canal7slp.tv\/2025\/wp-json\/wp\/v2\/posts\/177845\/revisions"}],"predecessor-version":[{"id":177847,"href":"https:\/\/canal7slp.tv\/2025\/wp-json\/wp\/v2\/posts\/177845\/revisions\/177847"}],"wp:featuredmedia":[{"embeddable":true,"href":"https:\/\/canal7slp.tv\/2025\/wp-json\/wp\/v2\/media\/177846"}],"wp:attachment":[{"href":"https:\/\/canal7slp.tv\/2025\/wp-json\/wp\/v2\/media?parent=177845"}],"wp:term":[{"taxonomy":"category","embeddable":true,"href":"https:\/\/canal7slp.tv\/2025\/wp-json\/wp\/v2\/categories?post=177845"},{"taxonomy":"post_tag","embeddable":true,"href":"https:\/\/canal7slp.tv\/2025\/wp-json\/wp\/v2\/tags?post=177845"}],"curies":[{"name":"wp","href":"https:\/\/api.w.org\/{rel}","templated":true}]}}