{"id":177841,"date":"2025-08-28T11:41:30","date_gmt":"2025-08-28T17:41:30","guid":{"rendered":"https:\/\/canal7slp.tv\/2025\/?p=177841"},"modified":"2025-08-28T01:44:45","modified_gmt":"2025-08-28T07:44:45","slug":"anuncia-ayuntamiento-soledense-nueva-obra-de-infraestructura-hidraulica-en-cabecera-municipal","status":"publish","type":"post","link":"https:\/\/canal7slp.tv\/2025\/anuncia-ayuntamiento-soledense-nueva-obra-de-infraestructura-hidraulica-en-cabecera-municipal\/","title":{"rendered":"Anuncia Ayuntamiento Soledense nueva obra de infraestructura hidr\u00e1ulica en cabecera municipal"},"content":{"rendered":"<div style=\"text-align: justify;\">Al t\u00e9rmino de inaugurar un espacio recreativo en la colonia Villas de Soledad el presidente municipal Juan Manuel Navarro, anunci\u00f3 la construcci\u00f3n de un colector pluvial en la cabecera municipal.<\/div>\n<div style=\"text-align: justify;\"><\/div>\n<div style=\"text-align: justify;\">Afirm\u00f3 que ser\u00e1 de gran beneficio para las colonias que se inundan cada que llueve al calificarla como una obra hidr\u00e1ulica de gran importancia en este municipio.<\/div>\n<div style=\"text-align: justify;\"><\/div>\n<div style=\"text-align: justify;\">En el mismo contexto, el alcalde soledense se refiri\u00f3 al arranque del colector pluvial del fraccionamiento Privadas de la Hacienda, mismo que inici\u00f3 hace casi dos meses.<\/div>\n<div style=\"text-align: justify;\"><\/div>\n<div style=\"text-align: justify;\">Al respecto, asegur\u00f3 que lleva un avance de m\u00e1s de un 20 por ciento al detallar las etapas de construcci\u00f3n en las que se divide esta obra hidr\u00e1ulica.<\/div>\n<div style=\"text-align: justify;\"><\/div>\n","protected":false},"excerpt":{"rendered":"<p>Al t\u00e9rmino de inaugurar un espacio recreativo en la colonia Villas de Soledad el presidente municipal Juan Manuel Navarro, anunci\u00f3 la construcci\u00f3n de un colector pluvial en la cabecera municipal. Afirm\u00f3 que ser\u00e1 de gran beneficio para las colonias que se inundan cada que llueve al calificarla como una obra hidr\u00e1ulica de gran importancia en este municipio. En el mismo contexto, el alcalde soledense se refiri\u00f3 al arranque del colector pluvial del fraccionamiento Privadas de la Hacienda, mismo que inici\u00f3 hace casi dos meses. Al respecto, asegur\u00f3 que lleva un avance de m\u00e1s de un 20 por ciento al detallar [&hellip;]<\/p>\n","protected":false},"author":1,"featured_media":177842,"comment_status":"closed","ping_status":"closed","sticky":false,"template":"","format":"video","meta":{"_monsterinsights_skip_tracking":false,"_monsterinsights_sitenote_active":false,"_monsterinsights_sitenote_note":"","_monsterinsights_sitenote_category":0,"footnotes":""},"categories":[512,5,45],"tags":[],"class_list":["post-177841","post","type-post","status-publish","format-video","has-post-thumbnail","hentry","category-ayosgs","category-destacadas","category-localesyregionales","post_format-post-format-video","post--single"],"yoast_head":"<!-- This site is optimized with the Yoast SEO plugin v27.5 - https:\/\/yoast.com\/product\/yoast-seo-wordpress\/ -->\n<title>Anuncia Ayuntamiento Soledense nueva obra de infraestructura hidr\u00e1ulica en cabecera municipal - Canal 7 SLP - 2025<\/title>\n<meta name=\"robots\" content=\"index, follow, max-snippet:-1, max-image-preview:large, max-video-preview:-1\" \/>\n<link rel=\"canonical\" href=\"https:\/\/canal7slp.tv\/2025\/anuncia-ayuntamiento-soledense-nueva-obra-de-infraestructura-hidraulica-en-cabecera-municipal\/\" \/>\n<meta property=\"og:locale\" content=\"es_ES\" \/>\n<meta property=\"og:type\" content=\"article\" \/>\n<meta property=\"og:title\" content=\"Anuncia Ayuntamiento Soledense nueva obra de infraestructura hidr\u00e1ulica en cabecera municipal - Canal 7 SLP - 2025\" \/>\n<meta property=\"og:description\" content=\"Al t\u00e9rmino de inaugurar un espacio recreativo en la colonia Villas de Soledad el presidente municipal Juan Manuel Navarro, anunci\u00f3 la construcci\u00f3n de un colector pluvial en la cabecera municipal. Afirm\u00f3 que ser\u00e1 de gran beneficio para las colonias que se inundan cada que llueve al calificarla como una obra hidr\u00e1ulica de gran importancia en este municipio. En el mismo contexto, el alcalde soledense se refiri\u00f3 al arranque del colector pluvial del fraccionamiento Privadas de la Hacienda, mismo que inici\u00f3 hace casi dos meses. Al respecto, asegur\u00f3 que lleva un avance de m\u00e1s de un 20 por ciento al detallar [&hellip;]\" \/>\n<meta property=\"og:url\" content=\"https:\/\/canal7slp.tv\/2025\/anuncia-ayuntamiento-soledense-nueva-obra-de-infraestructura-hidraulica-en-cabecera-municipal\/\" \/>\n<meta property=\"og:site_name\" content=\"Canal 7 SLP - 2025\" \/>\n<meta property=\"article:publisher\" content=\"https:\/\/www.facebook.com\/noticieroscanal7atencionciudadana\/\" \/>\n<meta property=\"article:published_time\" content=\"2025-08-28T17:41:30+00:00\" \/>\n<meta property=\"og:image\" content=\"https:\/\/canal7slp.tv\/2025\/wp-content\/uploads\/2025\/08\/39b6121b-a04f-49a1-b1af-6b846b2d5006.jpeg\" \/>\n\t<meta property=\"og:image:width\" content=\"1059\" \/>\n\t<meta property=\"og:image:height\" content=\"622\" \/>\n\t<meta property=\"og:image:type\" content=\"image\/jpeg\" \/>\n<meta name=\"author\" content=\"admin\" \/>\n<meta name=\"twitter:card\" content=\"summary_large_image\" \/>\n<meta name=\"twitter:creator\" content=\"@NOTICIEROS7\" \/>\n<meta name=\"twitter:site\" content=\"@NOTICIEROS7\" \/>\n<meta name=\"twitter:label1\" content=\"Escrito por\" \/>\n\t<meta name=\"twitter:data1\" content=\"admin\" \/>\n\t<meta name=\"twitter:label2\" content=\"Tiempo de lectura\" \/>\n\t<meta name=\"twitter:data2\" content=\"1 minuto\" \/>\n<script type=\"application\/ld+json\" class=\"yoast-schema-graph\">{\"@context\":\"https:\\\/\\\/schema.org\",\"@graph\":[{\"@type\":\"Article\",\"@id\":\"https:\\\/\\\/canal7slp.tv\\\/2025\\\/anuncia-ayuntamiento-soledense-nueva-obra-de-infraestructura-hidraulica-en-cabecera-municipal\\\/#article\",\"isPartOf\":{\"@id\":\"https:\\\/\\\/canal7slp.tv\\\/2025\\\/anuncia-ayuntamiento-soledense-nueva-obra-de-infraestructura-hidraulica-en-cabecera-municipal\\\/\"},\"author\":{\"name\":\"admin\",\"@id\":\"https:\\\/\\\/canal7slp.tv\\\/2025\\\/#\\\/schema\\\/person\\\/1257e7e4a3d5ac29c4732733a887970d\"},\"headline\":\"Anuncia Ayuntamiento Soledense nueva obra de infraestructura hidr\u00e1ulica en cabecera municipal\",\"datePublished\":\"2025-08-28T17:41:30+00:00\",\"mainEntityOfPage\":{\"@id\":\"https:\\\/\\\/canal7slp.tv\\\/2025\\\/anuncia-ayuntamiento-soledense-nueva-obra-de-infraestructura-hidraulica-en-cabecera-municipal\\\/\"},\"wordCount\":129,\"publisher\":{\"@id\":\"https:\\\/\\\/canal7slp.tv\\\/2025\\\/#organization\"},\"image\":{\"@id\":\"https:\\\/\\\/canal7slp.tv\\\/2025\\\/anuncia-ayuntamiento-soledense-nueva-obra-de-infraestructura-hidraulica-en-cabecera-municipal\\\/#primaryimage\"},\"thumbnailUrl\":\"https:\\\/\\\/canal7slp.tv\\\/2025\\\/wp-content\\\/uploads\\\/2025\\\/08\\\/39b6121b-a04f-49a1-b1af-6b846b2d5006.jpeg\",\"articleSection\":[\"AYOSGS\",\"DESTACADAS\",\"LOCALES Y REGIONALES\"],\"inLanguage\":\"es\"},{\"@type\":\"WebPage\",\"@id\":\"https:\\\/\\\/canal7slp.tv\\\/2025\\\/anuncia-ayuntamiento-soledense-nueva-obra-de-infraestructura-hidraulica-en-cabecera-municipal\\\/\",\"url\":\"https:\\\/\\\/canal7slp.tv\\\/2025\\\/anuncia-ayuntamiento-soledense-nueva-obra-de-infraestructura-hidraulica-en-cabecera-municipal\\\/\",\"name\":\"Anuncia Ayuntamiento Soledense nueva obra de infraestructura hidr\u00e1ulica en cabecera municipal - Canal 7 SLP - 2025\",\"isPartOf\":{\"@id\":\"https:\\\/\\\/canal7slp.tv\\\/2025\\\/#website\"},\"primaryImageOfPage\":{\"@id\":\"https:\\\/\\\/canal7slp.tv\\\/2025\\\/anuncia-ayuntamiento-soledense-nueva-obra-de-infraestructura-hidraulica-en-cabecera-municipal\\\/#primaryimage\"},\"image\":{\"@id\":\"https:\\\/\\\/canal7slp.tv\\\/2025\\\/anuncia-ayuntamiento-soledense-nueva-obra-de-infraestructura-hidraulica-en-cabecera-municipal\\\/#primaryimage\"},\"thumbnailUrl\":\"https:\\\/\\\/canal7slp.tv\\\/2025\\\/wp-content\\\/uploads\\\/2025\\\/08\\\/39b6121b-a04f-49a1-b1af-6b846b2d5006.jpeg\",\"datePublished\":\"2025-08-28T17:41:30+00:00\",\"breadcrumb\":{\"@id\":\"https:\\\/\\\/canal7slp.tv\\\/2025\\\/anuncia-ayuntamiento-soledense-nueva-obra-de-infraestructura-hidraulica-en-cabecera-municipal\\\/#breadcrumb\"},\"inLanguage\":\"es\",\"potentialAction\":[{\"@type\":\"ReadAction\",\"target\":[\"https:\\\/\\\/canal7slp.tv\\\/2025\\\/anuncia-ayuntamiento-soledense-nueva-obra-de-infraestructura-hidraulica-en-cabecera-municipal\\\/\"]}]},{\"@type\":\"ImageObject\",\"inLanguage\":\"es\",\"@id\":\"https:\\\/\\\/canal7slp.tv\\\/2025\\\/anuncia-ayuntamiento-soledense-nueva-obra-de-infraestructura-hidraulica-en-cabecera-municipal\\\/#primaryimage\",\"url\":\"https:\\\/\\\/canal7slp.tv\\\/2025\\\/wp-content\\\/uploads\\\/2025\\\/08\\\/39b6121b-a04f-49a1-b1af-6b846b2d5006.jpeg\",\"contentUrl\":\"https:\\\/\\\/canal7slp.tv\\\/2025\\\/wp-content\\\/uploads\\\/2025\\\/08\\\/39b6121b-a04f-49a1-b1af-6b846b2d5006.jpeg\",\"width\":1059,\"height\":622},{\"@type\":\"BreadcrumbList\",\"@id\":\"https:\\\/\\\/canal7slp.tv\\\/2025\\\/anuncia-ayuntamiento-soledense-nueva-obra-de-infraestructura-hidraulica-en-cabecera-municipal\\\/#breadcrumb\",\"itemListElement\":[{\"@type\":\"ListItem\",\"position\":1,\"name\":\"Portada\",\"item\":\"https:\\\/\\\/canal7slp.tv\\\/2025\\\/\"},{\"@type\":\"ListItem\",\"position\":2,\"name\":\"Anuncia Ayuntamiento Soledense nueva obra de infraestructura hidr\u00e1ulica en cabecera municipal\"}]},{\"@type\":\"WebSite\",\"@id\":\"https:\\\/\\\/canal7slp.tv\\\/2025\\\/#website\",\"url\":\"https:\\\/\\\/canal7slp.tv\\\/2025\\\/\",\"name\":\"N7 - Noticieros Canal 7\",\"description\":\"Somos el Medio\",\"publisher\":{\"@id\":\"https:\\\/\\\/canal7slp.tv\\\/2025\\\/#organization\"},\"potentialAction\":[{\"@type\":\"SearchAction\",\"target\":{\"@type\":\"EntryPoint\",\"urlTemplate\":\"https:\\\/\\\/canal7slp.tv\\\/2025\\\/?s={search_term_string}\"},\"query-input\":{\"@type\":\"PropertyValueSpecification\",\"valueRequired\":true,\"valueName\":\"search_term_string\"}}],\"inLanguage\":\"es\"},{\"@type\":\"Organization\",\"@id\":\"https:\\\/\\\/canal7slp.tv\\\/2025\\\/#organization\",\"name\":\"Noticieros Canal 7\",\"url\":\"https:\\\/\\\/canal7slp.tv\\\/2025\\\/\",\"logo\":{\"@type\":\"ImageObject\",\"inLanguage\":\"es\",\"@id\":\"https:\\\/\\\/canal7slp.tv\\\/2025\\\/#\\\/schema\\\/logo\\\/image\\\/\",\"url\":\"https:\\\/\\\/canal7slp.tv\\\/2025\\\/wp-content\\\/uploads\\\/2021\\\/01\\\/logo-noticieros@2x.png\",\"contentUrl\":\"https:\\\/\\\/canal7slp.tv\\\/2025\\\/wp-content\\\/uploads\\\/2021\\\/01\\\/logo-noticieros@2x.png\",\"width\":1017,\"height\":268,\"caption\":\"Noticieros Canal 7\"},\"image\":{\"@id\":\"https:\\\/\\\/canal7slp.tv\\\/2025\\\/#\\\/schema\\\/logo\\\/image\\\/\"},\"sameAs\":[\"https:\\\/\\\/www.facebook.com\\\/noticieroscanal7atencionciudadana\\\/\",\"https:\\\/\\\/x.com\\\/NOTICIEROS7\",\"https:\\\/\\\/www.instagram.com\\\/canal7_slp\",\"https:\\\/\\\/www.youtube.com\\\/channel\\\/UCliiYs-gP3JfJeqdPrNdd5A\"]},{\"@type\":\"Person\",\"@id\":\"https:\\\/\\\/canal7slp.tv\\\/2025\\\/#\\\/schema\\\/person\\\/1257e7e4a3d5ac29c4732733a887970d\",\"name\":\"admin\",\"image\":{\"@type\":\"ImageObject\",\"inLanguage\":\"es\",\"@id\":\"https:\\\/\\\/secure.gravatar.com\\\/avatar\\\/d1da498ea933582ecc2b5d72a4eac16ec41c3ec04cf2dc9d46e0b557dedfd5ff?s=96&d=mm&r=g\",\"url\":\"https:\\\/\\\/secure.gravatar.com\\\/avatar\\\/d1da498ea933582ecc2b5d72a4eac16ec41c3ec04cf2dc9d46e0b557dedfd5ff?s=96&d=mm&r=g\",\"contentUrl\":\"https:\\\/\\\/secure.gravatar.com\\\/avatar\\\/d1da498ea933582ecc2b5d72a4eac16ec41c3ec04cf2dc9d46e0b557dedfd5ff?s=96&d=mm&r=g\",\"caption\":\"admin\"},\"sameAs\":[\"https:\\\/\\\/canal7slp.tv\\\/2025\"],\"url\":\"https:\\\/\\\/canal7slp.tv\\\/2025\\\/author\\\/bicefalo\\\/\"}]}<\/script>\n<!-- \/ Yoast SEO plugin. -->","yoast_head_json":{"title":"Anuncia Ayuntamiento Soledense nueva obra de infraestructura hidr\u00e1ulica en cabecera municipal - Canal 7 SLP - 2025","robots":{"index":"index","follow":"follow","max-snippet":"max-snippet:-1","max-image-preview":"max-image-preview:large","max-video-preview":"max-video-preview:-1"},"canonical":"https:\/\/canal7slp.tv\/2025\/anuncia-ayuntamiento-soledense-nueva-obra-de-infraestructura-hidraulica-en-cabecera-municipal\/","og_locale":"es_ES","og_type":"article","og_title":"Anuncia Ayuntamiento Soledense nueva obra de infraestructura hidr\u00e1ulica en cabecera municipal - Canal 7 SLP - 2025","og_description":"Al t\u00e9rmino de inaugurar un espacio recreativo en la colonia Villas de Soledad el presidente municipal Juan Manuel Navarro, anunci\u00f3 la construcci\u00f3n de un colector pluvial en la cabecera municipal. Afirm\u00f3 que ser\u00e1 de gran beneficio para las colonias que se inundan cada que llueve al calificarla como una obra hidr\u00e1ulica de gran importancia en este municipio. En el mismo contexto, el alcalde soledense se refiri\u00f3 al arranque del colector pluvial del fraccionamiento Privadas de la Hacienda, mismo que inici\u00f3 hace casi dos meses. Al respecto, asegur\u00f3 que lleva un avance de m\u00e1s de un 20 por ciento al detallar [&hellip;]","og_url":"https:\/\/canal7slp.tv\/2025\/anuncia-ayuntamiento-soledense-nueva-obra-de-infraestructura-hidraulica-en-cabecera-municipal\/","og_site_name":"Canal 7 SLP - 2025","article_publisher":"https:\/\/www.facebook.com\/noticieroscanal7atencionciudadana\/","article_published_time":"2025-08-28T17:41:30+00:00","og_image":[{"width":1059,"height":622,"url":"https:\/\/canal7slp.tv\/2025\/wp-content\/uploads\/2025\/08\/39b6121b-a04f-49a1-b1af-6b846b2d5006.jpeg","type":"image\/jpeg"}],"author":"admin","twitter_card":"summary_large_image","twitter_creator":"@NOTICIEROS7","twitter_site":"@NOTICIEROS7","twitter_misc":{"Escrito por":"admin","Tiempo de lectura":"1 minuto"},"schema":{"@context":"https:\/\/schema.org","@graph":[{"@type":"Article","@id":"https:\/\/canal7slp.tv\/2025\/anuncia-ayuntamiento-soledense-nueva-obra-de-infraestructura-hidraulica-en-cabecera-municipal\/#article","isPartOf":{"@id":"https:\/\/canal7slp.tv\/2025\/anuncia-ayuntamiento-soledense-nueva-obra-de-infraestructura-hidraulica-en-cabecera-municipal\/"},"author":{"name":"admin","@id":"https:\/\/canal7slp.tv\/2025\/#\/schema\/person\/1257e7e4a3d5ac29c4732733a887970d"},"headline":"Anuncia Ayuntamiento Soledense nueva obra de infraestructura hidr\u00e1ulica en cabecera municipal","datePublished":"2025-08-28T17:41:30+00:00","mainEntityOfPage":{"@id":"https:\/\/canal7slp.tv\/2025\/anuncia-ayuntamiento-soledense-nueva-obra-de-infraestructura-hidraulica-en-cabecera-municipal\/"},"wordCount":129,"publisher":{"@id":"https:\/\/canal7slp.tv\/2025\/#organization"},"image":{"@id":"https:\/\/canal7slp.tv\/2025\/anuncia-ayuntamiento-soledense-nueva-obra-de-infraestructura-hidraulica-en-cabecera-municipal\/#primaryimage"},"thumbnailUrl":"https:\/\/canal7slp.tv\/2025\/wp-content\/uploads\/2025\/08\/39b6121b-a04f-49a1-b1af-6b846b2d5006.jpeg","articleSection":["AYOSGS","DESTACADAS","LOCALES Y REGIONALES"],"inLanguage":"es"},{"@type":"WebPage","@id":"https:\/\/canal7slp.tv\/2025\/anuncia-ayuntamiento-soledense-nueva-obra-de-infraestructura-hidraulica-en-cabecera-municipal\/","url":"https:\/\/canal7slp.tv\/2025\/anuncia-ayuntamiento-soledense-nueva-obra-de-infraestructura-hidraulica-en-cabecera-municipal\/","name":"Anuncia Ayuntamiento Soledense nueva obra de infraestructura hidr\u00e1ulica en cabecera municipal - Canal 7 SLP - 2025","isPartOf":{"@id":"https:\/\/canal7slp.tv\/2025\/#website"},"primaryImageOfPage":{"@id":"https:\/\/canal7slp.tv\/2025\/anuncia-ayuntamiento-soledense-nueva-obra-de-infraestructura-hidraulica-en-cabecera-municipal\/#primaryimage"},"image":{"@id":"https:\/\/canal7slp.tv\/2025\/anuncia-ayuntamiento-soledense-nueva-obra-de-infraestructura-hidraulica-en-cabecera-municipal\/#primaryimage"},"thumbnailUrl":"https:\/\/canal7slp.tv\/2025\/wp-content\/uploads\/2025\/08\/39b6121b-a04f-49a1-b1af-6b846b2d5006.jpeg","datePublished":"2025-08-28T17:41:30+00:00","breadcrumb":{"@id":"https:\/\/canal7slp.tv\/2025\/anuncia-ayuntamiento-soledense-nueva-obra-de-infraestructura-hidraulica-en-cabecera-municipal\/#breadcrumb"},"inLanguage":"es","potentialAction":[{"@type":"ReadAction","target":["https:\/\/canal7slp.tv\/2025\/anuncia-ayuntamiento-soledense-nueva-obra-de-infraestructura-hidraulica-en-cabecera-municipal\/"]}]},{"@type":"ImageObject","inLanguage":"es","@id":"https:\/\/canal7slp.tv\/2025\/anuncia-ayuntamiento-soledense-nueva-obra-de-infraestructura-hidraulica-en-cabecera-municipal\/#primaryimage","url":"https:\/\/canal7slp.tv\/2025\/wp-content\/uploads\/2025\/08\/39b6121b-a04f-49a1-b1af-6b846b2d5006.jpeg","contentUrl":"https:\/\/canal7slp.tv\/2025\/wp-content\/uploads\/2025\/08\/39b6121b-a04f-49a1-b1af-6b846b2d5006.jpeg","width":1059,"height":622},{"@type":"BreadcrumbList","@id":"https:\/\/canal7slp.tv\/2025\/anuncia-ayuntamiento-soledense-nueva-obra-de-infraestructura-hidraulica-en-cabecera-municipal\/#breadcrumb","itemListElement":[{"@type":"ListItem","position":1,"name":"Portada","item":"https:\/\/canal7slp.tv\/2025\/"},{"@type":"ListItem","position":2,"name":"Anuncia Ayuntamiento Soledense nueva obra de infraestructura hidr\u00e1ulica en cabecera municipal"}]},{"@type":"WebSite","@id":"https:\/\/canal7slp.tv\/2025\/#website","url":"https:\/\/canal7slp.tv\/2025\/","name":"N7 - Noticieros Canal 7","description":"Somos el Medio","publisher":{"@id":"https:\/\/canal7slp.tv\/2025\/#organization"},"potentialAction":[{"@type":"SearchAction","target":{"@type":"EntryPoint","urlTemplate":"https:\/\/canal7slp.tv\/2025\/?s={search_term_string}"},"query-input":{"@type":"PropertyValueSpecification","valueRequired":true,"valueName":"search_term_string"}}],"inLanguage":"es"},{"@type":"Organization","@id":"https:\/\/canal7slp.tv\/2025\/#organization","name":"Noticieros Canal 7","url":"https:\/\/canal7slp.tv\/2025\/","logo":{"@type":"ImageObject","inLanguage":"es","@id":"https:\/\/canal7slp.tv\/2025\/#\/schema\/logo\/image\/","url":"https:\/\/canal7slp.tv\/2025\/wp-content\/uploads\/2021\/01\/logo-noticieros@2x.png","contentUrl":"https:\/\/canal7slp.tv\/2025\/wp-content\/uploads\/2021\/01\/logo-noticieros@2x.png","width":1017,"height":268,"caption":"Noticieros Canal 7"},"image":{"@id":"https:\/\/canal7slp.tv\/2025\/#\/schema\/logo\/image\/"},"sameAs":["https:\/\/www.facebook.com\/noticieroscanal7atencionciudadana\/","https:\/\/x.com\/NOTICIEROS7","https:\/\/www.instagram.com\/canal7_slp","https:\/\/www.youtube.com\/channel\/UCliiYs-gP3JfJeqdPrNdd5A"]},{"@type":"Person","@id":"https:\/\/canal7slp.tv\/2025\/#\/schema\/person\/1257e7e4a3d5ac29c4732733a887970d","name":"admin","image":{"@type":"ImageObject","inLanguage":"es","@id":"https:\/\/secure.gravatar.com\/avatar\/d1da498ea933582ecc2b5d72a4eac16ec41c3ec04cf2dc9d46e0b557dedfd5ff?s=96&d=mm&r=g","url":"https:\/\/secure.gravatar.com\/avatar\/d1da498ea933582ecc2b5d72a4eac16ec41c3ec04cf2dc9d46e0b557dedfd5ff?s=96&d=mm&r=g","contentUrl":"https:\/\/secure.gravatar.com\/avatar\/d1da498ea933582ecc2b5d72a4eac16ec41c3ec04cf2dc9d46e0b557dedfd5ff?s=96&d=mm&r=g","caption":"admin"},"sameAs":["https:\/\/canal7slp.tv\/2025"],"url":"https:\/\/canal7slp.tv\/2025\/author\/bicefalo\/"}]}},"_links":{"self":[{"href":"https:\/\/canal7slp.tv\/2025\/wp-json\/wp\/v2\/posts\/177841","targetHints":{"allow":["GET"]}}],"collection":[{"href":"https:\/\/canal7slp.tv\/2025\/wp-json\/wp\/v2\/posts"}],"about":[{"href":"https:\/\/canal7slp.tv\/2025\/wp-json\/wp\/v2\/types\/post"}],"author":[{"embeddable":true,"href":"https:\/\/canal7slp.tv\/2025\/wp-json\/wp\/v2\/users\/1"}],"replies":[{"embeddable":true,"href":"https:\/\/canal7slp.tv\/2025\/wp-json\/wp\/v2\/comments?post=177841"}],"version-history":[{"count":2,"href":"https:\/\/canal7slp.tv\/2025\/wp-json\/wp\/v2\/posts\/177841\/revisions"}],"predecessor-version":[{"id":177844,"href":"https:\/\/canal7slp.tv\/2025\/wp-json\/wp\/v2\/posts\/177841\/revisions\/177844"}],"wp:featuredmedia":[{"embeddable":true,"href":"https:\/\/canal7slp.tv\/2025\/wp-json\/wp\/v2\/media\/177842"}],"wp:attachment":[{"href":"https:\/\/canal7slp.tv\/2025\/wp-json\/wp\/v2\/media?parent=177841"}],"wp:term":[{"taxonomy":"category","embeddable":true,"href":"https:\/\/canal7slp.tv\/2025\/wp-json\/wp\/v2\/categories?post=177841"},{"taxonomy":"post_tag","embeddable":true,"href":"https:\/\/canal7slp.tv\/2025\/wp-json\/wp\/v2\/tags?post=177841"}],"curies":[{"name":"wp","href":"https:\/\/api.w.org\/{rel}","templated":true}]}}