{"id":177835,"date":"2025-08-28T09:34:03","date_gmt":"2025-08-28T15:34:03","guid":{"rendered":"https:\/\/canal7slp.tv\/2025\/?p=177835"},"modified":"2025-08-28T01:37:39","modified_gmt":"2025-08-28T07:37:39","slug":"inaugura-ayuntamiento-area-recreativa-en-villas-de-soledad","status":"publish","type":"post","link":"https:\/\/canal7slp.tv\/2025\/inaugura-ayuntamiento-area-recreativa-en-villas-de-soledad\/","title":{"rendered":"Inaugura Ayuntamiento, \u00e1rea recreativa en Villas de Soledad"},"content":{"rendered":"<div style=\"text-align: justify;\">En la colonia Villas de Soledad el presidente municipal Juan Manuel Navarro inaugur\u00f3 y entreg\u00f3 un moderno espacio recreativo y el cual, tuvo una inversi\u00f3n de 4 millones 200 mil pesos.<\/div>\n<div style=\"text-align: justify;\"><\/div>\n<div style=\"text-align: justify;\">Se construyeron una cancha multifuncional, pista para trotar, \u00e1rea de jugos infantiles, gimnasio al aire libre, zonas de descanso y sanitarios en un espacio de m\u00e1s de mil 200 metros cuadrados.<\/div>\n<div style=\"text-align: justify;\"><\/div>\n<div style=\"text-align: justify;\">Se destac\u00f3 que este parque beneficiar\u00e1 directamente a m\u00e1s de 15 mil habitantes de esta zona al decir el presidente municipal que con este tipo de obras, se fortalece la uni\u00f3n familiar, adem\u00e1s de que se promueve la activaci\u00f3n f\u00edsica y recreativa.<\/div>\n<div style=\"text-align: justify;\"><\/div>\n<div style=\"text-align: justify;\">En entrevista, el presidente municipal afirm\u00f3 que para este a\u00f1o la meta es rescatar y rehabilitar m\u00e1s espacios abandonados como bald\u00edos, solares y terrenos para convertirlos en \u00e1reas recreativas en beneficio de los soledenses.<\/div>\n<div style=\"text-align: justify;\"><\/div>\n","protected":false},"excerpt":{"rendered":"<p>En la colonia Villas de Soledad el presidente municipal Juan Manuel Navarro inaugur\u00f3 y entreg\u00f3 un moderno espacio recreativo y el cual, tuvo una inversi\u00f3n de 4 millones 200 mil pesos. Se construyeron una cancha multifuncional, pista para trotar, \u00e1rea de jugos infantiles, gimnasio al aire libre, zonas de descanso y sanitarios en un espacio de m\u00e1s de mil 200 metros cuadrados. Se destac\u00f3 que este parque beneficiar\u00e1 directamente a m\u00e1s de 15 mil habitantes de esta zona al decir el presidente municipal que con este tipo de obras, se fortalece la uni\u00f3n familiar, adem\u00e1s de que se promueve la [&hellip;]<\/p>\n","protected":false},"author":1,"featured_media":177836,"comment_status":"closed","ping_status":"closed","sticky":false,"template":"","format":"video","meta":{"_monsterinsights_skip_tracking":false,"_monsterinsights_sitenote_active":false,"_monsterinsights_sitenote_note":"","_monsterinsights_sitenote_category":0,"footnotes":""},"categories":[512,5,45],"tags":[],"class_list":["post-177835","post","type-post","status-publish","format-video","has-post-thumbnail","hentry","category-ayosgs","category-destacadas","category-localesyregionales","post_format-post-format-video","post--single"],"yoast_head":"<!-- This site is optimized with the Yoast SEO plugin v27.5 - https:\/\/yoast.com\/product\/yoast-seo-wordpress\/ -->\n<title>Inaugura Ayuntamiento, \u00e1rea recreativa en Villas de Soledad - Canal 7 SLP - 2025<\/title>\n<meta name=\"robots\" content=\"index, follow, max-snippet:-1, max-image-preview:large, max-video-preview:-1\" \/>\n<link rel=\"canonical\" href=\"https:\/\/canal7slp.tv\/2025\/inaugura-ayuntamiento-area-recreativa-en-villas-de-soledad\/\" \/>\n<meta property=\"og:locale\" content=\"es_ES\" \/>\n<meta property=\"og:type\" content=\"article\" \/>\n<meta property=\"og:title\" content=\"Inaugura Ayuntamiento, \u00e1rea recreativa en Villas de Soledad - Canal 7 SLP - 2025\" \/>\n<meta property=\"og:description\" content=\"En la colonia Villas de Soledad el presidente municipal Juan Manuel Navarro inaugur\u00f3 y entreg\u00f3 un moderno espacio recreativo y el cual, tuvo una inversi\u00f3n de 4 millones 200 mil pesos. Se construyeron una cancha multifuncional, pista para trotar, \u00e1rea de jugos infantiles, gimnasio al aire libre, zonas de descanso y sanitarios en un espacio de m\u00e1s de mil 200 metros cuadrados. Se destac\u00f3 que este parque beneficiar\u00e1 directamente a m\u00e1s de 15 mil habitantes de esta zona al decir el presidente municipal que con este tipo de obras, se fortalece la uni\u00f3n familiar, adem\u00e1s de que se promueve la [&hellip;]\" \/>\n<meta property=\"og:url\" content=\"https:\/\/canal7slp.tv\/2025\/inaugura-ayuntamiento-area-recreativa-en-villas-de-soledad\/\" \/>\n<meta property=\"og:site_name\" content=\"Canal 7 SLP - 2025\" \/>\n<meta property=\"article:publisher\" content=\"https:\/\/www.facebook.com\/noticieroscanal7atencionciudadana\/\" \/>\n<meta property=\"article:published_time\" content=\"2025-08-28T15:34:03+00:00\" \/>\n<meta property=\"og:image\" content=\"https:\/\/canal7slp.tv\/2025\/wp-content\/uploads\/2025\/08\/bb560545-a21c-49b6-9649-d6446e403964.jpeg\" \/>\n\t<meta property=\"og:image:width\" content=\"1040\" \/>\n\t<meta property=\"og:image:height\" content=\"595\" \/>\n\t<meta property=\"og:image:type\" content=\"image\/jpeg\" \/>\n<meta name=\"author\" content=\"admin\" \/>\n<meta name=\"twitter:card\" content=\"summary_large_image\" \/>\n<meta name=\"twitter:creator\" content=\"@NOTICIEROS7\" \/>\n<meta name=\"twitter:site\" content=\"@NOTICIEROS7\" \/>\n<meta name=\"twitter:label1\" content=\"Escrito por\" \/>\n\t<meta name=\"twitter:data1\" content=\"admin\" \/>\n\t<meta name=\"twitter:label2\" content=\"Tiempo de lectura\" \/>\n\t<meta name=\"twitter:data2\" content=\"1 minuto\" \/>\n<script type=\"application\/ld+json\" class=\"yoast-schema-graph\">{\"@context\":\"https:\\\/\\\/schema.org\",\"@graph\":[{\"@type\":\"Article\",\"@id\":\"https:\\\/\\\/canal7slp.tv\\\/2025\\\/inaugura-ayuntamiento-area-recreativa-en-villas-de-soledad\\\/#article\",\"isPartOf\":{\"@id\":\"https:\\\/\\\/canal7slp.tv\\\/2025\\\/inaugura-ayuntamiento-area-recreativa-en-villas-de-soledad\\\/\"},\"author\":{\"name\":\"admin\",\"@id\":\"https:\\\/\\\/canal7slp.tv\\\/2025\\\/#\\\/schema\\\/person\\\/1257e7e4a3d5ac29c4732733a887970d\"},\"headline\":\"Inaugura Ayuntamiento, \u00e1rea recreativa en Villas de Soledad\",\"datePublished\":\"2025-08-28T15:34:03+00:00\",\"mainEntityOfPage\":{\"@id\":\"https:\\\/\\\/canal7slp.tv\\\/2025\\\/inaugura-ayuntamiento-area-recreativa-en-villas-de-soledad\\\/\"},\"wordCount\":152,\"publisher\":{\"@id\":\"https:\\\/\\\/canal7slp.tv\\\/2025\\\/#organization\"},\"image\":{\"@id\":\"https:\\\/\\\/canal7slp.tv\\\/2025\\\/inaugura-ayuntamiento-area-recreativa-en-villas-de-soledad\\\/#primaryimage\"},\"thumbnailUrl\":\"https:\\\/\\\/canal7slp.tv\\\/2025\\\/wp-content\\\/uploads\\\/2025\\\/08\\\/bb560545-a21c-49b6-9649-d6446e403964.jpeg\",\"articleSection\":[\"AYOSGS\",\"DESTACADAS\",\"LOCALES Y REGIONALES\"],\"inLanguage\":\"es\"},{\"@type\":\"WebPage\",\"@id\":\"https:\\\/\\\/canal7slp.tv\\\/2025\\\/inaugura-ayuntamiento-area-recreativa-en-villas-de-soledad\\\/\",\"url\":\"https:\\\/\\\/canal7slp.tv\\\/2025\\\/inaugura-ayuntamiento-area-recreativa-en-villas-de-soledad\\\/\",\"name\":\"Inaugura Ayuntamiento, \u00e1rea recreativa en Villas de Soledad - Canal 7 SLP - 2025\",\"isPartOf\":{\"@id\":\"https:\\\/\\\/canal7slp.tv\\\/2025\\\/#website\"},\"primaryImageOfPage\":{\"@id\":\"https:\\\/\\\/canal7slp.tv\\\/2025\\\/inaugura-ayuntamiento-area-recreativa-en-villas-de-soledad\\\/#primaryimage\"},\"image\":{\"@id\":\"https:\\\/\\\/canal7slp.tv\\\/2025\\\/inaugura-ayuntamiento-area-recreativa-en-villas-de-soledad\\\/#primaryimage\"},\"thumbnailUrl\":\"https:\\\/\\\/canal7slp.tv\\\/2025\\\/wp-content\\\/uploads\\\/2025\\\/08\\\/bb560545-a21c-49b6-9649-d6446e403964.jpeg\",\"datePublished\":\"2025-08-28T15:34:03+00:00\",\"breadcrumb\":{\"@id\":\"https:\\\/\\\/canal7slp.tv\\\/2025\\\/inaugura-ayuntamiento-area-recreativa-en-villas-de-soledad\\\/#breadcrumb\"},\"inLanguage\":\"es\",\"potentialAction\":[{\"@type\":\"ReadAction\",\"target\":[\"https:\\\/\\\/canal7slp.tv\\\/2025\\\/inaugura-ayuntamiento-area-recreativa-en-villas-de-soledad\\\/\"]}]},{\"@type\":\"ImageObject\",\"inLanguage\":\"es\",\"@id\":\"https:\\\/\\\/canal7slp.tv\\\/2025\\\/inaugura-ayuntamiento-area-recreativa-en-villas-de-soledad\\\/#primaryimage\",\"url\":\"https:\\\/\\\/canal7slp.tv\\\/2025\\\/wp-content\\\/uploads\\\/2025\\\/08\\\/bb560545-a21c-49b6-9649-d6446e403964.jpeg\",\"contentUrl\":\"https:\\\/\\\/canal7slp.tv\\\/2025\\\/wp-content\\\/uploads\\\/2025\\\/08\\\/bb560545-a21c-49b6-9649-d6446e403964.jpeg\",\"width\":1040,\"height\":595},{\"@type\":\"BreadcrumbList\",\"@id\":\"https:\\\/\\\/canal7slp.tv\\\/2025\\\/inaugura-ayuntamiento-area-recreativa-en-villas-de-soledad\\\/#breadcrumb\",\"itemListElement\":[{\"@type\":\"ListItem\",\"position\":1,\"name\":\"Portada\",\"item\":\"https:\\\/\\\/canal7slp.tv\\\/2025\\\/\"},{\"@type\":\"ListItem\",\"position\":2,\"name\":\"Inaugura Ayuntamiento, \u00e1rea recreativa en Villas de Soledad\"}]},{\"@type\":\"WebSite\",\"@id\":\"https:\\\/\\\/canal7slp.tv\\\/2025\\\/#website\",\"url\":\"https:\\\/\\\/canal7slp.tv\\\/2025\\\/\",\"name\":\"N7 - Noticieros Canal 7\",\"description\":\"Somos el Medio\",\"publisher\":{\"@id\":\"https:\\\/\\\/canal7slp.tv\\\/2025\\\/#organization\"},\"potentialAction\":[{\"@type\":\"SearchAction\",\"target\":{\"@type\":\"EntryPoint\",\"urlTemplate\":\"https:\\\/\\\/canal7slp.tv\\\/2025\\\/?s={search_term_string}\"},\"query-input\":{\"@type\":\"PropertyValueSpecification\",\"valueRequired\":true,\"valueName\":\"search_term_string\"}}],\"inLanguage\":\"es\"},{\"@type\":\"Organization\",\"@id\":\"https:\\\/\\\/canal7slp.tv\\\/2025\\\/#organization\",\"name\":\"Noticieros Canal 7\",\"url\":\"https:\\\/\\\/canal7slp.tv\\\/2025\\\/\",\"logo\":{\"@type\":\"ImageObject\",\"inLanguage\":\"es\",\"@id\":\"https:\\\/\\\/canal7slp.tv\\\/2025\\\/#\\\/schema\\\/logo\\\/image\\\/\",\"url\":\"https:\\\/\\\/canal7slp.tv\\\/2025\\\/wp-content\\\/uploads\\\/2021\\\/01\\\/logo-noticieros@2x.png\",\"contentUrl\":\"https:\\\/\\\/canal7slp.tv\\\/2025\\\/wp-content\\\/uploads\\\/2021\\\/01\\\/logo-noticieros@2x.png\",\"width\":1017,\"height\":268,\"caption\":\"Noticieros Canal 7\"},\"image\":{\"@id\":\"https:\\\/\\\/canal7slp.tv\\\/2025\\\/#\\\/schema\\\/logo\\\/image\\\/\"},\"sameAs\":[\"https:\\\/\\\/www.facebook.com\\\/noticieroscanal7atencionciudadana\\\/\",\"https:\\\/\\\/x.com\\\/NOTICIEROS7\",\"https:\\\/\\\/www.instagram.com\\\/canal7_slp\",\"https:\\\/\\\/www.youtube.com\\\/channel\\\/UCliiYs-gP3JfJeqdPrNdd5A\"]},{\"@type\":\"Person\",\"@id\":\"https:\\\/\\\/canal7slp.tv\\\/2025\\\/#\\\/schema\\\/person\\\/1257e7e4a3d5ac29c4732733a887970d\",\"name\":\"admin\",\"image\":{\"@type\":\"ImageObject\",\"inLanguage\":\"es\",\"@id\":\"https:\\\/\\\/secure.gravatar.com\\\/avatar\\\/d1da498ea933582ecc2b5d72a4eac16ec41c3ec04cf2dc9d46e0b557dedfd5ff?s=96&d=mm&r=g\",\"url\":\"https:\\\/\\\/secure.gravatar.com\\\/avatar\\\/d1da498ea933582ecc2b5d72a4eac16ec41c3ec04cf2dc9d46e0b557dedfd5ff?s=96&d=mm&r=g\",\"contentUrl\":\"https:\\\/\\\/secure.gravatar.com\\\/avatar\\\/d1da498ea933582ecc2b5d72a4eac16ec41c3ec04cf2dc9d46e0b557dedfd5ff?s=96&d=mm&r=g\",\"caption\":\"admin\"},\"sameAs\":[\"https:\\\/\\\/canal7slp.tv\\\/2025\"],\"url\":\"https:\\\/\\\/canal7slp.tv\\\/2025\\\/author\\\/bicefalo\\\/\"}]}<\/script>\n<!-- \/ Yoast SEO plugin. -->","yoast_head_json":{"title":"Inaugura Ayuntamiento, \u00e1rea recreativa en Villas de Soledad - Canal 7 SLP - 2025","robots":{"index":"index","follow":"follow","max-snippet":"max-snippet:-1","max-image-preview":"max-image-preview:large","max-video-preview":"max-video-preview:-1"},"canonical":"https:\/\/canal7slp.tv\/2025\/inaugura-ayuntamiento-area-recreativa-en-villas-de-soledad\/","og_locale":"es_ES","og_type":"article","og_title":"Inaugura Ayuntamiento, \u00e1rea recreativa en Villas de Soledad - Canal 7 SLP - 2025","og_description":"En la colonia Villas de Soledad el presidente municipal Juan Manuel Navarro inaugur\u00f3 y entreg\u00f3 un moderno espacio recreativo y el cual, tuvo una inversi\u00f3n de 4 millones 200 mil pesos. Se construyeron una cancha multifuncional, pista para trotar, \u00e1rea de jugos infantiles, gimnasio al aire libre, zonas de descanso y sanitarios en un espacio de m\u00e1s de mil 200 metros cuadrados. Se destac\u00f3 que este parque beneficiar\u00e1 directamente a m\u00e1s de 15 mil habitantes de esta zona al decir el presidente municipal que con este tipo de obras, se fortalece la uni\u00f3n familiar, adem\u00e1s de que se promueve la [&hellip;]","og_url":"https:\/\/canal7slp.tv\/2025\/inaugura-ayuntamiento-area-recreativa-en-villas-de-soledad\/","og_site_name":"Canal 7 SLP - 2025","article_publisher":"https:\/\/www.facebook.com\/noticieroscanal7atencionciudadana\/","article_published_time":"2025-08-28T15:34:03+00:00","og_image":[{"width":1040,"height":595,"url":"https:\/\/canal7slp.tv\/2025\/wp-content\/uploads\/2025\/08\/bb560545-a21c-49b6-9649-d6446e403964.jpeg","type":"image\/jpeg"}],"author":"admin","twitter_card":"summary_large_image","twitter_creator":"@NOTICIEROS7","twitter_site":"@NOTICIEROS7","twitter_misc":{"Escrito por":"admin","Tiempo de lectura":"1 minuto"},"schema":{"@context":"https:\/\/schema.org","@graph":[{"@type":"Article","@id":"https:\/\/canal7slp.tv\/2025\/inaugura-ayuntamiento-area-recreativa-en-villas-de-soledad\/#article","isPartOf":{"@id":"https:\/\/canal7slp.tv\/2025\/inaugura-ayuntamiento-area-recreativa-en-villas-de-soledad\/"},"author":{"name":"admin","@id":"https:\/\/canal7slp.tv\/2025\/#\/schema\/person\/1257e7e4a3d5ac29c4732733a887970d"},"headline":"Inaugura Ayuntamiento, \u00e1rea recreativa en Villas de Soledad","datePublished":"2025-08-28T15:34:03+00:00","mainEntityOfPage":{"@id":"https:\/\/canal7slp.tv\/2025\/inaugura-ayuntamiento-area-recreativa-en-villas-de-soledad\/"},"wordCount":152,"publisher":{"@id":"https:\/\/canal7slp.tv\/2025\/#organization"},"image":{"@id":"https:\/\/canal7slp.tv\/2025\/inaugura-ayuntamiento-area-recreativa-en-villas-de-soledad\/#primaryimage"},"thumbnailUrl":"https:\/\/canal7slp.tv\/2025\/wp-content\/uploads\/2025\/08\/bb560545-a21c-49b6-9649-d6446e403964.jpeg","articleSection":["AYOSGS","DESTACADAS","LOCALES Y REGIONALES"],"inLanguage":"es"},{"@type":"WebPage","@id":"https:\/\/canal7slp.tv\/2025\/inaugura-ayuntamiento-area-recreativa-en-villas-de-soledad\/","url":"https:\/\/canal7slp.tv\/2025\/inaugura-ayuntamiento-area-recreativa-en-villas-de-soledad\/","name":"Inaugura Ayuntamiento, \u00e1rea recreativa en Villas de Soledad - Canal 7 SLP - 2025","isPartOf":{"@id":"https:\/\/canal7slp.tv\/2025\/#website"},"primaryImageOfPage":{"@id":"https:\/\/canal7slp.tv\/2025\/inaugura-ayuntamiento-area-recreativa-en-villas-de-soledad\/#primaryimage"},"image":{"@id":"https:\/\/canal7slp.tv\/2025\/inaugura-ayuntamiento-area-recreativa-en-villas-de-soledad\/#primaryimage"},"thumbnailUrl":"https:\/\/canal7slp.tv\/2025\/wp-content\/uploads\/2025\/08\/bb560545-a21c-49b6-9649-d6446e403964.jpeg","datePublished":"2025-08-28T15:34:03+00:00","breadcrumb":{"@id":"https:\/\/canal7slp.tv\/2025\/inaugura-ayuntamiento-area-recreativa-en-villas-de-soledad\/#breadcrumb"},"inLanguage":"es","potentialAction":[{"@type":"ReadAction","target":["https:\/\/canal7slp.tv\/2025\/inaugura-ayuntamiento-area-recreativa-en-villas-de-soledad\/"]}]},{"@type":"ImageObject","inLanguage":"es","@id":"https:\/\/canal7slp.tv\/2025\/inaugura-ayuntamiento-area-recreativa-en-villas-de-soledad\/#primaryimage","url":"https:\/\/canal7slp.tv\/2025\/wp-content\/uploads\/2025\/08\/bb560545-a21c-49b6-9649-d6446e403964.jpeg","contentUrl":"https:\/\/canal7slp.tv\/2025\/wp-content\/uploads\/2025\/08\/bb560545-a21c-49b6-9649-d6446e403964.jpeg","width":1040,"height":595},{"@type":"BreadcrumbList","@id":"https:\/\/canal7slp.tv\/2025\/inaugura-ayuntamiento-area-recreativa-en-villas-de-soledad\/#breadcrumb","itemListElement":[{"@type":"ListItem","position":1,"name":"Portada","item":"https:\/\/canal7slp.tv\/2025\/"},{"@type":"ListItem","position":2,"name":"Inaugura Ayuntamiento, \u00e1rea recreativa en Villas de Soledad"}]},{"@type":"WebSite","@id":"https:\/\/canal7slp.tv\/2025\/#website","url":"https:\/\/canal7slp.tv\/2025\/","name":"N7 - Noticieros Canal 7","description":"Somos el Medio","publisher":{"@id":"https:\/\/canal7slp.tv\/2025\/#organization"},"potentialAction":[{"@type":"SearchAction","target":{"@type":"EntryPoint","urlTemplate":"https:\/\/canal7slp.tv\/2025\/?s={search_term_string}"},"query-input":{"@type":"PropertyValueSpecification","valueRequired":true,"valueName":"search_term_string"}}],"inLanguage":"es"},{"@type":"Organization","@id":"https:\/\/canal7slp.tv\/2025\/#organization","name":"Noticieros Canal 7","url":"https:\/\/canal7slp.tv\/2025\/","logo":{"@type":"ImageObject","inLanguage":"es","@id":"https:\/\/canal7slp.tv\/2025\/#\/schema\/logo\/image\/","url":"https:\/\/canal7slp.tv\/2025\/wp-content\/uploads\/2021\/01\/logo-noticieros@2x.png","contentUrl":"https:\/\/canal7slp.tv\/2025\/wp-content\/uploads\/2021\/01\/logo-noticieros@2x.png","width":1017,"height":268,"caption":"Noticieros Canal 7"},"image":{"@id":"https:\/\/canal7slp.tv\/2025\/#\/schema\/logo\/image\/"},"sameAs":["https:\/\/www.facebook.com\/noticieroscanal7atencionciudadana\/","https:\/\/x.com\/NOTICIEROS7","https:\/\/www.instagram.com\/canal7_slp","https:\/\/www.youtube.com\/channel\/UCliiYs-gP3JfJeqdPrNdd5A"]},{"@type":"Person","@id":"https:\/\/canal7slp.tv\/2025\/#\/schema\/person\/1257e7e4a3d5ac29c4732733a887970d","name":"admin","image":{"@type":"ImageObject","inLanguage":"es","@id":"https:\/\/secure.gravatar.com\/avatar\/d1da498ea933582ecc2b5d72a4eac16ec41c3ec04cf2dc9d46e0b557dedfd5ff?s=96&d=mm&r=g","url":"https:\/\/secure.gravatar.com\/avatar\/d1da498ea933582ecc2b5d72a4eac16ec41c3ec04cf2dc9d46e0b557dedfd5ff?s=96&d=mm&r=g","contentUrl":"https:\/\/secure.gravatar.com\/avatar\/d1da498ea933582ecc2b5d72a4eac16ec41c3ec04cf2dc9d46e0b557dedfd5ff?s=96&d=mm&r=g","caption":"admin"},"sameAs":["https:\/\/canal7slp.tv\/2025"],"url":"https:\/\/canal7slp.tv\/2025\/author\/bicefalo\/"}]}},"_links":{"self":[{"href":"https:\/\/canal7slp.tv\/2025\/wp-json\/wp\/v2\/posts\/177835","targetHints":{"allow":["GET"]}}],"collection":[{"href":"https:\/\/canal7slp.tv\/2025\/wp-json\/wp\/v2\/posts"}],"about":[{"href":"https:\/\/canal7slp.tv\/2025\/wp-json\/wp\/v2\/types\/post"}],"author":[{"embeddable":true,"href":"https:\/\/canal7slp.tv\/2025\/wp-json\/wp\/v2\/users\/1"}],"replies":[{"embeddable":true,"href":"https:\/\/canal7slp.tv\/2025\/wp-json\/wp\/v2\/comments?post=177835"}],"version-history":[{"count":1,"href":"https:\/\/canal7slp.tv\/2025\/wp-json\/wp\/v2\/posts\/177835\/revisions"}],"predecessor-version":[{"id":177837,"href":"https:\/\/canal7slp.tv\/2025\/wp-json\/wp\/v2\/posts\/177835\/revisions\/177837"}],"wp:featuredmedia":[{"embeddable":true,"href":"https:\/\/canal7slp.tv\/2025\/wp-json\/wp\/v2\/media\/177836"}],"wp:attachment":[{"href":"https:\/\/canal7slp.tv\/2025\/wp-json\/wp\/v2\/media?parent=177835"}],"wp:term":[{"taxonomy":"category","embeddable":true,"href":"https:\/\/canal7slp.tv\/2025\/wp-json\/wp\/v2\/categories?post=177835"},{"taxonomy":"post_tag","embeddable":true,"href":"https:\/\/canal7slp.tv\/2025\/wp-json\/wp\/v2\/tags?post=177835"}],"curies":[{"name":"wp","href":"https:\/\/api.w.org\/{rel}","templated":true}]}}