{"id":177826,"date":"2025-08-28T01:24:56","date_gmt":"2025-08-28T07:24:56","guid":{"rendered":"https:\/\/canal7slp.tv\/2025\/?p=177826"},"modified":"2025-08-28T01:24:56","modified_gmt":"2025-08-28T07:24:56","slug":"en-2026-arrancara-ampliacion-del-aeropuerto-de-tamuin-secretaria-de-turismo-federal","status":"publish","type":"post","link":"https:\/\/canal7slp.tv\/2025\/en-2026-arrancara-ampliacion-del-aeropuerto-de-tamuin-secretaria-de-turismo-federal\/","title":{"rendered":"En 2026, arrancar\u00e1 ampliaci\u00f3n del Aeropuerto de Tamu\u00edn: Secretar\u00eda de Turismo Federal"},"content":{"rendered":"<p style=\"text-align: justify;\">La titular de la Secretar\u00eda de Turismo Federal, Josefina Ram\u00edrez Zamora, asever\u00f3 que la mejora del Aeropuerto de Tamu\u00edn comenzar\u00e1 en el a\u00f1o 2026 seg\u00fan la informaci\u00f3n que se dio de parte del Gobierno del Estado de San Luis Potos\u00ed.<\/p>\n<p style=\"text-align: justify;\">Durante la visita a la Feria Nacional Potosina de parte de la titular de la Secretar\u00eda de Turismo Federal, Josefina Ram\u00edrez Zamora, se inform\u00f3 por parte de la propia servidora que las acciones de mejora para el Aeropuerto de Tamu\u00edn se concretar\u00e1n en el a\u00f1o 2026.<\/p>\n<p style=\"text-align: justify;\">\u201cS\u00ed, por lo que me dice el gobernador se va a concretar en el 2026, eso es lo m\u00e1s importante; ya hay proyectos tambi\u00e9n aleda\u00f1os que estamos, la presidenta lo ha dicho, es hermosa la Huasteca potosina, tenemos que detonar el turismo ah\u00ed y de un turismo verde y sustentable\u201d<\/p>\n<p style=\"text-align: justify;\">Ser\u00e1 durante el mes de septiembre cuando la secretaria regrese a verificar las acciones.<\/p>\n<p style=\"text-align: justify;\">\u201cY regreso el 10 y el 11 a la otra zona para conocer Real de Catorce y Naranjo, la parte de la Huasteca potosina donde viene una gran infraestructura federal y el estado para detonar el turismo\u201d.<\/p>\n<p style=\"text-align: justify;\">Adem\u00e1s de la mejora de la terminal a\u00e9rea se deber\u00e1 transformar la infraestructura aleda\u00f1a.<\/p>\n<p style=\"text-align: justify;\">\u201cJusto a eso vamos, a empezar a ver, no solo es el aeropuerto sino por ende se tiene que quedar infraestructura y producto que ya lo tienen pero capacitar, empezar a ver todas las experiencias y a eso regreso\u201d.<\/p>\n","protected":false},"excerpt":{"rendered":"<p>La titular de la Secretar\u00eda de Turismo Federal, Josefina Ram\u00edrez Zamora, asever\u00f3 que la mejora del Aeropuerto de Tamu\u00edn comenzar\u00e1 en el a\u00f1o 2026 seg\u00fan la informaci\u00f3n que se dio de parte del Gobierno del Estado de San Luis Potos\u00ed. Durante la visita a la Feria Nacional Potosina de parte de la titular de la Secretar\u00eda de Turismo Federal, Josefina Ram\u00edrez Zamora, se inform\u00f3 por parte de la propia servidora que las acciones de mejora para el Aeropuerto de Tamu\u00edn se concretar\u00e1n en el a\u00f1o 2026. \u201cS\u00ed, por lo que me dice el gobernador se va a concretar en el [&hellip;]<\/p>\n","protected":false},"author":1,"featured_media":177827,"comment_status":"closed","ping_status":"closed","sticky":false,"template":"","format":"video","meta":{"_monsterinsights_skip_tracking":false,"_monsterinsights_sitenote_active":false,"_monsterinsights_sitenote_note":"","_monsterinsights_sitenote_category":0,"footnotes":""},"categories":[45],"tags":[],"class_list":["post-177826","post","type-post","status-publish","format-video","has-post-thumbnail","hentry","category-localesyregionales","post_format-post-format-video","post--single"],"yoast_head":"<!-- This site is optimized with the Yoast SEO plugin v27.5 - https:\/\/yoast.com\/product\/yoast-seo-wordpress\/ -->\n<title>En 2026, arrancar\u00e1 ampliaci\u00f3n del Aeropuerto de Tamu\u00edn: Secretar\u00eda de Turismo Federal - Canal 7 SLP - 2025<\/title>\n<meta name=\"robots\" content=\"index, follow, max-snippet:-1, max-image-preview:large, max-video-preview:-1\" \/>\n<link rel=\"canonical\" href=\"https:\/\/canal7slp.tv\/2025\/en-2026-arrancara-ampliacion-del-aeropuerto-de-tamuin-secretaria-de-turismo-federal\/\" \/>\n<meta property=\"og:locale\" content=\"es_ES\" \/>\n<meta property=\"og:type\" content=\"article\" \/>\n<meta property=\"og:title\" content=\"En 2026, arrancar\u00e1 ampliaci\u00f3n del Aeropuerto de Tamu\u00edn: Secretar\u00eda de Turismo Federal - Canal 7 SLP - 2025\" \/>\n<meta property=\"og:description\" content=\"La titular de la Secretar\u00eda de Turismo Federal, Josefina Ram\u00edrez Zamora, asever\u00f3 que la mejora del Aeropuerto de Tamu\u00edn comenzar\u00e1 en el a\u00f1o 2026 seg\u00fan la informaci\u00f3n que se dio de parte del Gobierno del Estado de San Luis Potos\u00ed. Durante la visita a la Feria Nacional Potosina de parte de la titular de la Secretar\u00eda de Turismo Federal, Josefina Ram\u00edrez Zamora, se inform\u00f3 por parte de la propia servidora que las acciones de mejora para el Aeropuerto de Tamu\u00edn se concretar\u00e1n en el a\u00f1o 2026. \u201cS\u00ed, por lo que me dice el gobernador se va a concretar en el [&hellip;]\" \/>\n<meta property=\"og:url\" content=\"https:\/\/canal7slp.tv\/2025\/en-2026-arrancara-ampliacion-del-aeropuerto-de-tamuin-secretaria-de-turismo-federal\/\" \/>\n<meta property=\"og:site_name\" content=\"Canal 7 SLP - 2025\" \/>\n<meta property=\"article:publisher\" content=\"https:\/\/www.facebook.com\/noticieroscanal7atencionciudadana\/\" \/>\n<meta property=\"article:published_time\" content=\"2025-08-28T07:24:56+00:00\" \/>\n<meta property=\"og:image\" content=\"https:\/\/canal7slp.tv\/2025\/wp-content\/uploads\/2025\/08\/2792d4ef-bcbe-4ac8-b192-b703575dcf61.jpeg\" \/>\n\t<meta property=\"og:image:width\" content=\"1166\" \/>\n\t<meta property=\"og:image:height\" content=\"661\" \/>\n\t<meta property=\"og:image:type\" content=\"image\/jpeg\" \/>\n<meta name=\"author\" content=\"admin\" \/>\n<meta name=\"twitter:card\" content=\"summary_large_image\" \/>\n<meta name=\"twitter:creator\" content=\"@NOTICIEROS7\" \/>\n<meta name=\"twitter:site\" content=\"@NOTICIEROS7\" \/>\n<meta name=\"twitter:label1\" content=\"Escrito por\" \/>\n\t<meta name=\"twitter:data1\" content=\"admin\" \/>\n\t<meta name=\"twitter:label2\" content=\"Tiempo de lectura\" \/>\n\t<meta name=\"twitter:data2\" content=\"2 minutos\" \/>\n<script type=\"application\/ld+json\" class=\"yoast-schema-graph\">{\"@context\":\"https:\\\/\\\/schema.org\",\"@graph\":[{\"@type\":\"Article\",\"@id\":\"https:\\\/\\\/canal7slp.tv\\\/2025\\\/en-2026-arrancara-ampliacion-del-aeropuerto-de-tamuin-secretaria-de-turismo-federal\\\/#article\",\"isPartOf\":{\"@id\":\"https:\\\/\\\/canal7slp.tv\\\/2025\\\/en-2026-arrancara-ampliacion-del-aeropuerto-de-tamuin-secretaria-de-turismo-federal\\\/\"},\"author\":{\"name\":\"admin\",\"@id\":\"https:\\\/\\\/canal7slp.tv\\\/2025\\\/#\\\/schema\\\/person\\\/1257e7e4a3d5ac29c4732733a887970d\"},\"headline\":\"En 2026, arrancar\u00e1 ampliaci\u00f3n del Aeropuerto de Tamu\u00edn: Secretar\u00eda de Turismo Federal\",\"datePublished\":\"2025-08-28T07:24:56+00:00\",\"mainEntityOfPage\":{\"@id\":\"https:\\\/\\\/canal7slp.tv\\\/2025\\\/en-2026-arrancara-ampliacion-del-aeropuerto-de-tamuin-secretaria-de-turismo-federal\\\/\"},\"wordCount\":266,\"publisher\":{\"@id\":\"https:\\\/\\\/canal7slp.tv\\\/2025\\\/#organization\"},\"image\":{\"@id\":\"https:\\\/\\\/canal7slp.tv\\\/2025\\\/en-2026-arrancara-ampliacion-del-aeropuerto-de-tamuin-secretaria-de-turismo-federal\\\/#primaryimage\"},\"thumbnailUrl\":\"https:\\\/\\\/canal7slp.tv\\\/2025\\\/wp-content\\\/uploads\\\/2025\\\/08\\\/2792d4ef-bcbe-4ac8-b192-b703575dcf61.jpeg\",\"articleSection\":[\"LOCALES Y REGIONALES\"],\"inLanguage\":\"es\"},{\"@type\":\"WebPage\",\"@id\":\"https:\\\/\\\/canal7slp.tv\\\/2025\\\/en-2026-arrancara-ampliacion-del-aeropuerto-de-tamuin-secretaria-de-turismo-federal\\\/\",\"url\":\"https:\\\/\\\/canal7slp.tv\\\/2025\\\/en-2026-arrancara-ampliacion-del-aeropuerto-de-tamuin-secretaria-de-turismo-federal\\\/\",\"name\":\"En 2026, arrancar\u00e1 ampliaci\u00f3n del Aeropuerto de Tamu\u00edn: Secretar\u00eda de Turismo Federal - Canal 7 SLP - 2025\",\"isPartOf\":{\"@id\":\"https:\\\/\\\/canal7slp.tv\\\/2025\\\/#website\"},\"primaryImageOfPage\":{\"@id\":\"https:\\\/\\\/canal7slp.tv\\\/2025\\\/en-2026-arrancara-ampliacion-del-aeropuerto-de-tamuin-secretaria-de-turismo-federal\\\/#primaryimage\"},\"image\":{\"@id\":\"https:\\\/\\\/canal7slp.tv\\\/2025\\\/en-2026-arrancara-ampliacion-del-aeropuerto-de-tamuin-secretaria-de-turismo-federal\\\/#primaryimage\"},\"thumbnailUrl\":\"https:\\\/\\\/canal7slp.tv\\\/2025\\\/wp-content\\\/uploads\\\/2025\\\/08\\\/2792d4ef-bcbe-4ac8-b192-b703575dcf61.jpeg\",\"datePublished\":\"2025-08-28T07:24:56+00:00\",\"breadcrumb\":{\"@id\":\"https:\\\/\\\/canal7slp.tv\\\/2025\\\/en-2026-arrancara-ampliacion-del-aeropuerto-de-tamuin-secretaria-de-turismo-federal\\\/#breadcrumb\"},\"inLanguage\":\"es\",\"potentialAction\":[{\"@type\":\"ReadAction\",\"target\":[\"https:\\\/\\\/canal7slp.tv\\\/2025\\\/en-2026-arrancara-ampliacion-del-aeropuerto-de-tamuin-secretaria-de-turismo-federal\\\/\"]}]},{\"@type\":\"ImageObject\",\"inLanguage\":\"es\",\"@id\":\"https:\\\/\\\/canal7slp.tv\\\/2025\\\/en-2026-arrancara-ampliacion-del-aeropuerto-de-tamuin-secretaria-de-turismo-federal\\\/#primaryimage\",\"url\":\"https:\\\/\\\/canal7slp.tv\\\/2025\\\/wp-content\\\/uploads\\\/2025\\\/08\\\/2792d4ef-bcbe-4ac8-b192-b703575dcf61.jpeg\",\"contentUrl\":\"https:\\\/\\\/canal7slp.tv\\\/2025\\\/wp-content\\\/uploads\\\/2025\\\/08\\\/2792d4ef-bcbe-4ac8-b192-b703575dcf61.jpeg\",\"width\":1166,\"height\":661},{\"@type\":\"BreadcrumbList\",\"@id\":\"https:\\\/\\\/canal7slp.tv\\\/2025\\\/en-2026-arrancara-ampliacion-del-aeropuerto-de-tamuin-secretaria-de-turismo-federal\\\/#breadcrumb\",\"itemListElement\":[{\"@type\":\"ListItem\",\"position\":1,\"name\":\"Portada\",\"item\":\"https:\\\/\\\/canal7slp.tv\\\/2025\\\/\"},{\"@type\":\"ListItem\",\"position\":2,\"name\":\"En 2026, arrancar\u00e1 ampliaci\u00f3n del Aeropuerto de Tamu\u00edn: Secretar\u00eda de Turismo Federal\"}]},{\"@type\":\"WebSite\",\"@id\":\"https:\\\/\\\/canal7slp.tv\\\/2025\\\/#website\",\"url\":\"https:\\\/\\\/canal7slp.tv\\\/2025\\\/\",\"name\":\"N7 - Noticieros Canal 7\",\"description\":\"Somos el Medio\",\"publisher\":{\"@id\":\"https:\\\/\\\/canal7slp.tv\\\/2025\\\/#organization\"},\"potentialAction\":[{\"@type\":\"SearchAction\",\"target\":{\"@type\":\"EntryPoint\",\"urlTemplate\":\"https:\\\/\\\/canal7slp.tv\\\/2025\\\/?s={search_term_string}\"},\"query-input\":{\"@type\":\"PropertyValueSpecification\",\"valueRequired\":true,\"valueName\":\"search_term_string\"}}],\"inLanguage\":\"es\"},{\"@type\":\"Organization\",\"@id\":\"https:\\\/\\\/canal7slp.tv\\\/2025\\\/#organization\",\"name\":\"Noticieros Canal 7\",\"url\":\"https:\\\/\\\/canal7slp.tv\\\/2025\\\/\",\"logo\":{\"@type\":\"ImageObject\",\"inLanguage\":\"es\",\"@id\":\"https:\\\/\\\/canal7slp.tv\\\/2025\\\/#\\\/schema\\\/logo\\\/image\\\/\",\"url\":\"https:\\\/\\\/canal7slp.tv\\\/2025\\\/wp-content\\\/uploads\\\/2021\\\/01\\\/logo-noticieros@2x.png\",\"contentUrl\":\"https:\\\/\\\/canal7slp.tv\\\/2025\\\/wp-content\\\/uploads\\\/2021\\\/01\\\/logo-noticieros@2x.png\",\"width\":1017,\"height\":268,\"caption\":\"Noticieros Canal 7\"},\"image\":{\"@id\":\"https:\\\/\\\/canal7slp.tv\\\/2025\\\/#\\\/schema\\\/logo\\\/image\\\/\"},\"sameAs\":[\"https:\\\/\\\/www.facebook.com\\\/noticieroscanal7atencionciudadana\\\/\",\"https:\\\/\\\/x.com\\\/NOTICIEROS7\",\"https:\\\/\\\/www.instagram.com\\\/canal7_slp\",\"https:\\\/\\\/www.youtube.com\\\/channel\\\/UCliiYs-gP3JfJeqdPrNdd5A\"]},{\"@type\":\"Person\",\"@id\":\"https:\\\/\\\/canal7slp.tv\\\/2025\\\/#\\\/schema\\\/person\\\/1257e7e4a3d5ac29c4732733a887970d\",\"name\":\"admin\",\"image\":{\"@type\":\"ImageObject\",\"inLanguage\":\"es\",\"@id\":\"https:\\\/\\\/secure.gravatar.com\\\/avatar\\\/d1da498ea933582ecc2b5d72a4eac16ec41c3ec04cf2dc9d46e0b557dedfd5ff?s=96&d=mm&r=g\",\"url\":\"https:\\\/\\\/secure.gravatar.com\\\/avatar\\\/d1da498ea933582ecc2b5d72a4eac16ec41c3ec04cf2dc9d46e0b557dedfd5ff?s=96&d=mm&r=g\",\"contentUrl\":\"https:\\\/\\\/secure.gravatar.com\\\/avatar\\\/d1da498ea933582ecc2b5d72a4eac16ec41c3ec04cf2dc9d46e0b557dedfd5ff?s=96&d=mm&r=g\",\"caption\":\"admin\"},\"sameAs\":[\"https:\\\/\\\/canal7slp.tv\\\/2025\"],\"url\":\"https:\\\/\\\/canal7slp.tv\\\/2025\\\/author\\\/bicefalo\\\/\"}]}<\/script>\n<!-- \/ Yoast SEO plugin. -->","yoast_head_json":{"title":"En 2026, arrancar\u00e1 ampliaci\u00f3n del Aeropuerto de Tamu\u00edn: Secretar\u00eda de Turismo Federal - Canal 7 SLP - 2025","robots":{"index":"index","follow":"follow","max-snippet":"max-snippet:-1","max-image-preview":"max-image-preview:large","max-video-preview":"max-video-preview:-1"},"canonical":"https:\/\/canal7slp.tv\/2025\/en-2026-arrancara-ampliacion-del-aeropuerto-de-tamuin-secretaria-de-turismo-federal\/","og_locale":"es_ES","og_type":"article","og_title":"En 2026, arrancar\u00e1 ampliaci\u00f3n del Aeropuerto de Tamu\u00edn: Secretar\u00eda de Turismo Federal - Canal 7 SLP - 2025","og_description":"La titular de la Secretar\u00eda de Turismo Federal, Josefina Ram\u00edrez Zamora, asever\u00f3 que la mejora del Aeropuerto de Tamu\u00edn comenzar\u00e1 en el a\u00f1o 2026 seg\u00fan la informaci\u00f3n que se dio de parte del Gobierno del Estado de San Luis Potos\u00ed. Durante la visita a la Feria Nacional Potosina de parte de la titular de la Secretar\u00eda de Turismo Federal, Josefina Ram\u00edrez Zamora, se inform\u00f3 por parte de la propia servidora que las acciones de mejora para el Aeropuerto de Tamu\u00edn se concretar\u00e1n en el a\u00f1o 2026. \u201cS\u00ed, por lo que me dice el gobernador se va a concretar en el [&hellip;]","og_url":"https:\/\/canal7slp.tv\/2025\/en-2026-arrancara-ampliacion-del-aeropuerto-de-tamuin-secretaria-de-turismo-federal\/","og_site_name":"Canal 7 SLP - 2025","article_publisher":"https:\/\/www.facebook.com\/noticieroscanal7atencionciudadana\/","article_published_time":"2025-08-28T07:24:56+00:00","og_image":[{"width":1166,"height":661,"url":"https:\/\/canal7slp.tv\/2025\/wp-content\/uploads\/2025\/08\/2792d4ef-bcbe-4ac8-b192-b703575dcf61.jpeg","type":"image\/jpeg"}],"author":"admin","twitter_card":"summary_large_image","twitter_creator":"@NOTICIEROS7","twitter_site":"@NOTICIEROS7","twitter_misc":{"Escrito por":"admin","Tiempo de lectura":"2 minutos"},"schema":{"@context":"https:\/\/schema.org","@graph":[{"@type":"Article","@id":"https:\/\/canal7slp.tv\/2025\/en-2026-arrancara-ampliacion-del-aeropuerto-de-tamuin-secretaria-de-turismo-federal\/#article","isPartOf":{"@id":"https:\/\/canal7slp.tv\/2025\/en-2026-arrancara-ampliacion-del-aeropuerto-de-tamuin-secretaria-de-turismo-federal\/"},"author":{"name":"admin","@id":"https:\/\/canal7slp.tv\/2025\/#\/schema\/person\/1257e7e4a3d5ac29c4732733a887970d"},"headline":"En 2026, arrancar\u00e1 ampliaci\u00f3n del Aeropuerto de Tamu\u00edn: Secretar\u00eda de Turismo Federal","datePublished":"2025-08-28T07:24:56+00:00","mainEntityOfPage":{"@id":"https:\/\/canal7slp.tv\/2025\/en-2026-arrancara-ampliacion-del-aeropuerto-de-tamuin-secretaria-de-turismo-federal\/"},"wordCount":266,"publisher":{"@id":"https:\/\/canal7slp.tv\/2025\/#organization"},"image":{"@id":"https:\/\/canal7slp.tv\/2025\/en-2026-arrancara-ampliacion-del-aeropuerto-de-tamuin-secretaria-de-turismo-federal\/#primaryimage"},"thumbnailUrl":"https:\/\/canal7slp.tv\/2025\/wp-content\/uploads\/2025\/08\/2792d4ef-bcbe-4ac8-b192-b703575dcf61.jpeg","articleSection":["LOCALES Y REGIONALES"],"inLanguage":"es"},{"@type":"WebPage","@id":"https:\/\/canal7slp.tv\/2025\/en-2026-arrancara-ampliacion-del-aeropuerto-de-tamuin-secretaria-de-turismo-federal\/","url":"https:\/\/canal7slp.tv\/2025\/en-2026-arrancara-ampliacion-del-aeropuerto-de-tamuin-secretaria-de-turismo-federal\/","name":"En 2026, arrancar\u00e1 ampliaci\u00f3n del Aeropuerto de Tamu\u00edn: Secretar\u00eda de Turismo Federal - Canal 7 SLP - 2025","isPartOf":{"@id":"https:\/\/canal7slp.tv\/2025\/#website"},"primaryImageOfPage":{"@id":"https:\/\/canal7slp.tv\/2025\/en-2026-arrancara-ampliacion-del-aeropuerto-de-tamuin-secretaria-de-turismo-federal\/#primaryimage"},"image":{"@id":"https:\/\/canal7slp.tv\/2025\/en-2026-arrancara-ampliacion-del-aeropuerto-de-tamuin-secretaria-de-turismo-federal\/#primaryimage"},"thumbnailUrl":"https:\/\/canal7slp.tv\/2025\/wp-content\/uploads\/2025\/08\/2792d4ef-bcbe-4ac8-b192-b703575dcf61.jpeg","datePublished":"2025-08-28T07:24:56+00:00","breadcrumb":{"@id":"https:\/\/canal7slp.tv\/2025\/en-2026-arrancara-ampliacion-del-aeropuerto-de-tamuin-secretaria-de-turismo-federal\/#breadcrumb"},"inLanguage":"es","potentialAction":[{"@type":"ReadAction","target":["https:\/\/canal7slp.tv\/2025\/en-2026-arrancara-ampliacion-del-aeropuerto-de-tamuin-secretaria-de-turismo-federal\/"]}]},{"@type":"ImageObject","inLanguage":"es","@id":"https:\/\/canal7slp.tv\/2025\/en-2026-arrancara-ampliacion-del-aeropuerto-de-tamuin-secretaria-de-turismo-federal\/#primaryimage","url":"https:\/\/canal7slp.tv\/2025\/wp-content\/uploads\/2025\/08\/2792d4ef-bcbe-4ac8-b192-b703575dcf61.jpeg","contentUrl":"https:\/\/canal7slp.tv\/2025\/wp-content\/uploads\/2025\/08\/2792d4ef-bcbe-4ac8-b192-b703575dcf61.jpeg","width":1166,"height":661},{"@type":"BreadcrumbList","@id":"https:\/\/canal7slp.tv\/2025\/en-2026-arrancara-ampliacion-del-aeropuerto-de-tamuin-secretaria-de-turismo-federal\/#breadcrumb","itemListElement":[{"@type":"ListItem","position":1,"name":"Portada","item":"https:\/\/canal7slp.tv\/2025\/"},{"@type":"ListItem","position":2,"name":"En 2026, arrancar\u00e1 ampliaci\u00f3n del Aeropuerto de Tamu\u00edn: Secretar\u00eda de Turismo Federal"}]},{"@type":"WebSite","@id":"https:\/\/canal7slp.tv\/2025\/#website","url":"https:\/\/canal7slp.tv\/2025\/","name":"N7 - Noticieros Canal 7","description":"Somos el Medio","publisher":{"@id":"https:\/\/canal7slp.tv\/2025\/#organization"},"potentialAction":[{"@type":"SearchAction","target":{"@type":"EntryPoint","urlTemplate":"https:\/\/canal7slp.tv\/2025\/?s={search_term_string}"},"query-input":{"@type":"PropertyValueSpecification","valueRequired":true,"valueName":"search_term_string"}}],"inLanguage":"es"},{"@type":"Organization","@id":"https:\/\/canal7slp.tv\/2025\/#organization","name":"Noticieros Canal 7","url":"https:\/\/canal7slp.tv\/2025\/","logo":{"@type":"ImageObject","inLanguage":"es","@id":"https:\/\/canal7slp.tv\/2025\/#\/schema\/logo\/image\/","url":"https:\/\/canal7slp.tv\/2025\/wp-content\/uploads\/2021\/01\/logo-noticieros@2x.png","contentUrl":"https:\/\/canal7slp.tv\/2025\/wp-content\/uploads\/2021\/01\/logo-noticieros@2x.png","width":1017,"height":268,"caption":"Noticieros Canal 7"},"image":{"@id":"https:\/\/canal7slp.tv\/2025\/#\/schema\/logo\/image\/"},"sameAs":["https:\/\/www.facebook.com\/noticieroscanal7atencionciudadana\/","https:\/\/x.com\/NOTICIEROS7","https:\/\/www.instagram.com\/canal7_slp","https:\/\/www.youtube.com\/channel\/UCliiYs-gP3JfJeqdPrNdd5A"]},{"@type":"Person","@id":"https:\/\/canal7slp.tv\/2025\/#\/schema\/person\/1257e7e4a3d5ac29c4732733a887970d","name":"admin","image":{"@type":"ImageObject","inLanguage":"es","@id":"https:\/\/secure.gravatar.com\/avatar\/d1da498ea933582ecc2b5d72a4eac16ec41c3ec04cf2dc9d46e0b557dedfd5ff?s=96&d=mm&r=g","url":"https:\/\/secure.gravatar.com\/avatar\/d1da498ea933582ecc2b5d72a4eac16ec41c3ec04cf2dc9d46e0b557dedfd5ff?s=96&d=mm&r=g","contentUrl":"https:\/\/secure.gravatar.com\/avatar\/d1da498ea933582ecc2b5d72a4eac16ec41c3ec04cf2dc9d46e0b557dedfd5ff?s=96&d=mm&r=g","caption":"admin"},"sameAs":["https:\/\/canal7slp.tv\/2025"],"url":"https:\/\/canal7slp.tv\/2025\/author\/bicefalo\/"}]}},"_links":{"self":[{"href":"https:\/\/canal7slp.tv\/2025\/wp-json\/wp\/v2\/posts\/177826","targetHints":{"allow":["GET"]}}],"collection":[{"href":"https:\/\/canal7slp.tv\/2025\/wp-json\/wp\/v2\/posts"}],"about":[{"href":"https:\/\/canal7slp.tv\/2025\/wp-json\/wp\/v2\/types\/post"}],"author":[{"embeddable":true,"href":"https:\/\/canal7slp.tv\/2025\/wp-json\/wp\/v2\/users\/1"}],"replies":[{"embeddable":true,"href":"https:\/\/canal7slp.tv\/2025\/wp-json\/wp\/v2\/comments?post=177826"}],"version-history":[{"count":1,"href":"https:\/\/canal7slp.tv\/2025\/wp-json\/wp\/v2\/posts\/177826\/revisions"}],"predecessor-version":[{"id":177828,"href":"https:\/\/canal7slp.tv\/2025\/wp-json\/wp\/v2\/posts\/177826\/revisions\/177828"}],"wp:featuredmedia":[{"embeddable":true,"href":"https:\/\/canal7slp.tv\/2025\/wp-json\/wp\/v2\/media\/177827"}],"wp:attachment":[{"href":"https:\/\/canal7slp.tv\/2025\/wp-json\/wp\/v2\/media?parent=177826"}],"wp:term":[{"taxonomy":"category","embeddable":true,"href":"https:\/\/canal7slp.tv\/2025\/wp-json\/wp\/v2\/categories?post=177826"},{"taxonomy":"post_tag","embeddable":true,"href":"https:\/\/canal7slp.tv\/2025\/wp-json\/wp\/v2\/tags?post=177826"}],"curies":[{"name":"wp","href":"https:\/\/api.w.org\/{rel}","templated":true}]}}