{"id":177819,"date":"2025-08-27T17:35:57","date_gmt":"2025-08-27T23:35:57","guid":{"rendered":"https:\/\/canal7slp.tv\/2025\/?p=177819"},"modified":"2025-08-27T17:35:57","modified_gmt":"2025-08-27T23:35:57","slug":"detenidas-iniciativas-de-la-comunidad-lgbt-advierten-activistas","status":"publish","type":"post","link":"https:\/\/canal7slp.tv\/2025\/detenidas-iniciativas-de-la-comunidad-lgbt-advierten-activistas\/","title":{"rendered":"Detenidas, iniciativas de la comunidad LGBT+, advierten activistas"},"content":{"rendered":"<p style=\"text-align: justify;\">\u201cTristemente no hay nada, tenemos 4 a\u00f1os que est\u00e1n detenidas las iniciativas, tenemos 4 a\u00f1os que no hemos avanzado en el reconocimiento de derechos, tenemos 4 a\u00f1os que tristemente no est\u00e1 el v\u00ednculo con el gobierno\u201d, expres\u00f3.<\/p>\n<p style=\"text-align: justify;\">Record\u00f3 que se han buscado canales de comunicaci\u00f3n con las autoridades, sin que hasta el momento exista una respuesta efectiva.<\/p>\n<p style=\"text-align: justify;\">\u201cNo estamos buscando pleito, eh, estamos en la mejor disposici\u00f3n de dialogar de trabajar en conjunto como se tiene que hacer porque tienen que estar con la ciudadan\u00eda\u201d, se\u00f1al\u00f3.<\/p>\n<p style=\"text-align: justify;\">Agreg\u00f3 que incluso se han realizado reuniones e invitaciones para actividades en distintos espacios, pero nunca con la presencia de representantes gubernamentales pese a ser invitados.<\/p>\n<p style=\"text-align: justify;\">Portillo tambi\u00e9n record\u00f3 que en campa\u00f1a se hicieron compromisos con el sector, mismos que hasta ahora no han sido cumplidos.<\/p>\n<p style=\"text-align: justify;\">\u201cHace 4 a\u00f1os cuando estaba en campa\u00f1a dijo que se iban a avanzar en pol\u00edticas y no hay nada, entonces, de qu\u00e9 di\u00e1logo nos habla, si queremos ser muy puntuales en eso, y las palabras y el que queramos esconder, el que no reconozca que es una violencia simb\u00f3lica tambi\u00e9n nos afecta\u201d, subray\u00f3.<\/p>\n","protected":false},"excerpt":{"rendered":"<p>\u201cTristemente no hay nada, tenemos 4 a\u00f1os que est\u00e1n detenidas las iniciativas, tenemos 4 a\u00f1os que no hemos avanzado en el reconocimiento de derechos, tenemos 4 a\u00f1os que tristemente no est\u00e1 el v\u00ednculo con el gobierno\u201d, expres\u00f3. Record\u00f3 que se han buscado canales de comunicaci\u00f3n con las autoridades, sin que hasta el momento exista una respuesta efectiva. \u201cNo estamos buscando pleito, eh, estamos en la mejor disposici\u00f3n de dialogar de trabajar en conjunto como se tiene que hacer porque tienen que estar con la ciudadan\u00eda\u201d, se\u00f1al\u00f3. Agreg\u00f3 que incluso se han realizado reuniones e invitaciones para actividades en distintos espacios, [&hellip;]<\/p>\n","protected":false},"author":1,"featured_media":177821,"comment_status":"closed","ping_status":"closed","sticky":false,"template":"","format":"video","meta":{"_monsterinsights_skip_tracking":false,"_monsterinsights_sitenote_active":false,"_monsterinsights_sitenote_note":"","_monsterinsights_sitenote_category":0,"footnotes":""},"categories":[5,45],"tags":[],"class_list":["post-177819","post","type-post","status-publish","format-video","has-post-thumbnail","hentry","category-destacadas","category-localesyregionales","post_format-post-format-video","post--single"],"yoast_head":"<!-- This site is optimized with the Yoast SEO plugin v27.5 - https:\/\/yoast.com\/product\/yoast-seo-wordpress\/ -->\n<title>Detenidas, iniciativas de la comunidad LGBT+, advierten activistas - Canal 7 SLP - 2025<\/title>\n<meta name=\"robots\" content=\"index, follow, max-snippet:-1, max-image-preview:large, max-video-preview:-1\" \/>\n<link rel=\"canonical\" href=\"https:\/\/canal7slp.tv\/2025\/detenidas-iniciativas-de-la-comunidad-lgbt-advierten-activistas\/\" \/>\n<meta property=\"og:locale\" content=\"es_ES\" \/>\n<meta property=\"og:type\" content=\"article\" \/>\n<meta property=\"og:title\" content=\"Detenidas, iniciativas de la comunidad LGBT+, advierten activistas - Canal 7 SLP - 2025\" \/>\n<meta property=\"og:description\" content=\"\u201cTristemente no hay nada, tenemos 4 a\u00f1os que est\u00e1n detenidas las iniciativas, tenemos 4 a\u00f1os que no hemos avanzado en el reconocimiento de derechos, tenemos 4 a\u00f1os que tristemente no est\u00e1 el v\u00ednculo con el gobierno\u201d, expres\u00f3. Record\u00f3 que se han buscado canales de comunicaci\u00f3n con las autoridades, sin que hasta el momento exista una respuesta efectiva. \u201cNo estamos buscando pleito, eh, estamos en la mejor disposici\u00f3n de dialogar de trabajar en conjunto como se tiene que hacer porque tienen que estar con la ciudadan\u00eda\u201d, se\u00f1al\u00f3. Agreg\u00f3 que incluso se han realizado reuniones e invitaciones para actividades en distintos espacios, [&hellip;]\" \/>\n<meta property=\"og:url\" content=\"https:\/\/canal7slp.tv\/2025\/detenidas-iniciativas-de-la-comunidad-lgbt-advierten-activistas\/\" \/>\n<meta property=\"og:site_name\" content=\"Canal 7 SLP - 2025\" \/>\n<meta property=\"article:publisher\" content=\"https:\/\/www.facebook.com\/noticieroscanal7atencionciudadana\/\" \/>\n<meta property=\"article:published_time\" content=\"2025-08-27T23:35:57+00:00\" \/>\n<meta property=\"og:image\" content=\"https:\/\/canal7slp.tv\/2025\/wp-content\/uploads\/2025\/08\/40672907-c054-425f-83e6-f513b2acf19b.jpeg\" \/>\n\t<meta property=\"og:image:width\" content=\"1105\" \/>\n\t<meta property=\"og:image:height\" content=\"604\" \/>\n\t<meta property=\"og:image:type\" content=\"image\/jpeg\" \/>\n<meta name=\"author\" content=\"admin\" \/>\n<meta name=\"twitter:card\" content=\"summary_large_image\" \/>\n<meta name=\"twitter:creator\" content=\"@NOTICIEROS7\" \/>\n<meta name=\"twitter:site\" content=\"@NOTICIEROS7\" \/>\n<meta name=\"twitter:label1\" content=\"Escrito por\" \/>\n\t<meta name=\"twitter:data1\" content=\"admin\" \/>\n\t<meta name=\"twitter:label2\" content=\"Tiempo de lectura\" \/>\n\t<meta name=\"twitter:data2\" content=\"2 minutos\" \/>\n<script type=\"application\/ld+json\" class=\"yoast-schema-graph\">{\"@context\":\"https:\\\/\\\/schema.org\",\"@graph\":[{\"@type\":\"Article\",\"@id\":\"https:\\\/\\\/canal7slp.tv\\\/2025\\\/detenidas-iniciativas-de-la-comunidad-lgbt-advierten-activistas\\\/#article\",\"isPartOf\":{\"@id\":\"https:\\\/\\\/canal7slp.tv\\\/2025\\\/detenidas-iniciativas-de-la-comunidad-lgbt-advierten-activistas\\\/\"},\"author\":{\"name\":\"admin\",\"@id\":\"https:\\\/\\\/canal7slp.tv\\\/2025\\\/#\\\/schema\\\/person\\\/1257e7e4a3d5ac29c4732733a887970d\"},\"headline\":\"Detenidas, iniciativas de la comunidad LGBT+, advierten activistas\",\"datePublished\":\"2025-08-27T23:35:57+00:00\",\"mainEntityOfPage\":{\"@id\":\"https:\\\/\\\/canal7slp.tv\\\/2025\\\/detenidas-iniciativas-de-la-comunidad-lgbt-advierten-activistas\\\/\"},\"wordCount\":206,\"publisher\":{\"@id\":\"https:\\\/\\\/canal7slp.tv\\\/2025\\\/#organization\"},\"image\":{\"@id\":\"https:\\\/\\\/canal7slp.tv\\\/2025\\\/detenidas-iniciativas-de-la-comunidad-lgbt-advierten-activistas\\\/#primaryimage\"},\"thumbnailUrl\":\"https:\\\/\\\/canal7slp.tv\\\/2025\\\/wp-content\\\/uploads\\\/2025\\\/08\\\/40672907-c054-425f-83e6-f513b2acf19b.jpeg\",\"articleSection\":[\"DESTACADAS\",\"LOCALES Y REGIONALES\"],\"inLanguage\":\"es\"},{\"@type\":\"WebPage\",\"@id\":\"https:\\\/\\\/canal7slp.tv\\\/2025\\\/detenidas-iniciativas-de-la-comunidad-lgbt-advierten-activistas\\\/\",\"url\":\"https:\\\/\\\/canal7slp.tv\\\/2025\\\/detenidas-iniciativas-de-la-comunidad-lgbt-advierten-activistas\\\/\",\"name\":\"Detenidas, iniciativas de la comunidad LGBT+, advierten activistas - Canal 7 SLP - 2025\",\"isPartOf\":{\"@id\":\"https:\\\/\\\/canal7slp.tv\\\/2025\\\/#website\"},\"primaryImageOfPage\":{\"@id\":\"https:\\\/\\\/canal7slp.tv\\\/2025\\\/detenidas-iniciativas-de-la-comunidad-lgbt-advierten-activistas\\\/#primaryimage\"},\"image\":{\"@id\":\"https:\\\/\\\/canal7slp.tv\\\/2025\\\/detenidas-iniciativas-de-la-comunidad-lgbt-advierten-activistas\\\/#primaryimage\"},\"thumbnailUrl\":\"https:\\\/\\\/canal7slp.tv\\\/2025\\\/wp-content\\\/uploads\\\/2025\\\/08\\\/40672907-c054-425f-83e6-f513b2acf19b.jpeg\",\"datePublished\":\"2025-08-27T23:35:57+00:00\",\"breadcrumb\":{\"@id\":\"https:\\\/\\\/canal7slp.tv\\\/2025\\\/detenidas-iniciativas-de-la-comunidad-lgbt-advierten-activistas\\\/#breadcrumb\"},\"inLanguage\":\"es\",\"potentialAction\":[{\"@type\":\"ReadAction\",\"target\":[\"https:\\\/\\\/canal7slp.tv\\\/2025\\\/detenidas-iniciativas-de-la-comunidad-lgbt-advierten-activistas\\\/\"]}]},{\"@type\":\"ImageObject\",\"inLanguage\":\"es\",\"@id\":\"https:\\\/\\\/canal7slp.tv\\\/2025\\\/detenidas-iniciativas-de-la-comunidad-lgbt-advierten-activistas\\\/#primaryimage\",\"url\":\"https:\\\/\\\/canal7slp.tv\\\/2025\\\/wp-content\\\/uploads\\\/2025\\\/08\\\/40672907-c054-425f-83e6-f513b2acf19b.jpeg\",\"contentUrl\":\"https:\\\/\\\/canal7slp.tv\\\/2025\\\/wp-content\\\/uploads\\\/2025\\\/08\\\/40672907-c054-425f-83e6-f513b2acf19b.jpeg\",\"width\":1105,\"height\":604},{\"@type\":\"BreadcrumbList\",\"@id\":\"https:\\\/\\\/canal7slp.tv\\\/2025\\\/detenidas-iniciativas-de-la-comunidad-lgbt-advierten-activistas\\\/#breadcrumb\",\"itemListElement\":[{\"@type\":\"ListItem\",\"position\":1,\"name\":\"Portada\",\"item\":\"https:\\\/\\\/canal7slp.tv\\\/2025\\\/\"},{\"@type\":\"ListItem\",\"position\":2,\"name\":\"Detenidas, iniciativas de la comunidad LGBT+, advierten activistas\"}]},{\"@type\":\"WebSite\",\"@id\":\"https:\\\/\\\/canal7slp.tv\\\/2025\\\/#website\",\"url\":\"https:\\\/\\\/canal7slp.tv\\\/2025\\\/\",\"name\":\"N7 - Noticieros Canal 7\",\"description\":\"Somos el Medio\",\"publisher\":{\"@id\":\"https:\\\/\\\/canal7slp.tv\\\/2025\\\/#organization\"},\"potentialAction\":[{\"@type\":\"SearchAction\",\"target\":{\"@type\":\"EntryPoint\",\"urlTemplate\":\"https:\\\/\\\/canal7slp.tv\\\/2025\\\/?s={search_term_string}\"},\"query-input\":{\"@type\":\"PropertyValueSpecification\",\"valueRequired\":true,\"valueName\":\"search_term_string\"}}],\"inLanguage\":\"es\"},{\"@type\":\"Organization\",\"@id\":\"https:\\\/\\\/canal7slp.tv\\\/2025\\\/#organization\",\"name\":\"Noticieros Canal 7\",\"url\":\"https:\\\/\\\/canal7slp.tv\\\/2025\\\/\",\"logo\":{\"@type\":\"ImageObject\",\"inLanguage\":\"es\",\"@id\":\"https:\\\/\\\/canal7slp.tv\\\/2025\\\/#\\\/schema\\\/logo\\\/image\\\/\",\"url\":\"https:\\\/\\\/canal7slp.tv\\\/2025\\\/wp-content\\\/uploads\\\/2021\\\/01\\\/logo-noticieros@2x.png\",\"contentUrl\":\"https:\\\/\\\/canal7slp.tv\\\/2025\\\/wp-content\\\/uploads\\\/2021\\\/01\\\/logo-noticieros@2x.png\",\"width\":1017,\"height\":268,\"caption\":\"Noticieros Canal 7\"},\"image\":{\"@id\":\"https:\\\/\\\/canal7slp.tv\\\/2025\\\/#\\\/schema\\\/logo\\\/image\\\/\"},\"sameAs\":[\"https:\\\/\\\/www.facebook.com\\\/noticieroscanal7atencionciudadana\\\/\",\"https:\\\/\\\/x.com\\\/NOTICIEROS7\",\"https:\\\/\\\/www.instagram.com\\\/canal7_slp\",\"https:\\\/\\\/www.youtube.com\\\/channel\\\/UCliiYs-gP3JfJeqdPrNdd5A\"]},{\"@type\":\"Person\",\"@id\":\"https:\\\/\\\/canal7slp.tv\\\/2025\\\/#\\\/schema\\\/person\\\/1257e7e4a3d5ac29c4732733a887970d\",\"name\":\"admin\",\"image\":{\"@type\":\"ImageObject\",\"inLanguage\":\"es\",\"@id\":\"https:\\\/\\\/secure.gravatar.com\\\/avatar\\\/d1da498ea933582ecc2b5d72a4eac16ec41c3ec04cf2dc9d46e0b557dedfd5ff?s=96&d=mm&r=g\",\"url\":\"https:\\\/\\\/secure.gravatar.com\\\/avatar\\\/d1da498ea933582ecc2b5d72a4eac16ec41c3ec04cf2dc9d46e0b557dedfd5ff?s=96&d=mm&r=g\",\"contentUrl\":\"https:\\\/\\\/secure.gravatar.com\\\/avatar\\\/d1da498ea933582ecc2b5d72a4eac16ec41c3ec04cf2dc9d46e0b557dedfd5ff?s=96&d=mm&r=g\",\"caption\":\"admin\"},\"sameAs\":[\"https:\\\/\\\/canal7slp.tv\\\/2025\"],\"url\":\"https:\\\/\\\/canal7slp.tv\\\/2025\\\/author\\\/bicefalo\\\/\"}]}<\/script>\n<!-- \/ Yoast SEO plugin. -->","yoast_head_json":{"title":"Detenidas, iniciativas de la comunidad LGBT+, advierten activistas - Canal 7 SLP - 2025","robots":{"index":"index","follow":"follow","max-snippet":"max-snippet:-1","max-image-preview":"max-image-preview:large","max-video-preview":"max-video-preview:-1"},"canonical":"https:\/\/canal7slp.tv\/2025\/detenidas-iniciativas-de-la-comunidad-lgbt-advierten-activistas\/","og_locale":"es_ES","og_type":"article","og_title":"Detenidas, iniciativas de la comunidad LGBT+, advierten activistas - Canal 7 SLP - 2025","og_description":"\u201cTristemente no hay nada, tenemos 4 a\u00f1os que est\u00e1n detenidas las iniciativas, tenemos 4 a\u00f1os que no hemos avanzado en el reconocimiento de derechos, tenemos 4 a\u00f1os que tristemente no est\u00e1 el v\u00ednculo con el gobierno\u201d, expres\u00f3. Record\u00f3 que se han buscado canales de comunicaci\u00f3n con las autoridades, sin que hasta el momento exista una respuesta efectiva. \u201cNo estamos buscando pleito, eh, estamos en la mejor disposici\u00f3n de dialogar de trabajar en conjunto como se tiene que hacer porque tienen que estar con la ciudadan\u00eda\u201d, se\u00f1al\u00f3. Agreg\u00f3 que incluso se han realizado reuniones e invitaciones para actividades en distintos espacios, [&hellip;]","og_url":"https:\/\/canal7slp.tv\/2025\/detenidas-iniciativas-de-la-comunidad-lgbt-advierten-activistas\/","og_site_name":"Canal 7 SLP - 2025","article_publisher":"https:\/\/www.facebook.com\/noticieroscanal7atencionciudadana\/","article_published_time":"2025-08-27T23:35:57+00:00","og_image":[{"width":1105,"height":604,"url":"https:\/\/canal7slp.tv\/2025\/wp-content\/uploads\/2025\/08\/40672907-c054-425f-83e6-f513b2acf19b.jpeg","type":"image\/jpeg"}],"author":"admin","twitter_card":"summary_large_image","twitter_creator":"@NOTICIEROS7","twitter_site":"@NOTICIEROS7","twitter_misc":{"Escrito por":"admin","Tiempo de lectura":"2 minutos"},"schema":{"@context":"https:\/\/schema.org","@graph":[{"@type":"Article","@id":"https:\/\/canal7slp.tv\/2025\/detenidas-iniciativas-de-la-comunidad-lgbt-advierten-activistas\/#article","isPartOf":{"@id":"https:\/\/canal7slp.tv\/2025\/detenidas-iniciativas-de-la-comunidad-lgbt-advierten-activistas\/"},"author":{"name":"admin","@id":"https:\/\/canal7slp.tv\/2025\/#\/schema\/person\/1257e7e4a3d5ac29c4732733a887970d"},"headline":"Detenidas, iniciativas de la comunidad LGBT+, advierten activistas","datePublished":"2025-08-27T23:35:57+00:00","mainEntityOfPage":{"@id":"https:\/\/canal7slp.tv\/2025\/detenidas-iniciativas-de-la-comunidad-lgbt-advierten-activistas\/"},"wordCount":206,"publisher":{"@id":"https:\/\/canal7slp.tv\/2025\/#organization"},"image":{"@id":"https:\/\/canal7slp.tv\/2025\/detenidas-iniciativas-de-la-comunidad-lgbt-advierten-activistas\/#primaryimage"},"thumbnailUrl":"https:\/\/canal7slp.tv\/2025\/wp-content\/uploads\/2025\/08\/40672907-c054-425f-83e6-f513b2acf19b.jpeg","articleSection":["DESTACADAS","LOCALES Y REGIONALES"],"inLanguage":"es"},{"@type":"WebPage","@id":"https:\/\/canal7slp.tv\/2025\/detenidas-iniciativas-de-la-comunidad-lgbt-advierten-activistas\/","url":"https:\/\/canal7slp.tv\/2025\/detenidas-iniciativas-de-la-comunidad-lgbt-advierten-activistas\/","name":"Detenidas, iniciativas de la comunidad LGBT+, advierten activistas - Canal 7 SLP - 2025","isPartOf":{"@id":"https:\/\/canal7slp.tv\/2025\/#website"},"primaryImageOfPage":{"@id":"https:\/\/canal7slp.tv\/2025\/detenidas-iniciativas-de-la-comunidad-lgbt-advierten-activistas\/#primaryimage"},"image":{"@id":"https:\/\/canal7slp.tv\/2025\/detenidas-iniciativas-de-la-comunidad-lgbt-advierten-activistas\/#primaryimage"},"thumbnailUrl":"https:\/\/canal7slp.tv\/2025\/wp-content\/uploads\/2025\/08\/40672907-c054-425f-83e6-f513b2acf19b.jpeg","datePublished":"2025-08-27T23:35:57+00:00","breadcrumb":{"@id":"https:\/\/canal7slp.tv\/2025\/detenidas-iniciativas-de-la-comunidad-lgbt-advierten-activistas\/#breadcrumb"},"inLanguage":"es","potentialAction":[{"@type":"ReadAction","target":["https:\/\/canal7slp.tv\/2025\/detenidas-iniciativas-de-la-comunidad-lgbt-advierten-activistas\/"]}]},{"@type":"ImageObject","inLanguage":"es","@id":"https:\/\/canal7slp.tv\/2025\/detenidas-iniciativas-de-la-comunidad-lgbt-advierten-activistas\/#primaryimage","url":"https:\/\/canal7slp.tv\/2025\/wp-content\/uploads\/2025\/08\/40672907-c054-425f-83e6-f513b2acf19b.jpeg","contentUrl":"https:\/\/canal7slp.tv\/2025\/wp-content\/uploads\/2025\/08\/40672907-c054-425f-83e6-f513b2acf19b.jpeg","width":1105,"height":604},{"@type":"BreadcrumbList","@id":"https:\/\/canal7slp.tv\/2025\/detenidas-iniciativas-de-la-comunidad-lgbt-advierten-activistas\/#breadcrumb","itemListElement":[{"@type":"ListItem","position":1,"name":"Portada","item":"https:\/\/canal7slp.tv\/2025\/"},{"@type":"ListItem","position":2,"name":"Detenidas, iniciativas de la comunidad LGBT+, advierten activistas"}]},{"@type":"WebSite","@id":"https:\/\/canal7slp.tv\/2025\/#website","url":"https:\/\/canal7slp.tv\/2025\/","name":"N7 - Noticieros Canal 7","description":"Somos el Medio","publisher":{"@id":"https:\/\/canal7slp.tv\/2025\/#organization"},"potentialAction":[{"@type":"SearchAction","target":{"@type":"EntryPoint","urlTemplate":"https:\/\/canal7slp.tv\/2025\/?s={search_term_string}"},"query-input":{"@type":"PropertyValueSpecification","valueRequired":true,"valueName":"search_term_string"}}],"inLanguage":"es"},{"@type":"Organization","@id":"https:\/\/canal7slp.tv\/2025\/#organization","name":"Noticieros Canal 7","url":"https:\/\/canal7slp.tv\/2025\/","logo":{"@type":"ImageObject","inLanguage":"es","@id":"https:\/\/canal7slp.tv\/2025\/#\/schema\/logo\/image\/","url":"https:\/\/canal7slp.tv\/2025\/wp-content\/uploads\/2021\/01\/logo-noticieros@2x.png","contentUrl":"https:\/\/canal7slp.tv\/2025\/wp-content\/uploads\/2021\/01\/logo-noticieros@2x.png","width":1017,"height":268,"caption":"Noticieros Canal 7"},"image":{"@id":"https:\/\/canal7slp.tv\/2025\/#\/schema\/logo\/image\/"},"sameAs":["https:\/\/www.facebook.com\/noticieroscanal7atencionciudadana\/","https:\/\/x.com\/NOTICIEROS7","https:\/\/www.instagram.com\/canal7_slp","https:\/\/www.youtube.com\/channel\/UCliiYs-gP3JfJeqdPrNdd5A"]},{"@type":"Person","@id":"https:\/\/canal7slp.tv\/2025\/#\/schema\/person\/1257e7e4a3d5ac29c4732733a887970d","name":"admin","image":{"@type":"ImageObject","inLanguage":"es","@id":"https:\/\/secure.gravatar.com\/avatar\/d1da498ea933582ecc2b5d72a4eac16ec41c3ec04cf2dc9d46e0b557dedfd5ff?s=96&d=mm&r=g","url":"https:\/\/secure.gravatar.com\/avatar\/d1da498ea933582ecc2b5d72a4eac16ec41c3ec04cf2dc9d46e0b557dedfd5ff?s=96&d=mm&r=g","contentUrl":"https:\/\/secure.gravatar.com\/avatar\/d1da498ea933582ecc2b5d72a4eac16ec41c3ec04cf2dc9d46e0b557dedfd5ff?s=96&d=mm&r=g","caption":"admin"},"sameAs":["https:\/\/canal7slp.tv\/2025"],"url":"https:\/\/canal7slp.tv\/2025\/author\/bicefalo\/"}]}},"_links":{"self":[{"href":"https:\/\/canal7slp.tv\/2025\/wp-json\/wp\/v2\/posts\/177819","targetHints":{"allow":["GET"]}}],"collection":[{"href":"https:\/\/canal7slp.tv\/2025\/wp-json\/wp\/v2\/posts"}],"about":[{"href":"https:\/\/canal7slp.tv\/2025\/wp-json\/wp\/v2\/types\/post"}],"author":[{"embeddable":true,"href":"https:\/\/canal7slp.tv\/2025\/wp-json\/wp\/v2\/users\/1"}],"replies":[{"embeddable":true,"href":"https:\/\/canal7slp.tv\/2025\/wp-json\/wp\/v2\/comments?post=177819"}],"version-history":[{"count":1,"href":"https:\/\/canal7slp.tv\/2025\/wp-json\/wp\/v2\/posts\/177819\/revisions"}],"predecessor-version":[{"id":177822,"href":"https:\/\/canal7slp.tv\/2025\/wp-json\/wp\/v2\/posts\/177819\/revisions\/177822"}],"wp:featuredmedia":[{"embeddable":true,"href":"https:\/\/canal7slp.tv\/2025\/wp-json\/wp\/v2\/media\/177821"}],"wp:attachment":[{"href":"https:\/\/canal7slp.tv\/2025\/wp-json\/wp\/v2\/media?parent=177819"}],"wp:term":[{"taxonomy":"category","embeddable":true,"href":"https:\/\/canal7slp.tv\/2025\/wp-json\/wp\/v2\/categories?post=177819"},{"taxonomy":"post_tag","embeddable":true,"href":"https:\/\/canal7slp.tv\/2025\/wp-json\/wp\/v2\/tags?post=177819"}],"curies":[{"name":"wp","href":"https:\/\/api.w.org\/{rel}","templated":true}]}}