{"id":177815,"date":"2025-08-27T17:30:27","date_gmt":"2025-08-27T23:30:27","guid":{"rendered":"https:\/\/canal7slp.tv\/2025\/?p=177815"},"modified":"2025-08-27T17:30:27","modified_gmt":"2025-08-27T23:30:27","slug":"nosotros-no-estamos-en-numeros-rojos-senala-gobernador-respecto-alertas-de-viaje-que-incluyen-a-slp","status":"publish","type":"post","link":"https:\/\/canal7slp.tv\/2025\/nosotros-no-estamos-en-numeros-rojos-senala-gobernador-respecto-alertas-de-viaje-que-incluyen-a-slp\/","title":{"rendered":"Nosotros no estamos en n\u00fameros rojos\u00bb, se\u00f1ala gobernador respecto alertas de viaje que incluyen a SLP"},"content":{"rendered":"<p style=\"text-align: justify;\">El gobernador de San Luis Potos\u00ed, Ricardo Gallardo Cardona, rest\u00f3 importancia a la alerta emitida por el gobierno de Estados Unidos respecto a viajes a diversas entidades del pa\u00eds, entre ellas la potosina, y asegur\u00f3 que la entidad no enfrenta la misma situaci\u00f3n de riesgo que otras regiones.<\/p>\n<p style=\"text-align: justify;\">\u201cNosotros no estamos en n\u00fameros rojos como est\u00e1n otros estados&#8230; A final de cuentas somos muy respetuosos de los sem\u00e1foros de los americanos, ellos sabr\u00e1n por qu\u00e9 lo hacen, nosotros simplemente estamos trabajando\u201d, declar\u00f3.<\/p>\n<p style=\"text-align: justify;\">Afirm\u00f3 que la seguridad en San Luis Potos\u00ed ha permitido el incremento de inversiones y el fortalecimiento de la actividad tur\u00edstica, al cuestionarle si se ha registrado alguna repercusi\u00f3n.<\/p>\n<p style=\"text-align: justify;\">\u201cPara nada, no hemos tenido ninguna, hemos estado multiplicando las inversiones, hemos estado avanzando en turismo, en la feria incluso, no tenemos ning\u00fan problema\u201d, puntualiz\u00f3.<\/p>\n<p style=\"text-align: justify;\">Gallardo Cardona sostuvo que los se\u00f1alamientos del gobierno estadounidense forman parte de una percepci\u00f3n general hacia M\u00e9xico, mientras que la realidad en la entidad refleja otro escenario.<\/p>\n<p style=\"text-align: justify;\">\u201cEsto nos ha llevado a que San Luis Potos\u00ed se est\u00e9 posicionando como uno de los mejores estados, es normal que los americanos hagan esos se\u00f1alamientos a todo el pa\u00eds, pero ellos tendr\u00e1n su percepci\u00f3n, nosotros tenemos la nuestra\u201d, expres\u00f3.<\/p>\n","protected":false},"excerpt":{"rendered":"<p>El gobernador de San Luis Potos\u00ed, Ricardo Gallardo Cardona, rest\u00f3 importancia a la alerta emitida por el gobierno de Estados Unidos respecto a viajes a diversas entidades del pa\u00eds, entre ellas la potosina, y asegur\u00f3 que la entidad no enfrenta la misma situaci\u00f3n de riesgo que otras regiones. \u201cNosotros no estamos en n\u00fameros rojos como est\u00e1n otros estados&#8230; A final de cuentas somos muy respetuosos de los sem\u00e1foros de los americanos, ellos sabr\u00e1n por qu\u00e9 lo hacen, nosotros simplemente estamos trabajando\u201d, declar\u00f3. Afirm\u00f3 que la seguridad en San Luis Potos\u00ed ha permitido el incremento de inversiones y el fortalecimiento de [&hellip;]<\/p>\n","protected":false},"author":1,"featured_media":177816,"comment_status":"closed","ping_status":"closed","sticky":false,"template":"","format":"video","meta":{"_monsterinsights_skip_tracking":false,"_monsterinsights_sitenote_active":false,"_monsterinsights_sitenote_note":"","_monsterinsights_sitenote_category":0,"footnotes":""},"categories":[5,45],"tags":[],"class_list":["post-177815","post","type-post","status-publish","format-video","has-post-thumbnail","hentry","category-destacadas","category-localesyregionales","post_format-post-format-video","post--single"],"yoast_head":"<!-- This site is optimized with the Yoast SEO plugin v27.5 - https:\/\/yoast.com\/product\/yoast-seo-wordpress\/ -->\n<title>Nosotros no estamos en n\u00fameros rojos&quot;, se\u00f1ala gobernador respecto alertas de viaje que incluyen a SLP - Canal 7 SLP - 2025<\/title>\n<meta name=\"robots\" content=\"index, follow, max-snippet:-1, max-image-preview:large, max-video-preview:-1\" \/>\n<link rel=\"canonical\" href=\"https:\/\/canal7slp.tv\/2025\/nosotros-no-estamos-en-numeros-rojos-senala-gobernador-respecto-alertas-de-viaje-que-incluyen-a-slp\/\" \/>\n<meta property=\"og:locale\" content=\"es_ES\" \/>\n<meta property=\"og:type\" content=\"article\" \/>\n<meta property=\"og:title\" content=\"Nosotros no estamos en n\u00fameros rojos&quot;, se\u00f1ala gobernador respecto alertas de viaje que incluyen a SLP - Canal 7 SLP - 2025\" \/>\n<meta property=\"og:description\" content=\"El gobernador de San Luis Potos\u00ed, Ricardo Gallardo Cardona, rest\u00f3 importancia a la alerta emitida por el gobierno de Estados Unidos respecto a viajes a diversas entidades del pa\u00eds, entre ellas la potosina, y asegur\u00f3 que la entidad no enfrenta la misma situaci\u00f3n de riesgo que otras regiones. \u201cNosotros no estamos en n\u00fameros rojos como est\u00e1n otros estados&#8230; A final de cuentas somos muy respetuosos de los sem\u00e1foros de los americanos, ellos sabr\u00e1n por qu\u00e9 lo hacen, nosotros simplemente estamos trabajando\u201d, declar\u00f3. Afirm\u00f3 que la seguridad en San Luis Potos\u00ed ha permitido el incremento de inversiones y el fortalecimiento de [&hellip;]\" \/>\n<meta property=\"og:url\" content=\"https:\/\/canal7slp.tv\/2025\/nosotros-no-estamos-en-numeros-rojos-senala-gobernador-respecto-alertas-de-viaje-que-incluyen-a-slp\/\" \/>\n<meta property=\"og:site_name\" content=\"Canal 7 SLP - 2025\" \/>\n<meta property=\"article:publisher\" content=\"https:\/\/www.facebook.com\/noticieroscanal7atencionciudadana\/\" \/>\n<meta property=\"article:published_time\" content=\"2025-08-27T23:30:27+00:00\" \/>\n<meta property=\"og:image\" content=\"https:\/\/canal7slp.tv\/2025\/wp-content\/uploads\/2025\/08\/023ffc06-89c0-45f2-a327-4ee6adafec2e.jpeg\" \/>\n\t<meta property=\"og:image:width\" content=\"1105\" \/>\n\t<meta property=\"og:image:height\" content=\"577\" \/>\n\t<meta property=\"og:image:type\" content=\"image\/jpeg\" \/>\n<meta name=\"author\" content=\"admin\" \/>\n<meta name=\"twitter:card\" content=\"summary_large_image\" \/>\n<meta name=\"twitter:creator\" content=\"@NOTICIEROS7\" \/>\n<meta name=\"twitter:site\" content=\"@NOTICIEROS7\" \/>\n<meta name=\"twitter:label1\" content=\"Escrito por\" \/>\n\t<meta name=\"twitter:data1\" content=\"admin\" \/>\n\t<meta name=\"twitter:label2\" content=\"Tiempo de lectura\" \/>\n\t<meta name=\"twitter:data2\" content=\"2 minutos\" \/>\n<script type=\"application\/ld+json\" class=\"yoast-schema-graph\">{\"@context\":\"https:\\\/\\\/schema.org\",\"@graph\":[{\"@type\":\"Article\",\"@id\":\"https:\\\/\\\/canal7slp.tv\\\/2025\\\/nosotros-no-estamos-en-numeros-rojos-senala-gobernador-respecto-alertas-de-viaje-que-incluyen-a-slp\\\/#article\",\"isPartOf\":{\"@id\":\"https:\\\/\\\/canal7slp.tv\\\/2025\\\/nosotros-no-estamos-en-numeros-rojos-senala-gobernador-respecto-alertas-de-viaje-que-incluyen-a-slp\\\/\"},\"author\":{\"name\":\"admin\",\"@id\":\"https:\\\/\\\/canal7slp.tv\\\/2025\\\/#\\\/schema\\\/person\\\/1257e7e4a3d5ac29c4732733a887970d\"},\"headline\":\"Nosotros no estamos en n\u00fameros rojos\u00bb, se\u00f1ala gobernador respecto alertas de viaje que incluyen a SLP\",\"datePublished\":\"2025-08-27T23:30:27+00:00\",\"mainEntityOfPage\":{\"@id\":\"https:\\\/\\\/canal7slp.tv\\\/2025\\\/nosotros-no-estamos-en-numeros-rojos-senala-gobernador-respecto-alertas-de-viaje-que-incluyen-a-slp\\\/\"},\"wordCount\":237,\"publisher\":{\"@id\":\"https:\\\/\\\/canal7slp.tv\\\/2025\\\/#organization\"},\"image\":{\"@id\":\"https:\\\/\\\/canal7slp.tv\\\/2025\\\/nosotros-no-estamos-en-numeros-rojos-senala-gobernador-respecto-alertas-de-viaje-que-incluyen-a-slp\\\/#primaryimage\"},\"thumbnailUrl\":\"https:\\\/\\\/canal7slp.tv\\\/2025\\\/wp-content\\\/uploads\\\/2025\\\/08\\\/023ffc06-89c0-45f2-a327-4ee6adafec2e.jpeg\",\"articleSection\":[\"DESTACADAS\",\"LOCALES Y REGIONALES\"],\"inLanguage\":\"es\"},{\"@type\":\"WebPage\",\"@id\":\"https:\\\/\\\/canal7slp.tv\\\/2025\\\/nosotros-no-estamos-en-numeros-rojos-senala-gobernador-respecto-alertas-de-viaje-que-incluyen-a-slp\\\/\",\"url\":\"https:\\\/\\\/canal7slp.tv\\\/2025\\\/nosotros-no-estamos-en-numeros-rojos-senala-gobernador-respecto-alertas-de-viaje-que-incluyen-a-slp\\\/\",\"name\":\"Nosotros no estamos en n\u00fameros rojos\\\", se\u00f1ala gobernador respecto alertas de viaje que incluyen a SLP - Canal 7 SLP - 2025\",\"isPartOf\":{\"@id\":\"https:\\\/\\\/canal7slp.tv\\\/2025\\\/#website\"},\"primaryImageOfPage\":{\"@id\":\"https:\\\/\\\/canal7slp.tv\\\/2025\\\/nosotros-no-estamos-en-numeros-rojos-senala-gobernador-respecto-alertas-de-viaje-que-incluyen-a-slp\\\/#primaryimage\"},\"image\":{\"@id\":\"https:\\\/\\\/canal7slp.tv\\\/2025\\\/nosotros-no-estamos-en-numeros-rojos-senala-gobernador-respecto-alertas-de-viaje-que-incluyen-a-slp\\\/#primaryimage\"},\"thumbnailUrl\":\"https:\\\/\\\/canal7slp.tv\\\/2025\\\/wp-content\\\/uploads\\\/2025\\\/08\\\/023ffc06-89c0-45f2-a327-4ee6adafec2e.jpeg\",\"datePublished\":\"2025-08-27T23:30:27+00:00\",\"breadcrumb\":{\"@id\":\"https:\\\/\\\/canal7slp.tv\\\/2025\\\/nosotros-no-estamos-en-numeros-rojos-senala-gobernador-respecto-alertas-de-viaje-que-incluyen-a-slp\\\/#breadcrumb\"},\"inLanguage\":\"es\",\"potentialAction\":[{\"@type\":\"ReadAction\",\"target\":[\"https:\\\/\\\/canal7slp.tv\\\/2025\\\/nosotros-no-estamos-en-numeros-rojos-senala-gobernador-respecto-alertas-de-viaje-que-incluyen-a-slp\\\/\"]}]},{\"@type\":\"ImageObject\",\"inLanguage\":\"es\",\"@id\":\"https:\\\/\\\/canal7slp.tv\\\/2025\\\/nosotros-no-estamos-en-numeros-rojos-senala-gobernador-respecto-alertas-de-viaje-que-incluyen-a-slp\\\/#primaryimage\",\"url\":\"https:\\\/\\\/canal7slp.tv\\\/2025\\\/wp-content\\\/uploads\\\/2025\\\/08\\\/023ffc06-89c0-45f2-a327-4ee6adafec2e.jpeg\",\"contentUrl\":\"https:\\\/\\\/canal7slp.tv\\\/2025\\\/wp-content\\\/uploads\\\/2025\\\/08\\\/023ffc06-89c0-45f2-a327-4ee6adafec2e.jpeg\",\"width\":1105,\"height\":577},{\"@type\":\"BreadcrumbList\",\"@id\":\"https:\\\/\\\/canal7slp.tv\\\/2025\\\/nosotros-no-estamos-en-numeros-rojos-senala-gobernador-respecto-alertas-de-viaje-que-incluyen-a-slp\\\/#breadcrumb\",\"itemListElement\":[{\"@type\":\"ListItem\",\"position\":1,\"name\":\"Portada\",\"item\":\"https:\\\/\\\/canal7slp.tv\\\/2025\\\/\"},{\"@type\":\"ListItem\",\"position\":2,\"name\":\"Nosotros no estamos en n\u00fameros rojos\u00bb, se\u00f1ala gobernador respecto alertas de viaje que incluyen a SLP\"}]},{\"@type\":\"WebSite\",\"@id\":\"https:\\\/\\\/canal7slp.tv\\\/2025\\\/#website\",\"url\":\"https:\\\/\\\/canal7slp.tv\\\/2025\\\/\",\"name\":\"N7 - Noticieros Canal 7\",\"description\":\"Somos el Medio\",\"publisher\":{\"@id\":\"https:\\\/\\\/canal7slp.tv\\\/2025\\\/#organization\"},\"potentialAction\":[{\"@type\":\"SearchAction\",\"target\":{\"@type\":\"EntryPoint\",\"urlTemplate\":\"https:\\\/\\\/canal7slp.tv\\\/2025\\\/?s={search_term_string}\"},\"query-input\":{\"@type\":\"PropertyValueSpecification\",\"valueRequired\":true,\"valueName\":\"search_term_string\"}}],\"inLanguage\":\"es\"},{\"@type\":\"Organization\",\"@id\":\"https:\\\/\\\/canal7slp.tv\\\/2025\\\/#organization\",\"name\":\"Noticieros Canal 7\",\"url\":\"https:\\\/\\\/canal7slp.tv\\\/2025\\\/\",\"logo\":{\"@type\":\"ImageObject\",\"inLanguage\":\"es\",\"@id\":\"https:\\\/\\\/canal7slp.tv\\\/2025\\\/#\\\/schema\\\/logo\\\/image\\\/\",\"url\":\"https:\\\/\\\/canal7slp.tv\\\/2025\\\/wp-content\\\/uploads\\\/2021\\\/01\\\/logo-noticieros@2x.png\",\"contentUrl\":\"https:\\\/\\\/canal7slp.tv\\\/2025\\\/wp-content\\\/uploads\\\/2021\\\/01\\\/logo-noticieros@2x.png\",\"width\":1017,\"height\":268,\"caption\":\"Noticieros Canal 7\"},\"image\":{\"@id\":\"https:\\\/\\\/canal7slp.tv\\\/2025\\\/#\\\/schema\\\/logo\\\/image\\\/\"},\"sameAs\":[\"https:\\\/\\\/www.facebook.com\\\/noticieroscanal7atencionciudadana\\\/\",\"https:\\\/\\\/x.com\\\/NOTICIEROS7\",\"https:\\\/\\\/www.instagram.com\\\/canal7_slp\",\"https:\\\/\\\/www.youtube.com\\\/channel\\\/UCliiYs-gP3JfJeqdPrNdd5A\"]},{\"@type\":\"Person\",\"@id\":\"https:\\\/\\\/canal7slp.tv\\\/2025\\\/#\\\/schema\\\/person\\\/1257e7e4a3d5ac29c4732733a887970d\",\"name\":\"admin\",\"image\":{\"@type\":\"ImageObject\",\"inLanguage\":\"es\",\"@id\":\"https:\\\/\\\/secure.gravatar.com\\\/avatar\\\/d1da498ea933582ecc2b5d72a4eac16ec41c3ec04cf2dc9d46e0b557dedfd5ff?s=96&d=mm&r=g\",\"url\":\"https:\\\/\\\/secure.gravatar.com\\\/avatar\\\/d1da498ea933582ecc2b5d72a4eac16ec41c3ec04cf2dc9d46e0b557dedfd5ff?s=96&d=mm&r=g\",\"contentUrl\":\"https:\\\/\\\/secure.gravatar.com\\\/avatar\\\/d1da498ea933582ecc2b5d72a4eac16ec41c3ec04cf2dc9d46e0b557dedfd5ff?s=96&d=mm&r=g\",\"caption\":\"admin\"},\"sameAs\":[\"https:\\\/\\\/canal7slp.tv\\\/2025\"],\"url\":\"https:\\\/\\\/canal7slp.tv\\\/2025\\\/author\\\/bicefalo\\\/\"}]}<\/script>\n<!-- \/ Yoast SEO plugin. -->","yoast_head_json":{"title":"Nosotros no estamos en n\u00fameros rojos\", se\u00f1ala gobernador respecto alertas de viaje que incluyen a SLP - Canal 7 SLP - 2025","robots":{"index":"index","follow":"follow","max-snippet":"max-snippet:-1","max-image-preview":"max-image-preview:large","max-video-preview":"max-video-preview:-1"},"canonical":"https:\/\/canal7slp.tv\/2025\/nosotros-no-estamos-en-numeros-rojos-senala-gobernador-respecto-alertas-de-viaje-que-incluyen-a-slp\/","og_locale":"es_ES","og_type":"article","og_title":"Nosotros no estamos en n\u00fameros rojos\", se\u00f1ala gobernador respecto alertas de viaje que incluyen a SLP - Canal 7 SLP - 2025","og_description":"El gobernador de San Luis Potos\u00ed, Ricardo Gallardo Cardona, rest\u00f3 importancia a la alerta emitida por el gobierno de Estados Unidos respecto a viajes a diversas entidades del pa\u00eds, entre ellas la potosina, y asegur\u00f3 que la entidad no enfrenta la misma situaci\u00f3n de riesgo que otras regiones. \u201cNosotros no estamos en n\u00fameros rojos como est\u00e1n otros estados&#8230; A final de cuentas somos muy respetuosos de los sem\u00e1foros de los americanos, ellos sabr\u00e1n por qu\u00e9 lo hacen, nosotros simplemente estamos trabajando\u201d, declar\u00f3. Afirm\u00f3 que la seguridad en San Luis Potos\u00ed ha permitido el incremento de inversiones y el fortalecimiento de [&hellip;]","og_url":"https:\/\/canal7slp.tv\/2025\/nosotros-no-estamos-en-numeros-rojos-senala-gobernador-respecto-alertas-de-viaje-que-incluyen-a-slp\/","og_site_name":"Canal 7 SLP - 2025","article_publisher":"https:\/\/www.facebook.com\/noticieroscanal7atencionciudadana\/","article_published_time":"2025-08-27T23:30:27+00:00","og_image":[{"width":1105,"height":577,"url":"https:\/\/canal7slp.tv\/2025\/wp-content\/uploads\/2025\/08\/023ffc06-89c0-45f2-a327-4ee6adafec2e.jpeg","type":"image\/jpeg"}],"author":"admin","twitter_card":"summary_large_image","twitter_creator":"@NOTICIEROS7","twitter_site":"@NOTICIEROS7","twitter_misc":{"Escrito por":"admin","Tiempo de lectura":"2 minutos"},"schema":{"@context":"https:\/\/schema.org","@graph":[{"@type":"Article","@id":"https:\/\/canal7slp.tv\/2025\/nosotros-no-estamos-en-numeros-rojos-senala-gobernador-respecto-alertas-de-viaje-que-incluyen-a-slp\/#article","isPartOf":{"@id":"https:\/\/canal7slp.tv\/2025\/nosotros-no-estamos-en-numeros-rojos-senala-gobernador-respecto-alertas-de-viaje-que-incluyen-a-slp\/"},"author":{"name":"admin","@id":"https:\/\/canal7slp.tv\/2025\/#\/schema\/person\/1257e7e4a3d5ac29c4732733a887970d"},"headline":"Nosotros no estamos en n\u00fameros rojos\u00bb, se\u00f1ala gobernador respecto alertas de viaje que incluyen a SLP","datePublished":"2025-08-27T23:30:27+00:00","mainEntityOfPage":{"@id":"https:\/\/canal7slp.tv\/2025\/nosotros-no-estamos-en-numeros-rojos-senala-gobernador-respecto-alertas-de-viaje-que-incluyen-a-slp\/"},"wordCount":237,"publisher":{"@id":"https:\/\/canal7slp.tv\/2025\/#organization"},"image":{"@id":"https:\/\/canal7slp.tv\/2025\/nosotros-no-estamos-en-numeros-rojos-senala-gobernador-respecto-alertas-de-viaje-que-incluyen-a-slp\/#primaryimage"},"thumbnailUrl":"https:\/\/canal7slp.tv\/2025\/wp-content\/uploads\/2025\/08\/023ffc06-89c0-45f2-a327-4ee6adafec2e.jpeg","articleSection":["DESTACADAS","LOCALES Y REGIONALES"],"inLanguage":"es"},{"@type":"WebPage","@id":"https:\/\/canal7slp.tv\/2025\/nosotros-no-estamos-en-numeros-rojos-senala-gobernador-respecto-alertas-de-viaje-que-incluyen-a-slp\/","url":"https:\/\/canal7slp.tv\/2025\/nosotros-no-estamos-en-numeros-rojos-senala-gobernador-respecto-alertas-de-viaje-que-incluyen-a-slp\/","name":"Nosotros no estamos en n\u00fameros rojos\", se\u00f1ala gobernador respecto alertas de viaje que incluyen a SLP - Canal 7 SLP - 2025","isPartOf":{"@id":"https:\/\/canal7slp.tv\/2025\/#website"},"primaryImageOfPage":{"@id":"https:\/\/canal7slp.tv\/2025\/nosotros-no-estamos-en-numeros-rojos-senala-gobernador-respecto-alertas-de-viaje-que-incluyen-a-slp\/#primaryimage"},"image":{"@id":"https:\/\/canal7slp.tv\/2025\/nosotros-no-estamos-en-numeros-rojos-senala-gobernador-respecto-alertas-de-viaje-que-incluyen-a-slp\/#primaryimage"},"thumbnailUrl":"https:\/\/canal7slp.tv\/2025\/wp-content\/uploads\/2025\/08\/023ffc06-89c0-45f2-a327-4ee6adafec2e.jpeg","datePublished":"2025-08-27T23:30:27+00:00","breadcrumb":{"@id":"https:\/\/canal7slp.tv\/2025\/nosotros-no-estamos-en-numeros-rojos-senala-gobernador-respecto-alertas-de-viaje-que-incluyen-a-slp\/#breadcrumb"},"inLanguage":"es","potentialAction":[{"@type":"ReadAction","target":["https:\/\/canal7slp.tv\/2025\/nosotros-no-estamos-en-numeros-rojos-senala-gobernador-respecto-alertas-de-viaje-que-incluyen-a-slp\/"]}]},{"@type":"ImageObject","inLanguage":"es","@id":"https:\/\/canal7slp.tv\/2025\/nosotros-no-estamos-en-numeros-rojos-senala-gobernador-respecto-alertas-de-viaje-que-incluyen-a-slp\/#primaryimage","url":"https:\/\/canal7slp.tv\/2025\/wp-content\/uploads\/2025\/08\/023ffc06-89c0-45f2-a327-4ee6adafec2e.jpeg","contentUrl":"https:\/\/canal7slp.tv\/2025\/wp-content\/uploads\/2025\/08\/023ffc06-89c0-45f2-a327-4ee6adafec2e.jpeg","width":1105,"height":577},{"@type":"BreadcrumbList","@id":"https:\/\/canal7slp.tv\/2025\/nosotros-no-estamos-en-numeros-rojos-senala-gobernador-respecto-alertas-de-viaje-que-incluyen-a-slp\/#breadcrumb","itemListElement":[{"@type":"ListItem","position":1,"name":"Portada","item":"https:\/\/canal7slp.tv\/2025\/"},{"@type":"ListItem","position":2,"name":"Nosotros no estamos en n\u00fameros rojos\u00bb, se\u00f1ala gobernador respecto alertas de viaje que incluyen a SLP"}]},{"@type":"WebSite","@id":"https:\/\/canal7slp.tv\/2025\/#website","url":"https:\/\/canal7slp.tv\/2025\/","name":"N7 - Noticieros Canal 7","description":"Somos el Medio","publisher":{"@id":"https:\/\/canal7slp.tv\/2025\/#organization"},"potentialAction":[{"@type":"SearchAction","target":{"@type":"EntryPoint","urlTemplate":"https:\/\/canal7slp.tv\/2025\/?s={search_term_string}"},"query-input":{"@type":"PropertyValueSpecification","valueRequired":true,"valueName":"search_term_string"}}],"inLanguage":"es"},{"@type":"Organization","@id":"https:\/\/canal7slp.tv\/2025\/#organization","name":"Noticieros Canal 7","url":"https:\/\/canal7slp.tv\/2025\/","logo":{"@type":"ImageObject","inLanguage":"es","@id":"https:\/\/canal7slp.tv\/2025\/#\/schema\/logo\/image\/","url":"https:\/\/canal7slp.tv\/2025\/wp-content\/uploads\/2021\/01\/logo-noticieros@2x.png","contentUrl":"https:\/\/canal7slp.tv\/2025\/wp-content\/uploads\/2021\/01\/logo-noticieros@2x.png","width":1017,"height":268,"caption":"Noticieros Canal 7"},"image":{"@id":"https:\/\/canal7slp.tv\/2025\/#\/schema\/logo\/image\/"},"sameAs":["https:\/\/www.facebook.com\/noticieroscanal7atencionciudadana\/","https:\/\/x.com\/NOTICIEROS7","https:\/\/www.instagram.com\/canal7_slp","https:\/\/www.youtube.com\/channel\/UCliiYs-gP3JfJeqdPrNdd5A"]},{"@type":"Person","@id":"https:\/\/canal7slp.tv\/2025\/#\/schema\/person\/1257e7e4a3d5ac29c4732733a887970d","name":"admin","image":{"@type":"ImageObject","inLanguage":"es","@id":"https:\/\/secure.gravatar.com\/avatar\/d1da498ea933582ecc2b5d72a4eac16ec41c3ec04cf2dc9d46e0b557dedfd5ff?s=96&d=mm&r=g","url":"https:\/\/secure.gravatar.com\/avatar\/d1da498ea933582ecc2b5d72a4eac16ec41c3ec04cf2dc9d46e0b557dedfd5ff?s=96&d=mm&r=g","contentUrl":"https:\/\/secure.gravatar.com\/avatar\/d1da498ea933582ecc2b5d72a4eac16ec41c3ec04cf2dc9d46e0b557dedfd5ff?s=96&d=mm&r=g","caption":"admin"},"sameAs":["https:\/\/canal7slp.tv\/2025"],"url":"https:\/\/canal7slp.tv\/2025\/author\/bicefalo\/"}]}},"_links":{"self":[{"href":"https:\/\/canal7slp.tv\/2025\/wp-json\/wp\/v2\/posts\/177815","targetHints":{"allow":["GET"]}}],"collection":[{"href":"https:\/\/canal7slp.tv\/2025\/wp-json\/wp\/v2\/posts"}],"about":[{"href":"https:\/\/canal7slp.tv\/2025\/wp-json\/wp\/v2\/types\/post"}],"author":[{"embeddable":true,"href":"https:\/\/canal7slp.tv\/2025\/wp-json\/wp\/v2\/users\/1"}],"replies":[{"embeddable":true,"href":"https:\/\/canal7slp.tv\/2025\/wp-json\/wp\/v2\/comments?post=177815"}],"version-history":[{"count":2,"href":"https:\/\/canal7slp.tv\/2025\/wp-json\/wp\/v2\/posts\/177815\/revisions"}],"predecessor-version":[{"id":177818,"href":"https:\/\/canal7slp.tv\/2025\/wp-json\/wp\/v2\/posts\/177815\/revisions\/177818"}],"wp:featuredmedia":[{"embeddable":true,"href":"https:\/\/canal7slp.tv\/2025\/wp-json\/wp\/v2\/media\/177816"}],"wp:attachment":[{"href":"https:\/\/canal7slp.tv\/2025\/wp-json\/wp\/v2\/media?parent=177815"}],"wp:term":[{"taxonomy":"category","embeddable":true,"href":"https:\/\/canal7slp.tv\/2025\/wp-json\/wp\/v2\/categories?post=177815"},{"taxonomy":"post_tag","embeddable":true,"href":"https:\/\/canal7slp.tv\/2025\/wp-json\/wp\/v2\/tags?post=177815"}],"curies":[{"name":"wp","href":"https:\/\/api.w.org\/{rel}","templated":true}]}}