{"id":177812,"date":"2025-08-27T17:26:04","date_gmt":"2025-08-27T23:26:04","guid":{"rendered":"https:\/\/canal7slp.tv\/2025\/?p=177812"},"modified":"2025-08-27T17:26:04","modified_gmt":"2025-08-27T23:26:04","slug":"aumenta-pobreza-laboral-en-slp-inegi","status":"publish","type":"post","link":"https:\/\/canal7slp.tv\/2025\/aumenta-pobreza-laboral-en-slp-inegi\/","title":{"rendered":"Aumenta pobreza laboral en SLP: INEGI"},"content":{"rendered":"<p style=\"text-align: justify;\">El Instituto Nacional de Estad\u00edstica y Geograf\u00eda (INEGI) present\u00f3 los indicadores m\u00e1s recientes sobre pobreza laboral en el pa\u00eds, los cuales muestran un panorama contrastante entre entidades.<\/p>\n<p style=\"text-align: justify;\">La pobreza laboral es un indicador de corto plazo que mide el porcentaje de la poblaci\u00f3n cuyo ingreso laboral per c\u00e1pita resulta insuficiente para adquirir la canasta alimentaria.<\/p>\n<p style=\"text-align: justify;\">San Luis Potos\u00ed se ubica entre los estados con mayor deterioro, al registrar un incremento de 10.2 puntos porcentuales en esta condici\u00f3n y una reducci\u00f3n de 15% en el ingreso laboral real per c\u00e1pita.<\/p>\n<p style=\"text-align: justify;\">A nivel nacional, entre el segundo trimestre de 2024 y el mismo periodo de 2025, la poblaci\u00f3n en esta situaci\u00f3n pas\u00f3 de 35 a 35.1%, es decir, un aumento marginal de 0.1 puntos porcentuales.<\/p>\n<p style=\"text-align: justify;\">El an\u00e1lisis del INEGI se\u00f1ala que en el \u00e1mbito rural la pobreza laboral se increment\u00f3 en 1.5 puntos porcentuales, al pasar de 47.6 a 49.1%, mientras que en el entorno urbano disminuy\u00f3 levemente, de 30.9 a 30.8%.<\/p>\n<p style=\"text-align: justify;\">Entre las entidades con mayor porcentaje de poblaci\u00f3n en pobreza laboral se encuentran Chiapas (62.5%), Oaxaca (59.2%) y Guerrero (55.3%). En contraste, Baja California Sur (12.9%), Quintana Roo (18%) y Baja California (19.7%) presentan los porcentajes m\u00e1s bajos.<\/p>\n<p style=\"text-align: justify;\">Si bien en 22 entidades la pobreza laboral disminuy\u00f3, destacando Quintana Roo con una reducci\u00f3n de 5 puntos, Guanajuato con 4.1 y Aguascalientes con 3.8, en San Luis Potos\u00ed el escenario fue adverso.<\/p>\n<p style=\"text-align: justify;\">El estado aparece junto con Estado de M\u00e9xico y Guerrero como las entidades con mayores incrementos, con alzas de 10.2, 3.6 y 3 puntos porcentuales respectivamente.<\/p>\n<p style=\"text-align: justify;\">Respecto al ingreso laboral real per c\u00e1pita, el INEGI inform\u00f3 que en 21 de las 32 entidades hubo incrementos, sobresaliendo Quintana Roo (12.1%), Yucat\u00e1n (9.8%) y Aguascalientes (9.5%).<\/p>\n<p style=\"text-align: justify;\">Sin embargo, San Luis Potos\u00ed encabez\u00f3 las mayores ca\u00eddas con un retroceso de 15%, seguido por Estado de M\u00e9xico con 9% y Guerrero con 7.2%.<\/p>\n<p style=\"text-align: justify;\">Estos resultados colocan a San Luis Potos\u00ed en una posici\u00f3n cr\u00edtica dentro del panorama nacional, al combinar un aumento acelerado en la pobreza laboral con la mayor disminuci\u00f3n en los ingresos laborales reales del pa\u00eds.<\/p>\n","protected":false},"excerpt":{"rendered":"<p>El Instituto Nacional de Estad\u00edstica y Geograf\u00eda (INEGI) present\u00f3 los indicadores m\u00e1s recientes sobre pobreza laboral en el pa\u00eds, los cuales muestran un panorama contrastante entre entidades. La pobreza laboral es un indicador de corto plazo que mide el porcentaje de la poblaci\u00f3n cuyo ingreso laboral per c\u00e1pita resulta insuficiente para adquirir la canasta alimentaria. San Luis Potos\u00ed se ubica entre los estados con mayor deterioro, al registrar un incremento de 10.2 puntos porcentuales en esta condici\u00f3n y una reducci\u00f3n de 15% en el ingreso laboral real per c\u00e1pita. A nivel nacional, entre el segundo trimestre de 2024 y el [&hellip;]<\/p>\n","protected":false},"author":1,"featured_media":177813,"comment_status":"closed","ping_status":"closed","sticky":false,"template":"","format":"video","meta":{"_monsterinsights_skip_tracking":false,"_monsterinsights_sitenote_active":false,"_monsterinsights_sitenote_note":"","_monsterinsights_sitenote_category":0,"footnotes":""},"categories":[5,45],"tags":[],"class_list":["post-177812","post","type-post","status-publish","format-video","has-post-thumbnail","hentry","category-destacadas","category-localesyregionales","post_format-post-format-video","post--single"],"yoast_head":"<!-- This site is optimized with the Yoast SEO plugin v27.5 - https:\/\/yoast.com\/product\/yoast-seo-wordpress\/ -->\n<title>Aumenta pobreza laboral en SLP: INEGI - Canal 7 SLP - 2025<\/title>\n<meta name=\"robots\" content=\"index, follow, max-snippet:-1, max-image-preview:large, max-video-preview:-1\" \/>\n<link rel=\"canonical\" href=\"https:\/\/canal7slp.tv\/2025\/aumenta-pobreza-laboral-en-slp-inegi\/\" \/>\n<meta property=\"og:locale\" content=\"es_ES\" \/>\n<meta property=\"og:type\" content=\"article\" \/>\n<meta property=\"og:title\" content=\"Aumenta pobreza laboral en SLP: INEGI - Canal 7 SLP - 2025\" \/>\n<meta property=\"og:description\" content=\"El Instituto Nacional de Estad\u00edstica y Geograf\u00eda (INEGI) present\u00f3 los indicadores m\u00e1s recientes sobre pobreza laboral en el pa\u00eds, los cuales muestran un panorama contrastante entre entidades. La pobreza laboral es un indicador de corto plazo que mide el porcentaje de la poblaci\u00f3n cuyo ingreso laboral per c\u00e1pita resulta insuficiente para adquirir la canasta alimentaria. San Luis Potos\u00ed se ubica entre los estados con mayor deterioro, al registrar un incremento de 10.2 puntos porcentuales en esta condici\u00f3n y una reducci\u00f3n de 15% en el ingreso laboral real per c\u00e1pita. A nivel nacional, entre el segundo trimestre de 2024 y el [&hellip;]\" \/>\n<meta property=\"og:url\" content=\"https:\/\/canal7slp.tv\/2025\/aumenta-pobreza-laboral-en-slp-inegi\/\" \/>\n<meta property=\"og:site_name\" content=\"Canal 7 SLP - 2025\" \/>\n<meta property=\"article:publisher\" content=\"https:\/\/www.facebook.com\/noticieroscanal7atencionciudadana\/\" \/>\n<meta property=\"article:published_time\" content=\"2025-08-27T23:26:04+00:00\" \/>\n<meta property=\"og:image\" content=\"https:\/\/canal7slp.tv\/2025\/wp-content\/uploads\/2025\/08\/a37e6e7b-95b6-4615-a167-2baeb31d9579.jpeg\" \/>\n\t<meta property=\"og:image:width\" content=\"1092\" \/>\n\t<meta property=\"og:image:height\" content=\"626\" \/>\n\t<meta property=\"og:image:type\" content=\"image\/jpeg\" \/>\n<meta name=\"author\" content=\"admin\" \/>\n<meta name=\"twitter:card\" content=\"summary_large_image\" \/>\n<meta name=\"twitter:creator\" content=\"@NOTICIEROS7\" \/>\n<meta name=\"twitter:site\" content=\"@NOTICIEROS7\" \/>\n<meta name=\"twitter:label1\" content=\"Escrito por\" \/>\n\t<meta name=\"twitter:data1\" content=\"admin\" \/>\n\t<meta name=\"twitter:label2\" content=\"Tiempo de lectura\" \/>\n\t<meta name=\"twitter:data2\" content=\"2 minutos\" \/>\n<script type=\"application\/ld+json\" class=\"yoast-schema-graph\">{\"@context\":\"https:\\\/\\\/schema.org\",\"@graph\":[{\"@type\":\"Article\",\"@id\":\"https:\\\/\\\/canal7slp.tv\\\/2025\\\/aumenta-pobreza-laboral-en-slp-inegi\\\/#article\",\"isPartOf\":{\"@id\":\"https:\\\/\\\/canal7slp.tv\\\/2025\\\/aumenta-pobreza-laboral-en-slp-inegi\\\/\"},\"author\":{\"name\":\"admin\",\"@id\":\"https:\\\/\\\/canal7slp.tv\\\/2025\\\/#\\\/schema\\\/person\\\/1257e7e4a3d5ac29c4732733a887970d\"},\"headline\":\"Aumenta pobreza laboral en SLP: INEGI\",\"datePublished\":\"2025-08-27T23:26:04+00:00\",\"mainEntityOfPage\":{\"@id\":\"https:\\\/\\\/canal7slp.tv\\\/2025\\\/aumenta-pobreza-laboral-en-slp-inegi\\\/\"},\"wordCount\":343,\"publisher\":{\"@id\":\"https:\\\/\\\/canal7slp.tv\\\/2025\\\/#organization\"},\"image\":{\"@id\":\"https:\\\/\\\/canal7slp.tv\\\/2025\\\/aumenta-pobreza-laboral-en-slp-inegi\\\/#primaryimage\"},\"thumbnailUrl\":\"https:\\\/\\\/canal7slp.tv\\\/2025\\\/wp-content\\\/uploads\\\/2025\\\/08\\\/a37e6e7b-95b6-4615-a167-2baeb31d9579.jpeg\",\"articleSection\":[\"DESTACADAS\",\"LOCALES Y REGIONALES\"],\"inLanguage\":\"es\"},{\"@type\":\"WebPage\",\"@id\":\"https:\\\/\\\/canal7slp.tv\\\/2025\\\/aumenta-pobreza-laboral-en-slp-inegi\\\/\",\"url\":\"https:\\\/\\\/canal7slp.tv\\\/2025\\\/aumenta-pobreza-laboral-en-slp-inegi\\\/\",\"name\":\"Aumenta pobreza laboral en SLP: INEGI - Canal 7 SLP - 2025\",\"isPartOf\":{\"@id\":\"https:\\\/\\\/canal7slp.tv\\\/2025\\\/#website\"},\"primaryImageOfPage\":{\"@id\":\"https:\\\/\\\/canal7slp.tv\\\/2025\\\/aumenta-pobreza-laboral-en-slp-inegi\\\/#primaryimage\"},\"image\":{\"@id\":\"https:\\\/\\\/canal7slp.tv\\\/2025\\\/aumenta-pobreza-laboral-en-slp-inegi\\\/#primaryimage\"},\"thumbnailUrl\":\"https:\\\/\\\/canal7slp.tv\\\/2025\\\/wp-content\\\/uploads\\\/2025\\\/08\\\/a37e6e7b-95b6-4615-a167-2baeb31d9579.jpeg\",\"datePublished\":\"2025-08-27T23:26:04+00:00\",\"breadcrumb\":{\"@id\":\"https:\\\/\\\/canal7slp.tv\\\/2025\\\/aumenta-pobreza-laboral-en-slp-inegi\\\/#breadcrumb\"},\"inLanguage\":\"es\",\"potentialAction\":[{\"@type\":\"ReadAction\",\"target\":[\"https:\\\/\\\/canal7slp.tv\\\/2025\\\/aumenta-pobreza-laboral-en-slp-inegi\\\/\"]}]},{\"@type\":\"ImageObject\",\"inLanguage\":\"es\",\"@id\":\"https:\\\/\\\/canal7slp.tv\\\/2025\\\/aumenta-pobreza-laboral-en-slp-inegi\\\/#primaryimage\",\"url\":\"https:\\\/\\\/canal7slp.tv\\\/2025\\\/wp-content\\\/uploads\\\/2025\\\/08\\\/a37e6e7b-95b6-4615-a167-2baeb31d9579.jpeg\",\"contentUrl\":\"https:\\\/\\\/canal7slp.tv\\\/2025\\\/wp-content\\\/uploads\\\/2025\\\/08\\\/a37e6e7b-95b6-4615-a167-2baeb31d9579.jpeg\",\"width\":1092,\"height\":626},{\"@type\":\"BreadcrumbList\",\"@id\":\"https:\\\/\\\/canal7slp.tv\\\/2025\\\/aumenta-pobreza-laboral-en-slp-inegi\\\/#breadcrumb\",\"itemListElement\":[{\"@type\":\"ListItem\",\"position\":1,\"name\":\"Portada\",\"item\":\"https:\\\/\\\/canal7slp.tv\\\/2025\\\/\"},{\"@type\":\"ListItem\",\"position\":2,\"name\":\"Aumenta pobreza laboral en SLP: INEGI\"}]},{\"@type\":\"WebSite\",\"@id\":\"https:\\\/\\\/canal7slp.tv\\\/2025\\\/#website\",\"url\":\"https:\\\/\\\/canal7slp.tv\\\/2025\\\/\",\"name\":\"N7 - Noticieros Canal 7\",\"description\":\"Somos el Medio\",\"publisher\":{\"@id\":\"https:\\\/\\\/canal7slp.tv\\\/2025\\\/#organization\"},\"potentialAction\":[{\"@type\":\"SearchAction\",\"target\":{\"@type\":\"EntryPoint\",\"urlTemplate\":\"https:\\\/\\\/canal7slp.tv\\\/2025\\\/?s={search_term_string}\"},\"query-input\":{\"@type\":\"PropertyValueSpecification\",\"valueRequired\":true,\"valueName\":\"search_term_string\"}}],\"inLanguage\":\"es\"},{\"@type\":\"Organization\",\"@id\":\"https:\\\/\\\/canal7slp.tv\\\/2025\\\/#organization\",\"name\":\"Noticieros Canal 7\",\"url\":\"https:\\\/\\\/canal7slp.tv\\\/2025\\\/\",\"logo\":{\"@type\":\"ImageObject\",\"inLanguage\":\"es\",\"@id\":\"https:\\\/\\\/canal7slp.tv\\\/2025\\\/#\\\/schema\\\/logo\\\/image\\\/\",\"url\":\"https:\\\/\\\/canal7slp.tv\\\/2025\\\/wp-content\\\/uploads\\\/2021\\\/01\\\/logo-noticieros@2x.png\",\"contentUrl\":\"https:\\\/\\\/canal7slp.tv\\\/2025\\\/wp-content\\\/uploads\\\/2021\\\/01\\\/logo-noticieros@2x.png\",\"width\":1017,\"height\":268,\"caption\":\"Noticieros Canal 7\"},\"image\":{\"@id\":\"https:\\\/\\\/canal7slp.tv\\\/2025\\\/#\\\/schema\\\/logo\\\/image\\\/\"},\"sameAs\":[\"https:\\\/\\\/www.facebook.com\\\/noticieroscanal7atencionciudadana\\\/\",\"https:\\\/\\\/x.com\\\/NOTICIEROS7\",\"https:\\\/\\\/www.instagram.com\\\/canal7_slp\",\"https:\\\/\\\/www.youtube.com\\\/channel\\\/UCliiYs-gP3JfJeqdPrNdd5A\"]},{\"@type\":\"Person\",\"@id\":\"https:\\\/\\\/canal7slp.tv\\\/2025\\\/#\\\/schema\\\/person\\\/1257e7e4a3d5ac29c4732733a887970d\",\"name\":\"admin\",\"image\":{\"@type\":\"ImageObject\",\"inLanguage\":\"es\",\"@id\":\"https:\\\/\\\/secure.gravatar.com\\\/avatar\\\/d1da498ea933582ecc2b5d72a4eac16ec41c3ec04cf2dc9d46e0b557dedfd5ff?s=96&d=mm&r=g\",\"url\":\"https:\\\/\\\/secure.gravatar.com\\\/avatar\\\/d1da498ea933582ecc2b5d72a4eac16ec41c3ec04cf2dc9d46e0b557dedfd5ff?s=96&d=mm&r=g\",\"contentUrl\":\"https:\\\/\\\/secure.gravatar.com\\\/avatar\\\/d1da498ea933582ecc2b5d72a4eac16ec41c3ec04cf2dc9d46e0b557dedfd5ff?s=96&d=mm&r=g\",\"caption\":\"admin\"},\"sameAs\":[\"https:\\\/\\\/canal7slp.tv\\\/2025\"],\"url\":\"https:\\\/\\\/canal7slp.tv\\\/2025\\\/author\\\/bicefalo\\\/\"}]}<\/script>\n<!-- \/ Yoast SEO plugin. -->","yoast_head_json":{"title":"Aumenta pobreza laboral en SLP: INEGI - Canal 7 SLP - 2025","robots":{"index":"index","follow":"follow","max-snippet":"max-snippet:-1","max-image-preview":"max-image-preview:large","max-video-preview":"max-video-preview:-1"},"canonical":"https:\/\/canal7slp.tv\/2025\/aumenta-pobreza-laboral-en-slp-inegi\/","og_locale":"es_ES","og_type":"article","og_title":"Aumenta pobreza laboral en SLP: INEGI - Canal 7 SLP - 2025","og_description":"El Instituto Nacional de Estad\u00edstica y Geograf\u00eda (INEGI) present\u00f3 los indicadores m\u00e1s recientes sobre pobreza laboral en el pa\u00eds, los cuales muestran un panorama contrastante entre entidades. La pobreza laboral es un indicador de corto plazo que mide el porcentaje de la poblaci\u00f3n cuyo ingreso laboral per c\u00e1pita resulta insuficiente para adquirir la canasta alimentaria. San Luis Potos\u00ed se ubica entre los estados con mayor deterioro, al registrar un incremento de 10.2 puntos porcentuales en esta condici\u00f3n y una reducci\u00f3n de 15% en el ingreso laboral real per c\u00e1pita. A nivel nacional, entre el segundo trimestre de 2024 y el [&hellip;]","og_url":"https:\/\/canal7slp.tv\/2025\/aumenta-pobreza-laboral-en-slp-inegi\/","og_site_name":"Canal 7 SLP - 2025","article_publisher":"https:\/\/www.facebook.com\/noticieroscanal7atencionciudadana\/","article_published_time":"2025-08-27T23:26:04+00:00","og_image":[{"width":1092,"height":626,"url":"https:\/\/canal7slp.tv\/2025\/wp-content\/uploads\/2025\/08\/a37e6e7b-95b6-4615-a167-2baeb31d9579.jpeg","type":"image\/jpeg"}],"author":"admin","twitter_card":"summary_large_image","twitter_creator":"@NOTICIEROS7","twitter_site":"@NOTICIEROS7","twitter_misc":{"Escrito por":"admin","Tiempo de lectura":"2 minutos"},"schema":{"@context":"https:\/\/schema.org","@graph":[{"@type":"Article","@id":"https:\/\/canal7slp.tv\/2025\/aumenta-pobreza-laboral-en-slp-inegi\/#article","isPartOf":{"@id":"https:\/\/canal7slp.tv\/2025\/aumenta-pobreza-laboral-en-slp-inegi\/"},"author":{"name":"admin","@id":"https:\/\/canal7slp.tv\/2025\/#\/schema\/person\/1257e7e4a3d5ac29c4732733a887970d"},"headline":"Aumenta pobreza laboral en SLP: INEGI","datePublished":"2025-08-27T23:26:04+00:00","mainEntityOfPage":{"@id":"https:\/\/canal7slp.tv\/2025\/aumenta-pobreza-laboral-en-slp-inegi\/"},"wordCount":343,"publisher":{"@id":"https:\/\/canal7slp.tv\/2025\/#organization"},"image":{"@id":"https:\/\/canal7slp.tv\/2025\/aumenta-pobreza-laboral-en-slp-inegi\/#primaryimage"},"thumbnailUrl":"https:\/\/canal7slp.tv\/2025\/wp-content\/uploads\/2025\/08\/a37e6e7b-95b6-4615-a167-2baeb31d9579.jpeg","articleSection":["DESTACADAS","LOCALES Y REGIONALES"],"inLanguage":"es"},{"@type":"WebPage","@id":"https:\/\/canal7slp.tv\/2025\/aumenta-pobreza-laboral-en-slp-inegi\/","url":"https:\/\/canal7slp.tv\/2025\/aumenta-pobreza-laboral-en-slp-inegi\/","name":"Aumenta pobreza laboral en SLP: INEGI - Canal 7 SLP - 2025","isPartOf":{"@id":"https:\/\/canal7slp.tv\/2025\/#website"},"primaryImageOfPage":{"@id":"https:\/\/canal7slp.tv\/2025\/aumenta-pobreza-laboral-en-slp-inegi\/#primaryimage"},"image":{"@id":"https:\/\/canal7slp.tv\/2025\/aumenta-pobreza-laboral-en-slp-inegi\/#primaryimage"},"thumbnailUrl":"https:\/\/canal7slp.tv\/2025\/wp-content\/uploads\/2025\/08\/a37e6e7b-95b6-4615-a167-2baeb31d9579.jpeg","datePublished":"2025-08-27T23:26:04+00:00","breadcrumb":{"@id":"https:\/\/canal7slp.tv\/2025\/aumenta-pobreza-laboral-en-slp-inegi\/#breadcrumb"},"inLanguage":"es","potentialAction":[{"@type":"ReadAction","target":["https:\/\/canal7slp.tv\/2025\/aumenta-pobreza-laboral-en-slp-inegi\/"]}]},{"@type":"ImageObject","inLanguage":"es","@id":"https:\/\/canal7slp.tv\/2025\/aumenta-pobreza-laboral-en-slp-inegi\/#primaryimage","url":"https:\/\/canal7slp.tv\/2025\/wp-content\/uploads\/2025\/08\/a37e6e7b-95b6-4615-a167-2baeb31d9579.jpeg","contentUrl":"https:\/\/canal7slp.tv\/2025\/wp-content\/uploads\/2025\/08\/a37e6e7b-95b6-4615-a167-2baeb31d9579.jpeg","width":1092,"height":626},{"@type":"BreadcrumbList","@id":"https:\/\/canal7slp.tv\/2025\/aumenta-pobreza-laboral-en-slp-inegi\/#breadcrumb","itemListElement":[{"@type":"ListItem","position":1,"name":"Portada","item":"https:\/\/canal7slp.tv\/2025\/"},{"@type":"ListItem","position":2,"name":"Aumenta pobreza laboral en SLP: INEGI"}]},{"@type":"WebSite","@id":"https:\/\/canal7slp.tv\/2025\/#website","url":"https:\/\/canal7slp.tv\/2025\/","name":"N7 - Noticieros Canal 7","description":"Somos el Medio","publisher":{"@id":"https:\/\/canal7slp.tv\/2025\/#organization"},"potentialAction":[{"@type":"SearchAction","target":{"@type":"EntryPoint","urlTemplate":"https:\/\/canal7slp.tv\/2025\/?s={search_term_string}"},"query-input":{"@type":"PropertyValueSpecification","valueRequired":true,"valueName":"search_term_string"}}],"inLanguage":"es"},{"@type":"Organization","@id":"https:\/\/canal7slp.tv\/2025\/#organization","name":"Noticieros Canal 7","url":"https:\/\/canal7slp.tv\/2025\/","logo":{"@type":"ImageObject","inLanguage":"es","@id":"https:\/\/canal7slp.tv\/2025\/#\/schema\/logo\/image\/","url":"https:\/\/canal7slp.tv\/2025\/wp-content\/uploads\/2021\/01\/logo-noticieros@2x.png","contentUrl":"https:\/\/canal7slp.tv\/2025\/wp-content\/uploads\/2021\/01\/logo-noticieros@2x.png","width":1017,"height":268,"caption":"Noticieros Canal 7"},"image":{"@id":"https:\/\/canal7slp.tv\/2025\/#\/schema\/logo\/image\/"},"sameAs":["https:\/\/www.facebook.com\/noticieroscanal7atencionciudadana\/","https:\/\/x.com\/NOTICIEROS7","https:\/\/www.instagram.com\/canal7_slp","https:\/\/www.youtube.com\/channel\/UCliiYs-gP3JfJeqdPrNdd5A"]},{"@type":"Person","@id":"https:\/\/canal7slp.tv\/2025\/#\/schema\/person\/1257e7e4a3d5ac29c4732733a887970d","name":"admin","image":{"@type":"ImageObject","inLanguage":"es","@id":"https:\/\/secure.gravatar.com\/avatar\/d1da498ea933582ecc2b5d72a4eac16ec41c3ec04cf2dc9d46e0b557dedfd5ff?s=96&d=mm&r=g","url":"https:\/\/secure.gravatar.com\/avatar\/d1da498ea933582ecc2b5d72a4eac16ec41c3ec04cf2dc9d46e0b557dedfd5ff?s=96&d=mm&r=g","contentUrl":"https:\/\/secure.gravatar.com\/avatar\/d1da498ea933582ecc2b5d72a4eac16ec41c3ec04cf2dc9d46e0b557dedfd5ff?s=96&d=mm&r=g","caption":"admin"},"sameAs":["https:\/\/canal7slp.tv\/2025"],"url":"https:\/\/canal7slp.tv\/2025\/author\/bicefalo\/"}]}},"_links":{"self":[{"href":"https:\/\/canal7slp.tv\/2025\/wp-json\/wp\/v2\/posts\/177812","targetHints":{"allow":["GET"]}}],"collection":[{"href":"https:\/\/canal7slp.tv\/2025\/wp-json\/wp\/v2\/posts"}],"about":[{"href":"https:\/\/canal7slp.tv\/2025\/wp-json\/wp\/v2\/types\/post"}],"author":[{"embeddable":true,"href":"https:\/\/canal7slp.tv\/2025\/wp-json\/wp\/v2\/users\/1"}],"replies":[{"embeddable":true,"href":"https:\/\/canal7slp.tv\/2025\/wp-json\/wp\/v2\/comments?post=177812"}],"version-history":[{"count":1,"href":"https:\/\/canal7slp.tv\/2025\/wp-json\/wp\/v2\/posts\/177812\/revisions"}],"predecessor-version":[{"id":177814,"href":"https:\/\/canal7slp.tv\/2025\/wp-json\/wp\/v2\/posts\/177812\/revisions\/177814"}],"wp:featuredmedia":[{"embeddable":true,"href":"https:\/\/canal7slp.tv\/2025\/wp-json\/wp\/v2\/media\/177813"}],"wp:attachment":[{"href":"https:\/\/canal7slp.tv\/2025\/wp-json\/wp\/v2\/media?parent=177812"}],"wp:term":[{"taxonomy":"category","embeddable":true,"href":"https:\/\/canal7slp.tv\/2025\/wp-json\/wp\/v2\/categories?post=177812"},{"taxonomy":"post_tag","embeddable":true,"href":"https:\/\/canal7slp.tv\/2025\/wp-json\/wp\/v2\/tags?post=177812"}],"curies":[{"name":"wp","href":"https:\/\/api.w.org\/{rel}","templated":true}]}}