{"id":177808,"date":"2025-08-27T16:26:36","date_gmt":"2025-08-27T22:26:36","guid":{"rendered":"https:\/\/canal7slp.tv\/2025\/?p=177808"},"modified":"2025-08-27T16:27:06","modified_gmt":"2025-08-27T22:27:06","slug":"cjng-vuelve-a-la-agenda-publica-el-desafio-de-la-violencia-organizada-en-mexico","status":"publish","type":"post","link":"https:\/\/canal7slp.tv\/2025\/cjng-vuelve-a-la-agenda-publica-el-desafio-de-la-violencia-organizada-en-mexico\/","title":{"rendered":"CJNG vuelve a la agenda p\u00fablica: el desaf\u00edo de la violencia organizada en M\u00e9xico"},"content":{"rendered":"<p style=\"text-align: justify;\" data-start=\"371\" data-end=\"799\">El <strong data-start=\"374\" data-end=\"416\">C\u00e1rtel Jalisco Nueva Generaci\u00f3n (CJNG)<\/strong> volvi\u00f3 a colocarse entre las principales tendencias en redes sociales, reavivando el debate sobre la capacidad del Estado mexicano para enfrentar a las organizaciones criminales m\u00e1s poderosas del pa\u00eds. Con presencia en al menos 28 estados, el CJNG es considerado por analistas internacionales como uno de los grupos m\u00e1s violentos y con mayor capacidad operativa en Am\u00e9rica Latina.<\/p>\n<p style=\"text-align: justify;\" data-start=\"801\" data-end=\"1217\">La conversaci\u00f3n en X surgi\u00f3 tras la difusi\u00f3n de reportes sobre enfrentamientos y operativos recientes en regiones del occidente del pa\u00eds. Usuarios y especialistas discuten no solo la fuerza de este grupo criminal, sino tambi\u00e9n el impacto de sus acciones en la vida cotidiana de miles de mexicanos: bloqueos carreteros, cobro de cuotas, extorsiones y un clima de miedo que afecta tanto al campo como a las ciudades.<\/p>\n<p style=\"text-align: justify;\" data-start=\"1219\" data-end=\"1639\">El tema tambi\u00e9n tiene un \u00e1ngulo pol\u00edtico. En v\u00edsperas de nuevos procesos electorales, la pregunta de fondo es c\u00f3mo garantizar que la violencia no influya en la participaci\u00f3n ciudadana ni en la libertad del voto. Diversos actores llaman a replantear la estrategia nacional de seguridad, que hasta ahora ha mostrado avances limitados frente a grupos con poder econ\u00f3mico, armamento sofisticado y v\u00ednculos internacionales.<\/p>\n<p style=\"text-align: justify;\" data-start=\"1641\" data-end=\"1813\">La discusi\u00f3n est\u00e1 abierta y es urgente. M\u00e9xico enfrenta el reto de reconstruir la confianza ciudadana en un contexto donde el crimen organizado sigue marcando territorio.<\/p>\n<p style=\"text-align: justify;\" data-start=\"1815\" data-end=\"1956\"><strong data-start=\"1815\" data-end=\"1834\">\u00bfT\u00fa qu\u00e9 opinas?<\/strong> \u00bfNecesita el pa\u00eds una estrategia radicalmente distinta contra la violencia o m\u00e1s continuidad en las pol\u00edticas actuales?<\/p>\n","protected":false},"excerpt":{"rendered":"<p>El C\u00e1rtel Jalisco Nueva Generaci\u00f3n (CJNG) volvi\u00f3 a colocarse entre las principales tendencias en redes sociales, reavivando el debate sobre la capacidad del Estado mexicano para enfrentar a las organizaciones criminales m\u00e1s poderosas del pa\u00eds. Con presencia en al menos 28 estados, el CJNG es considerado por analistas internacionales como uno de los grupos m\u00e1s violentos y con mayor capacidad operativa en Am\u00e9rica Latina. La conversaci\u00f3n en X surgi\u00f3 tras la difusi\u00f3n de reportes sobre enfrentamientos y operativos recientes en regiones del occidente del pa\u00eds. Usuarios y especialistas discuten no solo la fuerza de este grupo criminal, sino tambi\u00e9n el [&hellip;]<\/p>\n","protected":false},"author":1,"featured_media":177809,"comment_status":"closed","ping_status":"closed","sticky":false,"template":"","format":"standard","meta":{"_monsterinsights_skip_tracking":false,"_monsterinsights_sitenote_active":false,"_monsterinsights_sitenote_note":"","_monsterinsights_sitenote_category":0,"footnotes":""},"categories":[5,46],"tags":[],"class_list":["post-177808","post","type-post","status-publish","format-standard","has-post-thumbnail","hentry","category-destacadas","category-nacional","post--single"],"yoast_head":"<!-- This site is optimized with the Yoast SEO plugin v27.5 - https:\/\/yoast.com\/product\/yoast-seo-wordpress\/ -->\n<title>CJNG vuelve a la agenda p\u00fablica: el desaf\u00edo de la violencia organizada en M\u00e9xico - Canal 7 SLP - 2025<\/title>\n<meta name=\"robots\" content=\"index, follow, max-snippet:-1, max-image-preview:large, max-video-preview:-1\" \/>\n<link rel=\"canonical\" href=\"https:\/\/canal7slp.tv\/2025\/cjng-vuelve-a-la-agenda-publica-el-desafio-de-la-violencia-organizada-en-mexico\/\" \/>\n<meta property=\"og:locale\" content=\"es_ES\" \/>\n<meta property=\"og:type\" content=\"article\" \/>\n<meta property=\"og:title\" content=\"CJNG vuelve a la agenda p\u00fablica: el desaf\u00edo de la violencia organizada en M\u00e9xico - Canal 7 SLP - 2025\" \/>\n<meta property=\"og:description\" content=\"El C\u00e1rtel Jalisco Nueva Generaci\u00f3n (CJNG) volvi\u00f3 a colocarse entre las principales tendencias en redes sociales, reavivando el debate sobre la capacidad del Estado mexicano para enfrentar a las organizaciones criminales m\u00e1s poderosas del pa\u00eds. Con presencia en al menos 28 estados, el CJNG es considerado por analistas internacionales como uno de los grupos m\u00e1s violentos y con mayor capacidad operativa en Am\u00e9rica Latina. La conversaci\u00f3n en X surgi\u00f3 tras la difusi\u00f3n de reportes sobre enfrentamientos y operativos recientes en regiones del occidente del pa\u00eds. Usuarios y especialistas discuten no solo la fuerza de este grupo criminal, sino tambi\u00e9n el [&hellip;]\" \/>\n<meta property=\"og:url\" content=\"https:\/\/canal7slp.tv\/2025\/cjng-vuelve-a-la-agenda-publica-el-desafio-de-la-violencia-organizada-en-mexico\/\" \/>\n<meta property=\"og:site_name\" content=\"Canal 7 SLP - 2025\" \/>\n<meta property=\"article:publisher\" content=\"https:\/\/www.facebook.com\/noticieroscanal7atencionciudadana\/\" \/>\n<meta property=\"article:published_time\" content=\"2025-08-27T22:26:36+00:00\" \/>\n<meta property=\"article:modified_time\" content=\"2025-08-27T22:27:06+00:00\" \/>\n<meta property=\"og:image\" content=\"https:\/\/canal7slp.tv\/2025\/wp-content\/uploads\/2025\/08\/64c7eb93-33c0-4fbc-aea8-84068aa4a9a6.jpeg\" \/>\n\t<meta property=\"og:image:width\" content=\"1140\" \/>\n\t<meta property=\"og:image:height\" content=\"637\" \/>\n\t<meta property=\"og:image:type\" content=\"image\/jpeg\" \/>\n<meta name=\"author\" content=\"admin\" \/>\n<meta name=\"twitter:card\" content=\"summary_large_image\" \/>\n<meta name=\"twitter:creator\" content=\"@NOTICIEROS7\" \/>\n<meta name=\"twitter:site\" content=\"@NOTICIEROS7\" \/>\n<meta name=\"twitter:label1\" content=\"Escrito por\" \/>\n\t<meta name=\"twitter:data1\" content=\"admin\" \/>\n\t<meta name=\"twitter:label2\" content=\"Tiempo de lectura\" \/>\n\t<meta name=\"twitter:data2\" content=\"2 minutos\" \/>\n<script type=\"application\/ld+json\" class=\"yoast-schema-graph\">{\"@context\":\"https:\\\/\\\/schema.org\",\"@graph\":[{\"@type\":\"Article\",\"@id\":\"https:\\\/\\\/canal7slp.tv\\\/2025\\\/cjng-vuelve-a-la-agenda-publica-el-desafio-de-la-violencia-organizada-en-mexico\\\/#article\",\"isPartOf\":{\"@id\":\"https:\\\/\\\/canal7slp.tv\\\/2025\\\/cjng-vuelve-a-la-agenda-publica-el-desafio-de-la-violencia-organizada-en-mexico\\\/\"},\"author\":{\"name\":\"admin\",\"@id\":\"https:\\\/\\\/canal7slp.tv\\\/2025\\\/#\\\/schema\\\/person\\\/1257e7e4a3d5ac29c4732733a887970d\"},\"headline\":\"CJNG vuelve a la agenda p\u00fablica: el desaf\u00edo de la violencia organizada en M\u00e9xico\",\"datePublished\":\"2025-08-27T22:26:36+00:00\",\"dateModified\":\"2025-08-27T22:27:06+00:00\",\"mainEntityOfPage\":{\"@id\":\"https:\\\/\\\/canal7slp.tv\\\/2025\\\/cjng-vuelve-a-la-agenda-publica-el-desafio-de-la-violencia-organizada-en-mexico\\\/\"},\"wordCount\":279,\"publisher\":{\"@id\":\"https:\\\/\\\/canal7slp.tv\\\/2025\\\/#organization\"},\"image\":{\"@id\":\"https:\\\/\\\/canal7slp.tv\\\/2025\\\/cjng-vuelve-a-la-agenda-publica-el-desafio-de-la-violencia-organizada-en-mexico\\\/#primaryimage\"},\"thumbnailUrl\":\"https:\\\/\\\/canal7slp.tv\\\/2025\\\/wp-content\\\/uploads\\\/2025\\\/08\\\/64c7eb93-33c0-4fbc-aea8-84068aa4a9a6.jpeg\",\"articleSection\":[\"DESTACADAS\",\"NACIONALES\"],\"inLanguage\":\"es\"},{\"@type\":\"WebPage\",\"@id\":\"https:\\\/\\\/canal7slp.tv\\\/2025\\\/cjng-vuelve-a-la-agenda-publica-el-desafio-de-la-violencia-organizada-en-mexico\\\/\",\"url\":\"https:\\\/\\\/canal7slp.tv\\\/2025\\\/cjng-vuelve-a-la-agenda-publica-el-desafio-de-la-violencia-organizada-en-mexico\\\/\",\"name\":\"CJNG vuelve a la agenda p\u00fablica: el desaf\u00edo de la violencia organizada en M\u00e9xico - Canal 7 SLP - 2025\",\"isPartOf\":{\"@id\":\"https:\\\/\\\/canal7slp.tv\\\/2025\\\/#website\"},\"primaryImageOfPage\":{\"@id\":\"https:\\\/\\\/canal7slp.tv\\\/2025\\\/cjng-vuelve-a-la-agenda-publica-el-desafio-de-la-violencia-organizada-en-mexico\\\/#primaryimage\"},\"image\":{\"@id\":\"https:\\\/\\\/canal7slp.tv\\\/2025\\\/cjng-vuelve-a-la-agenda-publica-el-desafio-de-la-violencia-organizada-en-mexico\\\/#primaryimage\"},\"thumbnailUrl\":\"https:\\\/\\\/canal7slp.tv\\\/2025\\\/wp-content\\\/uploads\\\/2025\\\/08\\\/64c7eb93-33c0-4fbc-aea8-84068aa4a9a6.jpeg\",\"datePublished\":\"2025-08-27T22:26:36+00:00\",\"dateModified\":\"2025-08-27T22:27:06+00:00\",\"breadcrumb\":{\"@id\":\"https:\\\/\\\/canal7slp.tv\\\/2025\\\/cjng-vuelve-a-la-agenda-publica-el-desafio-de-la-violencia-organizada-en-mexico\\\/#breadcrumb\"},\"inLanguage\":\"es\",\"potentialAction\":[{\"@type\":\"ReadAction\",\"target\":[\"https:\\\/\\\/canal7slp.tv\\\/2025\\\/cjng-vuelve-a-la-agenda-publica-el-desafio-de-la-violencia-organizada-en-mexico\\\/\"]}]},{\"@type\":\"ImageObject\",\"inLanguage\":\"es\",\"@id\":\"https:\\\/\\\/canal7slp.tv\\\/2025\\\/cjng-vuelve-a-la-agenda-publica-el-desafio-de-la-violencia-organizada-en-mexico\\\/#primaryimage\",\"url\":\"https:\\\/\\\/canal7slp.tv\\\/2025\\\/wp-content\\\/uploads\\\/2025\\\/08\\\/64c7eb93-33c0-4fbc-aea8-84068aa4a9a6.jpeg\",\"contentUrl\":\"https:\\\/\\\/canal7slp.tv\\\/2025\\\/wp-content\\\/uploads\\\/2025\\\/08\\\/64c7eb93-33c0-4fbc-aea8-84068aa4a9a6.jpeg\",\"width\":1140,\"height\":637},{\"@type\":\"BreadcrumbList\",\"@id\":\"https:\\\/\\\/canal7slp.tv\\\/2025\\\/cjng-vuelve-a-la-agenda-publica-el-desafio-de-la-violencia-organizada-en-mexico\\\/#breadcrumb\",\"itemListElement\":[{\"@type\":\"ListItem\",\"position\":1,\"name\":\"Portada\",\"item\":\"https:\\\/\\\/canal7slp.tv\\\/2025\\\/\"},{\"@type\":\"ListItem\",\"position\":2,\"name\":\"CJNG vuelve a la agenda p\u00fablica: el desaf\u00edo de la violencia organizada en M\u00e9xico\"}]},{\"@type\":\"WebSite\",\"@id\":\"https:\\\/\\\/canal7slp.tv\\\/2025\\\/#website\",\"url\":\"https:\\\/\\\/canal7slp.tv\\\/2025\\\/\",\"name\":\"N7 - Noticieros Canal 7\",\"description\":\"Somos el Medio\",\"publisher\":{\"@id\":\"https:\\\/\\\/canal7slp.tv\\\/2025\\\/#organization\"},\"potentialAction\":[{\"@type\":\"SearchAction\",\"target\":{\"@type\":\"EntryPoint\",\"urlTemplate\":\"https:\\\/\\\/canal7slp.tv\\\/2025\\\/?s={search_term_string}\"},\"query-input\":{\"@type\":\"PropertyValueSpecification\",\"valueRequired\":true,\"valueName\":\"search_term_string\"}}],\"inLanguage\":\"es\"},{\"@type\":\"Organization\",\"@id\":\"https:\\\/\\\/canal7slp.tv\\\/2025\\\/#organization\",\"name\":\"Noticieros Canal 7\",\"url\":\"https:\\\/\\\/canal7slp.tv\\\/2025\\\/\",\"logo\":{\"@type\":\"ImageObject\",\"inLanguage\":\"es\",\"@id\":\"https:\\\/\\\/canal7slp.tv\\\/2025\\\/#\\\/schema\\\/logo\\\/image\\\/\",\"url\":\"https:\\\/\\\/canal7slp.tv\\\/2025\\\/wp-content\\\/uploads\\\/2021\\\/01\\\/logo-noticieros@2x.png\",\"contentUrl\":\"https:\\\/\\\/canal7slp.tv\\\/2025\\\/wp-content\\\/uploads\\\/2021\\\/01\\\/logo-noticieros@2x.png\",\"width\":1017,\"height\":268,\"caption\":\"Noticieros Canal 7\"},\"image\":{\"@id\":\"https:\\\/\\\/canal7slp.tv\\\/2025\\\/#\\\/schema\\\/logo\\\/image\\\/\"},\"sameAs\":[\"https:\\\/\\\/www.facebook.com\\\/noticieroscanal7atencionciudadana\\\/\",\"https:\\\/\\\/x.com\\\/NOTICIEROS7\",\"https:\\\/\\\/www.instagram.com\\\/canal7_slp\",\"https:\\\/\\\/www.youtube.com\\\/channel\\\/UCliiYs-gP3JfJeqdPrNdd5A\"]},{\"@type\":\"Person\",\"@id\":\"https:\\\/\\\/canal7slp.tv\\\/2025\\\/#\\\/schema\\\/person\\\/1257e7e4a3d5ac29c4732733a887970d\",\"name\":\"admin\",\"image\":{\"@type\":\"ImageObject\",\"inLanguage\":\"es\",\"@id\":\"https:\\\/\\\/secure.gravatar.com\\\/avatar\\\/d1da498ea933582ecc2b5d72a4eac16ec41c3ec04cf2dc9d46e0b557dedfd5ff?s=96&d=mm&r=g\",\"url\":\"https:\\\/\\\/secure.gravatar.com\\\/avatar\\\/d1da498ea933582ecc2b5d72a4eac16ec41c3ec04cf2dc9d46e0b557dedfd5ff?s=96&d=mm&r=g\",\"contentUrl\":\"https:\\\/\\\/secure.gravatar.com\\\/avatar\\\/d1da498ea933582ecc2b5d72a4eac16ec41c3ec04cf2dc9d46e0b557dedfd5ff?s=96&d=mm&r=g\",\"caption\":\"admin\"},\"sameAs\":[\"https:\\\/\\\/canal7slp.tv\\\/2025\"],\"url\":\"https:\\\/\\\/canal7slp.tv\\\/2025\\\/author\\\/bicefalo\\\/\"}]}<\/script>\n<!-- \/ Yoast SEO plugin. -->","yoast_head_json":{"title":"CJNG vuelve a la agenda p\u00fablica: el desaf\u00edo de la violencia organizada en M\u00e9xico - Canal 7 SLP - 2025","robots":{"index":"index","follow":"follow","max-snippet":"max-snippet:-1","max-image-preview":"max-image-preview:large","max-video-preview":"max-video-preview:-1"},"canonical":"https:\/\/canal7slp.tv\/2025\/cjng-vuelve-a-la-agenda-publica-el-desafio-de-la-violencia-organizada-en-mexico\/","og_locale":"es_ES","og_type":"article","og_title":"CJNG vuelve a la agenda p\u00fablica: el desaf\u00edo de la violencia organizada en M\u00e9xico - Canal 7 SLP - 2025","og_description":"El C\u00e1rtel Jalisco Nueva Generaci\u00f3n (CJNG) volvi\u00f3 a colocarse entre las principales tendencias en redes sociales, reavivando el debate sobre la capacidad del Estado mexicano para enfrentar a las organizaciones criminales m\u00e1s poderosas del pa\u00eds. Con presencia en al menos 28 estados, el CJNG es considerado por analistas internacionales como uno de los grupos m\u00e1s violentos y con mayor capacidad operativa en Am\u00e9rica Latina. La conversaci\u00f3n en X surgi\u00f3 tras la difusi\u00f3n de reportes sobre enfrentamientos y operativos recientes en regiones del occidente del pa\u00eds. Usuarios y especialistas discuten no solo la fuerza de este grupo criminal, sino tambi\u00e9n el [&hellip;]","og_url":"https:\/\/canal7slp.tv\/2025\/cjng-vuelve-a-la-agenda-publica-el-desafio-de-la-violencia-organizada-en-mexico\/","og_site_name":"Canal 7 SLP - 2025","article_publisher":"https:\/\/www.facebook.com\/noticieroscanal7atencionciudadana\/","article_published_time":"2025-08-27T22:26:36+00:00","article_modified_time":"2025-08-27T22:27:06+00:00","og_image":[{"width":1140,"height":637,"url":"https:\/\/canal7slp.tv\/2025\/wp-content\/uploads\/2025\/08\/64c7eb93-33c0-4fbc-aea8-84068aa4a9a6.jpeg","type":"image\/jpeg"}],"author":"admin","twitter_card":"summary_large_image","twitter_creator":"@NOTICIEROS7","twitter_site":"@NOTICIEROS7","twitter_misc":{"Escrito por":"admin","Tiempo de lectura":"2 minutos"},"schema":{"@context":"https:\/\/schema.org","@graph":[{"@type":"Article","@id":"https:\/\/canal7slp.tv\/2025\/cjng-vuelve-a-la-agenda-publica-el-desafio-de-la-violencia-organizada-en-mexico\/#article","isPartOf":{"@id":"https:\/\/canal7slp.tv\/2025\/cjng-vuelve-a-la-agenda-publica-el-desafio-de-la-violencia-organizada-en-mexico\/"},"author":{"name":"admin","@id":"https:\/\/canal7slp.tv\/2025\/#\/schema\/person\/1257e7e4a3d5ac29c4732733a887970d"},"headline":"CJNG vuelve a la agenda p\u00fablica: el desaf\u00edo de la violencia organizada en M\u00e9xico","datePublished":"2025-08-27T22:26:36+00:00","dateModified":"2025-08-27T22:27:06+00:00","mainEntityOfPage":{"@id":"https:\/\/canal7slp.tv\/2025\/cjng-vuelve-a-la-agenda-publica-el-desafio-de-la-violencia-organizada-en-mexico\/"},"wordCount":279,"publisher":{"@id":"https:\/\/canal7slp.tv\/2025\/#organization"},"image":{"@id":"https:\/\/canal7slp.tv\/2025\/cjng-vuelve-a-la-agenda-publica-el-desafio-de-la-violencia-organizada-en-mexico\/#primaryimage"},"thumbnailUrl":"https:\/\/canal7slp.tv\/2025\/wp-content\/uploads\/2025\/08\/64c7eb93-33c0-4fbc-aea8-84068aa4a9a6.jpeg","articleSection":["DESTACADAS","NACIONALES"],"inLanguage":"es"},{"@type":"WebPage","@id":"https:\/\/canal7slp.tv\/2025\/cjng-vuelve-a-la-agenda-publica-el-desafio-de-la-violencia-organizada-en-mexico\/","url":"https:\/\/canal7slp.tv\/2025\/cjng-vuelve-a-la-agenda-publica-el-desafio-de-la-violencia-organizada-en-mexico\/","name":"CJNG vuelve a la agenda p\u00fablica: el desaf\u00edo de la violencia organizada en M\u00e9xico - Canal 7 SLP - 2025","isPartOf":{"@id":"https:\/\/canal7slp.tv\/2025\/#website"},"primaryImageOfPage":{"@id":"https:\/\/canal7slp.tv\/2025\/cjng-vuelve-a-la-agenda-publica-el-desafio-de-la-violencia-organizada-en-mexico\/#primaryimage"},"image":{"@id":"https:\/\/canal7slp.tv\/2025\/cjng-vuelve-a-la-agenda-publica-el-desafio-de-la-violencia-organizada-en-mexico\/#primaryimage"},"thumbnailUrl":"https:\/\/canal7slp.tv\/2025\/wp-content\/uploads\/2025\/08\/64c7eb93-33c0-4fbc-aea8-84068aa4a9a6.jpeg","datePublished":"2025-08-27T22:26:36+00:00","dateModified":"2025-08-27T22:27:06+00:00","breadcrumb":{"@id":"https:\/\/canal7slp.tv\/2025\/cjng-vuelve-a-la-agenda-publica-el-desafio-de-la-violencia-organizada-en-mexico\/#breadcrumb"},"inLanguage":"es","potentialAction":[{"@type":"ReadAction","target":["https:\/\/canal7slp.tv\/2025\/cjng-vuelve-a-la-agenda-publica-el-desafio-de-la-violencia-organizada-en-mexico\/"]}]},{"@type":"ImageObject","inLanguage":"es","@id":"https:\/\/canal7slp.tv\/2025\/cjng-vuelve-a-la-agenda-publica-el-desafio-de-la-violencia-organizada-en-mexico\/#primaryimage","url":"https:\/\/canal7slp.tv\/2025\/wp-content\/uploads\/2025\/08\/64c7eb93-33c0-4fbc-aea8-84068aa4a9a6.jpeg","contentUrl":"https:\/\/canal7slp.tv\/2025\/wp-content\/uploads\/2025\/08\/64c7eb93-33c0-4fbc-aea8-84068aa4a9a6.jpeg","width":1140,"height":637},{"@type":"BreadcrumbList","@id":"https:\/\/canal7slp.tv\/2025\/cjng-vuelve-a-la-agenda-publica-el-desafio-de-la-violencia-organizada-en-mexico\/#breadcrumb","itemListElement":[{"@type":"ListItem","position":1,"name":"Portada","item":"https:\/\/canal7slp.tv\/2025\/"},{"@type":"ListItem","position":2,"name":"CJNG vuelve a la agenda p\u00fablica: el desaf\u00edo de la violencia organizada en M\u00e9xico"}]},{"@type":"WebSite","@id":"https:\/\/canal7slp.tv\/2025\/#website","url":"https:\/\/canal7slp.tv\/2025\/","name":"N7 - Noticieros Canal 7","description":"Somos el Medio","publisher":{"@id":"https:\/\/canal7slp.tv\/2025\/#organization"},"potentialAction":[{"@type":"SearchAction","target":{"@type":"EntryPoint","urlTemplate":"https:\/\/canal7slp.tv\/2025\/?s={search_term_string}"},"query-input":{"@type":"PropertyValueSpecification","valueRequired":true,"valueName":"search_term_string"}}],"inLanguage":"es"},{"@type":"Organization","@id":"https:\/\/canal7slp.tv\/2025\/#organization","name":"Noticieros Canal 7","url":"https:\/\/canal7slp.tv\/2025\/","logo":{"@type":"ImageObject","inLanguage":"es","@id":"https:\/\/canal7slp.tv\/2025\/#\/schema\/logo\/image\/","url":"https:\/\/canal7slp.tv\/2025\/wp-content\/uploads\/2021\/01\/logo-noticieros@2x.png","contentUrl":"https:\/\/canal7slp.tv\/2025\/wp-content\/uploads\/2021\/01\/logo-noticieros@2x.png","width":1017,"height":268,"caption":"Noticieros Canal 7"},"image":{"@id":"https:\/\/canal7slp.tv\/2025\/#\/schema\/logo\/image\/"},"sameAs":["https:\/\/www.facebook.com\/noticieroscanal7atencionciudadana\/","https:\/\/x.com\/NOTICIEROS7","https:\/\/www.instagram.com\/canal7_slp","https:\/\/www.youtube.com\/channel\/UCliiYs-gP3JfJeqdPrNdd5A"]},{"@type":"Person","@id":"https:\/\/canal7slp.tv\/2025\/#\/schema\/person\/1257e7e4a3d5ac29c4732733a887970d","name":"admin","image":{"@type":"ImageObject","inLanguage":"es","@id":"https:\/\/secure.gravatar.com\/avatar\/d1da498ea933582ecc2b5d72a4eac16ec41c3ec04cf2dc9d46e0b557dedfd5ff?s=96&d=mm&r=g","url":"https:\/\/secure.gravatar.com\/avatar\/d1da498ea933582ecc2b5d72a4eac16ec41c3ec04cf2dc9d46e0b557dedfd5ff?s=96&d=mm&r=g","contentUrl":"https:\/\/secure.gravatar.com\/avatar\/d1da498ea933582ecc2b5d72a4eac16ec41c3ec04cf2dc9d46e0b557dedfd5ff?s=96&d=mm&r=g","caption":"admin"},"sameAs":["https:\/\/canal7slp.tv\/2025"],"url":"https:\/\/canal7slp.tv\/2025\/author\/bicefalo\/"}]}},"_links":{"self":[{"href":"https:\/\/canal7slp.tv\/2025\/wp-json\/wp\/v2\/posts\/177808","targetHints":{"allow":["GET"]}}],"collection":[{"href":"https:\/\/canal7slp.tv\/2025\/wp-json\/wp\/v2\/posts"}],"about":[{"href":"https:\/\/canal7slp.tv\/2025\/wp-json\/wp\/v2\/types\/post"}],"author":[{"embeddable":true,"href":"https:\/\/canal7slp.tv\/2025\/wp-json\/wp\/v2\/users\/1"}],"replies":[{"embeddable":true,"href":"https:\/\/canal7slp.tv\/2025\/wp-json\/wp\/v2\/comments?post=177808"}],"version-history":[{"count":2,"href":"https:\/\/canal7slp.tv\/2025\/wp-json\/wp\/v2\/posts\/177808\/revisions"}],"predecessor-version":[{"id":177811,"href":"https:\/\/canal7slp.tv\/2025\/wp-json\/wp\/v2\/posts\/177808\/revisions\/177811"}],"wp:featuredmedia":[{"embeddable":true,"href":"https:\/\/canal7slp.tv\/2025\/wp-json\/wp\/v2\/media\/177809"}],"wp:attachment":[{"href":"https:\/\/canal7slp.tv\/2025\/wp-json\/wp\/v2\/media?parent=177808"}],"wp:term":[{"taxonomy":"category","embeddable":true,"href":"https:\/\/canal7slp.tv\/2025\/wp-json\/wp\/v2\/categories?post=177808"},{"taxonomy":"post_tag","embeddable":true,"href":"https:\/\/canal7slp.tv\/2025\/wp-json\/wp\/v2\/tags?post=177808"}],"curies":[{"name":"wp","href":"https:\/\/api.w.org\/{rel}","templated":true}]}}