{"id":177805,"date":"2025-08-27T16:16:16","date_gmt":"2025-08-27T22:16:16","guid":{"rendered":"https:\/\/canal7slp.tv\/2025\/?p=177805"},"modified":"2025-08-27T16:16:16","modified_gmt":"2025-08-27T22:16:16","slug":"alejandro-moreno-en-el-ojo-publico-entre-criticas-y-su-futuro-politico","status":"publish","type":"post","link":"https:\/\/canal7slp.tv\/2025\/alejandro-moreno-en-el-ojo-publico-entre-criticas-y-su-futuro-politico\/","title":{"rendered":"Alejandro Moreno en el ojo p\u00fablico: entre cr\u00edticas y su futuro pol\u00edtico"},"content":{"rendered":"<p style=\"text-align: justify;\" data-start=\"359\" data-end=\"718\">El dirigente nacional del PRI, <strong data-start=\"390\" data-end=\"418\">Alejandro Moreno \u201cAlito\u201d<\/strong>, volvi\u00f3 a colocarse en el centro del debate pol\u00edtico luego de que su nombre se convirtiera en tendencia en redes sociales. Con m\u00e1s de mil ochocientas menciones en X, usuarios discuten su papel dentro de la oposici\u00f3n y el futuro inmediato de su partido en un escenario pol\u00edtico dominado por Morena.<\/p>\n<p style=\"text-align: justify;\" data-start=\"720\" data-end=\"1167\">Moreno, quien ha sido se\u00f1alado tanto por adversarios como por voces internas del priismo, enfrenta el reto de mantener la cohesi\u00f3n de un partido hist\u00f3rico que lucha por recuperar relevancia. Mientras algunos lo acusan de priorizar acuerdos personales y de ser un obst\u00e1culo para la renovaci\u00f3n del PRI, otros defienden su liderazgo, argumentando que ha sabido mantener presencia en un panorama donde otros partidos tradicionales se han debilitado.<\/p>\n<p style=\"text-align: justify;\" data-start=\"1169\" data-end=\"1494\">El debate se intensific\u00f3 tras sus recientes declaraciones sobre la necesidad de redefinir la estrategia opositora rumbo a las elecciones intermedias. Para cr\u00edticos, se trata de un discurso repetitivo sin resultados tangibles; para sus aliados, es una muestra de que el PRI no est\u00e1 dispuesto a desaparecer del mapa pol\u00edtico.<\/p>\n<p style=\"text-align: justify;\" data-start=\"1496\" data-end=\"1755\">M\u00e1s all\u00e1 de simpat\u00edas o cr\u00edticas, lo cierto es que el apellido Moreno vuelve a colocarse en la conversaci\u00f3n nacional. Y con ello, la pregunta de fondo: \u00bfser\u00e1 capaz el PRI de reinventarse bajo su liderazgo o estamos viendo la cr\u00f3nica de un declive anunciado?<\/p>\n","protected":false},"excerpt":{"rendered":"<p>El dirigente nacional del PRI, Alejandro Moreno \u201cAlito\u201d, volvi\u00f3 a colocarse en el centro del debate pol\u00edtico luego de que su nombre se convirtiera en tendencia en redes sociales. Con m\u00e1s de mil ochocientas menciones en X, usuarios discuten su papel dentro de la oposici\u00f3n y el futuro inmediato de su partido en un escenario pol\u00edtico dominado por Morena. Moreno, quien ha sido se\u00f1alado tanto por adversarios como por voces internas del priismo, enfrenta el reto de mantener la cohesi\u00f3n de un partido hist\u00f3rico que lucha por recuperar relevancia. Mientras algunos lo acusan de priorizar acuerdos personales y de ser [&hellip;]<\/p>\n","protected":false},"author":1,"featured_media":177806,"comment_status":"closed","ping_status":"closed","sticky":false,"template":"","format":"standard","meta":{"_monsterinsights_skip_tracking":false,"_monsterinsights_sitenote_active":false,"_monsterinsights_sitenote_note":"","_monsterinsights_sitenote_category":0,"footnotes":""},"categories":[46],"tags":[],"class_list":["post-177805","post","type-post","status-publish","format-standard","has-post-thumbnail","hentry","category-nacional","post--single"],"yoast_head":"<!-- This site is optimized with the Yoast SEO plugin v27.5 - https:\/\/yoast.com\/product\/yoast-seo-wordpress\/ -->\n<title>Alejandro Moreno en el ojo p\u00fablico: entre cr\u00edticas y su futuro pol\u00edtico - Canal 7 SLP - 2025<\/title>\n<meta name=\"robots\" content=\"index, follow, max-snippet:-1, max-image-preview:large, max-video-preview:-1\" \/>\n<link rel=\"canonical\" href=\"https:\/\/canal7slp.tv\/2025\/alejandro-moreno-en-el-ojo-publico-entre-criticas-y-su-futuro-politico\/\" \/>\n<meta property=\"og:locale\" content=\"es_ES\" \/>\n<meta property=\"og:type\" content=\"article\" \/>\n<meta property=\"og:title\" content=\"Alejandro Moreno en el ojo p\u00fablico: entre cr\u00edticas y su futuro pol\u00edtico - Canal 7 SLP - 2025\" \/>\n<meta property=\"og:description\" content=\"El dirigente nacional del PRI, Alejandro Moreno \u201cAlito\u201d, volvi\u00f3 a colocarse en el centro del debate pol\u00edtico luego de que su nombre se convirtiera en tendencia en redes sociales. Con m\u00e1s de mil ochocientas menciones en X, usuarios discuten su papel dentro de la oposici\u00f3n y el futuro inmediato de su partido en un escenario pol\u00edtico dominado por Morena. Moreno, quien ha sido se\u00f1alado tanto por adversarios como por voces internas del priismo, enfrenta el reto de mantener la cohesi\u00f3n de un partido hist\u00f3rico que lucha por recuperar relevancia. Mientras algunos lo acusan de priorizar acuerdos personales y de ser [&hellip;]\" \/>\n<meta property=\"og:url\" content=\"https:\/\/canal7slp.tv\/2025\/alejandro-moreno-en-el-ojo-publico-entre-criticas-y-su-futuro-politico\/\" \/>\n<meta property=\"og:site_name\" content=\"Canal 7 SLP - 2025\" \/>\n<meta property=\"article:publisher\" content=\"https:\/\/www.facebook.com\/noticieroscanal7atencionciudadana\/\" \/>\n<meta property=\"article:published_time\" content=\"2025-08-27T22:16:16+00:00\" \/>\n<meta property=\"og:image\" content=\"https:\/\/canal7slp.tv\/2025\/wp-content\/uploads\/2025\/08\/alito_alejandro_moreno_pri.png\" \/>\n\t<meta property=\"og:image:width\" content=\"798\" \/>\n\t<meta property=\"og:image:height\" content=\"598\" \/>\n\t<meta property=\"og:image:type\" content=\"image\/png\" \/>\n<meta name=\"author\" content=\"admin\" \/>\n<meta name=\"twitter:card\" content=\"summary_large_image\" \/>\n<meta name=\"twitter:creator\" content=\"@NOTICIEROS7\" \/>\n<meta name=\"twitter:site\" content=\"@NOTICIEROS7\" \/>\n<meta name=\"twitter:label1\" content=\"Escrito por\" \/>\n\t<meta name=\"twitter:data1\" content=\"admin\" \/>\n\t<meta name=\"twitter:label2\" content=\"Tiempo de lectura\" \/>\n\t<meta name=\"twitter:data2\" content=\"2 minutos\" \/>\n<script type=\"application\/ld+json\" class=\"yoast-schema-graph\">{\"@context\":\"https:\\\/\\\/schema.org\",\"@graph\":[{\"@type\":\"Article\",\"@id\":\"https:\\\/\\\/canal7slp.tv\\\/2025\\\/alejandro-moreno-en-el-ojo-publico-entre-criticas-y-su-futuro-politico\\\/#article\",\"isPartOf\":{\"@id\":\"https:\\\/\\\/canal7slp.tv\\\/2025\\\/alejandro-moreno-en-el-ojo-publico-entre-criticas-y-su-futuro-politico\\\/\"},\"author\":{\"name\":\"admin\",\"@id\":\"https:\\\/\\\/canal7slp.tv\\\/2025\\\/#\\\/schema\\\/person\\\/1257e7e4a3d5ac29c4732733a887970d\"},\"headline\":\"Alejandro Moreno en el ojo p\u00fablico: entre cr\u00edticas y su futuro pol\u00edtico\",\"datePublished\":\"2025-08-27T22:16:16+00:00\",\"mainEntityOfPage\":{\"@id\":\"https:\\\/\\\/canal7slp.tv\\\/2025\\\/alejandro-moreno-en-el-ojo-publico-entre-criticas-y-su-futuro-politico\\\/\"},\"wordCount\":253,\"publisher\":{\"@id\":\"https:\\\/\\\/canal7slp.tv\\\/2025\\\/#organization\"},\"image\":{\"@id\":\"https:\\\/\\\/canal7slp.tv\\\/2025\\\/alejandro-moreno-en-el-ojo-publico-entre-criticas-y-su-futuro-politico\\\/#primaryimage\"},\"thumbnailUrl\":\"https:\\\/\\\/canal7slp.tv\\\/2025\\\/wp-content\\\/uploads\\\/2025\\\/08\\\/alito_alejandro_moreno_pri.png\",\"articleSection\":[\"NACIONALES\"],\"inLanguage\":\"es\"},{\"@type\":\"WebPage\",\"@id\":\"https:\\\/\\\/canal7slp.tv\\\/2025\\\/alejandro-moreno-en-el-ojo-publico-entre-criticas-y-su-futuro-politico\\\/\",\"url\":\"https:\\\/\\\/canal7slp.tv\\\/2025\\\/alejandro-moreno-en-el-ojo-publico-entre-criticas-y-su-futuro-politico\\\/\",\"name\":\"Alejandro Moreno en el ojo p\u00fablico: entre cr\u00edticas y su futuro pol\u00edtico - Canal 7 SLP - 2025\",\"isPartOf\":{\"@id\":\"https:\\\/\\\/canal7slp.tv\\\/2025\\\/#website\"},\"primaryImageOfPage\":{\"@id\":\"https:\\\/\\\/canal7slp.tv\\\/2025\\\/alejandro-moreno-en-el-ojo-publico-entre-criticas-y-su-futuro-politico\\\/#primaryimage\"},\"image\":{\"@id\":\"https:\\\/\\\/canal7slp.tv\\\/2025\\\/alejandro-moreno-en-el-ojo-publico-entre-criticas-y-su-futuro-politico\\\/#primaryimage\"},\"thumbnailUrl\":\"https:\\\/\\\/canal7slp.tv\\\/2025\\\/wp-content\\\/uploads\\\/2025\\\/08\\\/alito_alejandro_moreno_pri.png\",\"datePublished\":\"2025-08-27T22:16:16+00:00\",\"breadcrumb\":{\"@id\":\"https:\\\/\\\/canal7slp.tv\\\/2025\\\/alejandro-moreno-en-el-ojo-publico-entre-criticas-y-su-futuro-politico\\\/#breadcrumb\"},\"inLanguage\":\"es\",\"potentialAction\":[{\"@type\":\"ReadAction\",\"target\":[\"https:\\\/\\\/canal7slp.tv\\\/2025\\\/alejandro-moreno-en-el-ojo-publico-entre-criticas-y-su-futuro-politico\\\/\"]}]},{\"@type\":\"ImageObject\",\"inLanguage\":\"es\",\"@id\":\"https:\\\/\\\/canal7slp.tv\\\/2025\\\/alejandro-moreno-en-el-ojo-publico-entre-criticas-y-su-futuro-politico\\\/#primaryimage\",\"url\":\"https:\\\/\\\/canal7slp.tv\\\/2025\\\/wp-content\\\/uploads\\\/2025\\\/08\\\/alito_alejandro_moreno_pri.png\",\"contentUrl\":\"https:\\\/\\\/canal7slp.tv\\\/2025\\\/wp-content\\\/uploads\\\/2025\\\/08\\\/alito_alejandro_moreno_pri.png\",\"width\":798,\"height\":598},{\"@type\":\"BreadcrumbList\",\"@id\":\"https:\\\/\\\/canal7slp.tv\\\/2025\\\/alejandro-moreno-en-el-ojo-publico-entre-criticas-y-su-futuro-politico\\\/#breadcrumb\",\"itemListElement\":[{\"@type\":\"ListItem\",\"position\":1,\"name\":\"Portada\",\"item\":\"https:\\\/\\\/canal7slp.tv\\\/2025\\\/\"},{\"@type\":\"ListItem\",\"position\":2,\"name\":\"Alejandro Moreno en el ojo p\u00fablico: entre cr\u00edticas y su futuro pol\u00edtico\"}]},{\"@type\":\"WebSite\",\"@id\":\"https:\\\/\\\/canal7slp.tv\\\/2025\\\/#website\",\"url\":\"https:\\\/\\\/canal7slp.tv\\\/2025\\\/\",\"name\":\"N7 - Noticieros Canal 7\",\"description\":\"Somos el Medio\",\"publisher\":{\"@id\":\"https:\\\/\\\/canal7slp.tv\\\/2025\\\/#organization\"},\"potentialAction\":[{\"@type\":\"SearchAction\",\"target\":{\"@type\":\"EntryPoint\",\"urlTemplate\":\"https:\\\/\\\/canal7slp.tv\\\/2025\\\/?s={search_term_string}\"},\"query-input\":{\"@type\":\"PropertyValueSpecification\",\"valueRequired\":true,\"valueName\":\"search_term_string\"}}],\"inLanguage\":\"es\"},{\"@type\":\"Organization\",\"@id\":\"https:\\\/\\\/canal7slp.tv\\\/2025\\\/#organization\",\"name\":\"Noticieros Canal 7\",\"url\":\"https:\\\/\\\/canal7slp.tv\\\/2025\\\/\",\"logo\":{\"@type\":\"ImageObject\",\"inLanguage\":\"es\",\"@id\":\"https:\\\/\\\/canal7slp.tv\\\/2025\\\/#\\\/schema\\\/logo\\\/image\\\/\",\"url\":\"https:\\\/\\\/canal7slp.tv\\\/2025\\\/wp-content\\\/uploads\\\/2021\\\/01\\\/logo-noticieros@2x.png\",\"contentUrl\":\"https:\\\/\\\/canal7slp.tv\\\/2025\\\/wp-content\\\/uploads\\\/2021\\\/01\\\/logo-noticieros@2x.png\",\"width\":1017,\"height\":268,\"caption\":\"Noticieros Canal 7\"},\"image\":{\"@id\":\"https:\\\/\\\/canal7slp.tv\\\/2025\\\/#\\\/schema\\\/logo\\\/image\\\/\"},\"sameAs\":[\"https:\\\/\\\/www.facebook.com\\\/noticieroscanal7atencionciudadana\\\/\",\"https:\\\/\\\/x.com\\\/NOTICIEROS7\",\"https:\\\/\\\/www.instagram.com\\\/canal7_slp\",\"https:\\\/\\\/www.youtube.com\\\/channel\\\/UCliiYs-gP3JfJeqdPrNdd5A\"]},{\"@type\":\"Person\",\"@id\":\"https:\\\/\\\/canal7slp.tv\\\/2025\\\/#\\\/schema\\\/person\\\/1257e7e4a3d5ac29c4732733a887970d\",\"name\":\"admin\",\"image\":{\"@type\":\"ImageObject\",\"inLanguage\":\"es\",\"@id\":\"https:\\\/\\\/secure.gravatar.com\\\/avatar\\\/d1da498ea933582ecc2b5d72a4eac16ec41c3ec04cf2dc9d46e0b557dedfd5ff?s=96&d=mm&r=g\",\"url\":\"https:\\\/\\\/secure.gravatar.com\\\/avatar\\\/d1da498ea933582ecc2b5d72a4eac16ec41c3ec04cf2dc9d46e0b557dedfd5ff?s=96&d=mm&r=g\",\"contentUrl\":\"https:\\\/\\\/secure.gravatar.com\\\/avatar\\\/d1da498ea933582ecc2b5d72a4eac16ec41c3ec04cf2dc9d46e0b557dedfd5ff?s=96&d=mm&r=g\",\"caption\":\"admin\"},\"sameAs\":[\"https:\\\/\\\/canal7slp.tv\\\/2025\"],\"url\":\"https:\\\/\\\/canal7slp.tv\\\/2025\\\/author\\\/bicefalo\\\/\"}]}<\/script>\n<!-- \/ Yoast SEO plugin. -->","yoast_head_json":{"title":"Alejandro Moreno en el ojo p\u00fablico: entre cr\u00edticas y su futuro pol\u00edtico - Canal 7 SLP - 2025","robots":{"index":"index","follow":"follow","max-snippet":"max-snippet:-1","max-image-preview":"max-image-preview:large","max-video-preview":"max-video-preview:-1"},"canonical":"https:\/\/canal7slp.tv\/2025\/alejandro-moreno-en-el-ojo-publico-entre-criticas-y-su-futuro-politico\/","og_locale":"es_ES","og_type":"article","og_title":"Alejandro Moreno en el ojo p\u00fablico: entre cr\u00edticas y su futuro pol\u00edtico - Canal 7 SLP - 2025","og_description":"El dirigente nacional del PRI, Alejandro Moreno \u201cAlito\u201d, volvi\u00f3 a colocarse en el centro del debate pol\u00edtico luego de que su nombre se convirtiera en tendencia en redes sociales. Con m\u00e1s de mil ochocientas menciones en X, usuarios discuten su papel dentro de la oposici\u00f3n y el futuro inmediato de su partido en un escenario pol\u00edtico dominado por Morena. Moreno, quien ha sido se\u00f1alado tanto por adversarios como por voces internas del priismo, enfrenta el reto de mantener la cohesi\u00f3n de un partido hist\u00f3rico que lucha por recuperar relevancia. Mientras algunos lo acusan de priorizar acuerdos personales y de ser [&hellip;]","og_url":"https:\/\/canal7slp.tv\/2025\/alejandro-moreno-en-el-ojo-publico-entre-criticas-y-su-futuro-politico\/","og_site_name":"Canal 7 SLP - 2025","article_publisher":"https:\/\/www.facebook.com\/noticieroscanal7atencionciudadana\/","article_published_time":"2025-08-27T22:16:16+00:00","og_image":[{"width":798,"height":598,"url":"https:\/\/canal7slp.tv\/2025\/wp-content\/uploads\/2025\/08\/alito_alejandro_moreno_pri.png","type":"image\/png"}],"author":"admin","twitter_card":"summary_large_image","twitter_creator":"@NOTICIEROS7","twitter_site":"@NOTICIEROS7","twitter_misc":{"Escrito por":"admin","Tiempo de lectura":"2 minutos"},"schema":{"@context":"https:\/\/schema.org","@graph":[{"@type":"Article","@id":"https:\/\/canal7slp.tv\/2025\/alejandro-moreno-en-el-ojo-publico-entre-criticas-y-su-futuro-politico\/#article","isPartOf":{"@id":"https:\/\/canal7slp.tv\/2025\/alejandro-moreno-en-el-ojo-publico-entre-criticas-y-su-futuro-politico\/"},"author":{"name":"admin","@id":"https:\/\/canal7slp.tv\/2025\/#\/schema\/person\/1257e7e4a3d5ac29c4732733a887970d"},"headline":"Alejandro Moreno en el ojo p\u00fablico: entre cr\u00edticas y su futuro pol\u00edtico","datePublished":"2025-08-27T22:16:16+00:00","mainEntityOfPage":{"@id":"https:\/\/canal7slp.tv\/2025\/alejandro-moreno-en-el-ojo-publico-entre-criticas-y-su-futuro-politico\/"},"wordCount":253,"publisher":{"@id":"https:\/\/canal7slp.tv\/2025\/#organization"},"image":{"@id":"https:\/\/canal7slp.tv\/2025\/alejandro-moreno-en-el-ojo-publico-entre-criticas-y-su-futuro-politico\/#primaryimage"},"thumbnailUrl":"https:\/\/canal7slp.tv\/2025\/wp-content\/uploads\/2025\/08\/alito_alejandro_moreno_pri.png","articleSection":["NACIONALES"],"inLanguage":"es"},{"@type":"WebPage","@id":"https:\/\/canal7slp.tv\/2025\/alejandro-moreno-en-el-ojo-publico-entre-criticas-y-su-futuro-politico\/","url":"https:\/\/canal7slp.tv\/2025\/alejandro-moreno-en-el-ojo-publico-entre-criticas-y-su-futuro-politico\/","name":"Alejandro Moreno en el ojo p\u00fablico: entre cr\u00edticas y su futuro pol\u00edtico - Canal 7 SLP - 2025","isPartOf":{"@id":"https:\/\/canal7slp.tv\/2025\/#website"},"primaryImageOfPage":{"@id":"https:\/\/canal7slp.tv\/2025\/alejandro-moreno-en-el-ojo-publico-entre-criticas-y-su-futuro-politico\/#primaryimage"},"image":{"@id":"https:\/\/canal7slp.tv\/2025\/alejandro-moreno-en-el-ojo-publico-entre-criticas-y-su-futuro-politico\/#primaryimage"},"thumbnailUrl":"https:\/\/canal7slp.tv\/2025\/wp-content\/uploads\/2025\/08\/alito_alejandro_moreno_pri.png","datePublished":"2025-08-27T22:16:16+00:00","breadcrumb":{"@id":"https:\/\/canal7slp.tv\/2025\/alejandro-moreno-en-el-ojo-publico-entre-criticas-y-su-futuro-politico\/#breadcrumb"},"inLanguage":"es","potentialAction":[{"@type":"ReadAction","target":["https:\/\/canal7slp.tv\/2025\/alejandro-moreno-en-el-ojo-publico-entre-criticas-y-su-futuro-politico\/"]}]},{"@type":"ImageObject","inLanguage":"es","@id":"https:\/\/canal7slp.tv\/2025\/alejandro-moreno-en-el-ojo-publico-entre-criticas-y-su-futuro-politico\/#primaryimage","url":"https:\/\/canal7slp.tv\/2025\/wp-content\/uploads\/2025\/08\/alito_alejandro_moreno_pri.png","contentUrl":"https:\/\/canal7slp.tv\/2025\/wp-content\/uploads\/2025\/08\/alito_alejandro_moreno_pri.png","width":798,"height":598},{"@type":"BreadcrumbList","@id":"https:\/\/canal7slp.tv\/2025\/alejandro-moreno-en-el-ojo-publico-entre-criticas-y-su-futuro-politico\/#breadcrumb","itemListElement":[{"@type":"ListItem","position":1,"name":"Portada","item":"https:\/\/canal7slp.tv\/2025\/"},{"@type":"ListItem","position":2,"name":"Alejandro Moreno en el ojo p\u00fablico: entre cr\u00edticas y su futuro pol\u00edtico"}]},{"@type":"WebSite","@id":"https:\/\/canal7slp.tv\/2025\/#website","url":"https:\/\/canal7slp.tv\/2025\/","name":"N7 - Noticieros Canal 7","description":"Somos el Medio","publisher":{"@id":"https:\/\/canal7slp.tv\/2025\/#organization"},"potentialAction":[{"@type":"SearchAction","target":{"@type":"EntryPoint","urlTemplate":"https:\/\/canal7slp.tv\/2025\/?s={search_term_string}"},"query-input":{"@type":"PropertyValueSpecification","valueRequired":true,"valueName":"search_term_string"}}],"inLanguage":"es"},{"@type":"Organization","@id":"https:\/\/canal7slp.tv\/2025\/#organization","name":"Noticieros Canal 7","url":"https:\/\/canal7slp.tv\/2025\/","logo":{"@type":"ImageObject","inLanguage":"es","@id":"https:\/\/canal7slp.tv\/2025\/#\/schema\/logo\/image\/","url":"https:\/\/canal7slp.tv\/2025\/wp-content\/uploads\/2021\/01\/logo-noticieros@2x.png","contentUrl":"https:\/\/canal7slp.tv\/2025\/wp-content\/uploads\/2021\/01\/logo-noticieros@2x.png","width":1017,"height":268,"caption":"Noticieros Canal 7"},"image":{"@id":"https:\/\/canal7slp.tv\/2025\/#\/schema\/logo\/image\/"},"sameAs":["https:\/\/www.facebook.com\/noticieroscanal7atencionciudadana\/","https:\/\/x.com\/NOTICIEROS7","https:\/\/www.instagram.com\/canal7_slp","https:\/\/www.youtube.com\/channel\/UCliiYs-gP3JfJeqdPrNdd5A"]},{"@type":"Person","@id":"https:\/\/canal7slp.tv\/2025\/#\/schema\/person\/1257e7e4a3d5ac29c4732733a887970d","name":"admin","image":{"@type":"ImageObject","inLanguage":"es","@id":"https:\/\/secure.gravatar.com\/avatar\/d1da498ea933582ecc2b5d72a4eac16ec41c3ec04cf2dc9d46e0b557dedfd5ff?s=96&d=mm&r=g","url":"https:\/\/secure.gravatar.com\/avatar\/d1da498ea933582ecc2b5d72a4eac16ec41c3ec04cf2dc9d46e0b557dedfd5ff?s=96&d=mm&r=g","contentUrl":"https:\/\/secure.gravatar.com\/avatar\/d1da498ea933582ecc2b5d72a4eac16ec41c3ec04cf2dc9d46e0b557dedfd5ff?s=96&d=mm&r=g","caption":"admin"},"sameAs":["https:\/\/canal7slp.tv\/2025"],"url":"https:\/\/canal7slp.tv\/2025\/author\/bicefalo\/"}]}},"_links":{"self":[{"href":"https:\/\/canal7slp.tv\/2025\/wp-json\/wp\/v2\/posts\/177805","targetHints":{"allow":["GET"]}}],"collection":[{"href":"https:\/\/canal7slp.tv\/2025\/wp-json\/wp\/v2\/posts"}],"about":[{"href":"https:\/\/canal7slp.tv\/2025\/wp-json\/wp\/v2\/types\/post"}],"author":[{"embeddable":true,"href":"https:\/\/canal7slp.tv\/2025\/wp-json\/wp\/v2\/users\/1"}],"replies":[{"embeddable":true,"href":"https:\/\/canal7slp.tv\/2025\/wp-json\/wp\/v2\/comments?post=177805"}],"version-history":[{"count":1,"href":"https:\/\/canal7slp.tv\/2025\/wp-json\/wp\/v2\/posts\/177805\/revisions"}],"predecessor-version":[{"id":177807,"href":"https:\/\/canal7slp.tv\/2025\/wp-json\/wp\/v2\/posts\/177805\/revisions\/177807"}],"wp:featuredmedia":[{"embeddable":true,"href":"https:\/\/canal7slp.tv\/2025\/wp-json\/wp\/v2\/media\/177806"}],"wp:attachment":[{"href":"https:\/\/canal7slp.tv\/2025\/wp-json\/wp\/v2\/media?parent=177805"}],"wp:term":[{"taxonomy":"category","embeddable":true,"href":"https:\/\/canal7slp.tv\/2025\/wp-json\/wp\/v2\/categories?post=177805"},{"taxonomy":"post_tag","embeddable":true,"href":"https:\/\/canal7slp.tv\/2025\/wp-json\/wp\/v2\/tags?post=177805"}],"curies":[{"name":"wp","href":"https:\/\/api.w.org\/{rel}","templated":true}]}}