{"id":177802,"date":"2025-08-27T16:01:42","date_gmt":"2025-08-27T22:01:42","guid":{"rendered":"https:\/\/canal7slp.tv\/2025\/?p=177802"},"modified":"2025-08-27T16:01:42","modified_gmt":"2025-08-27T22:01:42","slug":"el-7-arrasa-en-redes-fenomeno-deportivo-o-espejo-de-la-politica-mexicana","status":"publish","type":"post","link":"https:\/\/canal7slp.tv\/2025\/el-7-arrasa-en-redes-fenomeno-deportivo-o-espejo-de-la-politica-mexicana\/","title":{"rendered":"El 7\u2019 arrasa en redes: \u00bffen\u00f3meno deportivo o espejo de la pol\u00edtica mexicana?"},"content":{"rendered":"<p style=\"text-align: justify;\" data-start=\"570\" data-end=\"1086\">Con m\u00e1s de 87 mil menciones en X, el t\u00e9rmino <strong data-start=\"615\" data-end=\"625\">\u201cEl 7\u201d<\/strong> se convirti\u00f3 en tendencia nacional este martes, generando debate tanto en la esfera deportiva como en la pol\u00edtica mexicana. Lo curioso es que el hashtag se usa de forma cruzada: por un lado, aficionados lo relacionan con la camiseta n\u00famero 7 en equipos ic\u00f3nicos como el Manchester United; por otro, usuarios en M\u00e9xico lo han resignificado como un s\u00edmbolo pol\u00edtico, aludiendo a figuras y movimientos que buscan consolidarse de cara al pr\u00f3ximo ciclo electoral.<\/p>\n<p style=\"text-align: justify;\" data-start=\"1088\" data-end=\"1445\">En cuesti\u00f3n de horas, \u201cEl 7\u201d pas\u00f3 de ser una referencia deportiva a convertirse en un espacio de memes, comparaciones y debates ideol\u00f3gicos. Mientras unos lo usan con humor para hablar de f\u00fatbol, otros lo insertan en la conversaci\u00f3n p\u00fablica sobre partidos y liderazgos, especialmente en estados donde las campa\u00f1as pol\u00edticas ya empiezan a calentar motores.<\/p>\n<p style=\"text-align: justify;\" data-start=\"1447\" data-end=\"1834\">Este fen\u00f3meno confirma c\u00f3mo las redes sociales en M\u00e9xico mezclan sin filtros el deporte y la pol\u00edtica, dos pasiones nacionales que comparten la arena de la opini\u00f3n p\u00fablica. M\u00e1s all\u00e1 de su origen, lo que est\u00e1 claro es que \u201cEl 7\u201d se transform\u00f3 en un trend multifac\u00e9tico que revela la manera en que los usuarios reinterpretan s\u00edmbolos y los convierten en veh\u00edculos de expresi\u00f3n ciudadana.<\/p>\n<p style=\"text-align: justify;\" data-start=\"1836\" data-end=\"1994\"><strong data-start=\"1836\" data-end=\"1855\">\u00bfT\u00fa qu\u00e9 opinas?<\/strong> \u00bfEs solo una broma viral con aroma futbolero o una muestra de c\u00f3mo la pol\u00edtica mexicana encuentra eco hasta en el lenguaje de la cancha?<\/p>\n","protected":false},"excerpt":{"rendered":"<p>Con m\u00e1s de 87 mil menciones en X, el t\u00e9rmino \u201cEl 7\u201d se convirti\u00f3 en tendencia nacional este martes, generando debate tanto en la esfera deportiva como en la pol\u00edtica mexicana. Lo curioso es que el hashtag se usa de forma cruzada: por un lado, aficionados lo relacionan con la camiseta n\u00famero 7 en equipos ic\u00f3nicos como el Manchester United; por otro, usuarios en M\u00e9xico lo han resignificado como un s\u00edmbolo pol\u00edtico, aludiendo a figuras y movimientos que buscan consolidarse de cara al pr\u00f3ximo ciclo electoral. En cuesti\u00f3n de horas, \u201cEl 7\u201d pas\u00f3 de ser una referencia deportiva a convertirse [&hellip;]<\/p>\n","protected":false},"author":1,"featured_media":177803,"comment_status":"closed","ping_status":"closed","sticky":false,"template":"","format":"standard","meta":{"_monsterinsights_skip_tracking":false,"_monsterinsights_sitenote_active":false,"_monsterinsights_sitenote_note":"","_monsterinsights_sitenote_category":0,"footnotes":""},"categories":[5,46],"tags":[],"class_list":["post-177802","post","type-post","status-publish","format-standard","has-post-thumbnail","hentry","category-destacadas","category-nacional","post--single"],"yoast_head":"<!-- This site is optimized with the Yoast SEO plugin v27.5 - https:\/\/yoast.com\/product\/yoast-seo-wordpress\/ -->\n<title>El 7\u2019 arrasa en redes: \u00bffen\u00f3meno deportivo o espejo de la pol\u00edtica mexicana? - Canal 7 SLP - 2025<\/title>\n<meta name=\"robots\" content=\"index, follow, max-snippet:-1, max-image-preview:large, max-video-preview:-1\" \/>\n<link rel=\"canonical\" href=\"https:\/\/canal7slp.tv\/2025\/el-7-arrasa-en-redes-fenomeno-deportivo-o-espejo-de-la-politica-mexicana\/\" \/>\n<meta property=\"og:locale\" content=\"es_ES\" \/>\n<meta property=\"og:type\" content=\"article\" \/>\n<meta property=\"og:title\" content=\"El 7\u2019 arrasa en redes: \u00bffen\u00f3meno deportivo o espejo de la pol\u00edtica mexicana? - Canal 7 SLP - 2025\" \/>\n<meta property=\"og:description\" content=\"Con m\u00e1s de 87 mil menciones en X, el t\u00e9rmino \u201cEl 7\u201d se convirti\u00f3 en tendencia nacional este martes, generando debate tanto en la esfera deportiva como en la pol\u00edtica mexicana. Lo curioso es que el hashtag se usa de forma cruzada: por un lado, aficionados lo relacionan con la camiseta n\u00famero 7 en equipos ic\u00f3nicos como el Manchester United; por otro, usuarios en M\u00e9xico lo han resignificado como un s\u00edmbolo pol\u00edtico, aludiendo a figuras y movimientos que buscan consolidarse de cara al pr\u00f3ximo ciclo electoral. En cuesti\u00f3n de horas, \u201cEl 7\u201d pas\u00f3 de ser una referencia deportiva a convertirse [&hellip;]\" \/>\n<meta property=\"og:url\" content=\"https:\/\/canal7slp.tv\/2025\/el-7-arrasa-en-redes-fenomeno-deportivo-o-espejo-de-la-politica-mexicana\/\" \/>\n<meta property=\"og:site_name\" content=\"Canal 7 SLP - 2025\" \/>\n<meta property=\"article:publisher\" content=\"https:\/\/www.facebook.com\/noticieroscanal7atencionciudadana\/\" \/>\n<meta property=\"article:published_time\" content=\"2025-08-27T22:01:42+00:00\" \/>\n<meta property=\"og:image\" content=\"https:\/\/canal7slp.tv\/2025\/wp-content\/uploads\/2025\/08\/ChatGPT-Image-27-ago-2025-16_00_02-1024x683.png\" \/>\n\t<meta property=\"og:image:width\" content=\"1024\" \/>\n\t<meta property=\"og:image:height\" content=\"683\" \/>\n\t<meta property=\"og:image:type\" content=\"image\/png\" \/>\n<meta name=\"author\" content=\"admin\" \/>\n<meta name=\"twitter:card\" content=\"summary_large_image\" \/>\n<meta name=\"twitter:creator\" content=\"@NOTICIEROS7\" \/>\n<meta name=\"twitter:site\" content=\"@NOTICIEROS7\" \/>\n<meta name=\"twitter:label1\" content=\"Escrito por\" \/>\n\t<meta name=\"twitter:data1\" content=\"admin\" \/>\n\t<meta name=\"twitter:label2\" content=\"Tiempo de lectura\" \/>\n\t<meta name=\"twitter:data2\" content=\"2 minutos\" \/>\n<script type=\"application\/ld+json\" class=\"yoast-schema-graph\">{\"@context\":\"https:\\\/\\\/schema.org\",\"@graph\":[{\"@type\":\"Article\",\"@id\":\"https:\\\/\\\/canal7slp.tv\\\/2025\\\/el-7-arrasa-en-redes-fenomeno-deportivo-o-espejo-de-la-politica-mexicana\\\/#article\",\"isPartOf\":{\"@id\":\"https:\\\/\\\/canal7slp.tv\\\/2025\\\/el-7-arrasa-en-redes-fenomeno-deportivo-o-espejo-de-la-politica-mexicana\\\/\"},\"author\":{\"name\":\"admin\",\"@id\":\"https:\\\/\\\/canal7slp.tv\\\/2025\\\/#\\\/schema\\\/person\\\/1257e7e4a3d5ac29c4732733a887970d\"},\"headline\":\"El 7\u2019 arrasa en redes: \u00bffen\u00f3meno deportivo o espejo de la pol\u00edtica mexicana?\",\"datePublished\":\"2025-08-27T22:01:42+00:00\",\"mainEntityOfPage\":{\"@id\":\"https:\\\/\\\/canal7slp.tv\\\/2025\\\/el-7-arrasa-en-redes-fenomeno-deportivo-o-espejo-de-la-politica-mexicana\\\/\"},\"wordCount\":273,\"publisher\":{\"@id\":\"https:\\\/\\\/canal7slp.tv\\\/2025\\\/#organization\"},\"image\":{\"@id\":\"https:\\\/\\\/canal7slp.tv\\\/2025\\\/el-7-arrasa-en-redes-fenomeno-deportivo-o-espejo-de-la-politica-mexicana\\\/#primaryimage\"},\"thumbnailUrl\":\"https:\\\/\\\/canal7slp.tv\\\/2025\\\/wp-content\\\/uploads\\\/2025\\\/08\\\/ChatGPT-Image-27-ago-2025-16_00_02.png\",\"articleSection\":[\"DESTACADAS\",\"NACIONALES\"],\"inLanguage\":\"es\"},{\"@type\":\"WebPage\",\"@id\":\"https:\\\/\\\/canal7slp.tv\\\/2025\\\/el-7-arrasa-en-redes-fenomeno-deportivo-o-espejo-de-la-politica-mexicana\\\/\",\"url\":\"https:\\\/\\\/canal7slp.tv\\\/2025\\\/el-7-arrasa-en-redes-fenomeno-deportivo-o-espejo-de-la-politica-mexicana\\\/\",\"name\":\"El 7\u2019 arrasa en redes: \u00bffen\u00f3meno deportivo o espejo de la pol\u00edtica mexicana? - Canal 7 SLP - 2025\",\"isPartOf\":{\"@id\":\"https:\\\/\\\/canal7slp.tv\\\/2025\\\/#website\"},\"primaryImageOfPage\":{\"@id\":\"https:\\\/\\\/canal7slp.tv\\\/2025\\\/el-7-arrasa-en-redes-fenomeno-deportivo-o-espejo-de-la-politica-mexicana\\\/#primaryimage\"},\"image\":{\"@id\":\"https:\\\/\\\/canal7slp.tv\\\/2025\\\/el-7-arrasa-en-redes-fenomeno-deportivo-o-espejo-de-la-politica-mexicana\\\/#primaryimage\"},\"thumbnailUrl\":\"https:\\\/\\\/canal7slp.tv\\\/2025\\\/wp-content\\\/uploads\\\/2025\\\/08\\\/ChatGPT-Image-27-ago-2025-16_00_02.png\",\"datePublished\":\"2025-08-27T22:01:42+00:00\",\"breadcrumb\":{\"@id\":\"https:\\\/\\\/canal7slp.tv\\\/2025\\\/el-7-arrasa-en-redes-fenomeno-deportivo-o-espejo-de-la-politica-mexicana\\\/#breadcrumb\"},\"inLanguage\":\"es\",\"potentialAction\":[{\"@type\":\"ReadAction\",\"target\":[\"https:\\\/\\\/canal7slp.tv\\\/2025\\\/el-7-arrasa-en-redes-fenomeno-deportivo-o-espejo-de-la-politica-mexicana\\\/\"]}]},{\"@type\":\"ImageObject\",\"inLanguage\":\"es\",\"@id\":\"https:\\\/\\\/canal7slp.tv\\\/2025\\\/el-7-arrasa-en-redes-fenomeno-deportivo-o-espejo-de-la-politica-mexicana\\\/#primaryimage\",\"url\":\"https:\\\/\\\/canal7slp.tv\\\/2025\\\/wp-content\\\/uploads\\\/2025\\\/08\\\/ChatGPT-Image-27-ago-2025-16_00_02.png\",\"contentUrl\":\"https:\\\/\\\/canal7slp.tv\\\/2025\\\/wp-content\\\/uploads\\\/2025\\\/08\\\/ChatGPT-Image-27-ago-2025-16_00_02.png\",\"width\":1536,\"height\":1024},{\"@type\":\"BreadcrumbList\",\"@id\":\"https:\\\/\\\/canal7slp.tv\\\/2025\\\/el-7-arrasa-en-redes-fenomeno-deportivo-o-espejo-de-la-politica-mexicana\\\/#breadcrumb\",\"itemListElement\":[{\"@type\":\"ListItem\",\"position\":1,\"name\":\"Portada\",\"item\":\"https:\\\/\\\/canal7slp.tv\\\/2025\\\/\"},{\"@type\":\"ListItem\",\"position\":2,\"name\":\"El 7\u2019 arrasa en redes: \u00bffen\u00f3meno deportivo o espejo de la pol\u00edtica mexicana?\"}]},{\"@type\":\"WebSite\",\"@id\":\"https:\\\/\\\/canal7slp.tv\\\/2025\\\/#website\",\"url\":\"https:\\\/\\\/canal7slp.tv\\\/2025\\\/\",\"name\":\"N7 - Noticieros Canal 7\",\"description\":\"Somos el Medio\",\"publisher\":{\"@id\":\"https:\\\/\\\/canal7slp.tv\\\/2025\\\/#organization\"},\"potentialAction\":[{\"@type\":\"SearchAction\",\"target\":{\"@type\":\"EntryPoint\",\"urlTemplate\":\"https:\\\/\\\/canal7slp.tv\\\/2025\\\/?s={search_term_string}\"},\"query-input\":{\"@type\":\"PropertyValueSpecification\",\"valueRequired\":true,\"valueName\":\"search_term_string\"}}],\"inLanguage\":\"es\"},{\"@type\":\"Organization\",\"@id\":\"https:\\\/\\\/canal7slp.tv\\\/2025\\\/#organization\",\"name\":\"Noticieros Canal 7\",\"url\":\"https:\\\/\\\/canal7slp.tv\\\/2025\\\/\",\"logo\":{\"@type\":\"ImageObject\",\"inLanguage\":\"es\",\"@id\":\"https:\\\/\\\/canal7slp.tv\\\/2025\\\/#\\\/schema\\\/logo\\\/image\\\/\",\"url\":\"https:\\\/\\\/canal7slp.tv\\\/2025\\\/wp-content\\\/uploads\\\/2021\\\/01\\\/logo-noticieros@2x.png\",\"contentUrl\":\"https:\\\/\\\/canal7slp.tv\\\/2025\\\/wp-content\\\/uploads\\\/2021\\\/01\\\/logo-noticieros@2x.png\",\"width\":1017,\"height\":268,\"caption\":\"Noticieros Canal 7\"},\"image\":{\"@id\":\"https:\\\/\\\/canal7slp.tv\\\/2025\\\/#\\\/schema\\\/logo\\\/image\\\/\"},\"sameAs\":[\"https:\\\/\\\/www.facebook.com\\\/noticieroscanal7atencionciudadana\\\/\",\"https:\\\/\\\/x.com\\\/NOTICIEROS7\",\"https:\\\/\\\/www.instagram.com\\\/canal7_slp\",\"https:\\\/\\\/www.youtube.com\\\/channel\\\/UCliiYs-gP3JfJeqdPrNdd5A\"]},{\"@type\":\"Person\",\"@id\":\"https:\\\/\\\/canal7slp.tv\\\/2025\\\/#\\\/schema\\\/person\\\/1257e7e4a3d5ac29c4732733a887970d\",\"name\":\"admin\",\"image\":{\"@type\":\"ImageObject\",\"inLanguage\":\"es\",\"@id\":\"https:\\\/\\\/secure.gravatar.com\\\/avatar\\\/d1da498ea933582ecc2b5d72a4eac16ec41c3ec04cf2dc9d46e0b557dedfd5ff?s=96&d=mm&r=g\",\"url\":\"https:\\\/\\\/secure.gravatar.com\\\/avatar\\\/d1da498ea933582ecc2b5d72a4eac16ec41c3ec04cf2dc9d46e0b557dedfd5ff?s=96&d=mm&r=g\",\"contentUrl\":\"https:\\\/\\\/secure.gravatar.com\\\/avatar\\\/d1da498ea933582ecc2b5d72a4eac16ec41c3ec04cf2dc9d46e0b557dedfd5ff?s=96&d=mm&r=g\",\"caption\":\"admin\"},\"sameAs\":[\"https:\\\/\\\/canal7slp.tv\\\/2025\"],\"url\":\"https:\\\/\\\/canal7slp.tv\\\/2025\\\/author\\\/bicefalo\\\/\"}]}<\/script>\n<!-- \/ Yoast SEO plugin. -->","yoast_head_json":{"title":"El 7\u2019 arrasa en redes: \u00bffen\u00f3meno deportivo o espejo de la pol\u00edtica mexicana? - Canal 7 SLP - 2025","robots":{"index":"index","follow":"follow","max-snippet":"max-snippet:-1","max-image-preview":"max-image-preview:large","max-video-preview":"max-video-preview:-1"},"canonical":"https:\/\/canal7slp.tv\/2025\/el-7-arrasa-en-redes-fenomeno-deportivo-o-espejo-de-la-politica-mexicana\/","og_locale":"es_ES","og_type":"article","og_title":"El 7\u2019 arrasa en redes: \u00bffen\u00f3meno deportivo o espejo de la pol\u00edtica mexicana? - Canal 7 SLP - 2025","og_description":"Con m\u00e1s de 87 mil menciones en X, el t\u00e9rmino \u201cEl 7\u201d se convirti\u00f3 en tendencia nacional este martes, generando debate tanto en la esfera deportiva como en la pol\u00edtica mexicana. Lo curioso es que el hashtag se usa de forma cruzada: por un lado, aficionados lo relacionan con la camiseta n\u00famero 7 en equipos ic\u00f3nicos como el Manchester United; por otro, usuarios en M\u00e9xico lo han resignificado como un s\u00edmbolo pol\u00edtico, aludiendo a figuras y movimientos que buscan consolidarse de cara al pr\u00f3ximo ciclo electoral. En cuesti\u00f3n de horas, \u201cEl 7\u201d pas\u00f3 de ser una referencia deportiva a convertirse [&hellip;]","og_url":"https:\/\/canal7slp.tv\/2025\/el-7-arrasa-en-redes-fenomeno-deportivo-o-espejo-de-la-politica-mexicana\/","og_site_name":"Canal 7 SLP - 2025","article_publisher":"https:\/\/www.facebook.com\/noticieroscanal7atencionciudadana\/","article_published_time":"2025-08-27T22:01:42+00:00","og_image":[{"width":1024,"height":683,"url":"https:\/\/canal7slp.tv\/2025\/wp-content\/uploads\/2025\/08\/ChatGPT-Image-27-ago-2025-16_00_02-1024x683.png","type":"image\/png"}],"author":"admin","twitter_card":"summary_large_image","twitter_creator":"@NOTICIEROS7","twitter_site":"@NOTICIEROS7","twitter_misc":{"Escrito por":"admin","Tiempo de lectura":"2 minutos"},"schema":{"@context":"https:\/\/schema.org","@graph":[{"@type":"Article","@id":"https:\/\/canal7slp.tv\/2025\/el-7-arrasa-en-redes-fenomeno-deportivo-o-espejo-de-la-politica-mexicana\/#article","isPartOf":{"@id":"https:\/\/canal7slp.tv\/2025\/el-7-arrasa-en-redes-fenomeno-deportivo-o-espejo-de-la-politica-mexicana\/"},"author":{"name":"admin","@id":"https:\/\/canal7slp.tv\/2025\/#\/schema\/person\/1257e7e4a3d5ac29c4732733a887970d"},"headline":"El 7\u2019 arrasa en redes: \u00bffen\u00f3meno deportivo o espejo de la pol\u00edtica mexicana?","datePublished":"2025-08-27T22:01:42+00:00","mainEntityOfPage":{"@id":"https:\/\/canal7slp.tv\/2025\/el-7-arrasa-en-redes-fenomeno-deportivo-o-espejo-de-la-politica-mexicana\/"},"wordCount":273,"publisher":{"@id":"https:\/\/canal7slp.tv\/2025\/#organization"},"image":{"@id":"https:\/\/canal7slp.tv\/2025\/el-7-arrasa-en-redes-fenomeno-deportivo-o-espejo-de-la-politica-mexicana\/#primaryimage"},"thumbnailUrl":"https:\/\/canal7slp.tv\/2025\/wp-content\/uploads\/2025\/08\/ChatGPT-Image-27-ago-2025-16_00_02.png","articleSection":["DESTACADAS","NACIONALES"],"inLanguage":"es"},{"@type":"WebPage","@id":"https:\/\/canal7slp.tv\/2025\/el-7-arrasa-en-redes-fenomeno-deportivo-o-espejo-de-la-politica-mexicana\/","url":"https:\/\/canal7slp.tv\/2025\/el-7-arrasa-en-redes-fenomeno-deportivo-o-espejo-de-la-politica-mexicana\/","name":"El 7\u2019 arrasa en redes: \u00bffen\u00f3meno deportivo o espejo de la pol\u00edtica mexicana? - Canal 7 SLP - 2025","isPartOf":{"@id":"https:\/\/canal7slp.tv\/2025\/#website"},"primaryImageOfPage":{"@id":"https:\/\/canal7slp.tv\/2025\/el-7-arrasa-en-redes-fenomeno-deportivo-o-espejo-de-la-politica-mexicana\/#primaryimage"},"image":{"@id":"https:\/\/canal7slp.tv\/2025\/el-7-arrasa-en-redes-fenomeno-deportivo-o-espejo-de-la-politica-mexicana\/#primaryimage"},"thumbnailUrl":"https:\/\/canal7slp.tv\/2025\/wp-content\/uploads\/2025\/08\/ChatGPT-Image-27-ago-2025-16_00_02.png","datePublished":"2025-08-27T22:01:42+00:00","breadcrumb":{"@id":"https:\/\/canal7slp.tv\/2025\/el-7-arrasa-en-redes-fenomeno-deportivo-o-espejo-de-la-politica-mexicana\/#breadcrumb"},"inLanguage":"es","potentialAction":[{"@type":"ReadAction","target":["https:\/\/canal7slp.tv\/2025\/el-7-arrasa-en-redes-fenomeno-deportivo-o-espejo-de-la-politica-mexicana\/"]}]},{"@type":"ImageObject","inLanguage":"es","@id":"https:\/\/canal7slp.tv\/2025\/el-7-arrasa-en-redes-fenomeno-deportivo-o-espejo-de-la-politica-mexicana\/#primaryimage","url":"https:\/\/canal7slp.tv\/2025\/wp-content\/uploads\/2025\/08\/ChatGPT-Image-27-ago-2025-16_00_02.png","contentUrl":"https:\/\/canal7slp.tv\/2025\/wp-content\/uploads\/2025\/08\/ChatGPT-Image-27-ago-2025-16_00_02.png","width":1536,"height":1024},{"@type":"BreadcrumbList","@id":"https:\/\/canal7slp.tv\/2025\/el-7-arrasa-en-redes-fenomeno-deportivo-o-espejo-de-la-politica-mexicana\/#breadcrumb","itemListElement":[{"@type":"ListItem","position":1,"name":"Portada","item":"https:\/\/canal7slp.tv\/2025\/"},{"@type":"ListItem","position":2,"name":"El 7\u2019 arrasa en redes: \u00bffen\u00f3meno deportivo o espejo de la pol\u00edtica mexicana?"}]},{"@type":"WebSite","@id":"https:\/\/canal7slp.tv\/2025\/#website","url":"https:\/\/canal7slp.tv\/2025\/","name":"N7 - Noticieros Canal 7","description":"Somos el Medio","publisher":{"@id":"https:\/\/canal7slp.tv\/2025\/#organization"},"potentialAction":[{"@type":"SearchAction","target":{"@type":"EntryPoint","urlTemplate":"https:\/\/canal7slp.tv\/2025\/?s={search_term_string}"},"query-input":{"@type":"PropertyValueSpecification","valueRequired":true,"valueName":"search_term_string"}}],"inLanguage":"es"},{"@type":"Organization","@id":"https:\/\/canal7slp.tv\/2025\/#organization","name":"Noticieros Canal 7","url":"https:\/\/canal7slp.tv\/2025\/","logo":{"@type":"ImageObject","inLanguage":"es","@id":"https:\/\/canal7slp.tv\/2025\/#\/schema\/logo\/image\/","url":"https:\/\/canal7slp.tv\/2025\/wp-content\/uploads\/2021\/01\/logo-noticieros@2x.png","contentUrl":"https:\/\/canal7slp.tv\/2025\/wp-content\/uploads\/2021\/01\/logo-noticieros@2x.png","width":1017,"height":268,"caption":"Noticieros Canal 7"},"image":{"@id":"https:\/\/canal7slp.tv\/2025\/#\/schema\/logo\/image\/"},"sameAs":["https:\/\/www.facebook.com\/noticieroscanal7atencionciudadana\/","https:\/\/x.com\/NOTICIEROS7","https:\/\/www.instagram.com\/canal7_slp","https:\/\/www.youtube.com\/channel\/UCliiYs-gP3JfJeqdPrNdd5A"]},{"@type":"Person","@id":"https:\/\/canal7slp.tv\/2025\/#\/schema\/person\/1257e7e4a3d5ac29c4732733a887970d","name":"admin","image":{"@type":"ImageObject","inLanguage":"es","@id":"https:\/\/secure.gravatar.com\/avatar\/d1da498ea933582ecc2b5d72a4eac16ec41c3ec04cf2dc9d46e0b557dedfd5ff?s=96&d=mm&r=g","url":"https:\/\/secure.gravatar.com\/avatar\/d1da498ea933582ecc2b5d72a4eac16ec41c3ec04cf2dc9d46e0b557dedfd5ff?s=96&d=mm&r=g","contentUrl":"https:\/\/secure.gravatar.com\/avatar\/d1da498ea933582ecc2b5d72a4eac16ec41c3ec04cf2dc9d46e0b557dedfd5ff?s=96&d=mm&r=g","caption":"admin"},"sameAs":["https:\/\/canal7slp.tv\/2025"],"url":"https:\/\/canal7slp.tv\/2025\/author\/bicefalo\/"}]}},"_links":{"self":[{"href":"https:\/\/canal7slp.tv\/2025\/wp-json\/wp\/v2\/posts\/177802","targetHints":{"allow":["GET"]}}],"collection":[{"href":"https:\/\/canal7slp.tv\/2025\/wp-json\/wp\/v2\/posts"}],"about":[{"href":"https:\/\/canal7slp.tv\/2025\/wp-json\/wp\/v2\/types\/post"}],"author":[{"embeddable":true,"href":"https:\/\/canal7slp.tv\/2025\/wp-json\/wp\/v2\/users\/1"}],"replies":[{"embeddable":true,"href":"https:\/\/canal7slp.tv\/2025\/wp-json\/wp\/v2\/comments?post=177802"}],"version-history":[{"count":1,"href":"https:\/\/canal7slp.tv\/2025\/wp-json\/wp\/v2\/posts\/177802\/revisions"}],"predecessor-version":[{"id":177804,"href":"https:\/\/canal7slp.tv\/2025\/wp-json\/wp\/v2\/posts\/177802\/revisions\/177804"}],"wp:featuredmedia":[{"embeddable":true,"href":"https:\/\/canal7slp.tv\/2025\/wp-json\/wp\/v2\/media\/177803"}],"wp:attachment":[{"href":"https:\/\/canal7slp.tv\/2025\/wp-json\/wp\/v2\/media?parent=177802"}],"wp:term":[{"taxonomy":"category","embeddable":true,"href":"https:\/\/canal7slp.tv\/2025\/wp-json\/wp\/v2\/categories?post=177802"},{"taxonomy":"post_tag","embeddable":true,"href":"https:\/\/canal7slp.tv\/2025\/wp-json\/wp\/v2\/tags?post=177802"}],"curies":[{"name":"wp","href":"https:\/\/api.w.org\/{rel}","templated":true}]}}