{"id":177796,"date":"2025-08-27T15:34:51","date_gmt":"2025-08-27T21:34:51","guid":{"rendered":"https:\/\/canal7slp.tv\/2025\/?p=177796"},"modified":"2025-08-27T15:34:51","modified_gmt":"2025-08-27T21:34:51","slug":"crecimiento-economico-en-mexico-avance-modesto-con-riesgos-latentes","status":"publish","type":"post","link":"https:\/\/canal7slp.tv\/2025\/crecimiento-economico-en-mexico-avance-modesto-con-riesgos-latentes\/","title":{"rendered":"Crecimiento econ\u00f3mico en M\u00e9xico: avance modesto con riesgos latentes"},"content":{"rendered":"<p style=\"text-align: justify;\" data-start=\"245\" data-end=\"615\">El Instituto Nacional de Estad\u00edstica y Geograf\u00eda (INEGI) report\u00f3 que la econom\u00eda mexicana registr\u00f3 un crecimiento de 1.2 % anual en el segundo trimestre de 2025 y de 0.6 % en comparaci\u00f3n con el trimestre anterior. Aunque estas cifras confirman una recuperaci\u00f3n moderada, tambi\u00e9n muestran que el pa\u00eds sigue enfrentando obst\u00e1culos estructurales que limitan su dinamismo.<\/p>\n<p style=\"text-align: justify;\" data-start=\"617\" data-end=\"979\">El repunte estuvo impulsado principalmente por las manufacturas, el comercio minorista y los servicios, mientras que sectores como la construcci\u00f3n y la agricultura se mantienen rezagados. Para el Banco de M\u00e9xico, este escenario permiti\u00f3 ajustar la tasa de inter\u00e9s a la baja, situ\u00e1ndola en 7.75 %, con el objetivo de estimular la inversi\u00f3n y el consumo interno.<\/p>\n<p style=\"text-align: justify;\" data-start=\"981\" data-end=\"1296\">Sin embargo, especialistas advierten que este crecimiento es fr\u00e1gil. La inversi\u00f3n fija bruta se mantiene en niveles bajos, la confianza empresarial sigue d\u00e9bil y la dependencia de factores externos \u2014como la demanda en Estados Unidos\u2014 limita la capacidad del pa\u00eds para sostener un ciclo de expansi\u00f3n a largo plazo.<\/p>\n<p style=\"text-align: justify;\" data-start=\"1298\" data-end=\"1527\">La pregunta que queda en el aire es si M\u00e9xico podr\u00e1 convertir este modesto crecimiento en un motor de desarrollo m\u00e1s incluyente o si se quedar\u00e1 atrapado en la inercia de avances insuficientes para mejorar la vida de la mayor\u00eda.<\/p>\n<p style=\"text-align: justify;\" data-start=\"1529\" data-end=\"1687\"><strong data-start=\"1529\" data-end=\"1548\">\u00bfT\u00fa qu\u00e9 opinas?<\/strong> \u00bfEste crecimiento es un verdadero signo de recuperaci\u00f3n o solo un respiro temporal frente a los retos econ\u00f3micos estructurales del pa\u00eds?<\/p>\n","protected":false},"excerpt":{"rendered":"<p>El Instituto Nacional de Estad\u00edstica y Geograf\u00eda (INEGI) report\u00f3 que la econom\u00eda mexicana registr\u00f3 un crecimiento de 1.2 % anual en el segundo trimestre de 2025 y de 0.6 % en comparaci\u00f3n con el trimestre anterior. Aunque estas cifras confirman una recuperaci\u00f3n moderada, tambi\u00e9n muestran que el pa\u00eds sigue enfrentando obst\u00e1culos estructurales que limitan su dinamismo. El repunte estuvo impulsado principalmente por las manufacturas, el comercio minorista y los servicios, mientras que sectores como la construcci\u00f3n y la agricultura se mantienen rezagados. Para el Banco de M\u00e9xico, este escenario permiti\u00f3 ajustar la tasa de inter\u00e9s a la baja, situ\u00e1ndola en [&hellip;]<\/p>\n","protected":false},"author":1,"featured_media":177797,"comment_status":"closed","ping_status":"closed","sticky":false,"template":"","format":"standard","meta":{"_monsterinsights_skip_tracking":false,"_monsterinsights_sitenote_active":false,"_monsterinsights_sitenote_note":"","_monsterinsights_sitenote_category":0,"footnotes":""},"categories":[46],"tags":[],"class_list":["post-177796","post","type-post","status-publish","format-standard","has-post-thumbnail","hentry","category-nacional","post--single"],"yoast_head":"<!-- This site is optimized with the Yoast SEO plugin v27.5 - https:\/\/yoast.com\/product\/yoast-seo-wordpress\/ -->\n<title>Crecimiento econ\u00f3mico en M\u00e9xico: avance modesto con riesgos latentes - Canal 7 SLP - 2025<\/title>\n<meta name=\"robots\" content=\"index, follow, max-snippet:-1, max-image-preview:large, max-video-preview:-1\" \/>\n<link rel=\"canonical\" href=\"https:\/\/canal7slp.tv\/2025\/crecimiento-economico-en-mexico-avance-modesto-con-riesgos-latentes\/\" \/>\n<meta property=\"og:locale\" content=\"es_ES\" \/>\n<meta property=\"og:type\" content=\"article\" \/>\n<meta property=\"og:title\" content=\"Crecimiento econ\u00f3mico en M\u00e9xico: avance modesto con riesgos latentes - Canal 7 SLP - 2025\" \/>\n<meta property=\"og:description\" content=\"El Instituto Nacional de Estad\u00edstica y Geograf\u00eda (INEGI) report\u00f3 que la econom\u00eda mexicana registr\u00f3 un crecimiento de 1.2 % anual en el segundo trimestre de 2025 y de 0.6 % en comparaci\u00f3n con el trimestre anterior. Aunque estas cifras confirman una recuperaci\u00f3n moderada, tambi\u00e9n muestran que el pa\u00eds sigue enfrentando obst\u00e1culos estructurales que limitan su dinamismo. El repunte estuvo impulsado principalmente por las manufacturas, el comercio minorista y los servicios, mientras que sectores como la construcci\u00f3n y la agricultura se mantienen rezagados. Para el Banco de M\u00e9xico, este escenario permiti\u00f3 ajustar la tasa de inter\u00e9s a la baja, situ\u00e1ndola en [&hellip;]\" \/>\n<meta property=\"og:url\" content=\"https:\/\/canal7slp.tv\/2025\/crecimiento-economico-en-mexico-avance-modesto-con-riesgos-latentes\/\" \/>\n<meta property=\"og:site_name\" content=\"Canal 7 SLP - 2025\" \/>\n<meta property=\"article:publisher\" content=\"https:\/\/www.facebook.com\/noticieroscanal7atencionciudadana\/\" \/>\n<meta property=\"article:published_time\" content=\"2025-08-27T21:34:51+00:00\" \/>\n<meta property=\"og:image\" content=\"https:\/\/canal7slp.tv\/2025\/wp-content\/uploads\/2025\/08\/pib.png\" \/>\n\t<meta property=\"og:image:width\" content=\"1220\" \/>\n\t<meta property=\"og:image:height\" content=\"902\" \/>\n\t<meta property=\"og:image:type\" content=\"image\/png\" \/>\n<meta name=\"author\" content=\"admin\" \/>\n<meta name=\"twitter:card\" content=\"summary_large_image\" \/>\n<meta name=\"twitter:creator\" content=\"@NOTICIEROS7\" \/>\n<meta name=\"twitter:site\" content=\"@NOTICIEROS7\" \/>\n<meta name=\"twitter:label1\" content=\"Escrito por\" \/>\n\t<meta name=\"twitter:data1\" content=\"admin\" \/>\n\t<meta name=\"twitter:label2\" content=\"Tiempo de lectura\" \/>\n\t<meta name=\"twitter:data2\" content=\"2 minutos\" \/>\n<script type=\"application\/ld+json\" class=\"yoast-schema-graph\">{\"@context\":\"https:\\\/\\\/schema.org\",\"@graph\":[{\"@type\":\"Article\",\"@id\":\"https:\\\/\\\/canal7slp.tv\\\/2025\\\/crecimiento-economico-en-mexico-avance-modesto-con-riesgos-latentes\\\/#article\",\"isPartOf\":{\"@id\":\"https:\\\/\\\/canal7slp.tv\\\/2025\\\/crecimiento-economico-en-mexico-avance-modesto-con-riesgos-latentes\\\/\"},\"author\":{\"name\":\"admin\",\"@id\":\"https:\\\/\\\/canal7slp.tv\\\/2025\\\/#\\\/schema\\\/person\\\/1257e7e4a3d5ac29c4732733a887970d\"},\"headline\":\"Crecimiento econ\u00f3mico en M\u00e9xico: avance modesto con riesgos latentes\",\"datePublished\":\"2025-08-27T21:34:51+00:00\",\"mainEntityOfPage\":{\"@id\":\"https:\\\/\\\/canal7slp.tv\\\/2025\\\/crecimiento-economico-en-mexico-avance-modesto-con-riesgos-latentes\\\/\"},\"wordCount\":254,\"publisher\":{\"@id\":\"https:\\\/\\\/canal7slp.tv\\\/2025\\\/#organization\"},\"image\":{\"@id\":\"https:\\\/\\\/canal7slp.tv\\\/2025\\\/crecimiento-economico-en-mexico-avance-modesto-con-riesgos-latentes\\\/#primaryimage\"},\"thumbnailUrl\":\"https:\\\/\\\/canal7slp.tv\\\/2025\\\/wp-content\\\/uploads\\\/2025\\\/08\\\/pib.png\",\"articleSection\":[\"NACIONALES\"],\"inLanguage\":\"es\"},{\"@type\":\"WebPage\",\"@id\":\"https:\\\/\\\/canal7slp.tv\\\/2025\\\/crecimiento-economico-en-mexico-avance-modesto-con-riesgos-latentes\\\/\",\"url\":\"https:\\\/\\\/canal7slp.tv\\\/2025\\\/crecimiento-economico-en-mexico-avance-modesto-con-riesgos-latentes\\\/\",\"name\":\"Crecimiento econ\u00f3mico en M\u00e9xico: avance modesto con riesgos latentes - Canal 7 SLP - 2025\",\"isPartOf\":{\"@id\":\"https:\\\/\\\/canal7slp.tv\\\/2025\\\/#website\"},\"primaryImageOfPage\":{\"@id\":\"https:\\\/\\\/canal7slp.tv\\\/2025\\\/crecimiento-economico-en-mexico-avance-modesto-con-riesgos-latentes\\\/#primaryimage\"},\"image\":{\"@id\":\"https:\\\/\\\/canal7slp.tv\\\/2025\\\/crecimiento-economico-en-mexico-avance-modesto-con-riesgos-latentes\\\/#primaryimage\"},\"thumbnailUrl\":\"https:\\\/\\\/canal7slp.tv\\\/2025\\\/wp-content\\\/uploads\\\/2025\\\/08\\\/pib.png\",\"datePublished\":\"2025-08-27T21:34:51+00:00\",\"breadcrumb\":{\"@id\":\"https:\\\/\\\/canal7slp.tv\\\/2025\\\/crecimiento-economico-en-mexico-avance-modesto-con-riesgos-latentes\\\/#breadcrumb\"},\"inLanguage\":\"es\",\"potentialAction\":[{\"@type\":\"ReadAction\",\"target\":[\"https:\\\/\\\/canal7slp.tv\\\/2025\\\/crecimiento-economico-en-mexico-avance-modesto-con-riesgos-latentes\\\/\"]}]},{\"@type\":\"ImageObject\",\"inLanguage\":\"es\",\"@id\":\"https:\\\/\\\/canal7slp.tv\\\/2025\\\/crecimiento-economico-en-mexico-avance-modesto-con-riesgos-latentes\\\/#primaryimage\",\"url\":\"https:\\\/\\\/canal7slp.tv\\\/2025\\\/wp-content\\\/uploads\\\/2025\\\/08\\\/pib.png\",\"contentUrl\":\"https:\\\/\\\/canal7slp.tv\\\/2025\\\/wp-content\\\/uploads\\\/2025\\\/08\\\/pib.png\",\"width\":1220,\"height\":902},{\"@type\":\"BreadcrumbList\",\"@id\":\"https:\\\/\\\/canal7slp.tv\\\/2025\\\/crecimiento-economico-en-mexico-avance-modesto-con-riesgos-latentes\\\/#breadcrumb\",\"itemListElement\":[{\"@type\":\"ListItem\",\"position\":1,\"name\":\"Portada\",\"item\":\"https:\\\/\\\/canal7slp.tv\\\/2025\\\/\"},{\"@type\":\"ListItem\",\"position\":2,\"name\":\"Crecimiento econ\u00f3mico en M\u00e9xico: avance modesto con riesgos latentes\"}]},{\"@type\":\"WebSite\",\"@id\":\"https:\\\/\\\/canal7slp.tv\\\/2025\\\/#website\",\"url\":\"https:\\\/\\\/canal7slp.tv\\\/2025\\\/\",\"name\":\"N7 - Noticieros Canal 7\",\"description\":\"Somos el Medio\",\"publisher\":{\"@id\":\"https:\\\/\\\/canal7slp.tv\\\/2025\\\/#organization\"},\"potentialAction\":[{\"@type\":\"SearchAction\",\"target\":{\"@type\":\"EntryPoint\",\"urlTemplate\":\"https:\\\/\\\/canal7slp.tv\\\/2025\\\/?s={search_term_string}\"},\"query-input\":{\"@type\":\"PropertyValueSpecification\",\"valueRequired\":true,\"valueName\":\"search_term_string\"}}],\"inLanguage\":\"es\"},{\"@type\":\"Organization\",\"@id\":\"https:\\\/\\\/canal7slp.tv\\\/2025\\\/#organization\",\"name\":\"Noticieros Canal 7\",\"url\":\"https:\\\/\\\/canal7slp.tv\\\/2025\\\/\",\"logo\":{\"@type\":\"ImageObject\",\"inLanguage\":\"es\",\"@id\":\"https:\\\/\\\/canal7slp.tv\\\/2025\\\/#\\\/schema\\\/logo\\\/image\\\/\",\"url\":\"https:\\\/\\\/canal7slp.tv\\\/2025\\\/wp-content\\\/uploads\\\/2021\\\/01\\\/logo-noticieros@2x.png\",\"contentUrl\":\"https:\\\/\\\/canal7slp.tv\\\/2025\\\/wp-content\\\/uploads\\\/2021\\\/01\\\/logo-noticieros@2x.png\",\"width\":1017,\"height\":268,\"caption\":\"Noticieros Canal 7\"},\"image\":{\"@id\":\"https:\\\/\\\/canal7slp.tv\\\/2025\\\/#\\\/schema\\\/logo\\\/image\\\/\"},\"sameAs\":[\"https:\\\/\\\/www.facebook.com\\\/noticieroscanal7atencionciudadana\\\/\",\"https:\\\/\\\/x.com\\\/NOTICIEROS7\",\"https:\\\/\\\/www.instagram.com\\\/canal7_slp\",\"https:\\\/\\\/www.youtube.com\\\/channel\\\/UCliiYs-gP3JfJeqdPrNdd5A\"]},{\"@type\":\"Person\",\"@id\":\"https:\\\/\\\/canal7slp.tv\\\/2025\\\/#\\\/schema\\\/person\\\/1257e7e4a3d5ac29c4732733a887970d\",\"name\":\"admin\",\"image\":{\"@type\":\"ImageObject\",\"inLanguage\":\"es\",\"@id\":\"https:\\\/\\\/secure.gravatar.com\\\/avatar\\\/d1da498ea933582ecc2b5d72a4eac16ec41c3ec04cf2dc9d46e0b557dedfd5ff?s=96&d=mm&r=g\",\"url\":\"https:\\\/\\\/secure.gravatar.com\\\/avatar\\\/d1da498ea933582ecc2b5d72a4eac16ec41c3ec04cf2dc9d46e0b557dedfd5ff?s=96&d=mm&r=g\",\"contentUrl\":\"https:\\\/\\\/secure.gravatar.com\\\/avatar\\\/d1da498ea933582ecc2b5d72a4eac16ec41c3ec04cf2dc9d46e0b557dedfd5ff?s=96&d=mm&r=g\",\"caption\":\"admin\"},\"sameAs\":[\"https:\\\/\\\/canal7slp.tv\\\/2025\"],\"url\":\"https:\\\/\\\/canal7slp.tv\\\/2025\\\/author\\\/bicefalo\\\/\"}]}<\/script>\n<!-- \/ Yoast SEO plugin. -->","yoast_head_json":{"title":"Crecimiento econ\u00f3mico en M\u00e9xico: avance modesto con riesgos latentes - Canal 7 SLP - 2025","robots":{"index":"index","follow":"follow","max-snippet":"max-snippet:-1","max-image-preview":"max-image-preview:large","max-video-preview":"max-video-preview:-1"},"canonical":"https:\/\/canal7slp.tv\/2025\/crecimiento-economico-en-mexico-avance-modesto-con-riesgos-latentes\/","og_locale":"es_ES","og_type":"article","og_title":"Crecimiento econ\u00f3mico en M\u00e9xico: avance modesto con riesgos latentes - Canal 7 SLP - 2025","og_description":"El Instituto Nacional de Estad\u00edstica y Geograf\u00eda (INEGI) report\u00f3 que la econom\u00eda mexicana registr\u00f3 un crecimiento de 1.2 % anual en el segundo trimestre de 2025 y de 0.6 % en comparaci\u00f3n con el trimestre anterior. Aunque estas cifras confirman una recuperaci\u00f3n moderada, tambi\u00e9n muestran que el pa\u00eds sigue enfrentando obst\u00e1culos estructurales que limitan su dinamismo. El repunte estuvo impulsado principalmente por las manufacturas, el comercio minorista y los servicios, mientras que sectores como la construcci\u00f3n y la agricultura se mantienen rezagados. Para el Banco de M\u00e9xico, este escenario permiti\u00f3 ajustar la tasa de inter\u00e9s a la baja, situ\u00e1ndola en [&hellip;]","og_url":"https:\/\/canal7slp.tv\/2025\/crecimiento-economico-en-mexico-avance-modesto-con-riesgos-latentes\/","og_site_name":"Canal 7 SLP - 2025","article_publisher":"https:\/\/www.facebook.com\/noticieroscanal7atencionciudadana\/","article_published_time":"2025-08-27T21:34:51+00:00","og_image":[{"width":1220,"height":902,"url":"https:\/\/canal7slp.tv\/2025\/wp-content\/uploads\/2025\/08\/pib.png","type":"image\/png"}],"author":"admin","twitter_card":"summary_large_image","twitter_creator":"@NOTICIEROS7","twitter_site":"@NOTICIEROS7","twitter_misc":{"Escrito por":"admin","Tiempo de lectura":"2 minutos"},"schema":{"@context":"https:\/\/schema.org","@graph":[{"@type":"Article","@id":"https:\/\/canal7slp.tv\/2025\/crecimiento-economico-en-mexico-avance-modesto-con-riesgos-latentes\/#article","isPartOf":{"@id":"https:\/\/canal7slp.tv\/2025\/crecimiento-economico-en-mexico-avance-modesto-con-riesgos-latentes\/"},"author":{"name":"admin","@id":"https:\/\/canal7slp.tv\/2025\/#\/schema\/person\/1257e7e4a3d5ac29c4732733a887970d"},"headline":"Crecimiento econ\u00f3mico en M\u00e9xico: avance modesto con riesgos latentes","datePublished":"2025-08-27T21:34:51+00:00","mainEntityOfPage":{"@id":"https:\/\/canal7slp.tv\/2025\/crecimiento-economico-en-mexico-avance-modesto-con-riesgos-latentes\/"},"wordCount":254,"publisher":{"@id":"https:\/\/canal7slp.tv\/2025\/#organization"},"image":{"@id":"https:\/\/canal7slp.tv\/2025\/crecimiento-economico-en-mexico-avance-modesto-con-riesgos-latentes\/#primaryimage"},"thumbnailUrl":"https:\/\/canal7slp.tv\/2025\/wp-content\/uploads\/2025\/08\/pib.png","articleSection":["NACIONALES"],"inLanguage":"es"},{"@type":"WebPage","@id":"https:\/\/canal7slp.tv\/2025\/crecimiento-economico-en-mexico-avance-modesto-con-riesgos-latentes\/","url":"https:\/\/canal7slp.tv\/2025\/crecimiento-economico-en-mexico-avance-modesto-con-riesgos-latentes\/","name":"Crecimiento econ\u00f3mico en M\u00e9xico: avance modesto con riesgos latentes - Canal 7 SLP - 2025","isPartOf":{"@id":"https:\/\/canal7slp.tv\/2025\/#website"},"primaryImageOfPage":{"@id":"https:\/\/canal7slp.tv\/2025\/crecimiento-economico-en-mexico-avance-modesto-con-riesgos-latentes\/#primaryimage"},"image":{"@id":"https:\/\/canal7slp.tv\/2025\/crecimiento-economico-en-mexico-avance-modesto-con-riesgos-latentes\/#primaryimage"},"thumbnailUrl":"https:\/\/canal7slp.tv\/2025\/wp-content\/uploads\/2025\/08\/pib.png","datePublished":"2025-08-27T21:34:51+00:00","breadcrumb":{"@id":"https:\/\/canal7slp.tv\/2025\/crecimiento-economico-en-mexico-avance-modesto-con-riesgos-latentes\/#breadcrumb"},"inLanguage":"es","potentialAction":[{"@type":"ReadAction","target":["https:\/\/canal7slp.tv\/2025\/crecimiento-economico-en-mexico-avance-modesto-con-riesgos-latentes\/"]}]},{"@type":"ImageObject","inLanguage":"es","@id":"https:\/\/canal7slp.tv\/2025\/crecimiento-economico-en-mexico-avance-modesto-con-riesgos-latentes\/#primaryimage","url":"https:\/\/canal7slp.tv\/2025\/wp-content\/uploads\/2025\/08\/pib.png","contentUrl":"https:\/\/canal7slp.tv\/2025\/wp-content\/uploads\/2025\/08\/pib.png","width":1220,"height":902},{"@type":"BreadcrumbList","@id":"https:\/\/canal7slp.tv\/2025\/crecimiento-economico-en-mexico-avance-modesto-con-riesgos-latentes\/#breadcrumb","itemListElement":[{"@type":"ListItem","position":1,"name":"Portada","item":"https:\/\/canal7slp.tv\/2025\/"},{"@type":"ListItem","position":2,"name":"Crecimiento econ\u00f3mico en M\u00e9xico: avance modesto con riesgos latentes"}]},{"@type":"WebSite","@id":"https:\/\/canal7slp.tv\/2025\/#website","url":"https:\/\/canal7slp.tv\/2025\/","name":"N7 - Noticieros Canal 7","description":"Somos el Medio","publisher":{"@id":"https:\/\/canal7slp.tv\/2025\/#organization"},"potentialAction":[{"@type":"SearchAction","target":{"@type":"EntryPoint","urlTemplate":"https:\/\/canal7slp.tv\/2025\/?s={search_term_string}"},"query-input":{"@type":"PropertyValueSpecification","valueRequired":true,"valueName":"search_term_string"}}],"inLanguage":"es"},{"@type":"Organization","@id":"https:\/\/canal7slp.tv\/2025\/#organization","name":"Noticieros Canal 7","url":"https:\/\/canal7slp.tv\/2025\/","logo":{"@type":"ImageObject","inLanguage":"es","@id":"https:\/\/canal7slp.tv\/2025\/#\/schema\/logo\/image\/","url":"https:\/\/canal7slp.tv\/2025\/wp-content\/uploads\/2021\/01\/logo-noticieros@2x.png","contentUrl":"https:\/\/canal7slp.tv\/2025\/wp-content\/uploads\/2021\/01\/logo-noticieros@2x.png","width":1017,"height":268,"caption":"Noticieros Canal 7"},"image":{"@id":"https:\/\/canal7slp.tv\/2025\/#\/schema\/logo\/image\/"},"sameAs":["https:\/\/www.facebook.com\/noticieroscanal7atencionciudadana\/","https:\/\/x.com\/NOTICIEROS7","https:\/\/www.instagram.com\/canal7_slp","https:\/\/www.youtube.com\/channel\/UCliiYs-gP3JfJeqdPrNdd5A"]},{"@type":"Person","@id":"https:\/\/canal7slp.tv\/2025\/#\/schema\/person\/1257e7e4a3d5ac29c4732733a887970d","name":"admin","image":{"@type":"ImageObject","inLanguage":"es","@id":"https:\/\/secure.gravatar.com\/avatar\/d1da498ea933582ecc2b5d72a4eac16ec41c3ec04cf2dc9d46e0b557dedfd5ff?s=96&d=mm&r=g","url":"https:\/\/secure.gravatar.com\/avatar\/d1da498ea933582ecc2b5d72a4eac16ec41c3ec04cf2dc9d46e0b557dedfd5ff?s=96&d=mm&r=g","contentUrl":"https:\/\/secure.gravatar.com\/avatar\/d1da498ea933582ecc2b5d72a4eac16ec41c3ec04cf2dc9d46e0b557dedfd5ff?s=96&d=mm&r=g","caption":"admin"},"sameAs":["https:\/\/canal7slp.tv\/2025"],"url":"https:\/\/canal7slp.tv\/2025\/author\/bicefalo\/"}]}},"_links":{"self":[{"href":"https:\/\/canal7slp.tv\/2025\/wp-json\/wp\/v2\/posts\/177796","targetHints":{"allow":["GET"]}}],"collection":[{"href":"https:\/\/canal7slp.tv\/2025\/wp-json\/wp\/v2\/posts"}],"about":[{"href":"https:\/\/canal7slp.tv\/2025\/wp-json\/wp\/v2\/types\/post"}],"author":[{"embeddable":true,"href":"https:\/\/canal7slp.tv\/2025\/wp-json\/wp\/v2\/users\/1"}],"replies":[{"embeddable":true,"href":"https:\/\/canal7slp.tv\/2025\/wp-json\/wp\/v2\/comments?post=177796"}],"version-history":[{"count":1,"href":"https:\/\/canal7slp.tv\/2025\/wp-json\/wp\/v2\/posts\/177796\/revisions"}],"predecessor-version":[{"id":177798,"href":"https:\/\/canal7slp.tv\/2025\/wp-json\/wp\/v2\/posts\/177796\/revisions\/177798"}],"wp:featuredmedia":[{"embeddable":true,"href":"https:\/\/canal7slp.tv\/2025\/wp-json\/wp\/v2\/media\/177797"}],"wp:attachment":[{"href":"https:\/\/canal7slp.tv\/2025\/wp-json\/wp\/v2\/media?parent=177796"}],"wp:term":[{"taxonomy":"category","embeddable":true,"href":"https:\/\/canal7slp.tv\/2025\/wp-json\/wp\/v2\/categories?post=177796"},{"taxonomy":"post_tag","embeddable":true,"href":"https:\/\/canal7slp.tv\/2025\/wp-json\/wp\/v2\/tags?post=177796"}],"curies":[{"name":"wp","href":"https:\/\/api.w.org\/{rel}","templated":true}]}}