{"id":177793,"date":"2025-08-27T15:32:01","date_gmt":"2025-08-27T21:32:01","guid":{"rendered":"https:\/\/canal7slp.tv\/2025\/?p=177793"},"modified":"2025-08-27T15:32:01","modified_gmt":"2025-08-27T21:32:01","slug":"primera-fecha-del-serial-huachichila-el-14-de-septiembre","status":"publish","type":"post","link":"https:\/\/canal7slp.tv\/2025\/primera-fecha-del-serial-huachichila-el-14-de-septiembre\/","title":{"rendered":"Primera Fecha Del Serial Huachichila El 14 De Septiembre"},"content":{"rendered":"<p style=\"text-align: justify;\"><span style=\"font-weight: 400;\">Se llevar\u00e1 a cabo la primera fecha del serial Huachichila MTB 2025, el pr\u00f3ximo 14 de septiembre en la presa Santa Genoveva, Temaxcalillo Mexquitic de Carmona.\u00a0<\/span><\/p>\n<p style=\"text-align: justify;\"><span style=\"font-weight: 400;\">\u00a0<\/span><span style=\"font-weight: 400;\">El evento contar\u00e1 con diversas categor\u00edas como lo son: elite, elite femenil, AV 30, AV 40, Juvenil varonil, juvenil femenil, intermedio A, Intermedio B, Avanzados 50, femenil intermedia, principiantes A Varonil, Principiantes B Varonil entre otras .\u00a0<\/span><\/p>\n<p style=\"text-align: justify;\"><span style=\"font-weight: 400;\">Esta fecha contar\u00e1 con tres distancias a recorrer 50, 30 y 20 kil\u00f3metros adem\u00e1s las distancias de las categor\u00edas infantiles, el evento dar\u00e1 inicio a las 8 de la ma\u00f1ana.<\/span><\/p>\n<p style=\"text-align: justify;\"><span style=\"font-weight: 400;\">\u00a0Cabe aclarar que en cada uno de los cuatro eventos que se realizar\u00e1n\u00a0 del serial la Huachichila\u00a0 los competidores sumar\u00e1n puntos y estos ser\u00e1n el resultado para la premiaci\u00f3n final del serial,\u00a0 tomando en cuenta un m\u00ednimo de participaci\u00f3n de 3 competencias terminadas para poder ser acreedor a la premiaci\u00f3n final\u00a0<\/span><\/p>\n","protected":false},"excerpt":{"rendered":"<p>Se llevar\u00e1 a cabo la primera fecha del serial Huachichila MTB 2025, el pr\u00f3ximo 14 de septiembre en la presa Santa Genoveva, Temaxcalillo Mexquitic de Carmona.\u00a0 \u00a0El evento contar\u00e1 con diversas categor\u00edas como lo son: elite, elite femenil, AV 30, AV 40, Juvenil varonil, juvenil femenil, intermedio A, Intermedio B, Avanzados 50, femenil intermedia, principiantes A Varonil, Principiantes B Varonil entre otras .\u00a0 Esta fecha contar\u00e1 con tres distancias a recorrer 50, 30 y 20 kil\u00f3metros adem\u00e1s las distancias de las categor\u00edas infantiles, el evento dar\u00e1 inicio a las 8 de la ma\u00f1ana. \u00a0Cabe aclarar que en cada uno de [&hellip;]<\/p>\n","protected":false},"author":1,"featured_media":177794,"comment_status":"closed","ping_status":"closed","sticky":false,"template":"","format":"video","meta":{"_monsterinsights_skip_tracking":false,"_monsterinsights_sitenote_active":false,"_monsterinsights_sitenote_note":"","_monsterinsights_sitenote_category":0,"footnotes":""},"categories":[7],"tags":[],"class_list":["post-177793","post","type-post","status-publish","format-video","has-post-thumbnail","hentry","category-deportes","post_format-post-format-video","post--single"],"yoast_head":"<!-- This site is optimized with the Yoast SEO plugin v27.5 - https:\/\/yoast.com\/product\/yoast-seo-wordpress\/ -->\n<title>Primera Fecha Del Serial Huachichila El 14 De Septiembre - Canal 7 SLP - 2025<\/title>\n<meta name=\"robots\" content=\"index, follow, max-snippet:-1, max-image-preview:large, max-video-preview:-1\" \/>\n<link rel=\"canonical\" href=\"https:\/\/canal7slp.tv\/2025\/primera-fecha-del-serial-huachichila-el-14-de-septiembre\/\" \/>\n<meta property=\"og:locale\" content=\"es_ES\" \/>\n<meta property=\"og:type\" content=\"article\" \/>\n<meta property=\"og:title\" content=\"Primera Fecha Del Serial Huachichila El 14 De Septiembre - Canal 7 SLP - 2025\" \/>\n<meta property=\"og:description\" content=\"Se llevar\u00e1 a cabo la primera fecha del serial Huachichila MTB 2025, el pr\u00f3ximo 14 de septiembre en la presa Santa Genoveva, Temaxcalillo Mexquitic de Carmona.\u00a0 \u00a0El evento contar\u00e1 con diversas categor\u00edas como lo son: elite, elite femenil, AV 30, AV 40, Juvenil varonil, juvenil femenil, intermedio A, Intermedio B, Avanzados 50, femenil intermedia, principiantes A Varonil, Principiantes B Varonil entre otras .\u00a0 Esta fecha contar\u00e1 con tres distancias a recorrer 50, 30 y 20 kil\u00f3metros adem\u00e1s las distancias de las categor\u00edas infantiles, el evento dar\u00e1 inicio a las 8 de la ma\u00f1ana. \u00a0Cabe aclarar que en cada uno de [&hellip;]\" \/>\n<meta property=\"og:url\" content=\"https:\/\/canal7slp.tv\/2025\/primera-fecha-del-serial-huachichila-el-14-de-septiembre\/\" \/>\n<meta property=\"og:site_name\" content=\"Canal 7 SLP - 2025\" \/>\n<meta property=\"article:publisher\" content=\"https:\/\/www.facebook.com\/noticieroscanal7atencionciudadana\/\" \/>\n<meta property=\"article:published_time\" content=\"2025-08-27T21:32:01+00:00\" \/>\n<meta property=\"og:image\" content=\"https:\/\/canal7slp.tv\/2025\/wp-content\/uploads\/2025\/08\/69aac6bd-7d05-4d29-8738-d14a5a3de68f.jpeg\" \/>\n\t<meta property=\"og:image:width\" content=\"1096\" \/>\n\t<meta property=\"og:image:height\" content=\"632\" \/>\n\t<meta property=\"og:image:type\" content=\"image\/jpeg\" \/>\n<meta name=\"author\" content=\"admin\" \/>\n<meta name=\"twitter:card\" content=\"summary_large_image\" \/>\n<meta name=\"twitter:creator\" content=\"@NOTICIEROS7\" \/>\n<meta name=\"twitter:site\" content=\"@NOTICIEROS7\" \/>\n<meta name=\"twitter:label1\" content=\"Escrito por\" \/>\n\t<meta name=\"twitter:data1\" content=\"admin\" \/>\n\t<meta name=\"twitter:label2\" content=\"Tiempo de lectura\" \/>\n\t<meta name=\"twitter:data2\" content=\"1 minuto\" \/>\n<script type=\"application\/ld+json\" class=\"yoast-schema-graph\">{\"@context\":\"https:\\\/\\\/schema.org\",\"@graph\":[{\"@type\":\"Article\",\"@id\":\"https:\\\/\\\/canal7slp.tv\\\/2025\\\/primera-fecha-del-serial-huachichila-el-14-de-septiembre\\\/#article\",\"isPartOf\":{\"@id\":\"https:\\\/\\\/canal7slp.tv\\\/2025\\\/primera-fecha-del-serial-huachichila-el-14-de-septiembre\\\/\"},\"author\":{\"name\":\"admin\",\"@id\":\"https:\\\/\\\/canal7slp.tv\\\/2025\\\/#\\\/schema\\\/person\\\/1257e7e4a3d5ac29c4732733a887970d\"},\"headline\":\"Primera Fecha Del Serial Huachichila El 14 De Septiembre\",\"datePublished\":\"2025-08-27T21:32:01+00:00\",\"mainEntityOfPage\":{\"@id\":\"https:\\\/\\\/canal7slp.tv\\\/2025\\\/primera-fecha-del-serial-huachichila-el-14-de-septiembre\\\/\"},\"wordCount\":154,\"publisher\":{\"@id\":\"https:\\\/\\\/canal7slp.tv\\\/2025\\\/#organization\"},\"image\":{\"@id\":\"https:\\\/\\\/canal7slp.tv\\\/2025\\\/primera-fecha-del-serial-huachichila-el-14-de-septiembre\\\/#primaryimage\"},\"thumbnailUrl\":\"https:\\\/\\\/canal7slp.tv\\\/2025\\\/wp-content\\\/uploads\\\/2025\\\/08\\\/69aac6bd-7d05-4d29-8738-d14a5a3de68f.jpeg\",\"articleSection\":[\"DEPORTES\"],\"inLanguage\":\"es\"},{\"@type\":\"WebPage\",\"@id\":\"https:\\\/\\\/canal7slp.tv\\\/2025\\\/primera-fecha-del-serial-huachichila-el-14-de-septiembre\\\/\",\"url\":\"https:\\\/\\\/canal7slp.tv\\\/2025\\\/primera-fecha-del-serial-huachichila-el-14-de-septiembre\\\/\",\"name\":\"Primera Fecha Del Serial Huachichila El 14 De Septiembre - Canal 7 SLP - 2025\",\"isPartOf\":{\"@id\":\"https:\\\/\\\/canal7slp.tv\\\/2025\\\/#website\"},\"primaryImageOfPage\":{\"@id\":\"https:\\\/\\\/canal7slp.tv\\\/2025\\\/primera-fecha-del-serial-huachichila-el-14-de-septiembre\\\/#primaryimage\"},\"image\":{\"@id\":\"https:\\\/\\\/canal7slp.tv\\\/2025\\\/primera-fecha-del-serial-huachichila-el-14-de-septiembre\\\/#primaryimage\"},\"thumbnailUrl\":\"https:\\\/\\\/canal7slp.tv\\\/2025\\\/wp-content\\\/uploads\\\/2025\\\/08\\\/69aac6bd-7d05-4d29-8738-d14a5a3de68f.jpeg\",\"datePublished\":\"2025-08-27T21:32:01+00:00\",\"breadcrumb\":{\"@id\":\"https:\\\/\\\/canal7slp.tv\\\/2025\\\/primera-fecha-del-serial-huachichila-el-14-de-septiembre\\\/#breadcrumb\"},\"inLanguage\":\"es\",\"potentialAction\":[{\"@type\":\"ReadAction\",\"target\":[\"https:\\\/\\\/canal7slp.tv\\\/2025\\\/primera-fecha-del-serial-huachichila-el-14-de-septiembre\\\/\"]}]},{\"@type\":\"ImageObject\",\"inLanguage\":\"es\",\"@id\":\"https:\\\/\\\/canal7slp.tv\\\/2025\\\/primera-fecha-del-serial-huachichila-el-14-de-septiembre\\\/#primaryimage\",\"url\":\"https:\\\/\\\/canal7slp.tv\\\/2025\\\/wp-content\\\/uploads\\\/2025\\\/08\\\/69aac6bd-7d05-4d29-8738-d14a5a3de68f.jpeg\",\"contentUrl\":\"https:\\\/\\\/canal7slp.tv\\\/2025\\\/wp-content\\\/uploads\\\/2025\\\/08\\\/69aac6bd-7d05-4d29-8738-d14a5a3de68f.jpeg\",\"width\":1096,\"height\":632},{\"@type\":\"BreadcrumbList\",\"@id\":\"https:\\\/\\\/canal7slp.tv\\\/2025\\\/primera-fecha-del-serial-huachichila-el-14-de-septiembre\\\/#breadcrumb\",\"itemListElement\":[{\"@type\":\"ListItem\",\"position\":1,\"name\":\"Portada\",\"item\":\"https:\\\/\\\/canal7slp.tv\\\/2025\\\/\"},{\"@type\":\"ListItem\",\"position\":2,\"name\":\"Primera Fecha Del Serial Huachichila El 14 De Septiembre\"}]},{\"@type\":\"WebSite\",\"@id\":\"https:\\\/\\\/canal7slp.tv\\\/2025\\\/#website\",\"url\":\"https:\\\/\\\/canal7slp.tv\\\/2025\\\/\",\"name\":\"N7 - Noticieros Canal 7\",\"description\":\"Somos el Medio\",\"publisher\":{\"@id\":\"https:\\\/\\\/canal7slp.tv\\\/2025\\\/#organization\"},\"potentialAction\":[{\"@type\":\"SearchAction\",\"target\":{\"@type\":\"EntryPoint\",\"urlTemplate\":\"https:\\\/\\\/canal7slp.tv\\\/2025\\\/?s={search_term_string}\"},\"query-input\":{\"@type\":\"PropertyValueSpecification\",\"valueRequired\":true,\"valueName\":\"search_term_string\"}}],\"inLanguage\":\"es\"},{\"@type\":\"Organization\",\"@id\":\"https:\\\/\\\/canal7slp.tv\\\/2025\\\/#organization\",\"name\":\"Noticieros Canal 7\",\"url\":\"https:\\\/\\\/canal7slp.tv\\\/2025\\\/\",\"logo\":{\"@type\":\"ImageObject\",\"inLanguage\":\"es\",\"@id\":\"https:\\\/\\\/canal7slp.tv\\\/2025\\\/#\\\/schema\\\/logo\\\/image\\\/\",\"url\":\"https:\\\/\\\/canal7slp.tv\\\/2025\\\/wp-content\\\/uploads\\\/2021\\\/01\\\/logo-noticieros@2x.png\",\"contentUrl\":\"https:\\\/\\\/canal7slp.tv\\\/2025\\\/wp-content\\\/uploads\\\/2021\\\/01\\\/logo-noticieros@2x.png\",\"width\":1017,\"height\":268,\"caption\":\"Noticieros Canal 7\"},\"image\":{\"@id\":\"https:\\\/\\\/canal7slp.tv\\\/2025\\\/#\\\/schema\\\/logo\\\/image\\\/\"},\"sameAs\":[\"https:\\\/\\\/www.facebook.com\\\/noticieroscanal7atencionciudadana\\\/\",\"https:\\\/\\\/x.com\\\/NOTICIEROS7\",\"https:\\\/\\\/www.instagram.com\\\/canal7_slp\",\"https:\\\/\\\/www.youtube.com\\\/channel\\\/UCliiYs-gP3JfJeqdPrNdd5A\"]},{\"@type\":\"Person\",\"@id\":\"https:\\\/\\\/canal7slp.tv\\\/2025\\\/#\\\/schema\\\/person\\\/1257e7e4a3d5ac29c4732733a887970d\",\"name\":\"admin\",\"image\":{\"@type\":\"ImageObject\",\"inLanguage\":\"es\",\"@id\":\"https:\\\/\\\/secure.gravatar.com\\\/avatar\\\/d1da498ea933582ecc2b5d72a4eac16ec41c3ec04cf2dc9d46e0b557dedfd5ff?s=96&d=mm&r=g\",\"url\":\"https:\\\/\\\/secure.gravatar.com\\\/avatar\\\/d1da498ea933582ecc2b5d72a4eac16ec41c3ec04cf2dc9d46e0b557dedfd5ff?s=96&d=mm&r=g\",\"contentUrl\":\"https:\\\/\\\/secure.gravatar.com\\\/avatar\\\/d1da498ea933582ecc2b5d72a4eac16ec41c3ec04cf2dc9d46e0b557dedfd5ff?s=96&d=mm&r=g\",\"caption\":\"admin\"},\"sameAs\":[\"https:\\\/\\\/canal7slp.tv\\\/2025\"],\"url\":\"https:\\\/\\\/canal7slp.tv\\\/2025\\\/author\\\/bicefalo\\\/\"}]}<\/script>\n<!-- \/ Yoast SEO plugin. -->","yoast_head_json":{"title":"Primera Fecha Del Serial Huachichila El 14 De Septiembre - Canal 7 SLP - 2025","robots":{"index":"index","follow":"follow","max-snippet":"max-snippet:-1","max-image-preview":"max-image-preview:large","max-video-preview":"max-video-preview:-1"},"canonical":"https:\/\/canal7slp.tv\/2025\/primera-fecha-del-serial-huachichila-el-14-de-septiembre\/","og_locale":"es_ES","og_type":"article","og_title":"Primera Fecha Del Serial Huachichila El 14 De Septiembre - Canal 7 SLP - 2025","og_description":"Se llevar\u00e1 a cabo la primera fecha del serial Huachichila MTB 2025, el pr\u00f3ximo 14 de septiembre en la presa Santa Genoveva, Temaxcalillo Mexquitic de Carmona.\u00a0 \u00a0El evento contar\u00e1 con diversas categor\u00edas como lo son: elite, elite femenil, AV 30, AV 40, Juvenil varonil, juvenil femenil, intermedio A, Intermedio B, Avanzados 50, femenil intermedia, principiantes A Varonil, Principiantes B Varonil entre otras .\u00a0 Esta fecha contar\u00e1 con tres distancias a recorrer 50, 30 y 20 kil\u00f3metros adem\u00e1s las distancias de las categor\u00edas infantiles, el evento dar\u00e1 inicio a las 8 de la ma\u00f1ana. \u00a0Cabe aclarar que en cada uno de [&hellip;]","og_url":"https:\/\/canal7slp.tv\/2025\/primera-fecha-del-serial-huachichila-el-14-de-septiembre\/","og_site_name":"Canal 7 SLP - 2025","article_publisher":"https:\/\/www.facebook.com\/noticieroscanal7atencionciudadana\/","article_published_time":"2025-08-27T21:32:01+00:00","og_image":[{"width":1096,"height":632,"url":"https:\/\/canal7slp.tv\/2025\/wp-content\/uploads\/2025\/08\/69aac6bd-7d05-4d29-8738-d14a5a3de68f.jpeg","type":"image\/jpeg"}],"author":"admin","twitter_card":"summary_large_image","twitter_creator":"@NOTICIEROS7","twitter_site":"@NOTICIEROS7","twitter_misc":{"Escrito por":"admin","Tiempo de lectura":"1 minuto"},"schema":{"@context":"https:\/\/schema.org","@graph":[{"@type":"Article","@id":"https:\/\/canal7slp.tv\/2025\/primera-fecha-del-serial-huachichila-el-14-de-septiembre\/#article","isPartOf":{"@id":"https:\/\/canal7slp.tv\/2025\/primera-fecha-del-serial-huachichila-el-14-de-septiembre\/"},"author":{"name":"admin","@id":"https:\/\/canal7slp.tv\/2025\/#\/schema\/person\/1257e7e4a3d5ac29c4732733a887970d"},"headline":"Primera Fecha Del Serial Huachichila El 14 De Septiembre","datePublished":"2025-08-27T21:32:01+00:00","mainEntityOfPage":{"@id":"https:\/\/canal7slp.tv\/2025\/primera-fecha-del-serial-huachichila-el-14-de-septiembre\/"},"wordCount":154,"publisher":{"@id":"https:\/\/canal7slp.tv\/2025\/#organization"},"image":{"@id":"https:\/\/canal7slp.tv\/2025\/primera-fecha-del-serial-huachichila-el-14-de-septiembre\/#primaryimage"},"thumbnailUrl":"https:\/\/canal7slp.tv\/2025\/wp-content\/uploads\/2025\/08\/69aac6bd-7d05-4d29-8738-d14a5a3de68f.jpeg","articleSection":["DEPORTES"],"inLanguage":"es"},{"@type":"WebPage","@id":"https:\/\/canal7slp.tv\/2025\/primera-fecha-del-serial-huachichila-el-14-de-septiembre\/","url":"https:\/\/canal7slp.tv\/2025\/primera-fecha-del-serial-huachichila-el-14-de-septiembre\/","name":"Primera Fecha Del Serial Huachichila El 14 De Septiembre - Canal 7 SLP - 2025","isPartOf":{"@id":"https:\/\/canal7slp.tv\/2025\/#website"},"primaryImageOfPage":{"@id":"https:\/\/canal7slp.tv\/2025\/primera-fecha-del-serial-huachichila-el-14-de-septiembre\/#primaryimage"},"image":{"@id":"https:\/\/canal7slp.tv\/2025\/primera-fecha-del-serial-huachichila-el-14-de-septiembre\/#primaryimage"},"thumbnailUrl":"https:\/\/canal7slp.tv\/2025\/wp-content\/uploads\/2025\/08\/69aac6bd-7d05-4d29-8738-d14a5a3de68f.jpeg","datePublished":"2025-08-27T21:32:01+00:00","breadcrumb":{"@id":"https:\/\/canal7slp.tv\/2025\/primera-fecha-del-serial-huachichila-el-14-de-septiembre\/#breadcrumb"},"inLanguage":"es","potentialAction":[{"@type":"ReadAction","target":["https:\/\/canal7slp.tv\/2025\/primera-fecha-del-serial-huachichila-el-14-de-septiembre\/"]}]},{"@type":"ImageObject","inLanguage":"es","@id":"https:\/\/canal7slp.tv\/2025\/primera-fecha-del-serial-huachichila-el-14-de-septiembre\/#primaryimage","url":"https:\/\/canal7slp.tv\/2025\/wp-content\/uploads\/2025\/08\/69aac6bd-7d05-4d29-8738-d14a5a3de68f.jpeg","contentUrl":"https:\/\/canal7slp.tv\/2025\/wp-content\/uploads\/2025\/08\/69aac6bd-7d05-4d29-8738-d14a5a3de68f.jpeg","width":1096,"height":632},{"@type":"BreadcrumbList","@id":"https:\/\/canal7slp.tv\/2025\/primera-fecha-del-serial-huachichila-el-14-de-septiembre\/#breadcrumb","itemListElement":[{"@type":"ListItem","position":1,"name":"Portada","item":"https:\/\/canal7slp.tv\/2025\/"},{"@type":"ListItem","position":2,"name":"Primera Fecha Del Serial Huachichila El 14 De Septiembre"}]},{"@type":"WebSite","@id":"https:\/\/canal7slp.tv\/2025\/#website","url":"https:\/\/canal7slp.tv\/2025\/","name":"N7 - Noticieros Canal 7","description":"Somos el Medio","publisher":{"@id":"https:\/\/canal7slp.tv\/2025\/#organization"},"potentialAction":[{"@type":"SearchAction","target":{"@type":"EntryPoint","urlTemplate":"https:\/\/canal7slp.tv\/2025\/?s={search_term_string}"},"query-input":{"@type":"PropertyValueSpecification","valueRequired":true,"valueName":"search_term_string"}}],"inLanguage":"es"},{"@type":"Organization","@id":"https:\/\/canal7slp.tv\/2025\/#organization","name":"Noticieros Canal 7","url":"https:\/\/canal7slp.tv\/2025\/","logo":{"@type":"ImageObject","inLanguage":"es","@id":"https:\/\/canal7slp.tv\/2025\/#\/schema\/logo\/image\/","url":"https:\/\/canal7slp.tv\/2025\/wp-content\/uploads\/2021\/01\/logo-noticieros@2x.png","contentUrl":"https:\/\/canal7slp.tv\/2025\/wp-content\/uploads\/2021\/01\/logo-noticieros@2x.png","width":1017,"height":268,"caption":"Noticieros Canal 7"},"image":{"@id":"https:\/\/canal7slp.tv\/2025\/#\/schema\/logo\/image\/"},"sameAs":["https:\/\/www.facebook.com\/noticieroscanal7atencionciudadana\/","https:\/\/x.com\/NOTICIEROS7","https:\/\/www.instagram.com\/canal7_slp","https:\/\/www.youtube.com\/channel\/UCliiYs-gP3JfJeqdPrNdd5A"]},{"@type":"Person","@id":"https:\/\/canal7slp.tv\/2025\/#\/schema\/person\/1257e7e4a3d5ac29c4732733a887970d","name":"admin","image":{"@type":"ImageObject","inLanguage":"es","@id":"https:\/\/secure.gravatar.com\/avatar\/d1da498ea933582ecc2b5d72a4eac16ec41c3ec04cf2dc9d46e0b557dedfd5ff?s=96&d=mm&r=g","url":"https:\/\/secure.gravatar.com\/avatar\/d1da498ea933582ecc2b5d72a4eac16ec41c3ec04cf2dc9d46e0b557dedfd5ff?s=96&d=mm&r=g","contentUrl":"https:\/\/secure.gravatar.com\/avatar\/d1da498ea933582ecc2b5d72a4eac16ec41c3ec04cf2dc9d46e0b557dedfd5ff?s=96&d=mm&r=g","caption":"admin"},"sameAs":["https:\/\/canal7slp.tv\/2025"],"url":"https:\/\/canal7slp.tv\/2025\/author\/bicefalo\/"}]}},"_links":{"self":[{"href":"https:\/\/canal7slp.tv\/2025\/wp-json\/wp\/v2\/posts\/177793","targetHints":{"allow":["GET"]}}],"collection":[{"href":"https:\/\/canal7slp.tv\/2025\/wp-json\/wp\/v2\/posts"}],"about":[{"href":"https:\/\/canal7slp.tv\/2025\/wp-json\/wp\/v2\/types\/post"}],"author":[{"embeddable":true,"href":"https:\/\/canal7slp.tv\/2025\/wp-json\/wp\/v2\/users\/1"}],"replies":[{"embeddable":true,"href":"https:\/\/canal7slp.tv\/2025\/wp-json\/wp\/v2\/comments?post=177793"}],"version-history":[{"count":1,"href":"https:\/\/canal7slp.tv\/2025\/wp-json\/wp\/v2\/posts\/177793\/revisions"}],"predecessor-version":[{"id":177795,"href":"https:\/\/canal7slp.tv\/2025\/wp-json\/wp\/v2\/posts\/177793\/revisions\/177795"}],"wp:featuredmedia":[{"embeddable":true,"href":"https:\/\/canal7slp.tv\/2025\/wp-json\/wp\/v2\/media\/177794"}],"wp:attachment":[{"href":"https:\/\/canal7slp.tv\/2025\/wp-json\/wp\/v2\/media?parent=177793"}],"wp:term":[{"taxonomy":"category","embeddable":true,"href":"https:\/\/canal7slp.tv\/2025\/wp-json\/wp\/v2\/categories?post=177793"},{"taxonomy":"post_tag","embeddable":true,"href":"https:\/\/canal7slp.tv\/2025\/wp-json\/wp\/v2\/tags?post=177793"}],"curies":[{"name":"wp","href":"https:\/\/api.w.org\/{rel}","templated":true}]}}