{"id":177781,"date":"2025-08-27T15:15:29","date_gmt":"2025-08-27T21:15:29","guid":{"rendered":"https:\/\/canal7slp.tv\/2025\/?p=177781"},"modified":"2025-08-27T15:15:29","modified_gmt":"2025-08-27T21:15:29","slug":"violencia-digital-en-aumento-el-nuevo-reto-de-seguridad-en-mexico","status":"publish","type":"post","link":"https:\/\/canal7slp.tv\/2025\/violencia-digital-en-aumento-el-nuevo-reto-de-seguridad-en-mexico\/","title":{"rendered":"Violencia digital en aumento: el nuevo reto de seguridad en M\u00e9xico"},"content":{"rendered":"<p style=\"text-align: justify;\" data-start=\"265\" data-end=\"557\">M\u00e9xico enfrenta un fen\u00f3meno creciente y alarmante: la violencia digital. En los \u00faltimos meses, autoridades y colectivos han reportado un incremento en la difusi\u00f3n no consentida de im\u00e1genes \u00edntimas, acoso en redes sociales y fraudes cibern\u00e9ticos que afectan, sobre todo, a mujeres y j\u00f3venes.<\/p>\n<p style=\"text-align: justify;\" data-start=\"559\" data-end=\"888\">De acuerdo con organismos de protecci\u00f3n digital, este tipo de violencia no solo da\u00f1a la reputaci\u00f3n de las v\u00edctimas, sino que genera consecuencias emocionales y sociales profundas. Muchos afectados acuden a pedir ayuda cuando el da\u00f1o ya es irreversible, lo que expone la falta de mecanismos preventivos y de respuesta inmediata.<\/p>\n<p style=\"text-align: justify;\" data-start=\"890\" data-end=\"1233\">La Ley Olimpia ha representado un avance importante al tipificar la difusi\u00f3n de contenido \u00edntimo sin consentimiento como delito, pero especialistas aseguran que la implementaci\u00f3n a\u00fan es insuficiente. Se requieren m\u00e1s recursos para capacitar polic\u00edas cibern\u00e9ticas, campa\u00f1as de educaci\u00f3n digital y acompa\u00f1amiento psicol\u00f3gico para las v\u00edctimas.<\/p>\n<p style=\"text-align: justify;\" data-start=\"1235\" data-end=\"1553\">La situaci\u00f3n refleja c\u00f3mo el mundo digital puede convertirse en un espacio de vulnerabilidad si no se establecen l\u00edmites claros y una cultura de respeto en l\u00ednea. Al mismo tiempo, plantea un dilema social: \u00bfc\u00f3mo equilibrar la libertad en internet con la necesidad de proteger la dignidad y seguridad de las personas?<\/p>\n<p style=\"text-align: justify;\" data-start=\"1555\" data-end=\"1701\">La violencia digital ya no es un tema secundario; es un reto que exige respuestas inmediatas de autoridades, empresas tecnol\u00f3gicas y ciudadan\u00eda.<\/p>\n<p style=\"text-align: justify;\" data-start=\"1703\" data-end=\"1858\"><strong data-start=\"1703\" data-end=\"1722\">\u00bfT\u00fa qu\u00e9 opinas?<\/strong> \u00bfEstamos preparados como sociedad para enfrentar este nuevo tipo de violencia o seguimos rezagados ante la rapidez del mundo digital?<\/p>\n","protected":false},"excerpt":{"rendered":"<p>M\u00e9xico enfrenta un fen\u00f3meno creciente y alarmante: la violencia digital. En los \u00faltimos meses, autoridades y colectivos han reportado un incremento en la difusi\u00f3n no consentida de im\u00e1genes \u00edntimas, acoso en redes sociales y fraudes cibern\u00e9ticos que afectan, sobre todo, a mujeres y j\u00f3venes. De acuerdo con organismos de protecci\u00f3n digital, este tipo de violencia no solo da\u00f1a la reputaci\u00f3n de las v\u00edctimas, sino que genera consecuencias emocionales y sociales profundas. Muchos afectados acuden a pedir ayuda cuando el da\u00f1o ya es irreversible, lo que expone la falta de mecanismos preventivos y de respuesta inmediata. La Ley Olimpia ha representado [&hellip;]<\/p>\n","protected":false},"author":1,"featured_media":177782,"comment_status":"closed","ping_status":"closed","sticky":false,"template":"","format":"standard","meta":{"_monsterinsights_skip_tracking":false,"_monsterinsights_sitenote_active":false,"_monsterinsights_sitenote_note":"","_monsterinsights_sitenote_category":0,"footnotes":""},"categories":[46],"tags":[],"class_list":["post-177781","post","type-post","status-publish","format-standard","has-post-thumbnail","hentry","category-nacional","post--single"],"yoast_head":"<!-- This site is optimized with the Yoast SEO plugin v27.5 - https:\/\/yoast.com\/product\/yoast-seo-wordpress\/ -->\n<title>Violencia digital en aumento: el nuevo reto de seguridad en M\u00e9xico - Canal 7 SLP - 2025<\/title>\n<meta name=\"robots\" content=\"index, follow, max-snippet:-1, max-image-preview:large, max-video-preview:-1\" \/>\n<link rel=\"canonical\" href=\"https:\/\/canal7slp.tv\/2025\/violencia-digital-en-aumento-el-nuevo-reto-de-seguridad-en-mexico\/\" \/>\n<meta property=\"og:locale\" content=\"es_ES\" \/>\n<meta property=\"og:type\" content=\"article\" \/>\n<meta property=\"og:title\" content=\"Violencia digital en aumento: el nuevo reto de seguridad en M\u00e9xico - Canal 7 SLP - 2025\" \/>\n<meta property=\"og:description\" content=\"M\u00e9xico enfrenta un fen\u00f3meno creciente y alarmante: la violencia digital. En los \u00faltimos meses, autoridades y colectivos han reportado un incremento en la difusi\u00f3n no consentida de im\u00e1genes \u00edntimas, acoso en redes sociales y fraudes cibern\u00e9ticos que afectan, sobre todo, a mujeres y j\u00f3venes. De acuerdo con organismos de protecci\u00f3n digital, este tipo de violencia no solo da\u00f1a la reputaci\u00f3n de las v\u00edctimas, sino que genera consecuencias emocionales y sociales profundas. Muchos afectados acuden a pedir ayuda cuando el da\u00f1o ya es irreversible, lo que expone la falta de mecanismos preventivos y de respuesta inmediata. La Ley Olimpia ha representado [&hellip;]\" \/>\n<meta property=\"og:url\" content=\"https:\/\/canal7slp.tv\/2025\/violencia-digital-en-aumento-el-nuevo-reto-de-seguridad-en-mexico\/\" \/>\n<meta property=\"og:site_name\" content=\"Canal 7 SLP - 2025\" \/>\n<meta property=\"article:publisher\" content=\"https:\/\/www.facebook.com\/noticieroscanal7atencionciudadana\/\" \/>\n<meta property=\"article:published_time\" content=\"2025-08-27T21:15:29+00:00\" \/>\n<meta property=\"og:image\" content=\"https:\/\/canal7slp.tv\/2025\/wp-content\/uploads\/2025\/08\/HeaderHS_violencia_digital.jpg\" \/>\n\t<meta property=\"og:image:width\" content=\"1440\" \/>\n\t<meta property=\"og:image:height\" content=\"636\" \/>\n\t<meta property=\"og:image:type\" content=\"image\/jpeg\" \/>\n<meta name=\"author\" content=\"admin\" \/>\n<meta name=\"twitter:card\" content=\"summary_large_image\" \/>\n<meta name=\"twitter:creator\" content=\"@NOTICIEROS7\" \/>\n<meta name=\"twitter:site\" content=\"@NOTICIEROS7\" \/>\n<meta name=\"twitter:label1\" content=\"Escrito por\" \/>\n\t<meta name=\"twitter:data1\" content=\"admin\" \/>\n\t<meta name=\"twitter:label2\" content=\"Tiempo de lectura\" \/>\n\t<meta name=\"twitter:data2\" content=\"2 minutos\" \/>\n<script type=\"application\/ld+json\" class=\"yoast-schema-graph\">{\"@context\":\"https:\\\/\\\/schema.org\",\"@graph\":[{\"@type\":\"Article\",\"@id\":\"https:\\\/\\\/canal7slp.tv\\\/2025\\\/violencia-digital-en-aumento-el-nuevo-reto-de-seguridad-en-mexico\\\/#article\",\"isPartOf\":{\"@id\":\"https:\\\/\\\/canal7slp.tv\\\/2025\\\/violencia-digital-en-aumento-el-nuevo-reto-de-seguridad-en-mexico\\\/\"},\"author\":{\"name\":\"admin\",\"@id\":\"https:\\\/\\\/canal7slp.tv\\\/2025\\\/#\\\/schema\\\/person\\\/1257e7e4a3d5ac29c4732733a887970d\"},\"headline\":\"Violencia digital en aumento: el nuevo reto de seguridad en M\u00e9xico\",\"datePublished\":\"2025-08-27T21:15:29+00:00\",\"mainEntityOfPage\":{\"@id\":\"https:\\\/\\\/canal7slp.tv\\\/2025\\\/violencia-digital-en-aumento-el-nuevo-reto-de-seguridad-en-mexico\\\/\"},\"wordCount\":279,\"publisher\":{\"@id\":\"https:\\\/\\\/canal7slp.tv\\\/2025\\\/#organization\"},\"image\":{\"@id\":\"https:\\\/\\\/canal7slp.tv\\\/2025\\\/violencia-digital-en-aumento-el-nuevo-reto-de-seguridad-en-mexico\\\/#primaryimage\"},\"thumbnailUrl\":\"https:\\\/\\\/canal7slp.tv\\\/2025\\\/wp-content\\\/uploads\\\/2025\\\/08\\\/HeaderHS_violencia_digital.jpg\",\"articleSection\":[\"NACIONALES\"],\"inLanguage\":\"es\"},{\"@type\":\"WebPage\",\"@id\":\"https:\\\/\\\/canal7slp.tv\\\/2025\\\/violencia-digital-en-aumento-el-nuevo-reto-de-seguridad-en-mexico\\\/\",\"url\":\"https:\\\/\\\/canal7slp.tv\\\/2025\\\/violencia-digital-en-aumento-el-nuevo-reto-de-seguridad-en-mexico\\\/\",\"name\":\"Violencia digital en aumento: el nuevo reto de seguridad en M\u00e9xico - Canal 7 SLP - 2025\",\"isPartOf\":{\"@id\":\"https:\\\/\\\/canal7slp.tv\\\/2025\\\/#website\"},\"primaryImageOfPage\":{\"@id\":\"https:\\\/\\\/canal7slp.tv\\\/2025\\\/violencia-digital-en-aumento-el-nuevo-reto-de-seguridad-en-mexico\\\/#primaryimage\"},\"image\":{\"@id\":\"https:\\\/\\\/canal7slp.tv\\\/2025\\\/violencia-digital-en-aumento-el-nuevo-reto-de-seguridad-en-mexico\\\/#primaryimage\"},\"thumbnailUrl\":\"https:\\\/\\\/canal7slp.tv\\\/2025\\\/wp-content\\\/uploads\\\/2025\\\/08\\\/HeaderHS_violencia_digital.jpg\",\"datePublished\":\"2025-08-27T21:15:29+00:00\",\"breadcrumb\":{\"@id\":\"https:\\\/\\\/canal7slp.tv\\\/2025\\\/violencia-digital-en-aumento-el-nuevo-reto-de-seguridad-en-mexico\\\/#breadcrumb\"},\"inLanguage\":\"es\",\"potentialAction\":[{\"@type\":\"ReadAction\",\"target\":[\"https:\\\/\\\/canal7slp.tv\\\/2025\\\/violencia-digital-en-aumento-el-nuevo-reto-de-seguridad-en-mexico\\\/\"]}]},{\"@type\":\"ImageObject\",\"inLanguage\":\"es\",\"@id\":\"https:\\\/\\\/canal7slp.tv\\\/2025\\\/violencia-digital-en-aumento-el-nuevo-reto-de-seguridad-en-mexico\\\/#primaryimage\",\"url\":\"https:\\\/\\\/canal7slp.tv\\\/2025\\\/wp-content\\\/uploads\\\/2025\\\/08\\\/HeaderHS_violencia_digital.jpg\",\"contentUrl\":\"https:\\\/\\\/canal7slp.tv\\\/2025\\\/wp-content\\\/uploads\\\/2025\\\/08\\\/HeaderHS_violencia_digital.jpg\",\"width\":1440,\"height\":636},{\"@type\":\"BreadcrumbList\",\"@id\":\"https:\\\/\\\/canal7slp.tv\\\/2025\\\/violencia-digital-en-aumento-el-nuevo-reto-de-seguridad-en-mexico\\\/#breadcrumb\",\"itemListElement\":[{\"@type\":\"ListItem\",\"position\":1,\"name\":\"Portada\",\"item\":\"https:\\\/\\\/canal7slp.tv\\\/2025\\\/\"},{\"@type\":\"ListItem\",\"position\":2,\"name\":\"Violencia digital en aumento: el nuevo reto de seguridad en M\u00e9xico\"}]},{\"@type\":\"WebSite\",\"@id\":\"https:\\\/\\\/canal7slp.tv\\\/2025\\\/#website\",\"url\":\"https:\\\/\\\/canal7slp.tv\\\/2025\\\/\",\"name\":\"N7 - Noticieros Canal 7\",\"description\":\"Somos el Medio\",\"publisher\":{\"@id\":\"https:\\\/\\\/canal7slp.tv\\\/2025\\\/#organization\"},\"potentialAction\":[{\"@type\":\"SearchAction\",\"target\":{\"@type\":\"EntryPoint\",\"urlTemplate\":\"https:\\\/\\\/canal7slp.tv\\\/2025\\\/?s={search_term_string}\"},\"query-input\":{\"@type\":\"PropertyValueSpecification\",\"valueRequired\":true,\"valueName\":\"search_term_string\"}}],\"inLanguage\":\"es\"},{\"@type\":\"Organization\",\"@id\":\"https:\\\/\\\/canal7slp.tv\\\/2025\\\/#organization\",\"name\":\"Noticieros Canal 7\",\"url\":\"https:\\\/\\\/canal7slp.tv\\\/2025\\\/\",\"logo\":{\"@type\":\"ImageObject\",\"inLanguage\":\"es\",\"@id\":\"https:\\\/\\\/canal7slp.tv\\\/2025\\\/#\\\/schema\\\/logo\\\/image\\\/\",\"url\":\"https:\\\/\\\/canal7slp.tv\\\/2025\\\/wp-content\\\/uploads\\\/2021\\\/01\\\/logo-noticieros@2x.png\",\"contentUrl\":\"https:\\\/\\\/canal7slp.tv\\\/2025\\\/wp-content\\\/uploads\\\/2021\\\/01\\\/logo-noticieros@2x.png\",\"width\":1017,\"height\":268,\"caption\":\"Noticieros Canal 7\"},\"image\":{\"@id\":\"https:\\\/\\\/canal7slp.tv\\\/2025\\\/#\\\/schema\\\/logo\\\/image\\\/\"},\"sameAs\":[\"https:\\\/\\\/www.facebook.com\\\/noticieroscanal7atencionciudadana\\\/\",\"https:\\\/\\\/x.com\\\/NOTICIEROS7\",\"https:\\\/\\\/www.instagram.com\\\/canal7_slp\",\"https:\\\/\\\/www.youtube.com\\\/channel\\\/UCliiYs-gP3JfJeqdPrNdd5A\"]},{\"@type\":\"Person\",\"@id\":\"https:\\\/\\\/canal7slp.tv\\\/2025\\\/#\\\/schema\\\/person\\\/1257e7e4a3d5ac29c4732733a887970d\",\"name\":\"admin\",\"image\":{\"@type\":\"ImageObject\",\"inLanguage\":\"es\",\"@id\":\"https:\\\/\\\/secure.gravatar.com\\\/avatar\\\/d1da498ea933582ecc2b5d72a4eac16ec41c3ec04cf2dc9d46e0b557dedfd5ff?s=96&d=mm&r=g\",\"url\":\"https:\\\/\\\/secure.gravatar.com\\\/avatar\\\/d1da498ea933582ecc2b5d72a4eac16ec41c3ec04cf2dc9d46e0b557dedfd5ff?s=96&d=mm&r=g\",\"contentUrl\":\"https:\\\/\\\/secure.gravatar.com\\\/avatar\\\/d1da498ea933582ecc2b5d72a4eac16ec41c3ec04cf2dc9d46e0b557dedfd5ff?s=96&d=mm&r=g\",\"caption\":\"admin\"},\"sameAs\":[\"https:\\\/\\\/canal7slp.tv\\\/2025\"],\"url\":\"https:\\\/\\\/canal7slp.tv\\\/2025\\\/author\\\/bicefalo\\\/\"}]}<\/script>\n<!-- \/ Yoast SEO plugin. -->","yoast_head_json":{"title":"Violencia digital en aumento: el nuevo reto de seguridad en M\u00e9xico - Canal 7 SLP - 2025","robots":{"index":"index","follow":"follow","max-snippet":"max-snippet:-1","max-image-preview":"max-image-preview:large","max-video-preview":"max-video-preview:-1"},"canonical":"https:\/\/canal7slp.tv\/2025\/violencia-digital-en-aumento-el-nuevo-reto-de-seguridad-en-mexico\/","og_locale":"es_ES","og_type":"article","og_title":"Violencia digital en aumento: el nuevo reto de seguridad en M\u00e9xico - Canal 7 SLP - 2025","og_description":"M\u00e9xico enfrenta un fen\u00f3meno creciente y alarmante: la violencia digital. En los \u00faltimos meses, autoridades y colectivos han reportado un incremento en la difusi\u00f3n no consentida de im\u00e1genes \u00edntimas, acoso en redes sociales y fraudes cibern\u00e9ticos que afectan, sobre todo, a mujeres y j\u00f3venes. De acuerdo con organismos de protecci\u00f3n digital, este tipo de violencia no solo da\u00f1a la reputaci\u00f3n de las v\u00edctimas, sino que genera consecuencias emocionales y sociales profundas. Muchos afectados acuden a pedir ayuda cuando el da\u00f1o ya es irreversible, lo que expone la falta de mecanismos preventivos y de respuesta inmediata. La Ley Olimpia ha representado [&hellip;]","og_url":"https:\/\/canal7slp.tv\/2025\/violencia-digital-en-aumento-el-nuevo-reto-de-seguridad-en-mexico\/","og_site_name":"Canal 7 SLP - 2025","article_publisher":"https:\/\/www.facebook.com\/noticieroscanal7atencionciudadana\/","article_published_time":"2025-08-27T21:15:29+00:00","og_image":[{"width":1440,"height":636,"url":"https:\/\/canal7slp.tv\/2025\/wp-content\/uploads\/2025\/08\/HeaderHS_violencia_digital.jpg","type":"image\/jpeg"}],"author":"admin","twitter_card":"summary_large_image","twitter_creator":"@NOTICIEROS7","twitter_site":"@NOTICIEROS7","twitter_misc":{"Escrito por":"admin","Tiempo de lectura":"2 minutos"},"schema":{"@context":"https:\/\/schema.org","@graph":[{"@type":"Article","@id":"https:\/\/canal7slp.tv\/2025\/violencia-digital-en-aumento-el-nuevo-reto-de-seguridad-en-mexico\/#article","isPartOf":{"@id":"https:\/\/canal7slp.tv\/2025\/violencia-digital-en-aumento-el-nuevo-reto-de-seguridad-en-mexico\/"},"author":{"name":"admin","@id":"https:\/\/canal7slp.tv\/2025\/#\/schema\/person\/1257e7e4a3d5ac29c4732733a887970d"},"headline":"Violencia digital en aumento: el nuevo reto de seguridad en M\u00e9xico","datePublished":"2025-08-27T21:15:29+00:00","mainEntityOfPage":{"@id":"https:\/\/canal7slp.tv\/2025\/violencia-digital-en-aumento-el-nuevo-reto-de-seguridad-en-mexico\/"},"wordCount":279,"publisher":{"@id":"https:\/\/canal7slp.tv\/2025\/#organization"},"image":{"@id":"https:\/\/canal7slp.tv\/2025\/violencia-digital-en-aumento-el-nuevo-reto-de-seguridad-en-mexico\/#primaryimage"},"thumbnailUrl":"https:\/\/canal7slp.tv\/2025\/wp-content\/uploads\/2025\/08\/HeaderHS_violencia_digital.jpg","articleSection":["NACIONALES"],"inLanguage":"es"},{"@type":"WebPage","@id":"https:\/\/canal7slp.tv\/2025\/violencia-digital-en-aumento-el-nuevo-reto-de-seguridad-en-mexico\/","url":"https:\/\/canal7slp.tv\/2025\/violencia-digital-en-aumento-el-nuevo-reto-de-seguridad-en-mexico\/","name":"Violencia digital en aumento: el nuevo reto de seguridad en M\u00e9xico - Canal 7 SLP - 2025","isPartOf":{"@id":"https:\/\/canal7slp.tv\/2025\/#website"},"primaryImageOfPage":{"@id":"https:\/\/canal7slp.tv\/2025\/violencia-digital-en-aumento-el-nuevo-reto-de-seguridad-en-mexico\/#primaryimage"},"image":{"@id":"https:\/\/canal7slp.tv\/2025\/violencia-digital-en-aumento-el-nuevo-reto-de-seguridad-en-mexico\/#primaryimage"},"thumbnailUrl":"https:\/\/canal7slp.tv\/2025\/wp-content\/uploads\/2025\/08\/HeaderHS_violencia_digital.jpg","datePublished":"2025-08-27T21:15:29+00:00","breadcrumb":{"@id":"https:\/\/canal7slp.tv\/2025\/violencia-digital-en-aumento-el-nuevo-reto-de-seguridad-en-mexico\/#breadcrumb"},"inLanguage":"es","potentialAction":[{"@type":"ReadAction","target":["https:\/\/canal7slp.tv\/2025\/violencia-digital-en-aumento-el-nuevo-reto-de-seguridad-en-mexico\/"]}]},{"@type":"ImageObject","inLanguage":"es","@id":"https:\/\/canal7slp.tv\/2025\/violencia-digital-en-aumento-el-nuevo-reto-de-seguridad-en-mexico\/#primaryimage","url":"https:\/\/canal7slp.tv\/2025\/wp-content\/uploads\/2025\/08\/HeaderHS_violencia_digital.jpg","contentUrl":"https:\/\/canal7slp.tv\/2025\/wp-content\/uploads\/2025\/08\/HeaderHS_violencia_digital.jpg","width":1440,"height":636},{"@type":"BreadcrumbList","@id":"https:\/\/canal7slp.tv\/2025\/violencia-digital-en-aumento-el-nuevo-reto-de-seguridad-en-mexico\/#breadcrumb","itemListElement":[{"@type":"ListItem","position":1,"name":"Portada","item":"https:\/\/canal7slp.tv\/2025\/"},{"@type":"ListItem","position":2,"name":"Violencia digital en aumento: el nuevo reto de seguridad en M\u00e9xico"}]},{"@type":"WebSite","@id":"https:\/\/canal7slp.tv\/2025\/#website","url":"https:\/\/canal7slp.tv\/2025\/","name":"N7 - Noticieros Canal 7","description":"Somos el Medio","publisher":{"@id":"https:\/\/canal7slp.tv\/2025\/#organization"},"potentialAction":[{"@type":"SearchAction","target":{"@type":"EntryPoint","urlTemplate":"https:\/\/canal7slp.tv\/2025\/?s={search_term_string}"},"query-input":{"@type":"PropertyValueSpecification","valueRequired":true,"valueName":"search_term_string"}}],"inLanguage":"es"},{"@type":"Organization","@id":"https:\/\/canal7slp.tv\/2025\/#organization","name":"Noticieros Canal 7","url":"https:\/\/canal7slp.tv\/2025\/","logo":{"@type":"ImageObject","inLanguage":"es","@id":"https:\/\/canal7slp.tv\/2025\/#\/schema\/logo\/image\/","url":"https:\/\/canal7slp.tv\/2025\/wp-content\/uploads\/2021\/01\/logo-noticieros@2x.png","contentUrl":"https:\/\/canal7slp.tv\/2025\/wp-content\/uploads\/2021\/01\/logo-noticieros@2x.png","width":1017,"height":268,"caption":"Noticieros Canal 7"},"image":{"@id":"https:\/\/canal7slp.tv\/2025\/#\/schema\/logo\/image\/"},"sameAs":["https:\/\/www.facebook.com\/noticieroscanal7atencionciudadana\/","https:\/\/x.com\/NOTICIEROS7","https:\/\/www.instagram.com\/canal7_slp","https:\/\/www.youtube.com\/channel\/UCliiYs-gP3JfJeqdPrNdd5A"]},{"@type":"Person","@id":"https:\/\/canal7slp.tv\/2025\/#\/schema\/person\/1257e7e4a3d5ac29c4732733a887970d","name":"admin","image":{"@type":"ImageObject","inLanguage":"es","@id":"https:\/\/secure.gravatar.com\/avatar\/d1da498ea933582ecc2b5d72a4eac16ec41c3ec04cf2dc9d46e0b557dedfd5ff?s=96&d=mm&r=g","url":"https:\/\/secure.gravatar.com\/avatar\/d1da498ea933582ecc2b5d72a4eac16ec41c3ec04cf2dc9d46e0b557dedfd5ff?s=96&d=mm&r=g","contentUrl":"https:\/\/secure.gravatar.com\/avatar\/d1da498ea933582ecc2b5d72a4eac16ec41c3ec04cf2dc9d46e0b557dedfd5ff?s=96&d=mm&r=g","caption":"admin"},"sameAs":["https:\/\/canal7slp.tv\/2025"],"url":"https:\/\/canal7slp.tv\/2025\/author\/bicefalo\/"}]}},"_links":{"self":[{"href":"https:\/\/canal7slp.tv\/2025\/wp-json\/wp\/v2\/posts\/177781","targetHints":{"allow":["GET"]}}],"collection":[{"href":"https:\/\/canal7slp.tv\/2025\/wp-json\/wp\/v2\/posts"}],"about":[{"href":"https:\/\/canal7slp.tv\/2025\/wp-json\/wp\/v2\/types\/post"}],"author":[{"embeddable":true,"href":"https:\/\/canal7slp.tv\/2025\/wp-json\/wp\/v2\/users\/1"}],"replies":[{"embeddable":true,"href":"https:\/\/canal7slp.tv\/2025\/wp-json\/wp\/v2\/comments?post=177781"}],"version-history":[{"count":1,"href":"https:\/\/canal7slp.tv\/2025\/wp-json\/wp\/v2\/posts\/177781\/revisions"}],"predecessor-version":[{"id":177783,"href":"https:\/\/canal7slp.tv\/2025\/wp-json\/wp\/v2\/posts\/177781\/revisions\/177783"}],"wp:featuredmedia":[{"embeddable":true,"href":"https:\/\/canal7slp.tv\/2025\/wp-json\/wp\/v2\/media\/177782"}],"wp:attachment":[{"href":"https:\/\/canal7slp.tv\/2025\/wp-json\/wp\/v2\/media?parent=177781"}],"wp:term":[{"taxonomy":"category","embeddable":true,"href":"https:\/\/canal7slp.tv\/2025\/wp-json\/wp\/v2\/categories?post=177781"},{"taxonomy":"post_tag","embeddable":true,"href":"https:\/\/canal7slp.tv\/2025\/wp-json\/wp\/v2\/tags?post=177781"}],"curies":[{"name":"wp","href":"https:\/\/api.w.org\/{rel}","templated":true}]}}