{"id":177768,"date":"2025-08-27T14:06:32","date_gmt":"2025-08-27T20:06:32","guid":{"rendered":"https:\/\/canal7slp.tv\/2025\/?p=177768"},"modified":"2025-08-27T14:06:32","modified_gmt":"2025-08-27T20:06:32","slug":"sheinbaum-descarta-reforma-fiscal-mas-tramite-o-estrategia-calculada","status":"publish","type":"post","link":"https:\/\/canal7slp.tv\/2025\/sheinbaum-descarta-reforma-fiscal-mas-tramite-o-estrategia-calculada\/","title":{"rendered":"Sheinbaum descarta reforma fiscal: \u00bfm\u00e1s tr\u00e1mite o estrategia calculada?"},"content":{"rendered":"<p style=\"text-align: justify;\" data-start=\"447\" data-end=\"833\">La presidenta Claudia Sheinbaum ha reiterado, ante el proyecto de presupuesto 2026, que su administraci\u00f3n no contempla aprobar una reforma fiscal este a\u00f1o: \u201cse puede discutir, todo es debatible, pero el pr\u00f3ximo a\u00f1o no estamos pensando en subir impuestos\u201d. La declaraci\u00f3n busca despejar especulaciones en medio de urgentes discusiones sobre recaudaci\u00f3n tributaria eficiente y equitativa.<\/p>\n<p style=\"text-align: justify;\" data-start=\"835\" data-end=\"1331\">La propuesta, impulsada por voces como Coparmex, Oxfam, acad\u00e9micos y bancos, sugiere que M\u00e9xico necesita una reforma impositiva para financiar programas sociales, mejorar infraestructura y reducir desigualdades. Sin embargo, Sheinbaum aboga por fortalecer ingresos sin tocar directamente al ISR o IVA, confiando en estrategias como la erradicaci\u00f3n de factureras, la digitalizaci\u00f3n del SAT y aduanas, y el fortalecimiento institucional para mejorar collection sin generar presi\u00f3n fiscal adicional.<\/p>\n<p style=\"text-align: justify;\" data-start=\"1333\" data-end=\"1667\">Este enfoque recuerda a la estrategia previa de su mando como jefa del gobierno capitalino: austeridad y eficiencia como palancas. Pero no faltan cr\u00edticos que advierten que la postergaci\u00f3n de una reforma profunda podr\u00eda derivar en un d\u00e9ficit estructural m\u00e1s grave, si las v\u00edas alternativas de recaudaci\u00f3n no rinden resultados s\u00f3lidos.<\/p>\n<p style=\"text-align: justify;\" data-start=\"1669\" data-end=\"1997\">El debate est\u00e1 en marcha. \u00bfEs viable avanzar sin modificar el marco tributario o es una t\u00e1ctica para aplazar lo inevitable? En un pa\u00eds que recauda menos que el promedio de la OCDE, esta decisi\u00f3n tendr\u00e1 consecuencias en la capacidad del Estado para financiar pol\u00edticas p\u00fablicas cercanas a las necesidades reales de la ciudadan\u00eda.<\/p>\n<p style=\"text-align: justify;\" data-start=\"1999\" data-end=\"2120\"><strong data-start=\"1999\" data-end=\"2018\">\u00bfT\u00fa qu\u00e9 opinas?<\/strong> \u00bfEs prudente esperar o necesita M\u00e9xico reformar su sistema fiscal ahora para cerrar brechas sociales?<\/p>\n","protected":false},"excerpt":{"rendered":"<p>La presidenta Claudia Sheinbaum ha reiterado, ante el proyecto de presupuesto 2026, que su administraci\u00f3n no contempla aprobar una reforma fiscal este a\u00f1o: \u201cse puede discutir, todo es debatible, pero el pr\u00f3ximo a\u00f1o no estamos pensando en subir impuestos\u201d. La declaraci\u00f3n busca despejar especulaciones en medio de urgentes discusiones sobre recaudaci\u00f3n tributaria eficiente y equitativa. La propuesta, impulsada por voces como Coparmex, Oxfam, acad\u00e9micos y bancos, sugiere que M\u00e9xico necesita una reforma impositiva para financiar programas sociales, mejorar infraestructura y reducir desigualdades. Sin embargo, Sheinbaum aboga por fortalecer ingresos sin tocar directamente al ISR o IVA, confiando en estrategias como [&hellip;]<\/p>\n","protected":false},"author":1,"featured_media":177769,"comment_status":"closed","ping_status":"closed","sticky":false,"template":"","format":"standard","meta":{"_monsterinsights_skip_tracking":false,"_monsterinsights_sitenote_active":false,"_monsterinsights_sitenote_note":"","_monsterinsights_sitenote_category":0,"footnotes":""},"categories":[5,46],"tags":[],"class_list":["post-177768","post","type-post","status-publish","format-standard","has-post-thumbnail","hentry","category-destacadas","category-nacional","post--single"],"yoast_head":"<!-- This site is optimized with the Yoast SEO plugin v27.5 - https:\/\/yoast.com\/product\/yoast-seo-wordpress\/ -->\n<title>Sheinbaum descarta reforma fiscal: \u00bfm\u00e1s tr\u00e1mite o estrategia calculada? - Canal 7 SLP - 2025<\/title>\n<meta name=\"robots\" content=\"index, follow, max-snippet:-1, max-image-preview:large, max-video-preview:-1\" \/>\n<link rel=\"canonical\" href=\"https:\/\/canal7slp.tv\/2025\/sheinbaum-descarta-reforma-fiscal-mas-tramite-o-estrategia-calculada\/\" \/>\n<meta property=\"og:locale\" content=\"es_ES\" \/>\n<meta property=\"og:type\" content=\"article\" \/>\n<meta property=\"og:title\" content=\"Sheinbaum descarta reforma fiscal: \u00bfm\u00e1s tr\u00e1mite o estrategia calculada? - Canal 7 SLP - 2025\" \/>\n<meta property=\"og:description\" content=\"La presidenta Claudia Sheinbaum ha reiterado, ante el proyecto de presupuesto 2026, que su administraci\u00f3n no contempla aprobar una reforma fiscal este a\u00f1o: \u201cse puede discutir, todo es debatible, pero el pr\u00f3ximo a\u00f1o no estamos pensando en subir impuestos\u201d. La declaraci\u00f3n busca despejar especulaciones en medio de urgentes discusiones sobre recaudaci\u00f3n tributaria eficiente y equitativa. La propuesta, impulsada por voces como Coparmex, Oxfam, acad\u00e9micos y bancos, sugiere que M\u00e9xico necesita una reforma impositiva para financiar programas sociales, mejorar infraestructura y reducir desigualdades. Sin embargo, Sheinbaum aboga por fortalecer ingresos sin tocar directamente al ISR o IVA, confiando en estrategias como [&hellip;]\" \/>\n<meta property=\"og:url\" content=\"https:\/\/canal7slp.tv\/2025\/sheinbaum-descarta-reforma-fiscal-mas-tramite-o-estrategia-calculada\/\" \/>\n<meta property=\"og:site_name\" content=\"Canal 7 SLP - 2025\" \/>\n<meta property=\"article:publisher\" content=\"https:\/\/www.facebook.com\/noticieroscanal7atencionciudadana\/\" \/>\n<meta property=\"article:published_time\" content=\"2025-08-27T20:06:32+00:00\" \/>\n<meta property=\"og:image\" content=\"https:\/\/canal7slp.tv\/2025\/wp-content\/uploads\/2025\/08\/05ea6746-a5bd-421a-b980-2b0b81e6cc48.jpeg\" \/>\n\t<meta property=\"og:image:width\" content=\"1140\" \/>\n\t<meta property=\"og:image:height\" content=\"642\" \/>\n\t<meta property=\"og:image:type\" content=\"image\/jpeg\" \/>\n<meta name=\"author\" content=\"admin\" \/>\n<meta name=\"twitter:card\" content=\"summary_large_image\" \/>\n<meta name=\"twitter:creator\" content=\"@NOTICIEROS7\" \/>\n<meta name=\"twitter:site\" content=\"@NOTICIEROS7\" \/>\n<meta name=\"twitter:label1\" content=\"Escrito por\" \/>\n\t<meta name=\"twitter:data1\" content=\"admin\" \/>\n\t<meta name=\"twitter:label2\" content=\"Tiempo de lectura\" \/>\n\t<meta name=\"twitter:data2\" content=\"2 minutos\" \/>\n<script type=\"application\/ld+json\" class=\"yoast-schema-graph\">{\"@context\":\"https:\\\/\\\/schema.org\",\"@graph\":[{\"@type\":\"Article\",\"@id\":\"https:\\\/\\\/canal7slp.tv\\\/2025\\\/sheinbaum-descarta-reforma-fiscal-mas-tramite-o-estrategia-calculada\\\/#article\",\"isPartOf\":{\"@id\":\"https:\\\/\\\/canal7slp.tv\\\/2025\\\/sheinbaum-descarta-reforma-fiscal-mas-tramite-o-estrategia-calculada\\\/\"},\"author\":{\"name\":\"admin\",\"@id\":\"https:\\\/\\\/canal7slp.tv\\\/2025\\\/#\\\/schema\\\/person\\\/1257e7e4a3d5ac29c4732733a887970d\"},\"headline\":\"Sheinbaum descarta reforma fiscal: \u00bfm\u00e1s tr\u00e1mite o estrategia calculada?\",\"datePublished\":\"2025-08-27T20:06:32+00:00\",\"mainEntityOfPage\":{\"@id\":\"https:\\\/\\\/canal7slp.tv\\\/2025\\\/sheinbaum-descarta-reforma-fiscal-mas-tramite-o-estrategia-calculada\\\/\"},\"wordCount\":281,\"publisher\":{\"@id\":\"https:\\\/\\\/canal7slp.tv\\\/2025\\\/#organization\"},\"image\":{\"@id\":\"https:\\\/\\\/canal7slp.tv\\\/2025\\\/sheinbaum-descarta-reforma-fiscal-mas-tramite-o-estrategia-calculada\\\/#primaryimage\"},\"thumbnailUrl\":\"https:\\\/\\\/canal7slp.tv\\\/2025\\\/wp-content\\\/uploads\\\/2025\\\/08\\\/05ea6746-a5bd-421a-b980-2b0b81e6cc48.jpeg\",\"articleSection\":[\"DESTACADAS\",\"NACIONALES\"],\"inLanguage\":\"es\"},{\"@type\":\"WebPage\",\"@id\":\"https:\\\/\\\/canal7slp.tv\\\/2025\\\/sheinbaum-descarta-reforma-fiscal-mas-tramite-o-estrategia-calculada\\\/\",\"url\":\"https:\\\/\\\/canal7slp.tv\\\/2025\\\/sheinbaum-descarta-reforma-fiscal-mas-tramite-o-estrategia-calculada\\\/\",\"name\":\"Sheinbaum descarta reforma fiscal: \u00bfm\u00e1s tr\u00e1mite o estrategia calculada? - Canal 7 SLP - 2025\",\"isPartOf\":{\"@id\":\"https:\\\/\\\/canal7slp.tv\\\/2025\\\/#website\"},\"primaryImageOfPage\":{\"@id\":\"https:\\\/\\\/canal7slp.tv\\\/2025\\\/sheinbaum-descarta-reforma-fiscal-mas-tramite-o-estrategia-calculada\\\/#primaryimage\"},\"image\":{\"@id\":\"https:\\\/\\\/canal7slp.tv\\\/2025\\\/sheinbaum-descarta-reforma-fiscal-mas-tramite-o-estrategia-calculada\\\/#primaryimage\"},\"thumbnailUrl\":\"https:\\\/\\\/canal7slp.tv\\\/2025\\\/wp-content\\\/uploads\\\/2025\\\/08\\\/05ea6746-a5bd-421a-b980-2b0b81e6cc48.jpeg\",\"datePublished\":\"2025-08-27T20:06:32+00:00\",\"breadcrumb\":{\"@id\":\"https:\\\/\\\/canal7slp.tv\\\/2025\\\/sheinbaum-descarta-reforma-fiscal-mas-tramite-o-estrategia-calculada\\\/#breadcrumb\"},\"inLanguage\":\"es\",\"potentialAction\":[{\"@type\":\"ReadAction\",\"target\":[\"https:\\\/\\\/canal7slp.tv\\\/2025\\\/sheinbaum-descarta-reforma-fiscal-mas-tramite-o-estrategia-calculada\\\/\"]}]},{\"@type\":\"ImageObject\",\"inLanguage\":\"es\",\"@id\":\"https:\\\/\\\/canal7slp.tv\\\/2025\\\/sheinbaum-descarta-reforma-fiscal-mas-tramite-o-estrategia-calculada\\\/#primaryimage\",\"url\":\"https:\\\/\\\/canal7slp.tv\\\/2025\\\/wp-content\\\/uploads\\\/2025\\\/08\\\/05ea6746-a5bd-421a-b980-2b0b81e6cc48.jpeg\",\"contentUrl\":\"https:\\\/\\\/canal7slp.tv\\\/2025\\\/wp-content\\\/uploads\\\/2025\\\/08\\\/05ea6746-a5bd-421a-b980-2b0b81e6cc48.jpeg\",\"width\":1140,\"height\":642},{\"@type\":\"BreadcrumbList\",\"@id\":\"https:\\\/\\\/canal7slp.tv\\\/2025\\\/sheinbaum-descarta-reforma-fiscal-mas-tramite-o-estrategia-calculada\\\/#breadcrumb\",\"itemListElement\":[{\"@type\":\"ListItem\",\"position\":1,\"name\":\"Portada\",\"item\":\"https:\\\/\\\/canal7slp.tv\\\/2025\\\/\"},{\"@type\":\"ListItem\",\"position\":2,\"name\":\"Sheinbaum descarta reforma fiscal: \u00bfm\u00e1s tr\u00e1mite o estrategia calculada?\"}]},{\"@type\":\"WebSite\",\"@id\":\"https:\\\/\\\/canal7slp.tv\\\/2025\\\/#website\",\"url\":\"https:\\\/\\\/canal7slp.tv\\\/2025\\\/\",\"name\":\"N7 - Noticieros Canal 7\",\"description\":\"Somos el Medio\",\"publisher\":{\"@id\":\"https:\\\/\\\/canal7slp.tv\\\/2025\\\/#organization\"},\"potentialAction\":[{\"@type\":\"SearchAction\",\"target\":{\"@type\":\"EntryPoint\",\"urlTemplate\":\"https:\\\/\\\/canal7slp.tv\\\/2025\\\/?s={search_term_string}\"},\"query-input\":{\"@type\":\"PropertyValueSpecification\",\"valueRequired\":true,\"valueName\":\"search_term_string\"}}],\"inLanguage\":\"es\"},{\"@type\":\"Organization\",\"@id\":\"https:\\\/\\\/canal7slp.tv\\\/2025\\\/#organization\",\"name\":\"Noticieros Canal 7\",\"url\":\"https:\\\/\\\/canal7slp.tv\\\/2025\\\/\",\"logo\":{\"@type\":\"ImageObject\",\"inLanguage\":\"es\",\"@id\":\"https:\\\/\\\/canal7slp.tv\\\/2025\\\/#\\\/schema\\\/logo\\\/image\\\/\",\"url\":\"https:\\\/\\\/canal7slp.tv\\\/2025\\\/wp-content\\\/uploads\\\/2021\\\/01\\\/logo-noticieros@2x.png\",\"contentUrl\":\"https:\\\/\\\/canal7slp.tv\\\/2025\\\/wp-content\\\/uploads\\\/2021\\\/01\\\/logo-noticieros@2x.png\",\"width\":1017,\"height\":268,\"caption\":\"Noticieros Canal 7\"},\"image\":{\"@id\":\"https:\\\/\\\/canal7slp.tv\\\/2025\\\/#\\\/schema\\\/logo\\\/image\\\/\"},\"sameAs\":[\"https:\\\/\\\/www.facebook.com\\\/noticieroscanal7atencionciudadana\\\/\",\"https:\\\/\\\/x.com\\\/NOTICIEROS7\",\"https:\\\/\\\/www.instagram.com\\\/canal7_slp\",\"https:\\\/\\\/www.youtube.com\\\/channel\\\/UCliiYs-gP3JfJeqdPrNdd5A\"]},{\"@type\":\"Person\",\"@id\":\"https:\\\/\\\/canal7slp.tv\\\/2025\\\/#\\\/schema\\\/person\\\/1257e7e4a3d5ac29c4732733a887970d\",\"name\":\"admin\",\"image\":{\"@type\":\"ImageObject\",\"inLanguage\":\"es\",\"@id\":\"https:\\\/\\\/secure.gravatar.com\\\/avatar\\\/d1da498ea933582ecc2b5d72a4eac16ec41c3ec04cf2dc9d46e0b557dedfd5ff?s=96&d=mm&r=g\",\"url\":\"https:\\\/\\\/secure.gravatar.com\\\/avatar\\\/d1da498ea933582ecc2b5d72a4eac16ec41c3ec04cf2dc9d46e0b557dedfd5ff?s=96&d=mm&r=g\",\"contentUrl\":\"https:\\\/\\\/secure.gravatar.com\\\/avatar\\\/d1da498ea933582ecc2b5d72a4eac16ec41c3ec04cf2dc9d46e0b557dedfd5ff?s=96&d=mm&r=g\",\"caption\":\"admin\"},\"sameAs\":[\"https:\\\/\\\/canal7slp.tv\\\/2025\"],\"url\":\"https:\\\/\\\/canal7slp.tv\\\/2025\\\/author\\\/bicefalo\\\/\"}]}<\/script>\n<!-- \/ Yoast SEO plugin. -->","yoast_head_json":{"title":"Sheinbaum descarta reforma fiscal: \u00bfm\u00e1s tr\u00e1mite o estrategia calculada? - Canal 7 SLP - 2025","robots":{"index":"index","follow":"follow","max-snippet":"max-snippet:-1","max-image-preview":"max-image-preview:large","max-video-preview":"max-video-preview:-1"},"canonical":"https:\/\/canal7slp.tv\/2025\/sheinbaum-descarta-reforma-fiscal-mas-tramite-o-estrategia-calculada\/","og_locale":"es_ES","og_type":"article","og_title":"Sheinbaum descarta reforma fiscal: \u00bfm\u00e1s tr\u00e1mite o estrategia calculada? - Canal 7 SLP - 2025","og_description":"La presidenta Claudia Sheinbaum ha reiterado, ante el proyecto de presupuesto 2026, que su administraci\u00f3n no contempla aprobar una reforma fiscal este a\u00f1o: \u201cse puede discutir, todo es debatible, pero el pr\u00f3ximo a\u00f1o no estamos pensando en subir impuestos\u201d. La declaraci\u00f3n busca despejar especulaciones en medio de urgentes discusiones sobre recaudaci\u00f3n tributaria eficiente y equitativa. La propuesta, impulsada por voces como Coparmex, Oxfam, acad\u00e9micos y bancos, sugiere que M\u00e9xico necesita una reforma impositiva para financiar programas sociales, mejorar infraestructura y reducir desigualdades. Sin embargo, Sheinbaum aboga por fortalecer ingresos sin tocar directamente al ISR o IVA, confiando en estrategias como [&hellip;]","og_url":"https:\/\/canal7slp.tv\/2025\/sheinbaum-descarta-reforma-fiscal-mas-tramite-o-estrategia-calculada\/","og_site_name":"Canal 7 SLP - 2025","article_publisher":"https:\/\/www.facebook.com\/noticieroscanal7atencionciudadana\/","article_published_time":"2025-08-27T20:06:32+00:00","og_image":[{"width":1140,"height":642,"url":"https:\/\/canal7slp.tv\/2025\/wp-content\/uploads\/2025\/08\/05ea6746-a5bd-421a-b980-2b0b81e6cc48.jpeg","type":"image\/jpeg"}],"author":"admin","twitter_card":"summary_large_image","twitter_creator":"@NOTICIEROS7","twitter_site":"@NOTICIEROS7","twitter_misc":{"Escrito por":"admin","Tiempo de lectura":"2 minutos"},"schema":{"@context":"https:\/\/schema.org","@graph":[{"@type":"Article","@id":"https:\/\/canal7slp.tv\/2025\/sheinbaum-descarta-reforma-fiscal-mas-tramite-o-estrategia-calculada\/#article","isPartOf":{"@id":"https:\/\/canal7slp.tv\/2025\/sheinbaum-descarta-reforma-fiscal-mas-tramite-o-estrategia-calculada\/"},"author":{"name":"admin","@id":"https:\/\/canal7slp.tv\/2025\/#\/schema\/person\/1257e7e4a3d5ac29c4732733a887970d"},"headline":"Sheinbaum descarta reforma fiscal: \u00bfm\u00e1s tr\u00e1mite o estrategia calculada?","datePublished":"2025-08-27T20:06:32+00:00","mainEntityOfPage":{"@id":"https:\/\/canal7slp.tv\/2025\/sheinbaum-descarta-reforma-fiscal-mas-tramite-o-estrategia-calculada\/"},"wordCount":281,"publisher":{"@id":"https:\/\/canal7slp.tv\/2025\/#organization"},"image":{"@id":"https:\/\/canal7slp.tv\/2025\/sheinbaum-descarta-reforma-fiscal-mas-tramite-o-estrategia-calculada\/#primaryimage"},"thumbnailUrl":"https:\/\/canal7slp.tv\/2025\/wp-content\/uploads\/2025\/08\/05ea6746-a5bd-421a-b980-2b0b81e6cc48.jpeg","articleSection":["DESTACADAS","NACIONALES"],"inLanguage":"es"},{"@type":"WebPage","@id":"https:\/\/canal7slp.tv\/2025\/sheinbaum-descarta-reforma-fiscal-mas-tramite-o-estrategia-calculada\/","url":"https:\/\/canal7slp.tv\/2025\/sheinbaum-descarta-reforma-fiscal-mas-tramite-o-estrategia-calculada\/","name":"Sheinbaum descarta reforma fiscal: \u00bfm\u00e1s tr\u00e1mite o estrategia calculada? - Canal 7 SLP - 2025","isPartOf":{"@id":"https:\/\/canal7slp.tv\/2025\/#website"},"primaryImageOfPage":{"@id":"https:\/\/canal7slp.tv\/2025\/sheinbaum-descarta-reforma-fiscal-mas-tramite-o-estrategia-calculada\/#primaryimage"},"image":{"@id":"https:\/\/canal7slp.tv\/2025\/sheinbaum-descarta-reforma-fiscal-mas-tramite-o-estrategia-calculada\/#primaryimage"},"thumbnailUrl":"https:\/\/canal7slp.tv\/2025\/wp-content\/uploads\/2025\/08\/05ea6746-a5bd-421a-b980-2b0b81e6cc48.jpeg","datePublished":"2025-08-27T20:06:32+00:00","breadcrumb":{"@id":"https:\/\/canal7slp.tv\/2025\/sheinbaum-descarta-reforma-fiscal-mas-tramite-o-estrategia-calculada\/#breadcrumb"},"inLanguage":"es","potentialAction":[{"@type":"ReadAction","target":["https:\/\/canal7slp.tv\/2025\/sheinbaum-descarta-reforma-fiscal-mas-tramite-o-estrategia-calculada\/"]}]},{"@type":"ImageObject","inLanguage":"es","@id":"https:\/\/canal7slp.tv\/2025\/sheinbaum-descarta-reforma-fiscal-mas-tramite-o-estrategia-calculada\/#primaryimage","url":"https:\/\/canal7slp.tv\/2025\/wp-content\/uploads\/2025\/08\/05ea6746-a5bd-421a-b980-2b0b81e6cc48.jpeg","contentUrl":"https:\/\/canal7slp.tv\/2025\/wp-content\/uploads\/2025\/08\/05ea6746-a5bd-421a-b980-2b0b81e6cc48.jpeg","width":1140,"height":642},{"@type":"BreadcrumbList","@id":"https:\/\/canal7slp.tv\/2025\/sheinbaum-descarta-reforma-fiscal-mas-tramite-o-estrategia-calculada\/#breadcrumb","itemListElement":[{"@type":"ListItem","position":1,"name":"Portada","item":"https:\/\/canal7slp.tv\/2025\/"},{"@type":"ListItem","position":2,"name":"Sheinbaum descarta reforma fiscal: \u00bfm\u00e1s tr\u00e1mite o estrategia calculada?"}]},{"@type":"WebSite","@id":"https:\/\/canal7slp.tv\/2025\/#website","url":"https:\/\/canal7slp.tv\/2025\/","name":"N7 - Noticieros Canal 7","description":"Somos el Medio","publisher":{"@id":"https:\/\/canal7slp.tv\/2025\/#organization"},"potentialAction":[{"@type":"SearchAction","target":{"@type":"EntryPoint","urlTemplate":"https:\/\/canal7slp.tv\/2025\/?s={search_term_string}"},"query-input":{"@type":"PropertyValueSpecification","valueRequired":true,"valueName":"search_term_string"}}],"inLanguage":"es"},{"@type":"Organization","@id":"https:\/\/canal7slp.tv\/2025\/#organization","name":"Noticieros Canal 7","url":"https:\/\/canal7slp.tv\/2025\/","logo":{"@type":"ImageObject","inLanguage":"es","@id":"https:\/\/canal7slp.tv\/2025\/#\/schema\/logo\/image\/","url":"https:\/\/canal7slp.tv\/2025\/wp-content\/uploads\/2021\/01\/logo-noticieros@2x.png","contentUrl":"https:\/\/canal7slp.tv\/2025\/wp-content\/uploads\/2021\/01\/logo-noticieros@2x.png","width":1017,"height":268,"caption":"Noticieros Canal 7"},"image":{"@id":"https:\/\/canal7slp.tv\/2025\/#\/schema\/logo\/image\/"},"sameAs":["https:\/\/www.facebook.com\/noticieroscanal7atencionciudadana\/","https:\/\/x.com\/NOTICIEROS7","https:\/\/www.instagram.com\/canal7_slp","https:\/\/www.youtube.com\/channel\/UCliiYs-gP3JfJeqdPrNdd5A"]},{"@type":"Person","@id":"https:\/\/canal7slp.tv\/2025\/#\/schema\/person\/1257e7e4a3d5ac29c4732733a887970d","name":"admin","image":{"@type":"ImageObject","inLanguage":"es","@id":"https:\/\/secure.gravatar.com\/avatar\/d1da498ea933582ecc2b5d72a4eac16ec41c3ec04cf2dc9d46e0b557dedfd5ff?s=96&d=mm&r=g","url":"https:\/\/secure.gravatar.com\/avatar\/d1da498ea933582ecc2b5d72a4eac16ec41c3ec04cf2dc9d46e0b557dedfd5ff?s=96&d=mm&r=g","contentUrl":"https:\/\/secure.gravatar.com\/avatar\/d1da498ea933582ecc2b5d72a4eac16ec41c3ec04cf2dc9d46e0b557dedfd5ff?s=96&d=mm&r=g","caption":"admin"},"sameAs":["https:\/\/canal7slp.tv\/2025"],"url":"https:\/\/canal7slp.tv\/2025\/author\/bicefalo\/"}]}},"_links":{"self":[{"href":"https:\/\/canal7slp.tv\/2025\/wp-json\/wp\/v2\/posts\/177768","targetHints":{"allow":["GET"]}}],"collection":[{"href":"https:\/\/canal7slp.tv\/2025\/wp-json\/wp\/v2\/posts"}],"about":[{"href":"https:\/\/canal7slp.tv\/2025\/wp-json\/wp\/v2\/types\/post"}],"author":[{"embeddable":true,"href":"https:\/\/canal7slp.tv\/2025\/wp-json\/wp\/v2\/users\/1"}],"replies":[{"embeddable":true,"href":"https:\/\/canal7slp.tv\/2025\/wp-json\/wp\/v2\/comments?post=177768"}],"version-history":[{"count":1,"href":"https:\/\/canal7slp.tv\/2025\/wp-json\/wp\/v2\/posts\/177768\/revisions"}],"predecessor-version":[{"id":177770,"href":"https:\/\/canal7slp.tv\/2025\/wp-json\/wp\/v2\/posts\/177768\/revisions\/177770"}],"wp:featuredmedia":[{"embeddable":true,"href":"https:\/\/canal7slp.tv\/2025\/wp-json\/wp\/v2\/media\/177769"}],"wp:attachment":[{"href":"https:\/\/canal7slp.tv\/2025\/wp-json\/wp\/v2\/media?parent=177768"}],"wp:term":[{"taxonomy":"category","embeddable":true,"href":"https:\/\/canal7slp.tv\/2025\/wp-json\/wp\/v2\/categories?post=177768"},{"taxonomy":"post_tag","embeddable":true,"href":"https:\/\/canal7slp.tv\/2025\/wp-json\/wp\/v2\/tags?post=177768"}],"curies":[{"name":"wp","href":"https:\/\/api.w.org\/{rel}","templated":true}]}}