{"id":177756,"date":"2025-08-27T10:37:59","date_gmt":"2025-08-27T16:37:59","guid":{"rendered":"https:\/\/canal7slp.tv\/2025\/?p=177756"},"modified":"2025-08-27T10:37:59","modified_gmt":"2025-08-27T16:37:59","slug":"mexico-alza-la-voz-el-sargazo-y-los-corales-llegan-a-la-agenda-global","status":"publish","type":"post","link":"https:\/\/canal7slp.tv\/2025\/mexico-alza-la-voz-el-sargazo-y-los-corales-llegan-a-la-agenda-global\/","title":{"rendered":"M\u00e9xico alza la voz: el sargazo y los corales llegan a la agenda global"},"content":{"rendered":"<p style=\"text-align: justify;\" data-start=\"262\" data-end=\"622\">M\u00e9xico ha llevado a la COP30 la crisis ambiental que enfrenta en sus mares: el sargazo que invade las costas del Caribe y el acelerado blanqueamiento de los corales en el Golfo y el Pac\u00edfico. Estos fen\u00f3menos, vinculados directamente al cambio clim\u00e1tico, amenazan ecosistemas vitales, la biodiversidad marina y, de forma directa, la econom\u00eda tur\u00edstica del pa\u00eds.<\/p>\n<p style=\"text-align: justify;\" data-start=\"624\" data-end=\"1011\">Durante su intervenci\u00f3n, la delegaci\u00f3n mexicana destac\u00f3 que el Caribe mexicano recibe cada a\u00f1o m\u00e1s de un mill\u00f3n de toneladas de sargazo, afectando playas, fauna y comunidades pesqueras. A esto se suma la p\u00e9rdida de hasta el 40 % de la cobertura coralina en zonas clave como Cozumel y Veracruz, lo que compromete la protecci\u00f3n natural contra huracanes y la salud de especies emblem\u00e1ticas.<\/p>\n<p style=\"text-align: justify;\" data-start=\"1013\" data-end=\"1388\">Especialistas advierten que los esfuerzos locales, aunque importantes, resultan insuficientes sin cooperaci\u00f3n internacional. \u201cEl oc\u00e9ano no tiene fronteras, y lo que ocurre en M\u00e9xico es un reflejo del deterioro global\u201d, apuntaron cient\u00edficos durante las sesiones. La postura mexicana busca comprometer a pa\u00edses desarrollados a financiar proyectos de restauraci\u00f3n y mitigaci\u00f3n.<\/p>\n<p style=\"text-align: justify;\" data-start=\"1390\" data-end=\"1581\">Este esfuerzo plantea preguntas urgentes: \u00bfestamos dispuestos a cambiar h\u00e1bitos y exigir pol\u00edticas m\u00e1s ambiciosas para proteger nuestros mares? \u00bfO esperaremos a que el da\u00f1o sea irreversible?<\/p>\n<p style=\"text-align: justify;\" data-start=\"1583\" data-end=\"1740\">El debate ya est\u00e1 abierto, y su desenlace podr\u00eda definir no solo el futuro de nuestras playas, sino tambi\u00e9n la resiliencia del pa\u00eds ante la crisis clim\u00e1tica.<\/p>\n<p style=\"text-align: justify;\" data-start=\"1742\" data-end=\"1822\">\u00bfT\u00fa qu\u00e9 opinas? \u00bfCrees que M\u00e9xico debe liderar esta lucha ambiental en el mundo?<\/p>\n","protected":false},"excerpt":{"rendered":"<p>M\u00e9xico ha llevado a la COP30 la crisis ambiental que enfrenta en sus mares: el sargazo que invade las costas del Caribe y el acelerado blanqueamiento de los corales en el Golfo y el Pac\u00edfico. Estos fen\u00f3menos, vinculados directamente al cambio clim\u00e1tico, amenazan ecosistemas vitales, la biodiversidad marina y, de forma directa, la econom\u00eda tur\u00edstica del pa\u00eds. Durante su intervenci\u00f3n, la delegaci\u00f3n mexicana destac\u00f3 que el Caribe mexicano recibe cada a\u00f1o m\u00e1s de un mill\u00f3n de toneladas de sargazo, afectando playas, fauna y comunidades pesqueras. A esto se suma la p\u00e9rdida de hasta el 40 % de la cobertura coralina [&hellip;]<\/p>\n","protected":false},"author":1,"featured_media":177757,"comment_status":"closed","ping_status":"closed","sticky":false,"template":"","format":"standard","meta":{"_monsterinsights_skip_tracking":false,"_monsterinsights_sitenote_active":false,"_monsterinsights_sitenote_note":"","_monsterinsights_sitenote_category":0,"footnotes":""},"categories":[5,46],"tags":[],"class_list":["post-177756","post","type-post","status-publish","format-standard","has-post-thumbnail","hentry","category-destacadas","category-nacional","post--single"],"yoast_head":"<!-- This site is optimized with the Yoast SEO plugin v27.4 - https:\/\/yoast.com\/product\/yoast-seo-wordpress\/ -->\n<title>M\u00e9xico alza la voz: el sargazo y los corales llegan a la agenda global - Canal 7 SLP - 2025<\/title>\n<meta name=\"robots\" content=\"index, follow, max-snippet:-1, max-image-preview:large, max-video-preview:-1\" \/>\n<link rel=\"canonical\" href=\"https:\/\/canal7slp.tv\/2025\/mexico-alza-la-voz-el-sargazo-y-los-corales-llegan-a-la-agenda-global\/\" \/>\n<meta property=\"og:locale\" content=\"es_ES\" \/>\n<meta property=\"og:type\" content=\"article\" \/>\n<meta property=\"og:title\" content=\"M\u00e9xico alza la voz: el sargazo y los corales llegan a la agenda global - Canal 7 SLP - 2025\" \/>\n<meta property=\"og:description\" content=\"M\u00e9xico ha llevado a la COP30 la crisis ambiental que enfrenta en sus mares: el sargazo que invade las costas del Caribe y el acelerado blanqueamiento de los corales en el Golfo y el Pac\u00edfico. Estos fen\u00f3menos, vinculados directamente al cambio clim\u00e1tico, amenazan ecosistemas vitales, la biodiversidad marina y, de forma directa, la econom\u00eda tur\u00edstica del pa\u00eds. Durante su intervenci\u00f3n, la delegaci\u00f3n mexicana destac\u00f3 que el Caribe mexicano recibe cada a\u00f1o m\u00e1s de un mill\u00f3n de toneladas de sargazo, afectando playas, fauna y comunidades pesqueras. A esto se suma la p\u00e9rdida de hasta el 40 % de la cobertura coralina [&hellip;]\" \/>\n<meta property=\"og:url\" content=\"https:\/\/canal7slp.tv\/2025\/mexico-alza-la-voz-el-sargazo-y-los-corales-llegan-a-la-agenda-global\/\" \/>\n<meta property=\"og:site_name\" content=\"Canal 7 SLP - 2025\" \/>\n<meta property=\"article:publisher\" content=\"https:\/\/www.facebook.com\/noticieroscanal7atencionciudadana\/\" \/>\n<meta property=\"article:published_time\" content=\"2025-08-27T16:37:59+00:00\" \/>\n<meta property=\"og:image\" content=\"https:\/\/canal7slp.tv\/2025\/wp-content\/uploads\/2025\/08\/photo-1507525428034-b723cf961d3e-scaled.jpeg\" \/>\n\t<meta property=\"og:image:width\" content=\"2560\" \/>\n\t<meta property=\"og:image:height\" content=\"1702\" \/>\n\t<meta property=\"og:image:type\" content=\"image\/jpeg\" \/>\n<meta name=\"author\" content=\"admin\" \/>\n<meta name=\"twitter:card\" content=\"summary_large_image\" \/>\n<meta name=\"twitter:creator\" content=\"@NOTICIEROS7\" \/>\n<meta name=\"twitter:site\" content=\"@NOTICIEROS7\" \/>\n<meta name=\"twitter:label1\" content=\"Escrito por\" \/>\n\t<meta name=\"twitter:data1\" content=\"admin\" \/>\n\t<meta name=\"twitter:label2\" content=\"Tiempo de lectura\" \/>\n\t<meta name=\"twitter:data2\" content=\"2 minutos\" \/>\n<script type=\"application\/ld+json\" class=\"yoast-schema-graph\">{\"@context\":\"https:\\\/\\\/schema.org\",\"@graph\":[{\"@type\":\"Article\",\"@id\":\"https:\\\/\\\/canal7slp.tv\\\/2025\\\/mexico-alza-la-voz-el-sargazo-y-los-corales-llegan-a-la-agenda-global\\\/#article\",\"isPartOf\":{\"@id\":\"https:\\\/\\\/canal7slp.tv\\\/2025\\\/mexico-alza-la-voz-el-sargazo-y-los-corales-llegan-a-la-agenda-global\\\/\"},\"author\":{\"name\":\"admin\",\"@id\":\"https:\\\/\\\/canal7slp.tv\\\/2025\\\/#\\\/schema\\\/person\\\/1257e7e4a3d5ac29c4732733a887970d\"},\"headline\":\"M\u00e9xico alza la voz: el sargazo y los corales llegan a la agenda global\",\"datePublished\":\"2025-08-27T16:37:59+00:00\",\"mainEntityOfPage\":{\"@id\":\"https:\\\/\\\/canal7slp.tv\\\/2025\\\/mexico-alza-la-voz-el-sargazo-y-los-corales-llegan-a-la-agenda-global\\\/\"},\"wordCount\":283,\"publisher\":{\"@id\":\"https:\\\/\\\/canal7slp.tv\\\/2025\\\/#organization\"},\"image\":{\"@id\":\"https:\\\/\\\/canal7slp.tv\\\/2025\\\/mexico-alza-la-voz-el-sargazo-y-los-corales-llegan-a-la-agenda-global\\\/#primaryimage\"},\"thumbnailUrl\":\"https:\\\/\\\/canal7slp.tv\\\/2025\\\/wp-content\\\/uploads\\\/2025\\\/08\\\/photo-1507525428034-b723cf961d3e-scaled.jpeg\",\"articleSection\":[\"DESTACADAS\",\"NACIONALES\"],\"inLanguage\":\"es\"},{\"@type\":\"WebPage\",\"@id\":\"https:\\\/\\\/canal7slp.tv\\\/2025\\\/mexico-alza-la-voz-el-sargazo-y-los-corales-llegan-a-la-agenda-global\\\/\",\"url\":\"https:\\\/\\\/canal7slp.tv\\\/2025\\\/mexico-alza-la-voz-el-sargazo-y-los-corales-llegan-a-la-agenda-global\\\/\",\"name\":\"M\u00e9xico alza la voz: el sargazo y los corales llegan a la agenda global - Canal 7 SLP - 2025\",\"isPartOf\":{\"@id\":\"https:\\\/\\\/canal7slp.tv\\\/2025\\\/#website\"},\"primaryImageOfPage\":{\"@id\":\"https:\\\/\\\/canal7slp.tv\\\/2025\\\/mexico-alza-la-voz-el-sargazo-y-los-corales-llegan-a-la-agenda-global\\\/#primaryimage\"},\"image\":{\"@id\":\"https:\\\/\\\/canal7slp.tv\\\/2025\\\/mexico-alza-la-voz-el-sargazo-y-los-corales-llegan-a-la-agenda-global\\\/#primaryimage\"},\"thumbnailUrl\":\"https:\\\/\\\/canal7slp.tv\\\/2025\\\/wp-content\\\/uploads\\\/2025\\\/08\\\/photo-1507525428034-b723cf961d3e-scaled.jpeg\",\"datePublished\":\"2025-08-27T16:37:59+00:00\",\"breadcrumb\":{\"@id\":\"https:\\\/\\\/canal7slp.tv\\\/2025\\\/mexico-alza-la-voz-el-sargazo-y-los-corales-llegan-a-la-agenda-global\\\/#breadcrumb\"},\"inLanguage\":\"es\",\"potentialAction\":[{\"@type\":\"ReadAction\",\"target\":[\"https:\\\/\\\/canal7slp.tv\\\/2025\\\/mexico-alza-la-voz-el-sargazo-y-los-corales-llegan-a-la-agenda-global\\\/\"]}]},{\"@type\":\"ImageObject\",\"inLanguage\":\"es\",\"@id\":\"https:\\\/\\\/canal7slp.tv\\\/2025\\\/mexico-alza-la-voz-el-sargazo-y-los-corales-llegan-a-la-agenda-global\\\/#primaryimage\",\"url\":\"https:\\\/\\\/canal7slp.tv\\\/2025\\\/wp-content\\\/uploads\\\/2025\\\/08\\\/photo-1507525428034-b723cf961d3e-scaled.jpeg\",\"contentUrl\":\"https:\\\/\\\/canal7slp.tv\\\/2025\\\/wp-content\\\/uploads\\\/2025\\\/08\\\/photo-1507525428034-b723cf961d3e-scaled.jpeg\",\"width\":2560,\"height\":1702},{\"@type\":\"BreadcrumbList\",\"@id\":\"https:\\\/\\\/canal7slp.tv\\\/2025\\\/mexico-alza-la-voz-el-sargazo-y-los-corales-llegan-a-la-agenda-global\\\/#breadcrumb\",\"itemListElement\":[{\"@type\":\"ListItem\",\"position\":1,\"name\":\"Portada\",\"item\":\"https:\\\/\\\/canal7slp.tv\\\/2025\\\/\"},{\"@type\":\"ListItem\",\"position\":2,\"name\":\"M\u00e9xico alza la voz: el sargazo y los corales llegan a la agenda global\"}]},{\"@type\":\"WebSite\",\"@id\":\"https:\\\/\\\/canal7slp.tv\\\/2025\\\/#website\",\"url\":\"https:\\\/\\\/canal7slp.tv\\\/2025\\\/\",\"name\":\"N7 - Noticieros Canal 7\",\"description\":\"Somos el Medio\",\"publisher\":{\"@id\":\"https:\\\/\\\/canal7slp.tv\\\/2025\\\/#organization\"},\"potentialAction\":[{\"@type\":\"SearchAction\",\"target\":{\"@type\":\"EntryPoint\",\"urlTemplate\":\"https:\\\/\\\/canal7slp.tv\\\/2025\\\/?s={search_term_string}\"},\"query-input\":{\"@type\":\"PropertyValueSpecification\",\"valueRequired\":true,\"valueName\":\"search_term_string\"}}],\"inLanguage\":\"es\"},{\"@type\":\"Organization\",\"@id\":\"https:\\\/\\\/canal7slp.tv\\\/2025\\\/#organization\",\"name\":\"Noticieros Canal 7\",\"url\":\"https:\\\/\\\/canal7slp.tv\\\/2025\\\/\",\"logo\":{\"@type\":\"ImageObject\",\"inLanguage\":\"es\",\"@id\":\"https:\\\/\\\/canal7slp.tv\\\/2025\\\/#\\\/schema\\\/logo\\\/image\\\/\",\"url\":\"https:\\\/\\\/canal7slp.tv\\\/2025\\\/wp-content\\\/uploads\\\/2021\\\/01\\\/logo-noticieros@2x.png\",\"contentUrl\":\"https:\\\/\\\/canal7slp.tv\\\/2025\\\/wp-content\\\/uploads\\\/2021\\\/01\\\/logo-noticieros@2x.png\",\"width\":1017,\"height\":268,\"caption\":\"Noticieros Canal 7\"},\"image\":{\"@id\":\"https:\\\/\\\/canal7slp.tv\\\/2025\\\/#\\\/schema\\\/logo\\\/image\\\/\"},\"sameAs\":[\"https:\\\/\\\/www.facebook.com\\\/noticieroscanal7atencionciudadana\\\/\",\"https:\\\/\\\/x.com\\\/NOTICIEROS7\",\"https:\\\/\\\/www.instagram.com\\\/canal7_slp\",\"https:\\\/\\\/www.youtube.com\\\/channel\\\/UCliiYs-gP3JfJeqdPrNdd5A\"]},{\"@type\":\"Person\",\"@id\":\"https:\\\/\\\/canal7slp.tv\\\/2025\\\/#\\\/schema\\\/person\\\/1257e7e4a3d5ac29c4732733a887970d\",\"name\":\"admin\",\"image\":{\"@type\":\"ImageObject\",\"inLanguage\":\"es\",\"@id\":\"https:\\\/\\\/secure.gravatar.com\\\/avatar\\\/d1da498ea933582ecc2b5d72a4eac16ec41c3ec04cf2dc9d46e0b557dedfd5ff?s=96&d=mm&r=g\",\"url\":\"https:\\\/\\\/secure.gravatar.com\\\/avatar\\\/d1da498ea933582ecc2b5d72a4eac16ec41c3ec04cf2dc9d46e0b557dedfd5ff?s=96&d=mm&r=g\",\"contentUrl\":\"https:\\\/\\\/secure.gravatar.com\\\/avatar\\\/d1da498ea933582ecc2b5d72a4eac16ec41c3ec04cf2dc9d46e0b557dedfd5ff?s=96&d=mm&r=g\",\"caption\":\"admin\"},\"sameAs\":[\"https:\\\/\\\/canal7slp.tv\\\/2025\"],\"url\":\"https:\\\/\\\/canal7slp.tv\\\/2025\\\/author\\\/bicefalo\\\/\"}]}<\/script>\n<!-- \/ Yoast SEO plugin. -->","yoast_head_json":{"title":"M\u00e9xico alza la voz: el sargazo y los corales llegan a la agenda global - Canal 7 SLP - 2025","robots":{"index":"index","follow":"follow","max-snippet":"max-snippet:-1","max-image-preview":"max-image-preview:large","max-video-preview":"max-video-preview:-1"},"canonical":"https:\/\/canal7slp.tv\/2025\/mexico-alza-la-voz-el-sargazo-y-los-corales-llegan-a-la-agenda-global\/","og_locale":"es_ES","og_type":"article","og_title":"M\u00e9xico alza la voz: el sargazo y los corales llegan a la agenda global - Canal 7 SLP - 2025","og_description":"M\u00e9xico ha llevado a la COP30 la crisis ambiental que enfrenta en sus mares: el sargazo que invade las costas del Caribe y el acelerado blanqueamiento de los corales en el Golfo y el Pac\u00edfico. Estos fen\u00f3menos, vinculados directamente al cambio clim\u00e1tico, amenazan ecosistemas vitales, la biodiversidad marina y, de forma directa, la econom\u00eda tur\u00edstica del pa\u00eds. Durante su intervenci\u00f3n, la delegaci\u00f3n mexicana destac\u00f3 que el Caribe mexicano recibe cada a\u00f1o m\u00e1s de un mill\u00f3n de toneladas de sargazo, afectando playas, fauna y comunidades pesqueras. A esto se suma la p\u00e9rdida de hasta el 40 % de la cobertura coralina [&hellip;]","og_url":"https:\/\/canal7slp.tv\/2025\/mexico-alza-la-voz-el-sargazo-y-los-corales-llegan-a-la-agenda-global\/","og_site_name":"Canal 7 SLP - 2025","article_publisher":"https:\/\/www.facebook.com\/noticieroscanal7atencionciudadana\/","article_published_time":"2025-08-27T16:37:59+00:00","og_image":[{"width":2560,"height":1702,"url":"https:\/\/canal7slp.tv\/2025\/wp-content\/uploads\/2025\/08\/photo-1507525428034-b723cf961d3e-scaled.jpeg","type":"image\/jpeg"}],"author":"admin","twitter_card":"summary_large_image","twitter_creator":"@NOTICIEROS7","twitter_site":"@NOTICIEROS7","twitter_misc":{"Escrito por":"admin","Tiempo de lectura":"2 minutos"},"schema":{"@context":"https:\/\/schema.org","@graph":[{"@type":"Article","@id":"https:\/\/canal7slp.tv\/2025\/mexico-alza-la-voz-el-sargazo-y-los-corales-llegan-a-la-agenda-global\/#article","isPartOf":{"@id":"https:\/\/canal7slp.tv\/2025\/mexico-alza-la-voz-el-sargazo-y-los-corales-llegan-a-la-agenda-global\/"},"author":{"name":"admin","@id":"https:\/\/canal7slp.tv\/2025\/#\/schema\/person\/1257e7e4a3d5ac29c4732733a887970d"},"headline":"M\u00e9xico alza la voz: el sargazo y los corales llegan a la agenda global","datePublished":"2025-08-27T16:37:59+00:00","mainEntityOfPage":{"@id":"https:\/\/canal7slp.tv\/2025\/mexico-alza-la-voz-el-sargazo-y-los-corales-llegan-a-la-agenda-global\/"},"wordCount":283,"publisher":{"@id":"https:\/\/canal7slp.tv\/2025\/#organization"},"image":{"@id":"https:\/\/canal7slp.tv\/2025\/mexico-alza-la-voz-el-sargazo-y-los-corales-llegan-a-la-agenda-global\/#primaryimage"},"thumbnailUrl":"https:\/\/canal7slp.tv\/2025\/wp-content\/uploads\/2025\/08\/photo-1507525428034-b723cf961d3e-scaled.jpeg","articleSection":["DESTACADAS","NACIONALES"],"inLanguage":"es"},{"@type":"WebPage","@id":"https:\/\/canal7slp.tv\/2025\/mexico-alza-la-voz-el-sargazo-y-los-corales-llegan-a-la-agenda-global\/","url":"https:\/\/canal7slp.tv\/2025\/mexico-alza-la-voz-el-sargazo-y-los-corales-llegan-a-la-agenda-global\/","name":"M\u00e9xico alza la voz: el sargazo y los corales llegan a la agenda global - Canal 7 SLP - 2025","isPartOf":{"@id":"https:\/\/canal7slp.tv\/2025\/#website"},"primaryImageOfPage":{"@id":"https:\/\/canal7slp.tv\/2025\/mexico-alza-la-voz-el-sargazo-y-los-corales-llegan-a-la-agenda-global\/#primaryimage"},"image":{"@id":"https:\/\/canal7slp.tv\/2025\/mexico-alza-la-voz-el-sargazo-y-los-corales-llegan-a-la-agenda-global\/#primaryimage"},"thumbnailUrl":"https:\/\/canal7slp.tv\/2025\/wp-content\/uploads\/2025\/08\/photo-1507525428034-b723cf961d3e-scaled.jpeg","datePublished":"2025-08-27T16:37:59+00:00","breadcrumb":{"@id":"https:\/\/canal7slp.tv\/2025\/mexico-alza-la-voz-el-sargazo-y-los-corales-llegan-a-la-agenda-global\/#breadcrumb"},"inLanguage":"es","potentialAction":[{"@type":"ReadAction","target":["https:\/\/canal7slp.tv\/2025\/mexico-alza-la-voz-el-sargazo-y-los-corales-llegan-a-la-agenda-global\/"]}]},{"@type":"ImageObject","inLanguage":"es","@id":"https:\/\/canal7slp.tv\/2025\/mexico-alza-la-voz-el-sargazo-y-los-corales-llegan-a-la-agenda-global\/#primaryimage","url":"https:\/\/canal7slp.tv\/2025\/wp-content\/uploads\/2025\/08\/photo-1507525428034-b723cf961d3e-scaled.jpeg","contentUrl":"https:\/\/canal7slp.tv\/2025\/wp-content\/uploads\/2025\/08\/photo-1507525428034-b723cf961d3e-scaled.jpeg","width":2560,"height":1702},{"@type":"BreadcrumbList","@id":"https:\/\/canal7slp.tv\/2025\/mexico-alza-la-voz-el-sargazo-y-los-corales-llegan-a-la-agenda-global\/#breadcrumb","itemListElement":[{"@type":"ListItem","position":1,"name":"Portada","item":"https:\/\/canal7slp.tv\/2025\/"},{"@type":"ListItem","position":2,"name":"M\u00e9xico alza la voz: el sargazo y los corales llegan a la agenda global"}]},{"@type":"WebSite","@id":"https:\/\/canal7slp.tv\/2025\/#website","url":"https:\/\/canal7slp.tv\/2025\/","name":"N7 - Noticieros Canal 7","description":"Somos el Medio","publisher":{"@id":"https:\/\/canal7slp.tv\/2025\/#organization"},"potentialAction":[{"@type":"SearchAction","target":{"@type":"EntryPoint","urlTemplate":"https:\/\/canal7slp.tv\/2025\/?s={search_term_string}"},"query-input":{"@type":"PropertyValueSpecification","valueRequired":true,"valueName":"search_term_string"}}],"inLanguage":"es"},{"@type":"Organization","@id":"https:\/\/canal7slp.tv\/2025\/#organization","name":"Noticieros Canal 7","url":"https:\/\/canal7slp.tv\/2025\/","logo":{"@type":"ImageObject","inLanguage":"es","@id":"https:\/\/canal7slp.tv\/2025\/#\/schema\/logo\/image\/","url":"https:\/\/canal7slp.tv\/2025\/wp-content\/uploads\/2021\/01\/logo-noticieros@2x.png","contentUrl":"https:\/\/canal7slp.tv\/2025\/wp-content\/uploads\/2021\/01\/logo-noticieros@2x.png","width":1017,"height":268,"caption":"Noticieros Canal 7"},"image":{"@id":"https:\/\/canal7slp.tv\/2025\/#\/schema\/logo\/image\/"},"sameAs":["https:\/\/www.facebook.com\/noticieroscanal7atencionciudadana\/","https:\/\/x.com\/NOTICIEROS7","https:\/\/www.instagram.com\/canal7_slp","https:\/\/www.youtube.com\/channel\/UCliiYs-gP3JfJeqdPrNdd5A"]},{"@type":"Person","@id":"https:\/\/canal7slp.tv\/2025\/#\/schema\/person\/1257e7e4a3d5ac29c4732733a887970d","name":"admin","image":{"@type":"ImageObject","inLanguage":"es","@id":"https:\/\/secure.gravatar.com\/avatar\/d1da498ea933582ecc2b5d72a4eac16ec41c3ec04cf2dc9d46e0b557dedfd5ff?s=96&d=mm&r=g","url":"https:\/\/secure.gravatar.com\/avatar\/d1da498ea933582ecc2b5d72a4eac16ec41c3ec04cf2dc9d46e0b557dedfd5ff?s=96&d=mm&r=g","contentUrl":"https:\/\/secure.gravatar.com\/avatar\/d1da498ea933582ecc2b5d72a4eac16ec41c3ec04cf2dc9d46e0b557dedfd5ff?s=96&d=mm&r=g","caption":"admin"},"sameAs":["https:\/\/canal7slp.tv\/2025"],"url":"https:\/\/canal7slp.tv\/2025\/author\/bicefalo\/"}]}},"_links":{"self":[{"href":"https:\/\/canal7slp.tv\/2025\/wp-json\/wp\/v2\/posts\/177756","targetHints":{"allow":["GET"]}}],"collection":[{"href":"https:\/\/canal7slp.tv\/2025\/wp-json\/wp\/v2\/posts"}],"about":[{"href":"https:\/\/canal7slp.tv\/2025\/wp-json\/wp\/v2\/types\/post"}],"author":[{"embeddable":true,"href":"https:\/\/canal7slp.tv\/2025\/wp-json\/wp\/v2\/users\/1"}],"replies":[{"embeddable":true,"href":"https:\/\/canal7slp.tv\/2025\/wp-json\/wp\/v2\/comments?post=177756"}],"version-history":[{"count":1,"href":"https:\/\/canal7slp.tv\/2025\/wp-json\/wp\/v2\/posts\/177756\/revisions"}],"predecessor-version":[{"id":177758,"href":"https:\/\/canal7slp.tv\/2025\/wp-json\/wp\/v2\/posts\/177756\/revisions\/177758"}],"wp:featuredmedia":[{"embeddable":true,"href":"https:\/\/canal7slp.tv\/2025\/wp-json\/wp\/v2\/media\/177757"}],"wp:attachment":[{"href":"https:\/\/canal7slp.tv\/2025\/wp-json\/wp\/v2\/media?parent=177756"}],"wp:term":[{"taxonomy":"category","embeddable":true,"href":"https:\/\/canal7slp.tv\/2025\/wp-json\/wp\/v2\/categories?post=177756"},{"taxonomy":"post_tag","embeddable":true,"href":"https:\/\/canal7slp.tv\/2025\/wp-json\/wp\/v2\/tags?post=177756"}],"curies":[{"name":"wp","href":"https:\/\/api.w.org\/{rel}","templated":true}]}}