{"id":177752,"date":"2025-08-27T10:35:54","date_gmt":"2025-08-27T16:35:54","guid":{"rendered":"https:\/\/canal7slp.tv\/2025\/?p=177752"},"modified":"2025-08-27T10:35:54","modified_gmt":"2025-08-27T16:35:54","slug":"zelenskyy-exige-garantias-de-seguridad-principio-del-fin-o-escalada-del-conflicto","status":"publish","type":"post","link":"https:\/\/canal7slp.tv\/2025\/zelenskyy-exige-garantias-de-seguridad-principio-del-fin-o-escalada-del-conflicto\/","title":{"rendered":"Zelenskyy exige garant\u00edas de seguridad: \u00bfprincipio del fin o escalada del conflicto?"},"content":{"rendered":"<p style=\"text-align: justify;\" data-start=\"274\" data-end=\"671\">El presidente ucraniano Volodymyr Zelenskyy ha hecho un llamado urgente a sus aliados para acelerar las garant\u00edas de seguridad a su pa\u00eds, en un momento cr\u00edtico de la guerra que ya supera los tres a\u00f1os. En recientes reuniones con l\u00edderes europeos y asi\u00e1ticos, Zelenskyy advirti\u00f3 que cualquier retraso en el apoyo militar y log\u00edstico podr\u00eda tener consecuencias irreversibles en el frente de batalla.<\/p>\n<p style=\"text-align: justify;\" data-start=\"673\" data-end=\"1121\">Mientras tanto, Rusia intensifica sus operaciones en el este de Ucrania, y las tensiones se trasladan a otros territorios. Un dron ucraniano derribado en Estonia, presuntamente debido a interferencias rusas, ha encendido alarmas sobre el riesgo de que el conflicto se extienda m\u00e1s all\u00e1 de las fronteras actuales. La OTAN, por su parte, refuerza su presencia en Europa del Este, aunque evita declaraciones que puedan interpretarse como un ultim\u00e1tum.<\/p>\n<p style=\"text-align: justify;\" data-start=\"1123\" data-end=\"1411\">Analistas internacionales advierten que estamos ante una encrucijada: \u00bfse acerca el inicio de una negociaci\u00f3n real de paz o estamos viendo la antesala de un conflicto a\u00fan m\u00e1s amplio? La comunidad internacional enfrenta el dilema de hasta d\u00f3nde intervenir sin provocar una escalada global.<\/p>\n<p style=\"text-align: justify;\" data-start=\"1413\" data-end=\"1638\">La postura de Zelenskyy reabre un debate fundamental: \u00bfcu\u00e1nto tiempo puede resistir un pa\u00eds bajo fuego constante? Y, sobre todo, \u00bfqu\u00e9 papel deben jugar las potencias mundiales en conflictos que amenazan la estabilidad global?<\/p>\n<p style=\"text-align: justify;\" data-start=\"1640\" data-end=\"1779\">\u00bfT\u00fa qu\u00e9 opinas? \u00bfDebe intensificarse el apoyo a Ucrania para detener la agresi\u00f3n, o es momento de forzar una mesa de paz a cualquier costo?<\/p>\n","protected":false},"excerpt":{"rendered":"<p>El presidente ucraniano Volodymyr Zelenskyy ha hecho un llamado urgente a sus aliados para acelerar las garant\u00edas de seguridad a su pa\u00eds, en un momento cr\u00edtico de la guerra que ya supera los tres a\u00f1os. En recientes reuniones con l\u00edderes europeos y asi\u00e1ticos, Zelenskyy advirti\u00f3 que cualquier retraso en el apoyo militar y log\u00edstico podr\u00eda tener consecuencias irreversibles en el frente de batalla. Mientras tanto, Rusia intensifica sus operaciones en el este de Ucrania, y las tensiones se trasladan a otros territorios. Un dron ucraniano derribado en Estonia, presuntamente debido a interferencias rusas, ha encendido alarmas sobre el riesgo de [&hellip;]<\/p>\n","protected":false},"author":1,"featured_media":177753,"comment_status":"closed","ping_status":"closed","sticky":false,"template":"","format":"standard","meta":{"_monsterinsights_skip_tracking":false,"_monsterinsights_sitenote_active":false,"_monsterinsights_sitenote_note":"","_monsterinsights_sitenote_category":0,"footnotes":""},"categories":[5,44],"tags":[],"class_list":["post-177752","post","type-post","status-publish","format-standard","has-post-thumbnail","hentry","category-destacadas","category-internacional","post--single"],"yoast_head":"<!-- This site is optimized with the Yoast SEO plugin v27.5 - https:\/\/yoast.com\/product\/yoast-seo-wordpress\/ -->\n<title>Zelenskyy exige garant\u00edas de seguridad: \u00bfprincipio del fin o escalada del conflicto? - Canal 7 SLP - 2025<\/title>\n<meta name=\"robots\" content=\"index, follow, max-snippet:-1, max-image-preview:large, max-video-preview:-1\" \/>\n<link rel=\"canonical\" href=\"https:\/\/canal7slp.tv\/2025\/zelenskyy-exige-garantias-de-seguridad-principio-del-fin-o-escalada-del-conflicto\/\" \/>\n<meta property=\"og:locale\" content=\"es_ES\" \/>\n<meta property=\"og:type\" content=\"article\" \/>\n<meta property=\"og:title\" content=\"Zelenskyy exige garant\u00edas de seguridad: \u00bfprincipio del fin o escalada del conflicto? - Canal 7 SLP - 2025\" \/>\n<meta property=\"og:description\" content=\"El presidente ucraniano Volodymyr Zelenskyy ha hecho un llamado urgente a sus aliados para acelerar las garant\u00edas de seguridad a su pa\u00eds, en un momento cr\u00edtico de la guerra que ya supera los tres a\u00f1os. En recientes reuniones con l\u00edderes europeos y asi\u00e1ticos, Zelenskyy advirti\u00f3 que cualquier retraso en el apoyo militar y log\u00edstico podr\u00eda tener consecuencias irreversibles en el frente de batalla. Mientras tanto, Rusia intensifica sus operaciones en el este de Ucrania, y las tensiones se trasladan a otros territorios. Un dron ucraniano derribado en Estonia, presuntamente debido a interferencias rusas, ha encendido alarmas sobre el riesgo de [&hellip;]\" \/>\n<meta property=\"og:url\" content=\"https:\/\/canal7slp.tv\/2025\/zelenskyy-exige-garantias-de-seguridad-principio-del-fin-o-escalada-del-conflicto\/\" \/>\n<meta property=\"og:site_name\" content=\"Canal 7 SLP - 2025\" \/>\n<meta property=\"article:publisher\" content=\"https:\/\/www.facebook.com\/noticieroscanal7atencionciudadana\/\" \/>\n<meta property=\"article:published_time\" content=\"2025-08-27T16:35:54+00:00\" \/>\n<meta property=\"og:image\" content=\"https:\/\/canal7slp.tv\/2025\/wp-content\/uploads\/2025\/08\/zelensky.jpeg\" \/>\n\t<meta property=\"og:image:width\" content=\"850\" \/>\n\t<meta property=\"og:image:height\" content=\"520\" \/>\n\t<meta property=\"og:image:type\" content=\"image\/jpeg\" \/>\n<meta name=\"author\" content=\"admin\" \/>\n<meta name=\"twitter:card\" content=\"summary_large_image\" \/>\n<meta name=\"twitter:creator\" content=\"@NOTICIEROS7\" \/>\n<meta name=\"twitter:site\" content=\"@NOTICIEROS7\" \/>\n<meta name=\"twitter:label1\" content=\"Escrito por\" \/>\n\t<meta name=\"twitter:data1\" content=\"admin\" \/>\n\t<meta name=\"twitter:label2\" content=\"Tiempo de lectura\" \/>\n\t<meta name=\"twitter:data2\" content=\"2 minutos\" \/>\n<script type=\"application\/ld+json\" class=\"yoast-schema-graph\">{\"@context\":\"https:\\\/\\\/schema.org\",\"@graph\":[{\"@type\":\"Article\",\"@id\":\"https:\\\/\\\/canal7slp.tv\\\/2025\\\/zelenskyy-exige-garantias-de-seguridad-principio-del-fin-o-escalada-del-conflicto\\\/#article\",\"isPartOf\":{\"@id\":\"https:\\\/\\\/canal7slp.tv\\\/2025\\\/zelenskyy-exige-garantias-de-seguridad-principio-del-fin-o-escalada-del-conflicto\\\/\"},\"author\":{\"name\":\"admin\",\"@id\":\"https:\\\/\\\/canal7slp.tv\\\/2025\\\/#\\\/schema\\\/person\\\/1257e7e4a3d5ac29c4732733a887970d\"},\"headline\":\"Zelenskyy exige garant\u00edas de seguridad: \u00bfprincipio del fin o escalada del conflicto?\",\"datePublished\":\"2025-08-27T16:35:54+00:00\",\"mainEntityOfPage\":{\"@id\":\"https:\\\/\\\/canal7slp.tv\\\/2025\\\/zelenskyy-exige-garantias-de-seguridad-principio-del-fin-o-escalada-del-conflicto\\\/\"},\"wordCount\":265,\"publisher\":{\"@id\":\"https:\\\/\\\/canal7slp.tv\\\/2025\\\/#organization\"},\"image\":{\"@id\":\"https:\\\/\\\/canal7slp.tv\\\/2025\\\/zelenskyy-exige-garantias-de-seguridad-principio-del-fin-o-escalada-del-conflicto\\\/#primaryimage\"},\"thumbnailUrl\":\"https:\\\/\\\/canal7slp.tv\\\/2025\\\/wp-content\\\/uploads\\\/2025\\\/08\\\/zelensky.jpeg\",\"articleSection\":[\"DESTACADAS\",\"INTERNACIONALES\"],\"inLanguage\":\"es\"},{\"@type\":\"WebPage\",\"@id\":\"https:\\\/\\\/canal7slp.tv\\\/2025\\\/zelenskyy-exige-garantias-de-seguridad-principio-del-fin-o-escalada-del-conflicto\\\/\",\"url\":\"https:\\\/\\\/canal7slp.tv\\\/2025\\\/zelenskyy-exige-garantias-de-seguridad-principio-del-fin-o-escalada-del-conflicto\\\/\",\"name\":\"Zelenskyy exige garant\u00edas de seguridad: \u00bfprincipio del fin o escalada del conflicto? - Canal 7 SLP - 2025\",\"isPartOf\":{\"@id\":\"https:\\\/\\\/canal7slp.tv\\\/2025\\\/#website\"},\"primaryImageOfPage\":{\"@id\":\"https:\\\/\\\/canal7slp.tv\\\/2025\\\/zelenskyy-exige-garantias-de-seguridad-principio-del-fin-o-escalada-del-conflicto\\\/#primaryimage\"},\"image\":{\"@id\":\"https:\\\/\\\/canal7slp.tv\\\/2025\\\/zelenskyy-exige-garantias-de-seguridad-principio-del-fin-o-escalada-del-conflicto\\\/#primaryimage\"},\"thumbnailUrl\":\"https:\\\/\\\/canal7slp.tv\\\/2025\\\/wp-content\\\/uploads\\\/2025\\\/08\\\/zelensky.jpeg\",\"datePublished\":\"2025-08-27T16:35:54+00:00\",\"breadcrumb\":{\"@id\":\"https:\\\/\\\/canal7slp.tv\\\/2025\\\/zelenskyy-exige-garantias-de-seguridad-principio-del-fin-o-escalada-del-conflicto\\\/#breadcrumb\"},\"inLanguage\":\"es\",\"potentialAction\":[{\"@type\":\"ReadAction\",\"target\":[\"https:\\\/\\\/canal7slp.tv\\\/2025\\\/zelenskyy-exige-garantias-de-seguridad-principio-del-fin-o-escalada-del-conflicto\\\/\"]}]},{\"@type\":\"ImageObject\",\"inLanguage\":\"es\",\"@id\":\"https:\\\/\\\/canal7slp.tv\\\/2025\\\/zelenskyy-exige-garantias-de-seguridad-principio-del-fin-o-escalada-del-conflicto\\\/#primaryimage\",\"url\":\"https:\\\/\\\/canal7slp.tv\\\/2025\\\/wp-content\\\/uploads\\\/2025\\\/08\\\/zelensky.jpeg\",\"contentUrl\":\"https:\\\/\\\/canal7slp.tv\\\/2025\\\/wp-content\\\/uploads\\\/2025\\\/08\\\/zelensky.jpeg\",\"width\":850,\"height\":520},{\"@type\":\"BreadcrumbList\",\"@id\":\"https:\\\/\\\/canal7slp.tv\\\/2025\\\/zelenskyy-exige-garantias-de-seguridad-principio-del-fin-o-escalada-del-conflicto\\\/#breadcrumb\",\"itemListElement\":[{\"@type\":\"ListItem\",\"position\":1,\"name\":\"Portada\",\"item\":\"https:\\\/\\\/canal7slp.tv\\\/2025\\\/\"},{\"@type\":\"ListItem\",\"position\":2,\"name\":\"Zelenskyy exige garant\u00edas de seguridad: \u00bfprincipio del fin o escalada del conflicto?\"}]},{\"@type\":\"WebSite\",\"@id\":\"https:\\\/\\\/canal7slp.tv\\\/2025\\\/#website\",\"url\":\"https:\\\/\\\/canal7slp.tv\\\/2025\\\/\",\"name\":\"N7 - Noticieros Canal 7\",\"description\":\"Somos el Medio\",\"publisher\":{\"@id\":\"https:\\\/\\\/canal7slp.tv\\\/2025\\\/#organization\"},\"potentialAction\":[{\"@type\":\"SearchAction\",\"target\":{\"@type\":\"EntryPoint\",\"urlTemplate\":\"https:\\\/\\\/canal7slp.tv\\\/2025\\\/?s={search_term_string}\"},\"query-input\":{\"@type\":\"PropertyValueSpecification\",\"valueRequired\":true,\"valueName\":\"search_term_string\"}}],\"inLanguage\":\"es\"},{\"@type\":\"Organization\",\"@id\":\"https:\\\/\\\/canal7slp.tv\\\/2025\\\/#organization\",\"name\":\"Noticieros Canal 7\",\"url\":\"https:\\\/\\\/canal7slp.tv\\\/2025\\\/\",\"logo\":{\"@type\":\"ImageObject\",\"inLanguage\":\"es\",\"@id\":\"https:\\\/\\\/canal7slp.tv\\\/2025\\\/#\\\/schema\\\/logo\\\/image\\\/\",\"url\":\"https:\\\/\\\/canal7slp.tv\\\/2025\\\/wp-content\\\/uploads\\\/2021\\\/01\\\/logo-noticieros@2x.png\",\"contentUrl\":\"https:\\\/\\\/canal7slp.tv\\\/2025\\\/wp-content\\\/uploads\\\/2021\\\/01\\\/logo-noticieros@2x.png\",\"width\":1017,\"height\":268,\"caption\":\"Noticieros Canal 7\"},\"image\":{\"@id\":\"https:\\\/\\\/canal7slp.tv\\\/2025\\\/#\\\/schema\\\/logo\\\/image\\\/\"},\"sameAs\":[\"https:\\\/\\\/www.facebook.com\\\/noticieroscanal7atencionciudadana\\\/\",\"https:\\\/\\\/x.com\\\/NOTICIEROS7\",\"https:\\\/\\\/www.instagram.com\\\/canal7_slp\",\"https:\\\/\\\/www.youtube.com\\\/channel\\\/UCliiYs-gP3JfJeqdPrNdd5A\"]},{\"@type\":\"Person\",\"@id\":\"https:\\\/\\\/canal7slp.tv\\\/2025\\\/#\\\/schema\\\/person\\\/1257e7e4a3d5ac29c4732733a887970d\",\"name\":\"admin\",\"image\":{\"@type\":\"ImageObject\",\"inLanguage\":\"es\",\"@id\":\"https:\\\/\\\/secure.gravatar.com\\\/avatar\\\/d1da498ea933582ecc2b5d72a4eac16ec41c3ec04cf2dc9d46e0b557dedfd5ff?s=96&d=mm&r=g\",\"url\":\"https:\\\/\\\/secure.gravatar.com\\\/avatar\\\/d1da498ea933582ecc2b5d72a4eac16ec41c3ec04cf2dc9d46e0b557dedfd5ff?s=96&d=mm&r=g\",\"contentUrl\":\"https:\\\/\\\/secure.gravatar.com\\\/avatar\\\/d1da498ea933582ecc2b5d72a4eac16ec41c3ec04cf2dc9d46e0b557dedfd5ff?s=96&d=mm&r=g\",\"caption\":\"admin\"},\"sameAs\":[\"https:\\\/\\\/canal7slp.tv\\\/2025\"],\"url\":\"https:\\\/\\\/canal7slp.tv\\\/2025\\\/author\\\/bicefalo\\\/\"}]}<\/script>\n<!-- \/ Yoast SEO plugin. -->","yoast_head_json":{"title":"Zelenskyy exige garant\u00edas de seguridad: \u00bfprincipio del fin o escalada del conflicto? - Canal 7 SLP - 2025","robots":{"index":"index","follow":"follow","max-snippet":"max-snippet:-1","max-image-preview":"max-image-preview:large","max-video-preview":"max-video-preview:-1"},"canonical":"https:\/\/canal7slp.tv\/2025\/zelenskyy-exige-garantias-de-seguridad-principio-del-fin-o-escalada-del-conflicto\/","og_locale":"es_ES","og_type":"article","og_title":"Zelenskyy exige garant\u00edas de seguridad: \u00bfprincipio del fin o escalada del conflicto? - Canal 7 SLP - 2025","og_description":"El presidente ucraniano Volodymyr Zelenskyy ha hecho un llamado urgente a sus aliados para acelerar las garant\u00edas de seguridad a su pa\u00eds, en un momento cr\u00edtico de la guerra que ya supera los tres a\u00f1os. En recientes reuniones con l\u00edderes europeos y asi\u00e1ticos, Zelenskyy advirti\u00f3 que cualquier retraso en el apoyo militar y log\u00edstico podr\u00eda tener consecuencias irreversibles en el frente de batalla. Mientras tanto, Rusia intensifica sus operaciones en el este de Ucrania, y las tensiones se trasladan a otros territorios. Un dron ucraniano derribado en Estonia, presuntamente debido a interferencias rusas, ha encendido alarmas sobre el riesgo de [&hellip;]","og_url":"https:\/\/canal7slp.tv\/2025\/zelenskyy-exige-garantias-de-seguridad-principio-del-fin-o-escalada-del-conflicto\/","og_site_name":"Canal 7 SLP - 2025","article_publisher":"https:\/\/www.facebook.com\/noticieroscanal7atencionciudadana\/","article_published_time":"2025-08-27T16:35:54+00:00","og_image":[{"width":850,"height":520,"url":"https:\/\/canal7slp.tv\/2025\/wp-content\/uploads\/2025\/08\/zelensky.jpeg","type":"image\/jpeg"}],"author":"admin","twitter_card":"summary_large_image","twitter_creator":"@NOTICIEROS7","twitter_site":"@NOTICIEROS7","twitter_misc":{"Escrito por":"admin","Tiempo de lectura":"2 minutos"},"schema":{"@context":"https:\/\/schema.org","@graph":[{"@type":"Article","@id":"https:\/\/canal7slp.tv\/2025\/zelenskyy-exige-garantias-de-seguridad-principio-del-fin-o-escalada-del-conflicto\/#article","isPartOf":{"@id":"https:\/\/canal7slp.tv\/2025\/zelenskyy-exige-garantias-de-seguridad-principio-del-fin-o-escalada-del-conflicto\/"},"author":{"name":"admin","@id":"https:\/\/canal7slp.tv\/2025\/#\/schema\/person\/1257e7e4a3d5ac29c4732733a887970d"},"headline":"Zelenskyy exige garant\u00edas de seguridad: \u00bfprincipio del fin o escalada del conflicto?","datePublished":"2025-08-27T16:35:54+00:00","mainEntityOfPage":{"@id":"https:\/\/canal7slp.tv\/2025\/zelenskyy-exige-garantias-de-seguridad-principio-del-fin-o-escalada-del-conflicto\/"},"wordCount":265,"publisher":{"@id":"https:\/\/canal7slp.tv\/2025\/#organization"},"image":{"@id":"https:\/\/canal7slp.tv\/2025\/zelenskyy-exige-garantias-de-seguridad-principio-del-fin-o-escalada-del-conflicto\/#primaryimage"},"thumbnailUrl":"https:\/\/canal7slp.tv\/2025\/wp-content\/uploads\/2025\/08\/zelensky.jpeg","articleSection":["DESTACADAS","INTERNACIONALES"],"inLanguage":"es"},{"@type":"WebPage","@id":"https:\/\/canal7slp.tv\/2025\/zelenskyy-exige-garantias-de-seguridad-principio-del-fin-o-escalada-del-conflicto\/","url":"https:\/\/canal7slp.tv\/2025\/zelenskyy-exige-garantias-de-seguridad-principio-del-fin-o-escalada-del-conflicto\/","name":"Zelenskyy exige garant\u00edas de seguridad: \u00bfprincipio del fin o escalada del conflicto? - Canal 7 SLP - 2025","isPartOf":{"@id":"https:\/\/canal7slp.tv\/2025\/#website"},"primaryImageOfPage":{"@id":"https:\/\/canal7slp.tv\/2025\/zelenskyy-exige-garantias-de-seguridad-principio-del-fin-o-escalada-del-conflicto\/#primaryimage"},"image":{"@id":"https:\/\/canal7slp.tv\/2025\/zelenskyy-exige-garantias-de-seguridad-principio-del-fin-o-escalada-del-conflicto\/#primaryimage"},"thumbnailUrl":"https:\/\/canal7slp.tv\/2025\/wp-content\/uploads\/2025\/08\/zelensky.jpeg","datePublished":"2025-08-27T16:35:54+00:00","breadcrumb":{"@id":"https:\/\/canal7slp.tv\/2025\/zelenskyy-exige-garantias-de-seguridad-principio-del-fin-o-escalada-del-conflicto\/#breadcrumb"},"inLanguage":"es","potentialAction":[{"@type":"ReadAction","target":["https:\/\/canal7slp.tv\/2025\/zelenskyy-exige-garantias-de-seguridad-principio-del-fin-o-escalada-del-conflicto\/"]}]},{"@type":"ImageObject","inLanguage":"es","@id":"https:\/\/canal7slp.tv\/2025\/zelenskyy-exige-garantias-de-seguridad-principio-del-fin-o-escalada-del-conflicto\/#primaryimage","url":"https:\/\/canal7slp.tv\/2025\/wp-content\/uploads\/2025\/08\/zelensky.jpeg","contentUrl":"https:\/\/canal7slp.tv\/2025\/wp-content\/uploads\/2025\/08\/zelensky.jpeg","width":850,"height":520},{"@type":"BreadcrumbList","@id":"https:\/\/canal7slp.tv\/2025\/zelenskyy-exige-garantias-de-seguridad-principio-del-fin-o-escalada-del-conflicto\/#breadcrumb","itemListElement":[{"@type":"ListItem","position":1,"name":"Portada","item":"https:\/\/canal7slp.tv\/2025\/"},{"@type":"ListItem","position":2,"name":"Zelenskyy exige garant\u00edas de seguridad: \u00bfprincipio del fin o escalada del conflicto?"}]},{"@type":"WebSite","@id":"https:\/\/canal7slp.tv\/2025\/#website","url":"https:\/\/canal7slp.tv\/2025\/","name":"N7 - Noticieros Canal 7","description":"Somos el Medio","publisher":{"@id":"https:\/\/canal7slp.tv\/2025\/#organization"},"potentialAction":[{"@type":"SearchAction","target":{"@type":"EntryPoint","urlTemplate":"https:\/\/canal7slp.tv\/2025\/?s={search_term_string}"},"query-input":{"@type":"PropertyValueSpecification","valueRequired":true,"valueName":"search_term_string"}}],"inLanguage":"es"},{"@type":"Organization","@id":"https:\/\/canal7slp.tv\/2025\/#organization","name":"Noticieros Canal 7","url":"https:\/\/canal7slp.tv\/2025\/","logo":{"@type":"ImageObject","inLanguage":"es","@id":"https:\/\/canal7slp.tv\/2025\/#\/schema\/logo\/image\/","url":"https:\/\/canal7slp.tv\/2025\/wp-content\/uploads\/2021\/01\/logo-noticieros@2x.png","contentUrl":"https:\/\/canal7slp.tv\/2025\/wp-content\/uploads\/2021\/01\/logo-noticieros@2x.png","width":1017,"height":268,"caption":"Noticieros Canal 7"},"image":{"@id":"https:\/\/canal7slp.tv\/2025\/#\/schema\/logo\/image\/"},"sameAs":["https:\/\/www.facebook.com\/noticieroscanal7atencionciudadana\/","https:\/\/x.com\/NOTICIEROS7","https:\/\/www.instagram.com\/canal7_slp","https:\/\/www.youtube.com\/channel\/UCliiYs-gP3JfJeqdPrNdd5A"]},{"@type":"Person","@id":"https:\/\/canal7slp.tv\/2025\/#\/schema\/person\/1257e7e4a3d5ac29c4732733a887970d","name":"admin","image":{"@type":"ImageObject","inLanguage":"es","@id":"https:\/\/secure.gravatar.com\/avatar\/d1da498ea933582ecc2b5d72a4eac16ec41c3ec04cf2dc9d46e0b557dedfd5ff?s=96&d=mm&r=g","url":"https:\/\/secure.gravatar.com\/avatar\/d1da498ea933582ecc2b5d72a4eac16ec41c3ec04cf2dc9d46e0b557dedfd5ff?s=96&d=mm&r=g","contentUrl":"https:\/\/secure.gravatar.com\/avatar\/d1da498ea933582ecc2b5d72a4eac16ec41c3ec04cf2dc9d46e0b557dedfd5ff?s=96&d=mm&r=g","caption":"admin"},"sameAs":["https:\/\/canal7slp.tv\/2025"],"url":"https:\/\/canal7slp.tv\/2025\/author\/bicefalo\/"}]}},"_links":{"self":[{"href":"https:\/\/canal7slp.tv\/2025\/wp-json\/wp\/v2\/posts\/177752","targetHints":{"allow":["GET"]}}],"collection":[{"href":"https:\/\/canal7slp.tv\/2025\/wp-json\/wp\/v2\/posts"}],"about":[{"href":"https:\/\/canal7slp.tv\/2025\/wp-json\/wp\/v2\/types\/post"}],"author":[{"embeddable":true,"href":"https:\/\/canal7slp.tv\/2025\/wp-json\/wp\/v2\/users\/1"}],"replies":[{"embeddable":true,"href":"https:\/\/canal7slp.tv\/2025\/wp-json\/wp\/v2\/comments?post=177752"}],"version-history":[{"count":2,"href":"https:\/\/canal7slp.tv\/2025\/wp-json\/wp\/v2\/posts\/177752\/revisions"}],"predecessor-version":[{"id":177755,"href":"https:\/\/canal7slp.tv\/2025\/wp-json\/wp\/v2\/posts\/177752\/revisions\/177755"}],"wp:featuredmedia":[{"embeddable":true,"href":"https:\/\/canal7slp.tv\/2025\/wp-json\/wp\/v2\/media\/177753"}],"wp:attachment":[{"href":"https:\/\/canal7slp.tv\/2025\/wp-json\/wp\/v2\/media?parent=177752"}],"wp:term":[{"taxonomy":"category","embeddable":true,"href":"https:\/\/canal7slp.tv\/2025\/wp-json\/wp\/v2\/categories?post=177752"},{"taxonomy":"post_tag","embeddable":true,"href":"https:\/\/canal7slp.tv\/2025\/wp-json\/wp\/v2\/tags?post=177752"}],"curies":[{"name":"wp","href":"https:\/\/api.w.org\/{rel}","templated":true}]}}