{"id":177746,"date":"2025-08-26T22:28:32","date_gmt":"2025-08-27T04:28:32","guid":{"rendered":"https:\/\/canal7slp.tv\/2025\/?p=177746"},"modified":"2025-08-26T22:28:32","modified_gmt":"2025-08-27T04:28:32","slug":"anuncia-secretaria-de-energia-dos-plantas-termosolares-en-baja-california-sur","status":"publish","type":"post","link":"https:\/\/canal7slp.tv\/2025\/anuncia-secretaria-de-energia-dos-plantas-termosolares-en-baja-california-sur\/","title":{"rendered":"Anuncia Secretar\u00eda de Energ\u00eda dos plantas termosolares en Baja California Sur"},"content":{"rendered":"<p style=\"text-align: justify;\">La secretaria de Energ\u00eda, Luz Elena Gonz\u00e1lez Escobar, present\u00f3 el proyecto de construcci\u00f3n de las primeras dos centrales termosolares en Baja California Sur.<\/p>\n<p style=\"text-align: justify;\">Esto con una inversi\u00f3n aproximada de 800 millones de d\u00f3lares.<\/p>\n<p style=\"text-align: justify;\">Las centrales forman parte del Plan de Fortalecimiento y Expansi\u00f3n del Sistema El\u00e9ctrico Nacional 2025-2030.<\/p>\n<p style=\"text-align: justify;\">Tienen como objetivo fortalecer el suministro el\u00e9ctrico en Baja California Sur.<\/p>\n<p style=\"text-align: justify;\">Generar\u00e1n en sitio m\u00e1s energ\u00eda ante el incremento de demanda en la zona.<\/p>\n<p style=\"text-align: justify;\">El proyecto con fuentes renovables de energ\u00eda, contribuye a la soberan\u00eda energ\u00e9tica del pa\u00eds y al cumplimiento de compromisos de mitigaci\u00f3n del cambio clim\u00e1tico.<\/p>\n<p style=\"text-align: justify;\">La secretaria de Energ\u00eda subray\u00f3 que marca un precedente \u00fanico al ser el primer proyecto en su tipo en M\u00e9xico.<\/p>\n<p style=\"text-align: justify;\">Acelera el cumplimiento de las metas de transici\u00f3n energ\u00e9tica que establecen por ley que, al menos 35% de la generaci\u00f3n el\u00e9ctrica al 2030 ser\u00e1 con energ\u00eda limpia y renovable.<\/p>\n<p style=\"text-align: justify;\">Por su parte, el subsecretario de Planeaci\u00f3n y Transici\u00f3n Energ\u00e9tica de la Secretar\u00eda de Energ\u00eda, Jorge Marcial Islas Samperio, destac\u00f3 que estas centrales permitir\u00e1n incorporar una tecnolog\u00eda solar que va a producir electricidad con capacidad firme -es decir, sin intermitencias-.<\/p>\n<p>A diferencia de las centrales fotovoltaicas, las centrales termosolares tienen la capacidad de almacenar energ\u00eda t\u00e9rmica para producir electricidad&#8230; por ejemplo, durante la noche.<\/p>\n<p style=\"text-align: justify;\">Adem\u00e1s -dijo- que se podr\u00e1 descarbonizar el sector el\u00e9ctrico al sustituir combustibles f\u00f3siles como combust\u00f3leo, di\u00e9sel y gas.<\/p>\n<p style=\"text-align: justify;\">As\u00ed como aprovechar el vasto recurso de energ\u00eda solar que hay en el pa\u00eds -especialmente en el norte-.<\/p>\n","protected":false},"excerpt":{"rendered":"<p>La secretaria de Energ\u00eda, Luz Elena Gonz\u00e1lez Escobar, present\u00f3 el proyecto de construcci\u00f3n de las primeras dos centrales termosolares en Baja California Sur. Esto con una inversi\u00f3n aproximada de 800 millones de d\u00f3lares. Las centrales forman parte del Plan de Fortalecimiento y Expansi\u00f3n del Sistema El\u00e9ctrico Nacional 2025-2030. Tienen como objetivo fortalecer el suministro el\u00e9ctrico en Baja California Sur. Generar\u00e1n en sitio m\u00e1s energ\u00eda ante el incremento de demanda en la zona. El proyecto con fuentes renovables de energ\u00eda, contribuye a la soberan\u00eda energ\u00e9tica del pa\u00eds y al cumplimiento de compromisos de mitigaci\u00f3n del cambio clim\u00e1tico. La secretaria de Energ\u00eda [&hellip;]<\/p>\n","protected":false},"author":1,"featured_media":177747,"comment_status":"closed","ping_status":"closed","sticky":false,"template":"","format":"video","meta":{"_monsterinsights_skip_tracking":false,"_monsterinsights_sitenote_active":false,"_monsterinsights_sitenote_note":"","_monsterinsights_sitenote_category":0,"footnotes":""},"categories":[5,46],"tags":[],"class_list":["post-177746","post","type-post","status-publish","format-video","has-post-thumbnail","hentry","category-destacadas","category-nacional","post_format-post-format-video","post--single"],"yoast_head":"<!-- This site is optimized with the Yoast SEO plugin v27.5 - https:\/\/yoast.com\/product\/yoast-seo-wordpress\/ -->\n<title>Anuncia Secretar\u00eda de Energ\u00eda dos plantas termosolares en Baja California Sur - Canal 7 SLP - 2025<\/title>\n<meta name=\"robots\" content=\"index, follow, max-snippet:-1, max-image-preview:large, max-video-preview:-1\" \/>\n<link rel=\"canonical\" href=\"https:\/\/canal7slp.tv\/2025\/anuncia-secretaria-de-energia-dos-plantas-termosolares-en-baja-california-sur\/\" \/>\n<meta property=\"og:locale\" content=\"es_ES\" \/>\n<meta property=\"og:type\" content=\"article\" \/>\n<meta property=\"og:title\" content=\"Anuncia Secretar\u00eda de Energ\u00eda dos plantas termosolares en Baja California Sur - Canal 7 SLP - 2025\" \/>\n<meta property=\"og:description\" content=\"La secretaria de Energ\u00eda, Luz Elena Gonz\u00e1lez Escobar, present\u00f3 el proyecto de construcci\u00f3n de las primeras dos centrales termosolares en Baja California Sur. Esto con una inversi\u00f3n aproximada de 800 millones de d\u00f3lares. Las centrales forman parte del Plan de Fortalecimiento y Expansi\u00f3n del Sistema El\u00e9ctrico Nacional 2025-2030. Tienen como objetivo fortalecer el suministro el\u00e9ctrico en Baja California Sur. Generar\u00e1n en sitio m\u00e1s energ\u00eda ante el incremento de demanda en la zona. El proyecto con fuentes renovables de energ\u00eda, contribuye a la soberan\u00eda energ\u00e9tica del pa\u00eds y al cumplimiento de compromisos de mitigaci\u00f3n del cambio clim\u00e1tico. La secretaria de Energ\u00eda [&hellip;]\" \/>\n<meta property=\"og:url\" content=\"https:\/\/canal7slp.tv\/2025\/anuncia-secretaria-de-energia-dos-plantas-termosolares-en-baja-california-sur\/\" \/>\n<meta property=\"og:site_name\" content=\"Canal 7 SLP - 2025\" \/>\n<meta property=\"article:publisher\" content=\"https:\/\/www.facebook.com\/noticieroscanal7atencionciudadana\/\" \/>\n<meta property=\"article:published_time\" content=\"2025-08-27T04:28:32+00:00\" \/>\n<meta property=\"og:image\" content=\"https:\/\/canal7slp.tv\/2025\/wp-content\/uploads\/2025\/08\/termosolares.jpg\" \/>\n\t<meta property=\"og:image:width\" content=\"1024\" \/>\n\t<meta property=\"og:image:height\" content=\"631\" \/>\n\t<meta property=\"og:image:type\" content=\"image\/jpeg\" \/>\n<meta name=\"author\" content=\"admin\" \/>\n<meta name=\"twitter:card\" content=\"summary_large_image\" \/>\n<meta name=\"twitter:creator\" content=\"@NOTICIEROS7\" \/>\n<meta name=\"twitter:site\" content=\"@NOTICIEROS7\" \/>\n<meta name=\"twitter:label1\" content=\"Escrito por\" \/>\n\t<meta name=\"twitter:data1\" content=\"admin\" \/>\n\t<meta name=\"twitter:label2\" content=\"Tiempo de lectura\" \/>\n\t<meta name=\"twitter:data2\" content=\"2 minutos\" \/>\n<script type=\"application\/ld+json\" class=\"yoast-schema-graph\">{\"@context\":\"https:\\\/\\\/schema.org\",\"@graph\":[{\"@type\":\"Article\",\"@id\":\"https:\\\/\\\/canal7slp.tv\\\/2025\\\/anuncia-secretaria-de-energia-dos-plantas-termosolares-en-baja-california-sur\\\/#article\",\"isPartOf\":{\"@id\":\"https:\\\/\\\/canal7slp.tv\\\/2025\\\/anuncia-secretaria-de-energia-dos-plantas-termosolares-en-baja-california-sur\\\/\"},\"author\":{\"name\":\"admin\",\"@id\":\"https:\\\/\\\/canal7slp.tv\\\/2025\\\/#\\\/schema\\\/person\\\/1257e7e4a3d5ac29c4732733a887970d\"},\"headline\":\"Anuncia Secretar\u00eda de Energ\u00eda dos plantas termosolares en Baja California Sur\",\"datePublished\":\"2025-08-27T04:28:32+00:00\",\"mainEntityOfPage\":{\"@id\":\"https:\\\/\\\/canal7slp.tv\\\/2025\\\/anuncia-secretaria-de-energia-dos-plantas-termosolares-en-baja-california-sur\\\/\"},\"wordCount\":295,\"publisher\":{\"@id\":\"https:\\\/\\\/canal7slp.tv\\\/2025\\\/#organization\"},\"image\":{\"@id\":\"https:\\\/\\\/canal7slp.tv\\\/2025\\\/anuncia-secretaria-de-energia-dos-plantas-termosolares-en-baja-california-sur\\\/#primaryimage\"},\"thumbnailUrl\":\"https:\\\/\\\/canal7slp.tv\\\/2025\\\/wp-content\\\/uploads\\\/2025\\\/08\\\/termosolares.jpg\",\"articleSection\":[\"DESTACADAS\",\"NACIONALES\"],\"inLanguage\":\"es\"},{\"@type\":\"WebPage\",\"@id\":\"https:\\\/\\\/canal7slp.tv\\\/2025\\\/anuncia-secretaria-de-energia-dos-plantas-termosolares-en-baja-california-sur\\\/\",\"url\":\"https:\\\/\\\/canal7slp.tv\\\/2025\\\/anuncia-secretaria-de-energia-dos-plantas-termosolares-en-baja-california-sur\\\/\",\"name\":\"Anuncia Secretar\u00eda de Energ\u00eda dos plantas termosolares en Baja California Sur - Canal 7 SLP - 2025\",\"isPartOf\":{\"@id\":\"https:\\\/\\\/canal7slp.tv\\\/2025\\\/#website\"},\"primaryImageOfPage\":{\"@id\":\"https:\\\/\\\/canal7slp.tv\\\/2025\\\/anuncia-secretaria-de-energia-dos-plantas-termosolares-en-baja-california-sur\\\/#primaryimage\"},\"image\":{\"@id\":\"https:\\\/\\\/canal7slp.tv\\\/2025\\\/anuncia-secretaria-de-energia-dos-plantas-termosolares-en-baja-california-sur\\\/#primaryimage\"},\"thumbnailUrl\":\"https:\\\/\\\/canal7slp.tv\\\/2025\\\/wp-content\\\/uploads\\\/2025\\\/08\\\/termosolares.jpg\",\"datePublished\":\"2025-08-27T04:28:32+00:00\",\"breadcrumb\":{\"@id\":\"https:\\\/\\\/canal7slp.tv\\\/2025\\\/anuncia-secretaria-de-energia-dos-plantas-termosolares-en-baja-california-sur\\\/#breadcrumb\"},\"inLanguage\":\"es\",\"potentialAction\":[{\"@type\":\"ReadAction\",\"target\":[\"https:\\\/\\\/canal7slp.tv\\\/2025\\\/anuncia-secretaria-de-energia-dos-plantas-termosolares-en-baja-california-sur\\\/\"]}]},{\"@type\":\"ImageObject\",\"inLanguage\":\"es\",\"@id\":\"https:\\\/\\\/canal7slp.tv\\\/2025\\\/anuncia-secretaria-de-energia-dos-plantas-termosolares-en-baja-california-sur\\\/#primaryimage\",\"url\":\"https:\\\/\\\/canal7slp.tv\\\/2025\\\/wp-content\\\/uploads\\\/2025\\\/08\\\/termosolares.jpg\",\"contentUrl\":\"https:\\\/\\\/canal7slp.tv\\\/2025\\\/wp-content\\\/uploads\\\/2025\\\/08\\\/termosolares.jpg\",\"width\":1024,\"height\":631},{\"@type\":\"BreadcrumbList\",\"@id\":\"https:\\\/\\\/canal7slp.tv\\\/2025\\\/anuncia-secretaria-de-energia-dos-plantas-termosolares-en-baja-california-sur\\\/#breadcrumb\",\"itemListElement\":[{\"@type\":\"ListItem\",\"position\":1,\"name\":\"Portada\",\"item\":\"https:\\\/\\\/canal7slp.tv\\\/2025\\\/\"},{\"@type\":\"ListItem\",\"position\":2,\"name\":\"Anuncia Secretar\u00eda de Energ\u00eda dos plantas termosolares en Baja California Sur\"}]},{\"@type\":\"WebSite\",\"@id\":\"https:\\\/\\\/canal7slp.tv\\\/2025\\\/#website\",\"url\":\"https:\\\/\\\/canal7slp.tv\\\/2025\\\/\",\"name\":\"N7 - Noticieros Canal 7\",\"description\":\"Somos el Medio\",\"publisher\":{\"@id\":\"https:\\\/\\\/canal7slp.tv\\\/2025\\\/#organization\"},\"potentialAction\":[{\"@type\":\"SearchAction\",\"target\":{\"@type\":\"EntryPoint\",\"urlTemplate\":\"https:\\\/\\\/canal7slp.tv\\\/2025\\\/?s={search_term_string}\"},\"query-input\":{\"@type\":\"PropertyValueSpecification\",\"valueRequired\":true,\"valueName\":\"search_term_string\"}}],\"inLanguage\":\"es\"},{\"@type\":\"Organization\",\"@id\":\"https:\\\/\\\/canal7slp.tv\\\/2025\\\/#organization\",\"name\":\"Noticieros Canal 7\",\"url\":\"https:\\\/\\\/canal7slp.tv\\\/2025\\\/\",\"logo\":{\"@type\":\"ImageObject\",\"inLanguage\":\"es\",\"@id\":\"https:\\\/\\\/canal7slp.tv\\\/2025\\\/#\\\/schema\\\/logo\\\/image\\\/\",\"url\":\"https:\\\/\\\/canal7slp.tv\\\/2025\\\/wp-content\\\/uploads\\\/2021\\\/01\\\/logo-noticieros@2x.png\",\"contentUrl\":\"https:\\\/\\\/canal7slp.tv\\\/2025\\\/wp-content\\\/uploads\\\/2021\\\/01\\\/logo-noticieros@2x.png\",\"width\":1017,\"height\":268,\"caption\":\"Noticieros Canal 7\"},\"image\":{\"@id\":\"https:\\\/\\\/canal7slp.tv\\\/2025\\\/#\\\/schema\\\/logo\\\/image\\\/\"},\"sameAs\":[\"https:\\\/\\\/www.facebook.com\\\/noticieroscanal7atencionciudadana\\\/\",\"https:\\\/\\\/x.com\\\/NOTICIEROS7\",\"https:\\\/\\\/www.instagram.com\\\/canal7_slp\",\"https:\\\/\\\/www.youtube.com\\\/channel\\\/UCliiYs-gP3JfJeqdPrNdd5A\"]},{\"@type\":\"Person\",\"@id\":\"https:\\\/\\\/canal7slp.tv\\\/2025\\\/#\\\/schema\\\/person\\\/1257e7e4a3d5ac29c4732733a887970d\",\"name\":\"admin\",\"image\":{\"@type\":\"ImageObject\",\"inLanguage\":\"es\",\"@id\":\"https:\\\/\\\/secure.gravatar.com\\\/avatar\\\/d1da498ea933582ecc2b5d72a4eac16ec41c3ec04cf2dc9d46e0b557dedfd5ff?s=96&d=mm&r=g\",\"url\":\"https:\\\/\\\/secure.gravatar.com\\\/avatar\\\/d1da498ea933582ecc2b5d72a4eac16ec41c3ec04cf2dc9d46e0b557dedfd5ff?s=96&d=mm&r=g\",\"contentUrl\":\"https:\\\/\\\/secure.gravatar.com\\\/avatar\\\/d1da498ea933582ecc2b5d72a4eac16ec41c3ec04cf2dc9d46e0b557dedfd5ff?s=96&d=mm&r=g\",\"caption\":\"admin\"},\"sameAs\":[\"https:\\\/\\\/canal7slp.tv\\\/2025\"],\"url\":\"https:\\\/\\\/canal7slp.tv\\\/2025\\\/author\\\/bicefalo\\\/\"}]}<\/script>\n<!-- \/ Yoast SEO plugin. -->","yoast_head_json":{"title":"Anuncia Secretar\u00eda de Energ\u00eda dos plantas termosolares en Baja California Sur - Canal 7 SLP - 2025","robots":{"index":"index","follow":"follow","max-snippet":"max-snippet:-1","max-image-preview":"max-image-preview:large","max-video-preview":"max-video-preview:-1"},"canonical":"https:\/\/canal7slp.tv\/2025\/anuncia-secretaria-de-energia-dos-plantas-termosolares-en-baja-california-sur\/","og_locale":"es_ES","og_type":"article","og_title":"Anuncia Secretar\u00eda de Energ\u00eda dos plantas termosolares en Baja California Sur - Canal 7 SLP - 2025","og_description":"La secretaria de Energ\u00eda, Luz Elena Gonz\u00e1lez Escobar, present\u00f3 el proyecto de construcci\u00f3n de las primeras dos centrales termosolares en Baja California Sur. Esto con una inversi\u00f3n aproximada de 800 millones de d\u00f3lares. Las centrales forman parte del Plan de Fortalecimiento y Expansi\u00f3n del Sistema El\u00e9ctrico Nacional 2025-2030. Tienen como objetivo fortalecer el suministro el\u00e9ctrico en Baja California Sur. Generar\u00e1n en sitio m\u00e1s energ\u00eda ante el incremento de demanda en la zona. El proyecto con fuentes renovables de energ\u00eda, contribuye a la soberan\u00eda energ\u00e9tica del pa\u00eds y al cumplimiento de compromisos de mitigaci\u00f3n del cambio clim\u00e1tico. La secretaria de Energ\u00eda [&hellip;]","og_url":"https:\/\/canal7slp.tv\/2025\/anuncia-secretaria-de-energia-dos-plantas-termosolares-en-baja-california-sur\/","og_site_name":"Canal 7 SLP - 2025","article_publisher":"https:\/\/www.facebook.com\/noticieroscanal7atencionciudadana\/","article_published_time":"2025-08-27T04:28:32+00:00","og_image":[{"width":1024,"height":631,"url":"https:\/\/canal7slp.tv\/2025\/wp-content\/uploads\/2025\/08\/termosolares.jpg","type":"image\/jpeg"}],"author":"admin","twitter_card":"summary_large_image","twitter_creator":"@NOTICIEROS7","twitter_site":"@NOTICIEROS7","twitter_misc":{"Escrito por":"admin","Tiempo de lectura":"2 minutos"},"schema":{"@context":"https:\/\/schema.org","@graph":[{"@type":"Article","@id":"https:\/\/canal7slp.tv\/2025\/anuncia-secretaria-de-energia-dos-plantas-termosolares-en-baja-california-sur\/#article","isPartOf":{"@id":"https:\/\/canal7slp.tv\/2025\/anuncia-secretaria-de-energia-dos-plantas-termosolares-en-baja-california-sur\/"},"author":{"name":"admin","@id":"https:\/\/canal7slp.tv\/2025\/#\/schema\/person\/1257e7e4a3d5ac29c4732733a887970d"},"headline":"Anuncia Secretar\u00eda de Energ\u00eda dos plantas termosolares en Baja California Sur","datePublished":"2025-08-27T04:28:32+00:00","mainEntityOfPage":{"@id":"https:\/\/canal7slp.tv\/2025\/anuncia-secretaria-de-energia-dos-plantas-termosolares-en-baja-california-sur\/"},"wordCount":295,"publisher":{"@id":"https:\/\/canal7slp.tv\/2025\/#organization"},"image":{"@id":"https:\/\/canal7slp.tv\/2025\/anuncia-secretaria-de-energia-dos-plantas-termosolares-en-baja-california-sur\/#primaryimage"},"thumbnailUrl":"https:\/\/canal7slp.tv\/2025\/wp-content\/uploads\/2025\/08\/termosolares.jpg","articleSection":["DESTACADAS","NACIONALES"],"inLanguage":"es"},{"@type":"WebPage","@id":"https:\/\/canal7slp.tv\/2025\/anuncia-secretaria-de-energia-dos-plantas-termosolares-en-baja-california-sur\/","url":"https:\/\/canal7slp.tv\/2025\/anuncia-secretaria-de-energia-dos-plantas-termosolares-en-baja-california-sur\/","name":"Anuncia Secretar\u00eda de Energ\u00eda dos plantas termosolares en Baja California Sur - Canal 7 SLP - 2025","isPartOf":{"@id":"https:\/\/canal7slp.tv\/2025\/#website"},"primaryImageOfPage":{"@id":"https:\/\/canal7slp.tv\/2025\/anuncia-secretaria-de-energia-dos-plantas-termosolares-en-baja-california-sur\/#primaryimage"},"image":{"@id":"https:\/\/canal7slp.tv\/2025\/anuncia-secretaria-de-energia-dos-plantas-termosolares-en-baja-california-sur\/#primaryimage"},"thumbnailUrl":"https:\/\/canal7slp.tv\/2025\/wp-content\/uploads\/2025\/08\/termosolares.jpg","datePublished":"2025-08-27T04:28:32+00:00","breadcrumb":{"@id":"https:\/\/canal7slp.tv\/2025\/anuncia-secretaria-de-energia-dos-plantas-termosolares-en-baja-california-sur\/#breadcrumb"},"inLanguage":"es","potentialAction":[{"@type":"ReadAction","target":["https:\/\/canal7slp.tv\/2025\/anuncia-secretaria-de-energia-dos-plantas-termosolares-en-baja-california-sur\/"]}]},{"@type":"ImageObject","inLanguage":"es","@id":"https:\/\/canal7slp.tv\/2025\/anuncia-secretaria-de-energia-dos-plantas-termosolares-en-baja-california-sur\/#primaryimage","url":"https:\/\/canal7slp.tv\/2025\/wp-content\/uploads\/2025\/08\/termosolares.jpg","contentUrl":"https:\/\/canal7slp.tv\/2025\/wp-content\/uploads\/2025\/08\/termosolares.jpg","width":1024,"height":631},{"@type":"BreadcrumbList","@id":"https:\/\/canal7slp.tv\/2025\/anuncia-secretaria-de-energia-dos-plantas-termosolares-en-baja-california-sur\/#breadcrumb","itemListElement":[{"@type":"ListItem","position":1,"name":"Portada","item":"https:\/\/canal7slp.tv\/2025\/"},{"@type":"ListItem","position":2,"name":"Anuncia Secretar\u00eda de Energ\u00eda dos plantas termosolares en Baja California Sur"}]},{"@type":"WebSite","@id":"https:\/\/canal7slp.tv\/2025\/#website","url":"https:\/\/canal7slp.tv\/2025\/","name":"N7 - Noticieros Canal 7","description":"Somos el Medio","publisher":{"@id":"https:\/\/canal7slp.tv\/2025\/#organization"},"potentialAction":[{"@type":"SearchAction","target":{"@type":"EntryPoint","urlTemplate":"https:\/\/canal7slp.tv\/2025\/?s={search_term_string}"},"query-input":{"@type":"PropertyValueSpecification","valueRequired":true,"valueName":"search_term_string"}}],"inLanguage":"es"},{"@type":"Organization","@id":"https:\/\/canal7slp.tv\/2025\/#organization","name":"Noticieros Canal 7","url":"https:\/\/canal7slp.tv\/2025\/","logo":{"@type":"ImageObject","inLanguage":"es","@id":"https:\/\/canal7slp.tv\/2025\/#\/schema\/logo\/image\/","url":"https:\/\/canal7slp.tv\/2025\/wp-content\/uploads\/2021\/01\/logo-noticieros@2x.png","contentUrl":"https:\/\/canal7slp.tv\/2025\/wp-content\/uploads\/2021\/01\/logo-noticieros@2x.png","width":1017,"height":268,"caption":"Noticieros Canal 7"},"image":{"@id":"https:\/\/canal7slp.tv\/2025\/#\/schema\/logo\/image\/"},"sameAs":["https:\/\/www.facebook.com\/noticieroscanal7atencionciudadana\/","https:\/\/x.com\/NOTICIEROS7","https:\/\/www.instagram.com\/canal7_slp","https:\/\/www.youtube.com\/channel\/UCliiYs-gP3JfJeqdPrNdd5A"]},{"@type":"Person","@id":"https:\/\/canal7slp.tv\/2025\/#\/schema\/person\/1257e7e4a3d5ac29c4732733a887970d","name":"admin","image":{"@type":"ImageObject","inLanguage":"es","@id":"https:\/\/secure.gravatar.com\/avatar\/d1da498ea933582ecc2b5d72a4eac16ec41c3ec04cf2dc9d46e0b557dedfd5ff?s=96&d=mm&r=g","url":"https:\/\/secure.gravatar.com\/avatar\/d1da498ea933582ecc2b5d72a4eac16ec41c3ec04cf2dc9d46e0b557dedfd5ff?s=96&d=mm&r=g","contentUrl":"https:\/\/secure.gravatar.com\/avatar\/d1da498ea933582ecc2b5d72a4eac16ec41c3ec04cf2dc9d46e0b557dedfd5ff?s=96&d=mm&r=g","caption":"admin"},"sameAs":["https:\/\/canal7slp.tv\/2025"],"url":"https:\/\/canal7slp.tv\/2025\/author\/bicefalo\/"}]}},"_links":{"self":[{"href":"https:\/\/canal7slp.tv\/2025\/wp-json\/wp\/v2\/posts\/177746","targetHints":{"allow":["GET"]}}],"collection":[{"href":"https:\/\/canal7slp.tv\/2025\/wp-json\/wp\/v2\/posts"}],"about":[{"href":"https:\/\/canal7slp.tv\/2025\/wp-json\/wp\/v2\/types\/post"}],"author":[{"embeddable":true,"href":"https:\/\/canal7slp.tv\/2025\/wp-json\/wp\/v2\/users\/1"}],"replies":[{"embeddable":true,"href":"https:\/\/canal7slp.tv\/2025\/wp-json\/wp\/v2\/comments?post=177746"}],"version-history":[{"count":1,"href":"https:\/\/canal7slp.tv\/2025\/wp-json\/wp\/v2\/posts\/177746\/revisions"}],"predecessor-version":[{"id":177748,"href":"https:\/\/canal7slp.tv\/2025\/wp-json\/wp\/v2\/posts\/177746\/revisions\/177748"}],"wp:featuredmedia":[{"embeddable":true,"href":"https:\/\/canal7slp.tv\/2025\/wp-json\/wp\/v2\/media\/177747"}],"wp:attachment":[{"href":"https:\/\/canal7slp.tv\/2025\/wp-json\/wp\/v2\/media?parent=177746"}],"wp:term":[{"taxonomy":"category","embeddable":true,"href":"https:\/\/canal7slp.tv\/2025\/wp-json\/wp\/v2\/categories?post=177746"},{"taxonomy":"post_tag","embeddable":true,"href":"https:\/\/canal7slp.tv\/2025\/wp-json\/wp\/v2\/tags?post=177746"}],"curies":[{"name":"wp","href":"https:\/\/api.w.org\/{rel}","templated":true}]}}