{"id":177739,"date":"2025-08-26T20:07:52","date_gmt":"2025-08-27T02:07:52","guid":{"rendered":"https:\/\/canal7slp.tv\/2025\/?p=177739"},"modified":"2025-08-26T20:07:52","modified_gmt":"2025-08-27T02:07:52","slug":"entregan-autoridades-soledenses-mas-de-50-aparatos-auditivos-a-usuarios-de-las-ubr","status":"publish","type":"post","link":"https:\/\/canal7slp.tv\/2025\/entregan-autoridades-soledenses-mas-de-50-aparatos-auditivos-a-usuarios-de-las-ubr\/","title":{"rendered":"Entregan autoridades soledenses m\u00e1s de 50 aparatos auditivos a usuarios de las UBR"},"content":{"rendered":"<p style=\"text-align: justify;\">El alcalde de Soledad de Graciano S\u00e1nchez, Juan Manuel Navarro Mu\u00f1iz, encabez\u00f3 la entrega de aparatos auditivos a personas atendidas en las Unidades B\u00e1sicas de Rehabilitaci\u00f3n (UBR), con el respaldo del Sistema Municipal DIF.<\/p>\n<p style=\"text-align: justify;\">\u201cSon cientos de usuarios los que vienen a la UBR, a la uno y a la dos, y que ha sido fundamental ese trabajo para nosotros desde el DIF y hoy ser\u00e1 un paso m\u00e1s en la b\u00fasqueda del bienestar digno de m\u00e1s de 50 personas que reciben estos aparatos auditivos\u201d, se\u00f1al\u00f3.<\/p>\n<p style=\"text-align: justify;\">Destac\u00f3 que este tipo de apoyos representan un cambio significativo en la vida de los beneficiarios.<\/p>\n<p style=\"text-align: justify;\">\u201cCambia la vida, la verdad transforma, dec\u00eda una beneficiaria: no te a\u00edslas de la pl\u00e1tica, est\u00e1s escuchando lo que est\u00e1n diciendo, entonces, hoy esas acciones enorgullecen a nuestro municipio, de tener empresas y tener un DIF bastante responsable\u201d, expres\u00f3.<\/p>\n<p style=\"text-align: justify;\">Navarro Mu\u00f1iz reconoci\u00f3 que las UBR han tenido un crecimiento constante, ofreciendo atenci\u00f3n a diferentes sectores de la poblaci\u00f3n.<\/p>\n<p style=\"text-align: justify;\">\u201cHoy vemos c\u00f3mo esta UBR ha crecido y se ha ampliado con servicios b\u00e1sicos especializados en beneficio de ni\u00f1os, ni\u00f1as, j\u00f3venes y adultos que reciben terapias m\u00faltiples para su desarrollo\u201d, reiter\u00f3.<\/p>\n<p style=\"text-align: justify;\">Finalmente, coment\u00f3 que el compromiso de su administraci\u00f3n es el de mantener pol\u00edticas p\u00fablicas enfocadas en la inclusi\u00f3n y el apoyo social con apoyo de la iniciativa privada.<\/p>\n<p style=\"text-align: justify;\">\u201cPor eso reitero desde este ayuntamiento la aplicaci\u00f3n de pol\u00edticas p\u00fablicas sociales para no parar los programas de ayuda, para poder seguir beneficiando m\u00e1s gente, y aqu\u00ed en Soledad a todas las empresas lo hemos dicho desde el inicio de este gobierno, que quieran venir a Soledad tienen las condiciones para invertir, para instalarse y sigamos trabajando por un Soledad m\u00e1s productivo\u201d, concluy\u00f3.<\/p>\n","protected":false},"excerpt":{"rendered":"<p>El alcalde de Soledad de Graciano S\u00e1nchez, Juan Manuel Navarro Mu\u00f1iz, encabez\u00f3 la entrega de aparatos auditivos a personas atendidas en las Unidades B\u00e1sicas de Rehabilitaci\u00f3n (UBR), con el respaldo del Sistema Municipal DIF. \u201cSon cientos de usuarios los que vienen a la UBR, a la uno y a la dos, y que ha sido fundamental ese trabajo para nosotros desde el DIF y hoy ser\u00e1 un paso m\u00e1s en la b\u00fasqueda del bienestar digno de m\u00e1s de 50 personas que reciben estos aparatos auditivos\u201d, se\u00f1al\u00f3. Destac\u00f3 que este tipo de apoyos representan un cambio significativo en la vida de [&hellip;]<\/p>\n","protected":false},"author":1,"featured_media":177740,"comment_status":"closed","ping_status":"closed","sticky":false,"template":"","format":"video","meta":{"_monsterinsights_skip_tracking":false,"_monsterinsights_sitenote_active":false,"_monsterinsights_sitenote_note":"","_monsterinsights_sitenote_category":0,"footnotes":""},"categories":[5,45],"tags":[],"class_list":["post-177739","post","type-post","status-publish","format-video","has-post-thumbnail","hentry","category-destacadas","category-localesyregionales","post_format-post-format-video","post--single"],"yoast_head":"<!-- This site is optimized with the Yoast SEO plugin v27.5 - https:\/\/yoast.com\/product\/yoast-seo-wordpress\/ -->\n<title>Entregan autoridades soledenses m\u00e1s de 50 aparatos auditivos a usuarios de las UBR - Canal 7 SLP - 2025<\/title>\n<meta name=\"robots\" content=\"index, follow, max-snippet:-1, max-image-preview:large, max-video-preview:-1\" \/>\n<link rel=\"canonical\" href=\"https:\/\/canal7slp.tv\/2025\/entregan-autoridades-soledenses-mas-de-50-aparatos-auditivos-a-usuarios-de-las-ubr\/\" \/>\n<meta property=\"og:locale\" content=\"es_ES\" \/>\n<meta property=\"og:type\" content=\"article\" \/>\n<meta property=\"og:title\" content=\"Entregan autoridades soledenses m\u00e1s de 50 aparatos auditivos a usuarios de las UBR - Canal 7 SLP - 2025\" \/>\n<meta property=\"og:description\" content=\"El alcalde de Soledad de Graciano S\u00e1nchez, Juan Manuel Navarro Mu\u00f1iz, encabez\u00f3 la entrega de aparatos auditivos a personas atendidas en las Unidades B\u00e1sicas de Rehabilitaci\u00f3n (UBR), con el respaldo del Sistema Municipal DIF. \u201cSon cientos de usuarios los que vienen a la UBR, a la uno y a la dos, y que ha sido fundamental ese trabajo para nosotros desde el DIF y hoy ser\u00e1 un paso m\u00e1s en la b\u00fasqueda del bienestar digno de m\u00e1s de 50 personas que reciben estos aparatos auditivos\u201d, se\u00f1al\u00f3. Destac\u00f3 que este tipo de apoyos representan un cambio significativo en la vida de [&hellip;]\" \/>\n<meta property=\"og:url\" content=\"https:\/\/canal7slp.tv\/2025\/entregan-autoridades-soledenses-mas-de-50-aparatos-auditivos-a-usuarios-de-las-ubr\/\" \/>\n<meta property=\"og:site_name\" content=\"Canal 7 SLP - 2025\" \/>\n<meta property=\"article:publisher\" content=\"https:\/\/www.facebook.com\/noticieroscanal7atencionciudadana\/\" \/>\n<meta property=\"article:published_time\" content=\"2025-08-27T02:07:52+00:00\" \/>\n<meta property=\"og:image\" content=\"https:\/\/canal7slp.tv\/2025\/wp-content\/uploads\/2025\/08\/260825-806.jpg\" \/>\n\t<meta property=\"og:image:width\" content=\"1095\" \/>\n\t<meta property=\"og:image:height\" content=\"653\" \/>\n\t<meta property=\"og:image:type\" content=\"image\/jpeg\" \/>\n<meta name=\"author\" content=\"admin\" \/>\n<meta name=\"twitter:card\" content=\"summary_large_image\" \/>\n<meta name=\"twitter:creator\" content=\"@NOTICIEROS7\" \/>\n<meta name=\"twitter:site\" content=\"@NOTICIEROS7\" \/>\n<meta name=\"twitter:label1\" content=\"Escrito por\" \/>\n\t<meta name=\"twitter:data1\" content=\"admin\" \/>\n\t<meta name=\"twitter:label2\" content=\"Tiempo de lectura\" \/>\n\t<meta name=\"twitter:data2\" content=\"2 minutos\" \/>\n<script type=\"application\/ld+json\" class=\"yoast-schema-graph\">{\"@context\":\"https:\\\/\\\/schema.org\",\"@graph\":[{\"@type\":\"Article\",\"@id\":\"https:\\\/\\\/canal7slp.tv\\\/2025\\\/entregan-autoridades-soledenses-mas-de-50-aparatos-auditivos-a-usuarios-de-las-ubr\\\/#article\",\"isPartOf\":{\"@id\":\"https:\\\/\\\/canal7slp.tv\\\/2025\\\/entregan-autoridades-soledenses-mas-de-50-aparatos-auditivos-a-usuarios-de-las-ubr\\\/\"},\"author\":{\"name\":\"admin\",\"@id\":\"https:\\\/\\\/canal7slp.tv\\\/2025\\\/#\\\/schema\\\/person\\\/1257e7e4a3d5ac29c4732733a887970d\"},\"headline\":\"Entregan autoridades soledenses m\u00e1s de 50 aparatos auditivos a usuarios de las UBR\",\"datePublished\":\"2025-08-27T02:07:52+00:00\",\"mainEntityOfPage\":{\"@id\":\"https:\\\/\\\/canal7slp.tv\\\/2025\\\/entregan-autoridades-soledenses-mas-de-50-aparatos-auditivos-a-usuarios-de-las-ubr\\\/\"},\"wordCount\":325,\"publisher\":{\"@id\":\"https:\\\/\\\/canal7slp.tv\\\/2025\\\/#organization\"},\"image\":{\"@id\":\"https:\\\/\\\/canal7slp.tv\\\/2025\\\/entregan-autoridades-soledenses-mas-de-50-aparatos-auditivos-a-usuarios-de-las-ubr\\\/#primaryimage\"},\"thumbnailUrl\":\"https:\\\/\\\/canal7slp.tv\\\/2025\\\/wp-content\\\/uploads\\\/2025\\\/08\\\/260825-806.jpg\",\"articleSection\":[\"DESTACADAS\",\"LOCALES Y REGIONALES\"],\"inLanguage\":\"es\"},{\"@type\":\"WebPage\",\"@id\":\"https:\\\/\\\/canal7slp.tv\\\/2025\\\/entregan-autoridades-soledenses-mas-de-50-aparatos-auditivos-a-usuarios-de-las-ubr\\\/\",\"url\":\"https:\\\/\\\/canal7slp.tv\\\/2025\\\/entregan-autoridades-soledenses-mas-de-50-aparatos-auditivos-a-usuarios-de-las-ubr\\\/\",\"name\":\"Entregan autoridades soledenses m\u00e1s de 50 aparatos auditivos a usuarios de las UBR - Canal 7 SLP - 2025\",\"isPartOf\":{\"@id\":\"https:\\\/\\\/canal7slp.tv\\\/2025\\\/#website\"},\"primaryImageOfPage\":{\"@id\":\"https:\\\/\\\/canal7slp.tv\\\/2025\\\/entregan-autoridades-soledenses-mas-de-50-aparatos-auditivos-a-usuarios-de-las-ubr\\\/#primaryimage\"},\"image\":{\"@id\":\"https:\\\/\\\/canal7slp.tv\\\/2025\\\/entregan-autoridades-soledenses-mas-de-50-aparatos-auditivos-a-usuarios-de-las-ubr\\\/#primaryimage\"},\"thumbnailUrl\":\"https:\\\/\\\/canal7slp.tv\\\/2025\\\/wp-content\\\/uploads\\\/2025\\\/08\\\/260825-806.jpg\",\"datePublished\":\"2025-08-27T02:07:52+00:00\",\"breadcrumb\":{\"@id\":\"https:\\\/\\\/canal7slp.tv\\\/2025\\\/entregan-autoridades-soledenses-mas-de-50-aparatos-auditivos-a-usuarios-de-las-ubr\\\/#breadcrumb\"},\"inLanguage\":\"es\",\"potentialAction\":[{\"@type\":\"ReadAction\",\"target\":[\"https:\\\/\\\/canal7slp.tv\\\/2025\\\/entregan-autoridades-soledenses-mas-de-50-aparatos-auditivos-a-usuarios-de-las-ubr\\\/\"]}]},{\"@type\":\"ImageObject\",\"inLanguage\":\"es\",\"@id\":\"https:\\\/\\\/canal7slp.tv\\\/2025\\\/entregan-autoridades-soledenses-mas-de-50-aparatos-auditivos-a-usuarios-de-las-ubr\\\/#primaryimage\",\"url\":\"https:\\\/\\\/canal7slp.tv\\\/2025\\\/wp-content\\\/uploads\\\/2025\\\/08\\\/260825-806.jpg\",\"contentUrl\":\"https:\\\/\\\/canal7slp.tv\\\/2025\\\/wp-content\\\/uploads\\\/2025\\\/08\\\/260825-806.jpg\",\"width\":1095,\"height\":653},{\"@type\":\"BreadcrumbList\",\"@id\":\"https:\\\/\\\/canal7slp.tv\\\/2025\\\/entregan-autoridades-soledenses-mas-de-50-aparatos-auditivos-a-usuarios-de-las-ubr\\\/#breadcrumb\",\"itemListElement\":[{\"@type\":\"ListItem\",\"position\":1,\"name\":\"Portada\",\"item\":\"https:\\\/\\\/canal7slp.tv\\\/2025\\\/\"},{\"@type\":\"ListItem\",\"position\":2,\"name\":\"Entregan autoridades soledenses m\u00e1s de 50 aparatos auditivos a usuarios de las UBR\"}]},{\"@type\":\"WebSite\",\"@id\":\"https:\\\/\\\/canal7slp.tv\\\/2025\\\/#website\",\"url\":\"https:\\\/\\\/canal7slp.tv\\\/2025\\\/\",\"name\":\"N7 - Noticieros Canal 7\",\"description\":\"Somos el Medio\",\"publisher\":{\"@id\":\"https:\\\/\\\/canal7slp.tv\\\/2025\\\/#organization\"},\"potentialAction\":[{\"@type\":\"SearchAction\",\"target\":{\"@type\":\"EntryPoint\",\"urlTemplate\":\"https:\\\/\\\/canal7slp.tv\\\/2025\\\/?s={search_term_string}\"},\"query-input\":{\"@type\":\"PropertyValueSpecification\",\"valueRequired\":true,\"valueName\":\"search_term_string\"}}],\"inLanguage\":\"es\"},{\"@type\":\"Organization\",\"@id\":\"https:\\\/\\\/canal7slp.tv\\\/2025\\\/#organization\",\"name\":\"Noticieros Canal 7\",\"url\":\"https:\\\/\\\/canal7slp.tv\\\/2025\\\/\",\"logo\":{\"@type\":\"ImageObject\",\"inLanguage\":\"es\",\"@id\":\"https:\\\/\\\/canal7slp.tv\\\/2025\\\/#\\\/schema\\\/logo\\\/image\\\/\",\"url\":\"https:\\\/\\\/canal7slp.tv\\\/2025\\\/wp-content\\\/uploads\\\/2021\\\/01\\\/logo-noticieros@2x.png\",\"contentUrl\":\"https:\\\/\\\/canal7slp.tv\\\/2025\\\/wp-content\\\/uploads\\\/2021\\\/01\\\/logo-noticieros@2x.png\",\"width\":1017,\"height\":268,\"caption\":\"Noticieros Canal 7\"},\"image\":{\"@id\":\"https:\\\/\\\/canal7slp.tv\\\/2025\\\/#\\\/schema\\\/logo\\\/image\\\/\"},\"sameAs\":[\"https:\\\/\\\/www.facebook.com\\\/noticieroscanal7atencionciudadana\\\/\",\"https:\\\/\\\/x.com\\\/NOTICIEROS7\",\"https:\\\/\\\/www.instagram.com\\\/canal7_slp\",\"https:\\\/\\\/www.youtube.com\\\/channel\\\/UCliiYs-gP3JfJeqdPrNdd5A\"]},{\"@type\":\"Person\",\"@id\":\"https:\\\/\\\/canal7slp.tv\\\/2025\\\/#\\\/schema\\\/person\\\/1257e7e4a3d5ac29c4732733a887970d\",\"name\":\"admin\",\"image\":{\"@type\":\"ImageObject\",\"inLanguage\":\"es\",\"@id\":\"https:\\\/\\\/secure.gravatar.com\\\/avatar\\\/d1da498ea933582ecc2b5d72a4eac16ec41c3ec04cf2dc9d46e0b557dedfd5ff?s=96&d=mm&r=g\",\"url\":\"https:\\\/\\\/secure.gravatar.com\\\/avatar\\\/d1da498ea933582ecc2b5d72a4eac16ec41c3ec04cf2dc9d46e0b557dedfd5ff?s=96&d=mm&r=g\",\"contentUrl\":\"https:\\\/\\\/secure.gravatar.com\\\/avatar\\\/d1da498ea933582ecc2b5d72a4eac16ec41c3ec04cf2dc9d46e0b557dedfd5ff?s=96&d=mm&r=g\",\"caption\":\"admin\"},\"sameAs\":[\"https:\\\/\\\/canal7slp.tv\\\/2025\"],\"url\":\"https:\\\/\\\/canal7slp.tv\\\/2025\\\/author\\\/bicefalo\\\/\"}]}<\/script>\n<!-- \/ Yoast SEO plugin. -->","yoast_head_json":{"title":"Entregan autoridades soledenses m\u00e1s de 50 aparatos auditivos a usuarios de las UBR - Canal 7 SLP - 2025","robots":{"index":"index","follow":"follow","max-snippet":"max-snippet:-1","max-image-preview":"max-image-preview:large","max-video-preview":"max-video-preview:-1"},"canonical":"https:\/\/canal7slp.tv\/2025\/entregan-autoridades-soledenses-mas-de-50-aparatos-auditivos-a-usuarios-de-las-ubr\/","og_locale":"es_ES","og_type":"article","og_title":"Entregan autoridades soledenses m\u00e1s de 50 aparatos auditivos a usuarios de las UBR - Canal 7 SLP - 2025","og_description":"El alcalde de Soledad de Graciano S\u00e1nchez, Juan Manuel Navarro Mu\u00f1iz, encabez\u00f3 la entrega de aparatos auditivos a personas atendidas en las Unidades B\u00e1sicas de Rehabilitaci\u00f3n (UBR), con el respaldo del Sistema Municipal DIF. \u201cSon cientos de usuarios los que vienen a la UBR, a la uno y a la dos, y que ha sido fundamental ese trabajo para nosotros desde el DIF y hoy ser\u00e1 un paso m\u00e1s en la b\u00fasqueda del bienestar digno de m\u00e1s de 50 personas que reciben estos aparatos auditivos\u201d, se\u00f1al\u00f3. Destac\u00f3 que este tipo de apoyos representan un cambio significativo en la vida de [&hellip;]","og_url":"https:\/\/canal7slp.tv\/2025\/entregan-autoridades-soledenses-mas-de-50-aparatos-auditivos-a-usuarios-de-las-ubr\/","og_site_name":"Canal 7 SLP - 2025","article_publisher":"https:\/\/www.facebook.com\/noticieroscanal7atencionciudadana\/","article_published_time":"2025-08-27T02:07:52+00:00","og_image":[{"width":1095,"height":653,"url":"https:\/\/canal7slp.tv\/2025\/wp-content\/uploads\/2025\/08\/260825-806.jpg","type":"image\/jpeg"}],"author":"admin","twitter_card":"summary_large_image","twitter_creator":"@NOTICIEROS7","twitter_site":"@NOTICIEROS7","twitter_misc":{"Escrito por":"admin","Tiempo de lectura":"2 minutos"},"schema":{"@context":"https:\/\/schema.org","@graph":[{"@type":"Article","@id":"https:\/\/canal7slp.tv\/2025\/entregan-autoridades-soledenses-mas-de-50-aparatos-auditivos-a-usuarios-de-las-ubr\/#article","isPartOf":{"@id":"https:\/\/canal7slp.tv\/2025\/entregan-autoridades-soledenses-mas-de-50-aparatos-auditivos-a-usuarios-de-las-ubr\/"},"author":{"name":"admin","@id":"https:\/\/canal7slp.tv\/2025\/#\/schema\/person\/1257e7e4a3d5ac29c4732733a887970d"},"headline":"Entregan autoridades soledenses m\u00e1s de 50 aparatos auditivos a usuarios de las UBR","datePublished":"2025-08-27T02:07:52+00:00","mainEntityOfPage":{"@id":"https:\/\/canal7slp.tv\/2025\/entregan-autoridades-soledenses-mas-de-50-aparatos-auditivos-a-usuarios-de-las-ubr\/"},"wordCount":325,"publisher":{"@id":"https:\/\/canal7slp.tv\/2025\/#organization"},"image":{"@id":"https:\/\/canal7slp.tv\/2025\/entregan-autoridades-soledenses-mas-de-50-aparatos-auditivos-a-usuarios-de-las-ubr\/#primaryimage"},"thumbnailUrl":"https:\/\/canal7slp.tv\/2025\/wp-content\/uploads\/2025\/08\/260825-806.jpg","articleSection":["DESTACADAS","LOCALES Y REGIONALES"],"inLanguage":"es"},{"@type":"WebPage","@id":"https:\/\/canal7slp.tv\/2025\/entregan-autoridades-soledenses-mas-de-50-aparatos-auditivos-a-usuarios-de-las-ubr\/","url":"https:\/\/canal7slp.tv\/2025\/entregan-autoridades-soledenses-mas-de-50-aparatos-auditivos-a-usuarios-de-las-ubr\/","name":"Entregan autoridades soledenses m\u00e1s de 50 aparatos auditivos a usuarios de las UBR - Canal 7 SLP - 2025","isPartOf":{"@id":"https:\/\/canal7slp.tv\/2025\/#website"},"primaryImageOfPage":{"@id":"https:\/\/canal7slp.tv\/2025\/entregan-autoridades-soledenses-mas-de-50-aparatos-auditivos-a-usuarios-de-las-ubr\/#primaryimage"},"image":{"@id":"https:\/\/canal7slp.tv\/2025\/entregan-autoridades-soledenses-mas-de-50-aparatos-auditivos-a-usuarios-de-las-ubr\/#primaryimage"},"thumbnailUrl":"https:\/\/canal7slp.tv\/2025\/wp-content\/uploads\/2025\/08\/260825-806.jpg","datePublished":"2025-08-27T02:07:52+00:00","breadcrumb":{"@id":"https:\/\/canal7slp.tv\/2025\/entregan-autoridades-soledenses-mas-de-50-aparatos-auditivos-a-usuarios-de-las-ubr\/#breadcrumb"},"inLanguage":"es","potentialAction":[{"@type":"ReadAction","target":["https:\/\/canal7slp.tv\/2025\/entregan-autoridades-soledenses-mas-de-50-aparatos-auditivos-a-usuarios-de-las-ubr\/"]}]},{"@type":"ImageObject","inLanguage":"es","@id":"https:\/\/canal7slp.tv\/2025\/entregan-autoridades-soledenses-mas-de-50-aparatos-auditivos-a-usuarios-de-las-ubr\/#primaryimage","url":"https:\/\/canal7slp.tv\/2025\/wp-content\/uploads\/2025\/08\/260825-806.jpg","contentUrl":"https:\/\/canal7slp.tv\/2025\/wp-content\/uploads\/2025\/08\/260825-806.jpg","width":1095,"height":653},{"@type":"BreadcrumbList","@id":"https:\/\/canal7slp.tv\/2025\/entregan-autoridades-soledenses-mas-de-50-aparatos-auditivos-a-usuarios-de-las-ubr\/#breadcrumb","itemListElement":[{"@type":"ListItem","position":1,"name":"Portada","item":"https:\/\/canal7slp.tv\/2025\/"},{"@type":"ListItem","position":2,"name":"Entregan autoridades soledenses m\u00e1s de 50 aparatos auditivos a usuarios de las UBR"}]},{"@type":"WebSite","@id":"https:\/\/canal7slp.tv\/2025\/#website","url":"https:\/\/canal7slp.tv\/2025\/","name":"N7 - Noticieros Canal 7","description":"Somos el Medio","publisher":{"@id":"https:\/\/canal7slp.tv\/2025\/#organization"},"potentialAction":[{"@type":"SearchAction","target":{"@type":"EntryPoint","urlTemplate":"https:\/\/canal7slp.tv\/2025\/?s={search_term_string}"},"query-input":{"@type":"PropertyValueSpecification","valueRequired":true,"valueName":"search_term_string"}}],"inLanguage":"es"},{"@type":"Organization","@id":"https:\/\/canal7slp.tv\/2025\/#organization","name":"Noticieros Canal 7","url":"https:\/\/canal7slp.tv\/2025\/","logo":{"@type":"ImageObject","inLanguage":"es","@id":"https:\/\/canal7slp.tv\/2025\/#\/schema\/logo\/image\/","url":"https:\/\/canal7slp.tv\/2025\/wp-content\/uploads\/2021\/01\/logo-noticieros@2x.png","contentUrl":"https:\/\/canal7slp.tv\/2025\/wp-content\/uploads\/2021\/01\/logo-noticieros@2x.png","width":1017,"height":268,"caption":"Noticieros Canal 7"},"image":{"@id":"https:\/\/canal7slp.tv\/2025\/#\/schema\/logo\/image\/"},"sameAs":["https:\/\/www.facebook.com\/noticieroscanal7atencionciudadana\/","https:\/\/x.com\/NOTICIEROS7","https:\/\/www.instagram.com\/canal7_slp","https:\/\/www.youtube.com\/channel\/UCliiYs-gP3JfJeqdPrNdd5A"]},{"@type":"Person","@id":"https:\/\/canal7slp.tv\/2025\/#\/schema\/person\/1257e7e4a3d5ac29c4732733a887970d","name":"admin","image":{"@type":"ImageObject","inLanguage":"es","@id":"https:\/\/secure.gravatar.com\/avatar\/d1da498ea933582ecc2b5d72a4eac16ec41c3ec04cf2dc9d46e0b557dedfd5ff?s=96&d=mm&r=g","url":"https:\/\/secure.gravatar.com\/avatar\/d1da498ea933582ecc2b5d72a4eac16ec41c3ec04cf2dc9d46e0b557dedfd5ff?s=96&d=mm&r=g","contentUrl":"https:\/\/secure.gravatar.com\/avatar\/d1da498ea933582ecc2b5d72a4eac16ec41c3ec04cf2dc9d46e0b557dedfd5ff?s=96&d=mm&r=g","caption":"admin"},"sameAs":["https:\/\/canal7slp.tv\/2025"],"url":"https:\/\/canal7slp.tv\/2025\/author\/bicefalo\/"}]}},"_links":{"self":[{"href":"https:\/\/canal7slp.tv\/2025\/wp-json\/wp\/v2\/posts\/177739","targetHints":{"allow":["GET"]}}],"collection":[{"href":"https:\/\/canal7slp.tv\/2025\/wp-json\/wp\/v2\/posts"}],"about":[{"href":"https:\/\/canal7slp.tv\/2025\/wp-json\/wp\/v2\/types\/post"}],"author":[{"embeddable":true,"href":"https:\/\/canal7slp.tv\/2025\/wp-json\/wp\/v2\/users\/1"}],"replies":[{"embeddable":true,"href":"https:\/\/canal7slp.tv\/2025\/wp-json\/wp\/v2\/comments?post=177739"}],"version-history":[{"count":1,"href":"https:\/\/canal7slp.tv\/2025\/wp-json\/wp\/v2\/posts\/177739\/revisions"}],"predecessor-version":[{"id":177741,"href":"https:\/\/canal7slp.tv\/2025\/wp-json\/wp\/v2\/posts\/177739\/revisions\/177741"}],"wp:featuredmedia":[{"embeddable":true,"href":"https:\/\/canal7slp.tv\/2025\/wp-json\/wp\/v2\/media\/177740"}],"wp:attachment":[{"href":"https:\/\/canal7slp.tv\/2025\/wp-json\/wp\/v2\/media?parent=177739"}],"wp:term":[{"taxonomy":"category","embeddable":true,"href":"https:\/\/canal7slp.tv\/2025\/wp-json\/wp\/v2\/categories?post=177739"},{"taxonomy":"post_tag","embeddable":true,"href":"https:\/\/canal7slp.tv\/2025\/wp-json\/wp\/v2\/tags?post=177739"}],"curies":[{"name":"wp","href":"https:\/\/api.w.org\/{rel}","templated":true}]}}