{"id":177685,"date":"2025-08-26T14:13:18","date_gmt":"2025-08-26T20:13:18","guid":{"rendered":"https:\/\/canal7slp.tv\/2025\/?p=177685"},"modified":"2025-08-26T14:13:18","modified_gmt":"2025-08-26T20:13:18","slug":"el-peor-verano-de-morena-crisis-de-imagen-politica","status":"publish","type":"post","link":"https:\/\/canal7slp.tv\/2025\/el-peor-verano-de-morena-crisis-de-imagen-politica\/","title":{"rendered":"El peor verano de Morena: crisis de imagen pol\u00edtica"},"content":{"rendered":"<p style=\"text-align: justify;\" data-start=\"234\" data-end=\"717\">El partido gobernante, Morena, enfrenta lo que analistas denominan su \u201cpeor verano\u201d. Diversos esc\u00e1ndalos han golpeado su credibilidad, desde viajes ostentosos de figuras cercanas a la presidencia, como Andr\u00e9s L\u00f3pez Beltr\u00e1n en Jap\u00f3n, hasta acusaciones de corrupci\u00f3n y represi\u00f3n interna. Esta serie de episodios contrasta con el discurso de austeridad y transformaci\u00f3n que catapult\u00f3 al movimiento al poder en 2018, debilitando la narrativa de cercan\u00eda con el pueblo que tanto enarbola.<\/p>\n<p style=\"text-align: justify;\" data-start=\"719\" data-end=\"1191\">La presidenta Claudia Sheinbaum ha intervenido en repetidas ocasiones para contener el da\u00f1o, reiterando el compromiso del partido con los principios de honestidad y justicia social. Sin embargo, en redes sociales y foros de opini\u00f3n, crece la percepci\u00f3n de un divorcio entre lo que se promete y lo que se practica. El desaf\u00edo no es menor: mantener la cohesi\u00f3n de un movimiento diverso, cumplir con expectativas ciudadanas y evitar que la oposici\u00f3n capitalice este desgaste.<\/p>\n<p style=\"text-align: justify;\" data-start=\"1193\" data-end=\"1546\">\u00bfEstamos ante un desgaste natural de cualquier gobierno en el poder o frente a un cambio profundo en la relaci\u00f3n entre ciudadan\u00eda y pol\u00edtica? La respuesta podr\u00eda definir no solo el rumbo de Morena, sino la confianza en las instituciones democr\u00e1ticas del pa\u00eds. \u00bfUsted qu\u00e9 piensa? \u00bfSe trata de errores aislados o de un patr\u00f3n que exige un replanteamiento?<\/p>\n","protected":false},"excerpt":{"rendered":"<p>El partido gobernante, Morena, enfrenta lo que analistas denominan su \u201cpeor verano\u201d. Diversos esc\u00e1ndalos han golpeado su credibilidad, desde viajes ostentosos de figuras cercanas a la presidencia, como Andr\u00e9s L\u00f3pez Beltr\u00e1n en Jap\u00f3n, hasta acusaciones de corrupci\u00f3n y represi\u00f3n interna. Esta serie de episodios contrasta con el discurso de austeridad y transformaci\u00f3n que catapult\u00f3 al movimiento al poder en 2018, debilitando la narrativa de cercan\u00eda con el pueblo que tanto enarbola. La presidenta Claudia Sheinbaum ha intervenido en repetidas ocasiones para contener el da\u00f1o, reiterando el compromiso del partido con los principios de honestidad y justicia social. Sin embargo, en [&hellip;]<\/p>\n","protected":false},"author":1,"featured_media":177686,"comment_status":"closed","ping_status":"closed","sticky":false,"template":"","format":"standard","meta":{"_monsterinsights_skip_tracking":false,"_monsterinsights_sitenote_active":false,"_monsterinsights_sitenote_note":"","_monsterinsights_sitenote_category":0,"footnotes":""},"categories":[5,46],"tags":[],"class_list":["post-177685","post","type-post","status-publish","format-standard","has-post-thumbnail","hentry","category-destacadas","category-nacional","post--single"],"yoast_head":"<!-- This site is optimized with the Yoast SEO plugin v27.5 - https:\/\/yoast.com\/product\/yoast-seo-wordpress\/ -->\n<title>El peor verano de Morena: crisis de imagen pol\u00edtica - Canal 7 SLP - 2025<\/title>\n<meta name=\"robots\" content=\"index, follow, max-snippet:-1, max-image-preview:large, max-video-preview:-1\" \/>\n<link rel=\"canonical\" href=\"https:\/\/canal7slp.tv\/2025\/el-peor-verano-de-morena-crisis-de-imagen-politica\/\" \/>\n<meta property=\"og:locale\" content=\"es_ES\" \/>\n<meta property=\"og:type\" content=\"article\" \/>\n<meta property=\"og:title\" content=\"El peor verano de Morena: crisis de imagen pol\u00edtica - Canal 7 SLP - 2025\" \/>\n<meta property=\"og:description\" content=\"El partido gobernante, Morena, enfrenta lo que analistas denominan su \u201cpeor verano\u201d. Diversos esc\u00e1ndalos han golpeado su credibilidad, desde viajes ostentosos de figuras cercanas a la presidencia, como Andr\u00e9s L\u00f3pez Beltr\u00e1n en Jap\u00f3n, hasta acusaciones de corrupci\u00f3n y represi\u00f3n interna. Esta serie de episodios contrasta con el discurso de austeridad y transformaci\u00f3n que catapult\u00f3 al movimiento al poder en 2018, debilitando la narrativa de cercan\u00eda con el pueblo que tanto enarbola. La presidenta Claudia Sheinbaum ha intervenido en repetidas ocasiones para contener el da\u00f1o, reiterando el compromiso del partido con los principios de honestidad y justicia social. Sin embargo, en [&hellip;]\" \/>\n<meta property=\"og:url\" content=\"https:\/\/canal7slp.tv\/2025\/el-peor-verano-de-morena-crisis-de-imagen-politica\/\" \/>\n<meta property=\"og:site_name\" content=\"Canal 7 SLP - 2025\" \/>\n<meta property=\"article:publisher\" content=\"https:\/\/www.facebook.com\/noticieroscanal7atencionciudadana\/\" \/>\n<meta property=\"article:published_time\" content=\"2025-08-26T20:13:18+00:00\" \/>\n<meta property=\"og:image\" content=\"https:\/\/canal7slp.tv\/2025\/wp-content\/uploads\/2025\/08\/elpeorveranodemorena.jpeg\" \/>\n\t<meta property=\"og:image:width\" content=\"1143\" \/>\n\t<meta property=\"og:image:height\" content=\"639\" \/>\n\t<meta property=\"og:image:type\" content=\"image\/jpeg\" \/>\n<meta name=\"author\" content=\"admin\" \/>\n<meta name=\"twitter:card\" content=\"summary_large_image\" \/>\n<meta name=\"twitter:creator\" content=\"@NOTICIEROS7\" \/>\n<meta name=\"twitter:site\" content=\"@NOTICIEROS7\" \/>\n<meta name=\"twitter:label1\" content=\"Escrito por\" \/>\n\t<meta name=\"twitter:data1\" content=\"admin\" \/>\n\t<meta name=\"twitter:label2\" content=\"Tiempo de lectura\" \/>\n\t<meta name=\"twitter:data2\" content=\"2 minutos\" \/>\n<script type=\"application\/ld+json\" class=\"yoast-schema-graph\">{\"@context\":\"https:\\\/\\\/schema.org\",\"@graph\":[{\"@type\":\"Article\",\"@id\":\"https:\\\/\\\/canal7slp.tv\\\/2025\\\/el-peor-verano-de-morena-crisis-de-imagen-politica\\\/#article\",\"isPartOf\":{\"@id\":\"https:\\\/\\\/canal7slp.tv\\\/2025\\\/el-peor-verano-de-morena-crisis-de-imagen-politica\\\/\"},\"author\":{\"name\":\"admin\",\"@id\":\"https:\\\/\\\/canal7slp.tv\\\/2025\\\/#\\\/schema\\\/person\\\/1257e7e4a3d5ac29c4732733a887970d\"},\"headline\":\"El peor verano de Morena: crisis de imagen pol\u00edtica\",\"datePublished\":\"2025-08-26T20:13:18+00:00\",\"mainEntityOfPage\":{\"@id\":\"https:\\\/\\\/canal7slp.tv\\\/2025\\\/el-peor-verano-de-morena-crisis-de-imagen-politica\\\/\"},\"wordCount\":236,\"publisher\":{\"@id\":\"https:\\\/\\\/canal7slp.tv\\\/2025\\\/#organization\"},\"image\":{\"@id\":\"https:\\\/\\\/canal7slp.tv\\\/2025\\\/el-peor-verano-de-morena-crisis-de-imagen-politica\\\/#primaryimage\"},\"thumbnailUrl\":\"https:\\\/\\\/canal7slp.tv\\\/2025\\\/wp-content\\\/uploads\\\/2025\\\/08\\\/elpeorveranodemorena.jpeg\",\"articleSection\":[\"DESTACADAS\",\"NACIONALES\"],\"inLanguage\":\"es\"},{\"@type\":\"WebPage\",\"@id\":\"https:\\\/\\\/canal7slp.tv\\\/2025\\\/el-peor-verano-de-morena-crisis-de-imagen-politica\\\/\",\"url\":\"https:\\\/\\\/canal7slp.tv\\\/2025\\\/el-peor-verano-de-morena-crisis-de-imagen-politica\\\/\",\"name\":\"El peor verano de Morena: crisis de imagen pol\u00edtica - Canal 7 SLP - 2025\",\"isPartOf\":{\"@id\":\"https:\\\/\\\/canal7slp.tv\\\/2025\\\/#website\"},\"primaryImageOfPage\":{\"@id\":\"https:\\\/\\\/canal7slp.tv\\\/2025\\\/el-peor-verano-de-morena-crisis-de-imagen-politica\\\/#primaryimage\"},\"image\":{\"@id\":\"https:\\\/\\\/canal7slp.tv\\\/2025\\\/el-peor-verano-de-morena-crisis-de-imagen-politica\\\/#primaryimage\"},\"thumbnailUrl\":\"https:\\\/\\\/canal7slp.tv\\\/2025\\\/wp-content\\\/uploads\\\/2025\\\/08\\\/elpeorveranodemorena.jpeg\",\"datePublished\":\"2025-08-26T20:13:18+00:00\",\"breadcrumb\":{\"@id\":\"https:\\\/\\\/canal7slp.tv\\\/2025\\\/el-peor-verano-de-morena-crisis-de-imagen-politica\\\/#breadcrumb\"},\"inLanguage\":\"es\",\"potentialAction\":[{\"@type\":\"ReadAction\",\"target\":[\"https:\\\/\\\/canal7slp.tv\\\/2025\\\/el-peor-verano-de-morena-crisis-de-imagen-politica\\\/\"]}]},{\"@type\":\"ImageObject\",\"inLanguage\":\"es\",\"@id\":\"https:\\\/\\\/canal7slp.tv\\\/2025\\\/el-peor-verano-de-morena-crisis-de-imagen-politica\\\/#primaryimage\",\"url\":\"https:\\\/\\\/canal7slp.tv\\\/2025\\\/wp-content\\\/uploads\\\/2025\\\/08\\\/elpeorveranodemorena.jpeg\",\"contentUrl\":\"https:\\\/\\\/canal7slp.tv\\\/2025\\\/wp-content\\\/uploads\\\/2025\\\/08\\\/elpeorveranodemorena.jpeg\",\"width\":1143,\"height\":639},{\"@type\":\"BreadcrumbList\",\"@id\":\"https:\\\/\\\/canal7slp.tv\\\/2025\\\/el-peor-verano-de-morena-crisis-de-imagen-politica\\\/#breadcrumb\",\"itemListElement\":[{\"@type\":\"ListItem\",\"position\":1,\"name\":\"Portada\",\"item\":\"https:\\\/\\\/canal7slp.tv\\\/2025\\\/\"},{\"@type\":\"ListItem\",\"position\":2,\"name\":\"El peor verano de Morena: crisis de imagen pol\u00edtica\"}]},{\"@type\":\"WebSite\",\"@id\":\"https:\\\/\\\/canal7slp.tv\\\/2025\\\/#website\",\"url\":\"https:\\\/\\\/canal7slp.tv\\\/2025\\\/\",\"name\":\"N7 - Noticieros Canal 7\",\"description\":\"Somos el Medio\",\"publisher\":{\"@id\":\"https:\\\/\\\/canal7slp.tv\\\/2025\\\/#organization\"},\"potentialAction\":[{\"@type\":\"SearchAction\",\"target\":{\"@type\":\"EntryPoint\",\"urlTemplate\":\"https:\\\/\\\/canal7slp.tv\\\/2025\\\/?s={search_term_string}\"},\"query-input\":{\"@type\":\"PropertyValueSpecification\",\"valueRequired\":true,\"valueName\":\"search_term_string\"}}],\"inLanguage\":\"es\"},{\"@type\":\"Organization\",\"@id\":\"https:\\\/\\\/canal7slp.tv\\\/2025\\\/#organization\",\"name\":\"Noticieros Canal 7\",\"url\":\"https:\\\/\\\/canal7slp.tv\\\/2025\\\/\",\"logo\":{\"@type\":\"ImageObject\",\"inLanguage\":\"es\",\"@id\":\"https:\\\/\\\/canal7slp.tv\\\/2025\\\/#\\\/schema\\\/logo\\\/image\\\/\",\"url\":\"https:\\\/\\\/canal7slp.tv\\\/2025\\\/wp-content\\\/uploads\\\/2021\\\/01\\\/logo-noticieros@2x.png\",\"contentUrl\":\"https:\\\/\\\/canal7slp.tv\\\/2025\\\/wp-content\\\/uploads\\\/2021\\\/01\\\/logo-noticieros@2x.png\",\"width\":1017,\"height\":268,\"caption\":\"Noticieros Canal 7\"},\"image\":{\"@id\":\"https:\\\/\\\/canal7slp.tv\\\/2025\\\/#\\\/schema\\\/logo\\\/image\\\/\"},\"sameAs\":[\"https:\\\/\\\/www.facebook.com\\\/noticieroscanal7atencionciudadana\\\/\",\"https:\\\/\\\/x.com\\\/NOTICIEROS7\",\"https:\\\/\\\/www.instagram.com\\\/canal7_slp\",\"https:\\\/\\\/www.youtube.com\\\/channel\\\/UCliiYs-gP3JfJeqdPrNdd5A\"]},{\"@type\":\"Person\",\"@id\":\"https:\\\/\\\/canal7slp.tv\\\/2025\\\/#\\\/schema\\\/person\\\/1257e7e4a3d5ac29c4732733a887970d\",\"name\":\"admin\",\"image\":{\"@type\":\"ImageObject\",\"inLanguage\":\"es\",\"@id\":\"https:\\\/\\\/secure.gravatar.com\\\/avatar\\\/d1da498ea933582ecc2b5d72a4eac16ec41c3ec04cf2dc9d46e0b557dedfd5ff?s=96&d=mm&r=g\",\"url\":\"https:\\\/\\\/secure.gravatar.com\\\/avatar\\\/d1da498ea933582ecc2b5d72a4eac16ec41c3ec04cf2dc9d46e0b557dedfd5ff?s=96&d=mm&r=g\",\"contentUrl\":\"https:\\\/\\\/secure.gravatar.com\\\/avatar\\\/d1da498ea933582ecc2b5d72a4eac16ec41c3ec04cf2dc9d46e0b557dedfd5ff?s=96&d=mm&r=g\",\"caption\":\"admin\"},\"sameAs\":[\"https:\\\/\\\/canal7slp.tv\\\/2025\"],\"url\":\"https:\\\/\\\/canal7slp.tv\\\/2025\\\/author\\\/bicefalo\\\/\"}]}<\/script>\n<!-- \/ Yoast SEO plugin. -->","yoast_head_json":{"title":"El peor verano de Morena: crisis de imagen pol\u00edtica - Canal 7 SLP - 2025","robots":{"index":"index","follow":"follow","max-snippet":"max-snippet:-1","max-image-preview":"max-image-preview:large","max-video-preview":"max-video-preview:-1"},"canonical":"https:\/\/canal7slp.tv\/2025\/el-peor-verano-de-morena-crisis-de-imagen-politica\/","og_locale":"es_ES","og_type":"article","og_title":"El peor verano de Morena: crisis de imagen pol\u00edtica - Canal 7 SLP - 2025","og_description":"El partido gobernante, Morena, enfrenta lo que analistas denominan su \u201cpeor verano\u201d. Diversos esc\u00e1ndalos han golpeado su credibilidad, desde viajes ostentosos de figuras cercanas a la presidencia, como Andr\u00e9s L\u00f3pez Beltr\u00e1n en Jap\u00f3n, hasta acusaciones de corrupci\u00f3n y represi\u00f3n interna. Esta serie de episodios contrasta con el discurso de austeridad y transformaci\u00f3n que catapult\u00f3 al movimiento al poder en 2018, debilitando la narrativa de cercan\u00eda con el pueblo que tanto enarbola. La presidenta Claudia Sheinbaum ha intervenido en repetidas ocasiones para contener el da\u00f1o, reiterando el compromiso del partido con los principios de honestidad y justicia social. Sin embargo, en [&hellip;]","og_url":"https:\/\/canal7slp.tv\/2025\/el-peor-verano-de-morena-crisis-de-imagen-politica\/","og_site_name":"Canal 7 SLP - 2025","article_publisher":"https:\/\/www.facebook.com\/noticieroscanal7atencionciudadana\/","article_published_time":"2025-08-26T20:13:18+00:00","og_image":[{"width":1143,"height":639,"url":"https:\/\/canal7slp.tv\/2025\/wp-content\/uploads\/2025\/08\/elpeorveranodemorena.jpeg","type":"image\/jpeg"}],"author":"admin","twitter_card":"summary_large_image","twitter_creator":"@NOTICIEROS7","twitter_site":"@NOTICIEROS7","twitter_misc":{"Escrito por":"admin","Tiempo de lectura":"2 minutos"},"schema":{"@context":"https:\/\/schema.org","@graph":[{"@type":"Article","@id":"https:\/\/canal7slp.tv\/2025\/el-peor-verano-de-morena-crisis-de-imagen-politica\/#article","isPartOf":{"@id":"https:\/\/canal7slp.tv\/2025\/el-peor-verano-de-morena-crisis-de-imagen-politica\/"},"author":{"name":"admin","@id":"https:\/\/canal7slp.tv\/2025\/#\/schema\/person\/1257e7e4a3d5ac29c4732733a887970d"},"headline":"El peor verano de Morena: crisis de imagen pol\u00edtica","datePublished":"2025-08-26T20:13:18+00:00","mainEntityOfPage":{"@id":"https:\/\/canal7slp.tv\/2025\/el-peor-verano-de-morena-crisis-de-imagen-politica\/"},"wordCount":236,"publisher":{"@id":"https:\/\/canal7slp.tv\/2025\/#organization"},"image":{"@id":"https:\/\/canal7slp.tv\/2025\/el-peor-verano-de-morena-crisis-de-imagen-politica\/#primaryimage"},"thumbnailUrl":"https:\/\/canal7slp.tv\/2025\/wp-content\/uploads\/2025\/08\/elpeorveranodemorena.jpeg","articleSection":["DESTACADAS","NACIONALES"],"inLanguage":"es"},{"@type":"WebPage","@id":"https:\/\/canal7slp.tv\/2025\/el-peor-verano-de-morena-crisis-de-imagen-politica\/","url":"https:\/\/canal7slp.tv\/2025\/el-peor-verano-de-morena-crisis-de-imagen-politica\/","name":"El peor verano de Morena: crisis de imagen pol\u00edtica - Canal 7 SLP - 2025","isPartOf":{"@id":"https:\/\/canal7slp.tv\/2025\/#website"},"primaryImageOfPage":{"@id":"https:\/\/canal7slp.tv\/2025\/el-peor-verano-de-morena-crisis-de-imagen-politica\/#primaryimage"},"image":{"@id":"https:\/\/canal7slp.tv\/2025\/el-peor-verano-de-morena-crisis-de-imagen-politica\/#primaryimage"},"thumbnailUrl":"https:\/\/canal7slp.tv\/2025\/wp-content\/uploads\/2025\/08\/elpeorveranodemorena.jpeg","datePublished":"2025-08-26T20:13:18+00:00","breadcrumb":{"@id":"https:\/\/canal7slp.tv\/2025\/el-peor-verano-de-morena-crisis-de-imagen-politica\/#breadcrumb"},"inLanguage":"es","potentialAction":[{"@type":"ReadAction","target":["https:\/\/canal7slp.tv\/2025\/el-peor-verano-de-morena-crisis-de-imagen-politica\/"]}]},{"@type":"ImageObject","inLanguage":"es","@id":"https:\/\/canal7slp.tv\/2025\/el-peor-verano-de-morena-crisis-de-imagen-politica\/#primaryimage","url":"https:\/\/canal7slp.tv\/2025\/wp-content\/uploads\/2025\/08\/elpeorveranodemorena.jpeg","contentUrl":"https:\/\/canal7slp.tv\/2025\/wp-content\/uploads\/2025\/08\/elpeorveranodemorena.jpeg","width":1143,"height":639},{"@type":"BreadcrumbList","@id":"https:\/\/canal7slp.tv\/2025\/el-peor-verano-de-morena-crisis-de-imagen-politica\/#breadcrumb","itemListElement":[{"@type":"ListItem","position":1,"name":"Portada","item":"https:\/\/canal7slp.tv\/2025\/"},{"@type":"ListItem","position":2,"name":"El peor verano de Morena: crisis de imagen pol\u00edtica"}]},{"@type":"WebSite","@id":"https:\/\/canal7slp.tv\/2025\/#website","url":"https:\/\/canal7slp.tv\/2025\/","name":"N7 - Noticieros Canal 7","description":"Somos el Medio","publisher":{"@id":"https:\/\/canal7slp.tv\/2025\/#organization"},"potentialAction":[{"@type":"SearchAction","target":{"@type":"EntryPoint","urlTemplate":"https:\/\/canal7slp.tv\/2025\/?s={search_term_string}"},"query-input":{"@type":"PropertyValueSpecification","valueRequired":true,"valueName":"search_term_string"}}],"inLanguage":"es"},{"@type":"Organization","@id":"https:\/\/canal7slp.tv\/2025\/#organization","name":"Noticieros Canal 7","url":"https:\/\/canal7slp.tv\/2025\/","logo":{"@type":"ImageObject","inLanguage":"es","@id":"https:\/\/canal7slp.tv\/2025\/#\/schema\/logo\/image\/","url":"https:\/\/canal7slp.tv\/2025\/wp-content\/uploads\/2021\/01\/logo-noticieros@2x.png","contentUrl":"https:\/\/canal7slp.tv\/2025\/wp-content\/uploads\/2021\/01\/logo-noticieros@2x.png","width":1017,"height":268,"caption":"Noticieros Canal 7"},"image":{"@id":"https:\/\/canal7slp.tv\/2025\/#\/schema\/logo\/image\/"},"sameAs":["https:\/\/www.facebook.com\/noticieroscanal7atencionciudadana\/","https:\/\/x.com\/NOTICIEROS7","https:\/\/www.instagram.com\/canal7_slp","https:\/\/www.youtube.com\/channel\/UCliiYs-gP3JfJeqdPrNdd5A"]},{"@type":"Person","@id":"https:\/\/canal7slp.tv\/2025\/#\/schema\/person\/1257e7e4a3d5ac29c4732733a887970d","name":"admin","image":{"@type":"ImageObject","inLanguage":"es","@id":"https:\/\/secure.gravatar.com\/avatar\/d1da498ea933582ecc2b5d72a4eac16ec41c3ec04cf2dc9d46e0b557dedfd5ff?s=96&d=mm&r=g","url":"https:\/\/secure.gravatar.com\/avatar\/d1da498ea933582ecc2b5d72a4eac16ec41c3ec04cf2dc9d46e0b557dedfd5ff?s=96&d=mm&r=g","contentUrl":"https:\/\/secure.gravatar.com\/avatar\/d1da498ea933582ecc2b5d72a4eac16ec41c3ec04cf2dc9d46e0b557dedfd5ff?s=96&d=mm&r=g","caption":"admin"},"sameAs":["https:\/\/canal7slp.tv\/2025"],"url":"https:\/\/canal7slp.tv\/2025\/author\/bicefalo\/"}]}},"_links":{"self":[{"href":"https:\/\/canal7slp.tv\/2025\/wp-json\/wp\/v2\/posts\/177685","targetHints":{"allow":["GET"]}}],"collection":[{"href":"https:\/\/canal7slp.tv\/2025\/wp-json\/wp\/v2\/posts"}],"about":[{"href":"https:\/\/canal7slp.tv\/2025\/wp-json\/wp\/v2\/types\/post"}],"author":[{"embeddable":true,"href":"https:\/\/canal7slp.tv\/2025\/wp-json\/wp\/v2\/users\/1"}],"replies":[{"embeddable":true,"href":"https:\/\/canal7slp.tv\/2025\/wp-json\/wp\/v2\/comments?post=177685"}],"version-history":[{"count":1,"href":"https:\/\/canal7slp.tv\/2025\/wp-json\/wp\/v2\/posts\/177685\/revisions"}],"predecessor-version":[{"id":177687,"href":"https:\/\/canal7slp.tv\/2025\/wp-json\/wp\/v2\/posts\/177685\/revisions\/177687"}],"wp:featuredmedia":[{"embeddable":true,"href":"https:\/\/canal7slp.tv\/2025\/wp-json\/wp\/v2\/media\/177686"}],"wp:attachment":[{"href":"https:\/\/canal7slp.tv\/2025\/wp-json\/wp\/v2\/media?parent=177685"}],"wp:term":[{"taxonomy":"category","embeddable":true,"href":"https:\/\/canal7slp.tv\/2025\/wp-json\/wp\/v2\/categories?post=177685"},{"taxonomy":"post_tag","embeddable":true,"href":"https:\/\/canal7slp.tv\/2025\/wp-json\/wp\/v2\/tags?post=177685"}],"curies":[{"name":"wp","href":"https:\/\/api.w.org\/{rel}","templated":true}]}}