{"id":177664,"date":"2025-08-26T12:16:03","date_gmt":"2025-08-26T18:16:03","guid":{"rendered":"https:\/\/canal7slp.tv\/2025\/?p=177664"},"modified":"2025-08-26T12:16:03","modified_gmt":"2025-08-26T18:16:03","slug":"seleccion-mexicana-sub-20-realiza-gira-amistosa-en-argentina-rumbo-al-mundial","status":"publish","type":"post","link":"https:\/\/canal7slp.tv\/2025\/seleccion-mexicana-sub-20-realiza-gira-amistosa-en-argentina-rumbo-al-mundial\/","title":{"rendered":"Selecci\u00f3n Mexicana Sub-20 realiza gira amistosa en Argentina rumbo al Mundial"},"content":{"rendered":"<p style=\"text-align: justify;\" data-start=\"2280\" data-end=\"2360\"><span class=\"relative -mx-px my-[-0.2rem] rounded px-px py-[0.2rem] transition-colors duration-100 ease-in-out\">La Selecci\u00f3n Mexicana Sub\u201120 emprendi\u00f3 una gira de preparaci\u00f3n en Argentina como antesala al Mundial Sub\u201120 que se disputar\u00e1 en Chile en 2025. La convocatoria incluye a jugadores como Diego Ochoa, mediocampista del FC Ju\u00e1rez y capit\u00e1n en su categor\u00eda, quien disputar\u00e1 encuentros amistosos ante Colombia y Arabia Saudita<\/span>.<\/p>\n<p style=\"text-align: justify;\" data-start=\"2362\" data-end=\"2442\"><span class=\"relative -mx-px my-[-0.2rem] rounded px-px py-[0.2rem] transition-colors duration-100 ease-in-out\">Este llamado representa una valiosa oportunidad para que Ochoa y sus compa\u00f1eros acumulen experiencia internacional y demuestren su potencial en escenarios exigentes. Su convocatoria resalta la apuesta de FC Ju\u00e1rez y de la estructura juvenil mexicana por desarrollar talentos locales y fortalecer su presencia en el \u00e1mbito global<\/span>.<\/p>\n<p style=\"text-align: justify;\" data-start=\"2444\" data-end=\"2524\"><span class=\"relative -mx-px my-[-0.2rem] rounded px-px py-[0.2rem] transition-colors duration-100 ease-in-out\">Aunque a\u00fan no se han detallado fechas o sedes precisas, la gira se considera fundamental para la estrategia de aprendizaje y cohesi\u00f3n del equipo. El club mencion\u00f3 que los partidos en territorio argentino servir\u00e1 como base para afinar la preparaci\u00f3n f\u00edsica y t\u00e1ctica rumbo al torneo de Chile<\/span>.<\/p>\n<p style=\"text-align: justify;\" data-start=\"2526\" data-end=\"2842\">Esta actividad no solo favorece la construcci\u00f3n de grupo, sino que tambi\u00e9n visibiliza la calidad de la cantera mexicana y su proyecci\u00f3n futura. La experiencia adquirida en el continente ser\u00e1 clave en el desarrollo integral de los jugadores y en el rendimiento que el equipo pueda exhibir en la Copa del Mundo Sub-20.<\/p>\n","protected":false},"excerpt":{"rendered":"<p>La Selecci\u00f3n Mexicana Sub\u201120 emprendi\u00f3 una gira de preparaci\u00f3n en Argentina como antesala al Mundial Sub\u201120 que se disputar\u00e1 en Chile en 2025. La convocatoria incluye a jugadores como Diego Ochoa, mediocampista del FC Ju\u00e1rez y capit\u00e1n en su categor\u00eda, quien disputar\u00e1 encuentros amistosos ante Colombia y Arabia Saudita. Este llamado representa una valiosa oportunidad para que Ochoa y sus compa\u00f1eros acumulen experiencia internacional y demuestren su potencial en escenarios exigentes. Su convocatoria resalta la apuesta de FC Ju\u00e1rez y de la estructura juvenil mexicana por desarrollar talentos locales y fortalecer su presencia en el \u00e1mbito global. Aunque a\u00fan no [&hellip;]<\/p>\n","protected":false},"author":1,"featured_media":177665,"comment_status":"closed","ping_status":"closed","sticky":false,"template":"","format":"standard","meta":{"_monsterinsights_skip_tracking":false,"_monsterinsights_sitenote_active":false,"_monsterinsights_sitenote_note":"","_monsterinsights_sitenote_category":0,"footnotes":""},"categories":[7,5],"tags":[],"class_list":["post-177664","post","type-post","status-publish","format-standard","has-post-thumbnail","hentry","category-deportes","category-destacadas","post--single"],"yoast_head":"<!-- This site is optimized with the Yoast SEO plugin v27.5 - https:\/\/yoast.com\/product\/yoast-seo-wordpress\/ -->\n<title>Selecci\u00f3n Mexicana Sub-20 realiza gira amistosa en Argentina rumbo al Mundial - Canal 7 SLP - 2025<\/title>\n<meta name=\"robots\" content=\"index, follow, max-snippet:-1, max-image-preview:large, max-video-preview:-1\" \/>\n<link rel=\"canonical\" href=\"https:\/\/canal7slp.tv\/2025\/seleccion-mexicana-sub-20-realiza-gira-amistosa-en-argentina-rumbo-al-mundial\/\" \/>\n<meta property=\"og:locale\" content=\"es_ES\" \/>\n<meta property=\"og:type\" content=\"article\" \/>\n<meta property=\"og:title\" content=\"Selecci\u00f3n Mexicana Sub-20 realiza gira amistosa en Argentina rumbo al Mundial - Canal 7 SLP - 2025\" \/>\n<meta property=\"og:description\" content=\"La Selecci\u00f3n Mexicana Sub\u201120 emprendi\u00f3 una gira de preparaci\u00f3n en Argentina como antesala al Mundial Sub\u201120 que se disputar\u00e1 en Chile en 2025. La convocatoria incluye a jugadores como Diego Ochoa, mediocampista del FC Ju\u00e1rez y capit\u00e1n en su categor\u00eda, quien disputar\u00e1 encuentros amistosos ante Colombia y Arabia Saudita. Este llamado representa una valiosa oportunidad para que Ochoa y sus compa\u00f1eros acumulen experiencia internacional y demuestren su potencial en escenarios exigentes. Su convocatoria resalta la apuesta de FC Ju\u00e1rez y de la estructura juvenil mexicana por desarrollar talentos locales y fortalecer su presencia en el \u00e1mbito global. Aunque a\u00fan no [&hellip;]\" \/>\n<meta property=\"og:url\" content=\"https:\/\/canal7slp.tv\/2025\/seleccion-mexicana-sub-20-realiza-gira-amistosa-en-argentina-rumbo-al-mundial\/\" \/>\n<meta property=\"og:site_name\" content=\"Canal 7 SLP - 2025\" \/>\n<meta property=\"article:publisher\" content=\"https:\/\/www.facebook.com\/noticieroscanal7atencionciudadana\/\" \/>\n<meta property=\"article:published_time\" content=\"2025-08-26T18:16:03+00:00\" \/>\n<meta property=\"og:image\" content=\"https:\/\/canal7slp.tv\/2025\/wp-content\/uploads\/2025\/08\/260825-06.jpg\" \/>\n\t<meta property=\"og:image:width\" content=\"770\" \/>\n\t<meta property=\"og:image:height\" content=\"423\" \/>\n\t<meta property=\"og:image:type\" content=\"image\/jpeg\" \/>\n<meta name=\"author\" content=\"admin\" \/>\n<meta name=\"twitter:card\" content=\"summary_large_image\" \/>\n<meta name=\"twitter:creator\" content=\"@NOTICIEROS7\" \/>\n<meta name=\"twitter:site\" content=\"@NOTICIEROS7\" \/>\n<meta name=\"twitter:label1\" content=\"Escrito por\" \/>\n\t<meta name=\"twitter:data1\" content=\"admin\" \/>\n\t<meta name=\"twitter:label2\" content=\"Tiempo de lectura\" \/>\n\t<meta name=\"twitter:data2\" content=\"2 minutos\" \/>\n<script type=\"application\/ld+json\" class=\"yoast-schema-graph\">{\"@context\":\"https:\\\/\\\/schema.org\",\"@graph\":[{\"@type\":\"Article\",\"@id\":\"https:\\\/\\\/canal7slp.tv\\\/2025\\\/seleccion-mexicana-sub-20-realiza-gira-amistosa-en-argentina-rumbo-al-mundial\\\/#article\",\"isPartOf\":{\"@id\":\"https:\\\/\\\/canal7slp.tv\\\/2025\\\/seleccion-mexicana-sub-20-realiza-gira-amistosa-en-argentina-rumbo-al-mundial\\\/\"},\"author\":{\"name\":\"admin\",\"@id\":\"https:\\\/\\\/canal7slp.tv\\\/2025\\\/#\\\/schema\\\/person\\\/1257e7e4a3d5ac29c4732733a887970d\"},\"headline\":\"Selecci\u00f3n Mexicana Sub-20 realiza gira amistosa en Argentina rumbo al Mundial\",\"datePublished\":\"2025-08-26T18:16:03+00:00\",\"mainEntityOfPage\":{\"@id\":\"https:\\\/\\\/canal7slp.tv\\\/2025\\\/seleccion-mexicana-sub-20-realiza-gira-amistosa-en-argentina-rumbo-al-mundial\\\/\"},\"wordCount\":224,\"publisher\":{\"@id\":\"https:\\\/\\\/canal7slp.tv\\\/2025\\\/#organization\"},\"image\":{\"@id\":\"https:\\\/\\\/canal7slp.tv\\\/2025\\\/seleccion-mexicana-sub-20-realiza-gira-amistosa-en-argentina-rumbo-al-mundial\\\/#primaryimage\"},\"thumbnailUrl\":\"https:\\\/\\\/canal7slp.tv\\\/2025\\\/wp-content\\\/uploads\\\/2025\\\/08\\\/260825-06.jpg\",\"articleSection\":[\"DEPORTES\",\"DESTACADAS\"],\"inLanguage\":\"es\"},{\"@type\":\"WebPage\",\"@id\":\"https:\\\/\\\/canal7slp.tv\\\/2025\\\/seleccion-mexicana-sub-20-realiza-gira-amistosa-en-argentina-rumbo-al-mundial\\\/\",\"url\":\"https:\\\/\\\/canal7slp.tv\\\/2025\\\/seleccion-mexicana-sub-20-realiza-gira-amistosa-en-argentina-rumbo-al-mundial\\\/\",\"name\":\"Selecci\u00f3n Mexicana Sub-20 realiza gira amistosa en Argentina rumbo al Mundial - Canal 7 SLP - 2025\",\"isPartOf\":{\"@id\":\"https:\\\/\\\/canal7slp.tv\\\/2025\\\/#website\"},\"primaryImageOfPage\":{\"@id\":\"https:\\\/\\\/canal7slp.tv\\\/2025\\\/seleccion-mexicana-sub-20-realiza-gira-amistosa-en-argentina-rumbo-al-mundial\\\/#primaryimage\"},\"image\":{\"@id\":\"https:\\\/\\\/canal7slp.tv\\\/2025\\\/seleccion-mexicana-sub-20-realiza-gira-amistosa-en-argentina-rumbo-al-mundial\\\/#primaryimage\"},\"thumbnailUrl\":\"https:\\\/\\\/canal7slp.tv\\\/2025\\\/wp-content\\\/uploads\\\/2025\\\/08\\\/260825-06.jpg\",\"datePublished\":\"2025-08-26T18:16:03+00:00\",\"breadcrumb\":{\"@id\":\"https:\\\/\\\/canal7slp.tv\\\/2025\\\/seleccion-mexicana-sub-20-realiza-gira-amistosa-en-argentina-rumbo-al-mundial\\\/#breadcrumb\"},\"inLanguage\":\"es\",\"potentialAction\":[{\"@type\":\"ReadAction\",\"target\":[\"https:\\\/\\\/canal7slp.tv\\\/2025\\\/seleccion-mexicana-sub-20-realiza-gira-amistosa-en-argentina-rumbo-al-mundial\\\/\"]}]},{\"@type\":\"ImageObject\",\"inLanguage\":\"es\",\"@id\":\"https:\\\/\\\/canal7slp.tv\\\/2025\\\/seleccion-mexicana-sub-20-realiza-gira-amistosa-en-argentina-rumbo-al-mundial\\\/#primaryimage\",\"url\":\"https:\\\/\\\/canal7slp.tv\\\/2025\\\/wp-content\\\/uploads\\\/2025\\\/08\\\/260825-06.jpg\",\"contentUrl\":\"https:\\\/\\\/canal7slp.tv\\\/2025\\\/wp-content\\\/uploads\\\/2025\\\/08\\\/260825-06.jpg\",\"width\":770,\"height\":423},{\"@type\":\"BreadcrumbList\",\"@id\":\"https:\\\/\\\/canal7slp.tv\\\/2025\\\/seleccion-mexicana-sub-20-realiza-gira-amistosa-en-argentina-rumbo-al-mundial\\\/#breadcrumb\",\"itemListElement\":[{\"@type\":\"ListItem\",\"position\":1,\"name\":\"Portada\",\"item\":\"https:\\\/\\\/canal7slp.tv\\\/2025\\\/\"},{\"@type\":\"ListItem\",\"position\":2,\"name\":\"Selecci\u00f3n Mexicana Sub-20 realiza gira amistosa en Argentina rumbo al Mundial\"}]},{\"@type\":\"WebSite\",\"@id\":\"https:\\\/\\\/canal7slp.tv\\\/2025\\\/#website\",\"url\":\"https:\\\/\\\/canal7slp.tv\\\/2025\\\/\",\"name\":\"N7 - Noticieros Canal 7\",\"description\":\"Somos el Medio\",\"publisher\":{\"@id\":\"https:\\\/\\\/canal7slp.tv\\\/2025\\\/#organization\"},\"potentialAction\":[{\"@type\":\"SearchAction\",\"target\":{\"@type\":\"EntryPoint\",\"urlTemplate\":\"https:\\\/\\\/canal7slp.tv\\\/2025\\\/?s={search_term_string}\"},\"query-input\":{\"@type\":\"PropertyValueSpecification\",\"valueRequired\":true,\"valueName\":\"search_term_string\"}}],\"inLanguage\":\"es\"},{\"@type\":\"Organization\",\"@id\":\"https:\\\/\\\/canal7slp.tv\\\/2025\\\/#organization\",\"name\":\"Noticieros Canal 7\",\"url\":\"https:\\\/\\\/canal7slp.tv\\\/2025\\\/\",\"logo\":{\"@type\":\"ImageObject\",\"inLanguage\":\"es\",\"@id\":\"https:\\\/\\\/canal7slp.tv\\\/2025\\\/#\\\/schema\\\/logo\\\/image\\\/\",\"url\":\"https:\\\/\\\/canal7slp.tv\\\/2025\\\/wp-content\\\/uploads\\\/2021\\\/01\\\/logo-noticieros@2x.png\",\"contentUrl\":\"https:\\\/\\\/canal7slp.tv\\\/2025\\\/wp-content\\\/uploads\\\/2021\\\/01\\\/logo-noticieros@2x.png\",\"width\":1017,\"height\":268,\"caption\":\"Noticieros Canal 7\"},\"image\":{\"@id\":\"https:\\\/\\\/canal7slp.tv\\\/2025\\\/#\\\/schema\\\/logo\\\/image\\\/\"},\"sameAs\":[\"https:\\\/\\\/www.facebook.com\\\/noticieroscanal7atencionciudadana\\\/\",\"https:\\\/\\\/x.com\\\/NOTICIEROS7\",\"https:\\\/\\\/www.instagram.com\\\/canal7_slp\",\"https:\\\/\\\/www.youtube.com\\\/channel\\\/UCliiYs-gP3JfJeqdPrNdd5A\"]},{\"@type\":\"Person\",\"@id\":\"https:\\\/\\\/canal7slp.tv\\\/2025\\\/#\\\/schema\\\/person\\\/1257e7e4a3d5ac29c4732733a887970d\",\"name\":\"admin\",\"image\":{\"@type\":\"ImageObject\",\"inLanguage\":\"es\",\"@id\":\"https:\\\/\\\/secure.gravatar.com\\\/avatar\\\/d1da498ea933582ecc2b5d72a4eac16ec41c3ec04cf2dc9d46e0b557dedfd5ff?s=96&d=mm&r=g\",\"url\":\"https:\\\/\\\/secure.gravatar.com\\\/avatar\\\/d1da498ea933582ecc2b5d72a4eac16ec41c3ec04cf2dc9d46e0b557dedfd5ff?s=96&d=mm&r=g\",\"contentUrl\":\"https:\\\/\\\/secure.gravatar.com\\\/avatar\\\/d1da498ea933582ecc2b5d72a4eac16ec41c3ec04cf2dc9d46e0b557dedfd5ff?s=96&d=mm&r=g\",\"caption\":\"admin\"},\"sameAs\":[\"https:\\\/\\\/canal7slp.tv\\\/2025\"],\"url\":\"https:\\\/\\\/canal7slp.tv\\\/2025\\\/author\\\/bicefalo\\\/\"}]}<\/script>\n<!-- \/ Yoast SEO plugin. -->","yoast_head_json":{"title":"Selecci\u00f3n Mexicana Sub-20 realiza gira amistosa en Argentina rumbo al Mundial - Canal 7 SLP - 2025","robots":{"index":"index","follow":"follow","max-snippet":"max-snippet:-1","max-image-preview":"max-image-preview:large","max-video-preview":"max-video-preview:-1"},"canonical":"https:\/\/canal7slp.tv\/2025\/seleccion-mexicana-sub-20-realiza-gira-amistosa-en-argentina-rumbo-al-mundial\/","og_locale":"es_ES","og_type":"article","og_title":"Selecci\u00f3n Mexicana Sub-20 realiza gira amistosa en Argentina rumbo al Mundial - Canal 7 SLP - 2025","og_description":"La Selecci\u00f3n Mexicana Sub\u201120 emprendi\u00f3 una gira de preparaci\u00f3n en Argentina como antesala al Mundial Sub\u201120 que se disputar\u00e1 en Chile en 2025. La convocatoria incluye a jugadores como Diego Ochoa, mediocampista del FC Ju\u00e1rez y capit\u00e1n en su categor\u00eda, quien disputar\u00e1 encuentros amistosos ante Colombia y Arabia Saudita. Este llamado representa una valiosa oportunidad para que Ochoa y sus compa\u00f1eros acumulen experiencia internacional y demuestren su potencial en escenarios exigentes. Su convocatoria resalta la apuesta de FC Ju\u00e1rez y de la estructura juvenil mexicana por desarrollar talentos locales y fortalecer su presencia en el \u00e1mbito global. Aunque a\u00fan no [&hellip;]","og_url":"https:\/\/canal7slp.tv\/2025\/seleccion-mexicana-sub-20-realiza-gira-amistosa-en-argentina-rumbo-al-mundial\/","og_site_name":"Canal 7 SLP - 2025","article_publisher":"https:\/\/www.facebook.com\/noticieroscanal7atencionciudadana\/","article_published_time":"2025-08-26T18:16:03+00:00","og_image":[{"width":770,"height":423,"url":"https:\/\/canal7slp.tv\/2025\/wp-content\/uploads\/2025\/08\/260825-06.jpg","type":"image\/jpeg"}],"author":"admin","twitter_card":"summary_large_image","twitter_creator":"@NOTICIEROS7","twitter_site":"@NOTICIEROS7","twitter_misc":{"Escrito por":"admin","Tiempo de lectura":"2 minutos"},"schema":{"@context":"https:\/\/schema.org","@graph":[{"@type":"Article","@id":"https:\/\/canal7slp.tv\/2025\/seleccion-mexicana-sub-20-realiza-gira-amistosa-en-argentina-rumbo-al-mundial\/#article","isPartOf":{"@id":"https:\/\/canal7slp.tv\/2025\/seleccion-mexicana-sub-20-realiza-gira-amistosa-en-argentina-rumbo-al-mundial\/"},"author":{"name":"admin","@id":"https:\/\/canal7slp.tv\/2025\/#\/schema\/person\/1257e7e4a3d5ac29c4732733a887970d"},"headline":"Selecci\u00f3n Mexicana Sub-20 realiza gira amistosa en Argentina rumbo al Mundial","datePublished":"2025-08-26T18:16:03+00:00","mainEntityOfPage":{"@id":"https:\/\/canal7slp.tv\/2025\/seleccion-mexicana-sub-20-realiza-gira-amistosa-en-argentina-rumbo-al-mundial\/"},"wordCount":224,"publisher":{"@id":"https:\/\/canal7slp.tv\/2025\/#organization"},"image":{"@id":"https:\/\/canal7slp.tv\/2025\/seleccion-mexicana-sub-20-realiza-gira-amistosa-en-argentina-rumbo-al-mundial\/#primaryimage"},"thumbnailUrl":"https:\/\/canal7slp.tv\/2025\/wp-content\/uploads\/2025\/08\/260825-06.jpg","articleSection":["DEPORTES","DESTACADAS"],"inLanguage":"es"},{"@type":"WebPage","@id":"https:\/\/canal7slp.tv\/2025\/seleccion-mexicana-sub-20-realiza-gira-amistosa-en-argentina-rumbo-al-mundial\/","url":"https:\/\/canal7slp.tv\/2025\/seleccion-mexicana-sub-20-realiza-gira-amistosa-en-argentina-rumbo-al-mundial\/","name":"Selecci\u00f3n Mexicana Sub-20 realiza gira amistosa en Argentina rumbo al Mundial - Canal 7 SLP - 2025","isPartOf":{"@id":"https:\/\/canal7slp.tv\/2025\/#website"},"primaryImageOfPage":{"@id":"https:\/\/canal7slp.tv\/2025\/seleccion-mexicana-sub-20-realiza-gira-amistosa-en-argentina-rumbo-al-mundial\/#primaryimage"},"image":{"@id":"https:\/\/canal7slp.tv\/2025\/seleccion-mexicana-sub-20-realiza-gira-amistosa-en-argentina-rumbo-al-mundial\/#primaryimage"},"thumbnailUrl":"https:\/\/canal7slp.tv\/2025\/wp-content\/uploads\/2025\/08\/260825-06.jpg","datePublished":"2025-08-26T18:16:03+00:00","breadcrumb":{"@id":"https:\/\/canal7slp.tv\/2025\/seleccion-mexicana-sub-20-realiza-gira-amistosa-en-argentina-rumbo-al-mundial\/#breadcrumb"},"inLanguage":"es","potentialAction":[{"@type":"ReadAction","target":["https:\/\/canal7slp.tv\/2025\/seleccion-mexicana-sub-20-realiza-gira-amistosa-en-argentina-rumbo-al-mundial\/"]}]},{"@type":"ImageObject","inLanguage":"es","@id":"https:\/\/canal7slp.tv\/2025\/seleccion-mexicana-sub-20-realiza-gira-amistosa-en-argentina-rumbo-al-mundial\/#primaryimage","url":"https:\/\/canal7slp.tv\/2025\/wp-content\/uploads\/2025\/08\/260825-06.jpg","contentUrl":"https:\/\/canal7slp.tv\/2025\/wp-content\/uploads\/2025\/08\/260825-06.jpg","width":770,"height":423},{"@type":"BreadcrumbList","@id":"https:\/\/canal7slp.tv\/2025\/seleccion-mexicana-sub-20-realiza-gira-amistosa-en-argentina-rumbo-al-mundial\/#breadcrumb","itemListElement":[{"@type":"ListItem","position":1,"name":"Portada","item":"https:\/\/canal7slp.tv\/2025\/"},{"@type":"ListItem","position":2,"name":"Selecci\u00f3n Mexicana Sub-20 realiza gira amistosa en Argentina rumbo al Mundial"}]},{"@type":"WebSite","@id":"https:\/\/canal7slp.tv\/2025\/#website","url":"https:\/\/canal7slp.tv\/2025\/","name":"N7 - Noticieros Canal 7","description":"Somos el Medio","publisher":{"@id":"https:\/\/canal7slp.tv\/2025\/#organization"},"potentialAction":[{"@type":"SearchAction","target":{"@type":"EntryPoint","urlTemplate":"https:\/\/canal7slp.tv\/2025\/?s={search_term_string}"},"query-input":{"@type":"PropertyValueSpecification","valueRequired":true,"valueName":"search_term_string"}}],"inLanguage":"es"},{"@type":"Organization","@id":"https:\/\/canal7slp.tv\/2025\/#organization","name":"Noticieros Canal 7","url":"https:\/\/canal7slp.tv\/2025\/","logo":{"@type":"ImageObject","inLanguage":"es","@id":"https:\/\/canal7slp.tv\/2025\/#\/schema\/logo\/image\/","url":"https:\/\/canal7slp.tv\/2025\/wp-content\/uploads\/2021\/01\/logo-noticieros@2x.png","contentUrl":"https:\/\/canal7slp.tv\/2025\/wp-content\/uploads\/2021\/01\/logo-noticieros@2x.png","width":1017,"height":268,"caption":"Noticieros Canal 7"},"image":{"@id":"https:\/\/canal7slp.tv\/2025\/#\/schema\/logo\/image\/"},"sameAs":["https:\/\/www.facebook.com\/noticieroscanal7atencionciudadana\/","https:\/\/x.com\/NOTICIEROS7","https:\/\/www.instagram.com\/canal7_slp","https:\/\/www.youtube.com\/channel\/UCliiYs-gP3JfJeqdPrNdd5A"]},{"@type":"Person","@id":"https:\/\/canal7slp.tv\/2025\/#\/schema\/person\/1257e7e4a3d5ac29c4732733a887970d","name":"admin","image":{"@type":"ImageObject","inLanguage":"es","@id":"https:\/\/secure.gravatar.com\/avatar\/d1da498ea933582ecc2b5d72a4eac16ec41c3ec04cf2dc9d46e0b557dedfd5ff?s=96&d=mm&r=g","url":"https:\/\/secure.gravatar.com\/avatar\/d1da498ea933582ecc2b5d72a4eac16ec41c3ec04cf2dc9d46e0b557dedfd5ff?s=96&d=mm&r=g","contentUrl":"https:\/\/secure.gravatar.com\/avatar\/d1da498ea933582ecc2b5d72a4eac16ec41c3ec04cf2dc9d46e0b557dedfd5ff?s=96&d=mm&r=g","caption":"admin"},"sameAs":["https:\/\/canal7slp.tv\/2025"],"url":"https:\/\/canal7slp.tv\/2025\/author\/bicefalo\/"}]}},"_links":{"self":[{"href":"https:\/\/canal7slp.tv\/2025\/wp-json\/wp\/v2\/posts\/177664","targetHints":{"allow":["GET"]}}],"collection":[{"href":"https:\/\/canal7slp.tv\/2025\/wp-json\/wp\/v2\/posts"}],"about":[{"href":"https:\/\/canal7slp.tv\/2025\/wp-json\/wp\/v2\/types\/post"}],"author":[{"embeddable":true,"href":"https:\/\/canal7slp.tv\/2025\/wp-json\/wp\/v2\/users\/1"}],"replies":[{"embeddable":true,"href":"https:\/\/canal7slp.tv\/2025\/wp-json\/wp\/v2\/comments?post=177664"}],"version-history":[{"count":1,"href":"https:\/\/canal7slp.tv\/2025\/wp-json\/wp\/v2\/posts\/177664\/revisions"}],"predecessor-version":[{"id":177666,"href":"https:\/\/canal7slp.tv\/2025\/wp-json\/wp\/v2\/posts\/177664\/revisions\/177666"}],"wp:featuredmedia":[{"embeddable":true,"href":"https:\/\/canal7slp.tv\/2025\/wp-json\/wp\/v2\/media\/177665"}],"wp:attachment":[{"href":"https:\/\/canal7slp.tv\/2025\/wp-json\/wp\/v2\/media?parent=177664"}],"wp:term":[{"taxonomy":"category","embeddable":true,"href":"https:\/\/canal7slp.tv\/2025\/wp-json\/wp\/v2\/categories?post=177664"},{"taxonomy":"post_tag","embeddable":true,"href":"https:\/\/canal7slp.tv\/2025\/wp-json\/wp\/v2\/tags?post=177664"}],"curies":[{"name":"wp","href":"https:\/\/api.w.org\/{rel}","templated":true}]}}