{"id":177644,"date":"2025-08-26T11:48:17","date_gmt":"2025-08-26T17:48:17","guid":{"rendered":"https:\/\/canal7slp.tv\/2025\/?p=177644"},"modified":"2025-08-26T11:48:17","modified_gmt":"2025-08-26T17:48:17","slug":"sheinbaum-defiende-la-unidad-de-morena-tras-comentarios-de-norona","status":"publish","type":"post","link":"https:\/\/canal7slp.tv\/2025\/sheinbaum-defiende-la-unidad-de-morena-tras-comentarios-de-norona\/","title":{"rendered":"Sheinbaum defiende la unidad de Morena tras comentarios de Noro\u00f1a"},"content":{"rendered":"<p style=\"text-align: justify;\" data-start=\"164\" data-end=\"240\"><span class=\"relative -mx-px my-[-0.2rem] rounded px-px py-[0.2rem] transition-colors duration-100 ease-in-out\">La presidenta Claudia Sheinbaum sali\u00f3 al paso de las recientes declaraciones del senador Gerardo Fern\u00e1ndez Noro\u00f1a, que suger\u00edan posibles fracturas internas dentro de Morena. Durante su conferencia matutina del 25 de agosto, Sheinbaum neg\u00f3 que exista alguna ruptura, destacando que \u201chay mucha unidad\u201d en el movimiento. Aunque reconoce la libertad de expresarse dentro del partido, rechaz\u00f3 compartir la narrativa de Noro\u00f1a, enfatizando que el objetivo com\u00fan sigue siendo el bienestar del pueblo mexicano<\/span><\/p>\n<p style=\"text-align: justify;\" data-start=\"242\" data-end=\"395\"><span class=\"relative -mx-px my-[-0.2rem] rounded px-px py-[0.2rem] transition-colors duration-100 ease-in-out\">Respecto a las cr\u00edticas, Noro\u00f1a respondi\u00f3 afirmando que sus palabras fueron sacadas de contexto y que hay una campa\u00f1a de intrigas en su contra. Asegur\u00f3 adem\u00e1s que \u201cnunca habl\u00e9 de divisi\u00f3n en MORENA\u201d, calificando las preguntas sobre el tema como hechos con \u201cmala fe\u201d<\/span>.<\/p>\n<p style=\"text-align: justify;\" data-start=\"242\" data-end=\"395\"><span class=\"relative -mx-px my-[-0.2rem] rounded px-px py-[0.2rem] transition-colors duration-100 ease-in-out\">Este episodio llega en un ambiente sensible para el partido, marcado por cuestionamientos sobre credibilidad, acusaciones de corrupci\u00f3n, estilos de vida dispendiosos de algunos l\u00edderes y supuestos v\u00ednculos con el crimen organizado, como en el caso del exjefe policiaco de Tabasco, Hern\u00e1n Berm\u00fadez Requena.<\/span><\/p>\n<p style=\"text-align: justify;\" data-start=\"397\" data-end=\"473\"><span class=\"relative -mx-px my-[-0.2rem] rounded px-px py-[0.2rem] transition-colors duration-100 ease-in-out\">Sheinbaum reafirm\u00f3 que divergencias de opini\u00f3n son parte natural de la pol\u00edtica, pero insisti\u00f3 en que eso no implica ruptura. Su postura apunta a mantener cohesi\u00f3n justo cuando la unidad del partido se siente amenazada por resonancias medi\u00e1ticas. La presidenta subray\u00f3 que Morena mantiene un prop\u00f3sito colectivo firme, enmarcado en la Cuarta Transformaci\u00f3n y la misi\u00f3n de servir con enfoque social al pa\u00eds<\/span><\/p>\n","protected":false},"excerpt":{"rendered":"<p>La presidenta Claudia Sheinbaum sali\u00f3 al paso de las recientes declaraciones del senador Gerardo Fern\u00e1ndez Noro\u00f1a, que suger\u00edan posibles fracturas internas dentro de Morena. Durante su conferencia matutina del 25 de agosto, Sheinbaum neg\u00f3 que exista alguna ruptura, destacando que \u201chay mucha unidad\u201d en el movimiento. Aunque reconoce la libertad de expresarse dentro del partido, rechaz\u00f3 compartir la narrativa de Noro\u00f1a, enfatizando que el objetivo com\u00fan sigue siendo el bienestar del pueblo mexicano Respecto a las cr\u00edticas, Noro\u00f1a respondi\u00f3 afirmando que sus palabras fueron sacadas de contexto y que hay una campa\u00f1a de intrigas en su contra. Asegur\u00f3 adem\u00e1s que [&hellip;]<\/p>\n","protected":false},"author":1,"featured_media":177645,"comment_status":"closed","ping_status":"closed","sticky":false,"template":"","format":"standard","meta":{"_monsterinsights_skip_tracking":false,"_monsterinsights_sitenote_active":false,"_monsterinsights_sitenote_note":"","_monsterinsights_sitenote_category":0,"footnotes":""},"categories":[5,46],"tags":[],"class_list":["post-177644","post","type-post","status-publish","format-standard","has-post-thumbnail","hentry","category-destacadas","category-nacional","post--single"],"yoast_head":"<!-- This site is optimized with the Yoast SEO plugin v27.5 - https:\/\/yoast.com\/product\/yoast-seo-wordpress\/ -->\n<title>Sheinbaum defiende la unidad de Morena tras comentarios de Noro\u00f1a - Canal 7 SLP - 2025<\/title>\n<meta name=\"robots\" content=\"index, follow, max-snippet:-1, max-image-preview:large, max-video-preview:-1\" \/>\n<link rel=\"canonical\" href=\"https:\/\/canal7slp.tv\/2025\/sheinbaum-defiende-la-unidad-de-morena-tras-comentarios-de-norona\/\" \/>\n<meta property=\"og:locale\" content=\"es_ES\" \/>\n<meta property=\"og:type\" content=\"article\" \/>\n<meta property=\"og:title\" content=\"Sheinbaum defiende la unidad de Morena tras comentarios de Noro\u00f1a - Canal 7 SLP - 2025\" \/>\n<meta property=\"og:description\" content=\"La presidenta Claudia Sheinbaum sali\u00f3 al paso de las recientes declaraciones del senador Gerardo Fern\u00e1ndez Noro\u00f1a, que suger\u00edan posibles fracturas internas dentro de Morena. Durante su conferencia matutina del 25 de agosto, Sheinbaum neg\u00f3 que exista alguna ruptura, destacando que \u201chay mucha unidad\u201d en el movimiento. Aunque reconoce la libertad de expresarse dentro del partido, rechaz\u00f3 compartir la narrativa de Noro\u00f1a, enfatizando que el objetivo com\u00fan sigue siendo el bienestar del pueblo mexicano Respecto a las cr\u00edticas, Noro\u00f1a respondi\u00f3 afirmando que sus palabras fueron sacadas de contexto y que hay una campa\u00f1a de intrigas en su contra. Asegur\u00f3 adem\u00e1s que [&hellip;]\" \/>\n<meta property=\"og:url\" content=\"https:\/\/canal7slp.tv\/2025\/sheinbaum-defiende-la-unidad-de-morena-tras-comentarios-de-norona\/\" \/>\n<meta property=\"og:site_name\" content=\"Canal 7 SLP - 2025\" \/>\n<meta property=\"article:publisher\" content=\"https:\/\/www.facebook.com\/noticieroscanal7atencionciudadana\/\" \/>\n<meta property=\"article:published_time\" content=\"2025-08-26T17:48:17+00:00\" \/>\n<meta property=\"og:image\" content=\"https:\/\/canal7slp.tv\/2025\/wp-content\/uploads\/2025\/08\/260825-01.jpeg\" \/>\n\t<meta property=\"og:image:width\" content=\"1144\" \/>\n\t<meta property=\"og:image:height\" content=\"763\" \/>\n\t<meta property=\"og:image:type\" content=\"image\/jpeg\" \/>\n<meta name=\"author\" content=\"admin\" \/>\n<meta name=\"twitter:card\" content=\"summary_large_image\" \/>\n<meta name=\"twitter:creator\" content=\"@NOTICIEROS7\" \/>\n<meta name=\"twitter:site\" content=\"@NOTICIEROS7\" \/>\n<meta name=\"twitter:label1\" content=\"Escrito por\" \/>\n\t<meta name=\"twitter:data1\" content=\"admin\" \/>\n\t<meta name=\"twitter:label2\" content=\"Tiempo de lectura\" \/>\n\t<meta name=\"twitter:data2\" content=\"2 minutos\" \/>\n<script type=\"application\/ld+json\" class=\"yoast-schema-graph\">{\"@context\":\"https:\\\/\\\/schema.org\",\"@graph\":[{\"@type\":\"Article\",\"@id\":\"https:\\\/\\\/canal7slp.tv\\\/2025\\\/sheinbaum-defiende-la-unidad-de-morena-tras-comentarios-de-norona\\\/#article\",\"isPartOf\":{\"@id\":\"https:\\\/\\\/canal7slp.tv\\\/2025\\\/sheinbaum-defiende-la-unidad-de-morena-tras-comentarios-de-norona\\\/\"},\"author\":{\"name\":\"admin\",\"@id\":\"https:\\\/\\\/canal7slp.tv\\\/2025\\\/#\\\/schema\\\/person\\\/1257e7e4a3d5ac29c4732733a887970d\"},\"headline\":\"Sheinbaum defiende la unidad de Morena tras comentarios de Noro\u00f1a\",\"datePublished\":\"2025-08-26T17:48:17+00:00\",\"mainEntityOfPage\":{\"@id\":\"https:\\\/\\\/canal7slp.tv\\\/2025\\\/sheinbaum-defiende-la-unidad-de-morena-tras-comentarios-de-norona\\\/\"},\"wordCount\":257,\"publisher\":{\"@id\":\"https:\\\/\\\/canal7slp.tv\\\/2025\\\/#organization\"},\"image\":{\"@id\":\"https:\\\/\\\/canal7slp.tv\\\/2025\\\/sheinbaum-defiende-la-unidad-de-morena-tras-comentarios-de-norona\\\/#primaryimage\"},\"thumbnailUrl\":\"https:\\\/\\\/canal7slp.tv\\\/2025\\\/wp-content\\\/uploads\\\/2025\\\/08\\\/260825-01.jpeg\",\"articleSection\":[\"DESTACADAS\",\"NACIONALES\"],\"inLanguage\":\"es\"},{\"@type\":\"WebPage\",\"@id\":\"https:\\\/\\\/canal7slp.tv\\\/2025\\\/sheinbaum-defiende-la-unidad-de-morena-tras-comentarios-de-norona\\\/\",\"url\":\"https:\\\/\\\/canal7slp.tv\\\/2025\\\/sheinbaum-defiende-la-unidad-de-morena-tras-comentarios-de-norona\\\/\",\"name\":\"Sheinbaum defiende la unidad de Morena tras comentarios de Noro\u00f1a - Canal 7 SLP - 2025\",\"isPartOf\":{\"@id\":\"https:\\\/\\\/canal7slp.tv\\\/2025\\\/#website\"},\"primaryImageOfPage\":{\"@id\":\"https:\\\/\\\/canal7slp.tv\\\/2025\\\/sheinbaum-defiende-la-unidad-de-morena-tras-comentarios-de-norona\\\/#primaryimage\"},\"image\":{\"@id\":\"https:\\\/\\\/canal7slp.tv\\\/2025\\\/sheinbaum-defiende-la-unidad-de-morena-tras-comentarios-de-norona\\\/#primaryimage\"},\"thumbnailUrl\":\"https:\\\/\\\/canal7slp.tv\\\/2025\\\/wp-content\\\/uploads\\\/2025\\\/08\\\/260825-01.jpeg\",\"datePublished\":\"2025-08-26T17:48:17+00:00\",\"breadcrumb\":{\"@id\":\"https:\\\/\\\/canal7slp.tv\\\/2025\\\/sheinbaum-defiende-la-unidad-de-morena-tras-comentarios-de-norona\\\/#breadcrumb\"},\"inLanguage\":\"es\",\"potentialAction\":[{\"@type\":\"ReadAction\",\"target\":[\"https:\\\/\\\/canal7slp.tv\\\/2025\\\/sheinbaum-defiende-la-unidad-de-morena-tras-comentarios-de-norona\\\/\"]}]},{\"@type\":\"ImageObject\",\"inLanguage\":\"es\",\"@id\":\"https:\\\/\\\/canal7slp.tv\\\/2025\\\/sheinbaum-defiende-la-unidad-de-morena-tras-comentarios-de-norona\\\/#primaryimage\",\"url\":\"https:\\\/\\\/canal7slp.tv\\\/2025\\\/wp-content\\\/uploads\\\/2025\\\/08\\\/260825-01.jpeg\",\"contentUrl\":\"https:\\\/\\\/canal7slp.tv\\\/2025\\\/wp-content\\\/uploads\\\/2025\\\/08\\\/260825-01.jpeg\",\"width\":1144,\"height\":763},{\"@type\":\"BreadcrumbList\",\"@id\":\"https:\\\/\\\/canal7slp.tv\\\/2025\\\/sheinbaum-defiende-la-unidad-de-morena-tras-comentarios-de-norona\\\/#breadcrumb\",\"itemListElement\":[{\"@type\":\"ListItem\",\"position\":1,\"name\":\"Portada\",\"item\":\"https:\\\/\\\/canal7slp.tv\\\/2025\\\/\"},{\"@type\":\"ListItem\",\"position\":2,\"name\":\"Sheinbaum defiende la unidad de Morena tras comentarios de Noro\u00f1a\"}]},{\"@type\":\"WebSite\",\"@id\":\"https:\\\/\\\/canal7slp.tv\\\/2025\\\/#website\",\"url\":\"https:\\\/\\\/canal7slp.tv\\\/2025\\\/\",\"name\":\"N7 - Noticieros Canal 7\",\"description\":\"Somos el Medio\",\"publisher\":{\"@id\":\"https:\\\/\\\/canal7slp.tv\\\/2025\\\/#organization\"},\"potentialAction\":[{\"@type\":\"SearchAction\",\"target\":{\"@type\":\"EntryPoint\",\"urlTemplate\":\"https:\\\/\\\/canal7slp.tv\\\/2025\\\/?s={search_term_string}\"},\"query-input\":{\"@type\":\"PropertyValueSpecification\",\"valueRequired\":true,\"valueName\":\"search_term_string\"}}],\"inLanguage\":\"es\"},{\"@type\":\"Organization\",\"@id\":\"https:\\\/\\\/canal7slp.tv\\\/2025\\\/#organization\",\"name\":\"Noticieros Canal 7\",\"url\":\"https:\\\/\\\/canal7slp.tv\\\/2025\\\/\",\"logo\":{\"@type\":\"ImageObject\",\"inLanguage\":\"es\",\"@id\":\"https:\\\/\\\/canal7slp.tv\\\/2025\\\/#\\\/schema\\\/logo\\\/image\\\/\",\"url\":\"https:\\\/\\\/canal7slp.tv\\\/2025\\\/wp-content\\\/uploads\\\/2021\\\/01\\\/logo-noticieros@2x.png\",\"contentUrl\":\"https:\\\/\\\/canal7slp.tv\\\/2025\\\/wp-content\\\/uploads\\\/2021\\\/01\\\/logo-noticieros@2x.png\",\"width\":1017,\"height\":268,\"caption\":\"Noticieros Canal 7\"},\"image\":{\"@id\":\"https:\\\/\\\/canal7slp.tv\\\/2025\\\/#\\\/schema\\\/logo\\\/image\\\/\"},\"sameAs\":[\"https:\\\/\\\/www.facebook.com\\\/noticieroscanal7atencionciudadana\\\/\",\"https:\\\/\\\/x.com\\\/NOTICIEROS7\",\"https:\\\/\\\/www.instagram.com\\\/canal7_slp\",\"https:\\\/\\\/www.youtube.com\\\/channel\\\/UCliiYs-gP3JfJeqdPrNdd5A\"]},{\"@type\":\"Person\",\"@id\":\"https:\\\/\\\/canal7slp.tv\\\/2025\\\/#\\\/schema\\\/person\\\/1257e7e4a3d5ac29c4732733a887970d\",\"name\":\"admin\",\"image\":{\"@type\":\"ImageObject\",\"inLanguage\":\"es\",\"@id\":\"https:\\\/\\\/secure.gravatar.com\\\/avatar\\\/d1da498ea933582ecc2b5d72a4eac16ec41c3ec04cf2dc9d46e0b557dedfd5ff?s=96&d=mm&r=g\",\"url\":\"https:\\\/\\\/secure.gravatar.com\\\/avatar\\\/d1da498ea933582ecc2b5d72a4eac16ec41c3ec04cf2dc9d46e0b557dedfd5ff?s=96&d=mm&r=g\",\"contentUrl\":\"https:\\\/\\\/secure.gravatar.com\\\/avatar\\\/d1da498ea933582ecc2b5d72a4eac16ec41c3ec04cf2dc9d46e0b557dedfd5ff?s=96&d=mm&r=g\",\"caption\":\"admin\"},\"sameAs\":[\"https:\\\/\\\/canal7slp.tv\\\/2025\"],\"url\":\"https:\\\/\\\/canal7slp.tv\\\/2025\\\/author\\\/bicefalo\\\/\"}]}<\/script>\n<!-- \/ Yoast SEO plugin. -->","yoast_head_json":{"title":"Sheinbaum defiende la unidad de Morena tras comentarios de Noro\u00f1a - Canal 7 SLP - 2025","robots":{"index":"index","follow":"follow","max-snippet":"max-snippet:-1","max-image-preview":"max-image-preview:large","max-video-preview":"max-video-preview:-1"},"canonical":"https:\/\/canal7slp.tv\/2025\/sheinbaum-defiende-la-unidad-de-morena-tras-comentarios-de-norona\/","og_locale":"es_ES","og_type":"article","og_title":"Sheinbaum defiende la unidad de Morena tras comentarios de Noro\u00f1a - Canal 7 SLP - 2025","og_description":"La presidenta Claudia Sheinbaum sali\u00f3 al paso de las recientes declaraciones del senador Gerardo Fern\u00e1ndez Noro\u00f1a, que suger\u00edan posibles fracturas internas dentro de Morena. Durante su conferencia matutina del 25 de agosto, Sheinbaum neg\u00f3 que exista alguna ruptura, destacando que \u201chay mucha unidad\u201d en el movimiento. Aunque reconoce la libertad de expresarse dentro del partido, rechaz\u00f3 compartir la narrativa de Noro\u00f1a, enfatizando que el objetivo com\u00fan sigue siendo el bienestar del pueblo mexicano Respecto a las cr\u00edticas, Noro\u00f1a respondi\u00f3 afirmando que sus palabras fueron sacadas de contexto y que hay una campa\u00f1a de intrigas en su contra. Asegur\u00f3 adem\u00e1s que [&hellip;]","og_url":"https:\/\/canal7slp.tv\/2025\/sheinbaum-defiende-la-unidad-de-morena-tras-comentarios-de-norona\/","og_site_name":"Canal 7 SLP - 2025","article_publisher":"https:\/\/www.facebook.com\/noticieroscanal7atencionciudadana\/","article_published_time":"2025-08-26T17:48:17+00:00","og_image":[{"width":1144,"height":763,"url":"https:\/\/canal7slp.tv\/2025\/wp-content\/uploads\/2025\/08\/260825-01.jpeg","type":"image\/jpeg"}],"author":"admin","twitter_card":"summary_large_image","twitter_creator":"@NOTICIEROS7","twitter_site":"@NOTICIEROS7","twitter_misc":{"Escrito por":"admin","Tiempo de lectura":"2 minutos"},"schema":{"@context":"https:\/\/schema.org","@graph":[{"@type":"Article","@id":"https:\/\/canal7slp.tv\/2025\/sheinbaum-defiende-la-unidad-de-morena-tras-comentarios-de-norona\/#article","isPartOf":{"@id":"https:\/\/canal7slp.tv\/2025\/sheinbaum-defiende-la-unidad-de-morena-tras-comentarios-de-norona\/"},"author":{"name":"admin","@id":"https:\/\/canal7slp.tv\/2025\/#\/schema\/person\/1257e7e4a3d5ac29c4732733a887970d"},"headline":"Sheinbaum defiende la unidad de Morena tras comentarios de Noro\u00f1a","datePublished":"2025-08-26T17:48:17+00:00","mainEntityOfPage":{"@id":"https:\/\/canal7slp.tv\/2025\/sheinbaum-defiende-la-unidad-de-morena-tras-comentarios-de-norona\/"},"wordCount":257,"publisher":{"@id":"https:\/\/canal7slp.tv\/2025\/#organization"},"image":{"@id":"https:\/\/canal7slp.tv\/2025\/sheinbaum-defiende-la-unidad-de-morena-tras-comentarios-de-norona\/#primaryimage"},"thumbnailUrl":"https:\/\/canal7slp.tv\/2025\/wp-content\/uploads\/2025\/08\/260825-01.jpeg","articleSection":["DESTACADAS","NACIONALES"],"inLanguage":"es"},{"@type":"WebPage","@id":"https:\/\/canal7slp.tv\/2025\/sheinbaum-defiende-la-unidad-de-morena-tras-comentarios-de-norona\/","url":"https:\/\/canal7slp.tv\/2025\/sheinbaum-defiende-la-unidad-de-morena-tras-comentarios-de-norona\/","name":"Sheinbaum defiende la unidad de Morena tras comentarios de Noro\u00f1a - Canal 7 SLP - 2025","isPartOf":{"@id":"https:\/\/canal7slp.tv\/2025\/#website"},"primaryImageOfPage":{"@id":"https:\/\/canal7slp.tv\/2025\/sheinbaum-defiende-la-unidad-de-morena-tras-comentarios-de-norona\/#primaryimage"},"image":{"@id":"https:\/\/canal7slp.tv\/2025\/sheinbaum-defiende-la-unidad-de-morena-tras-comentarios-de-norona\/#primaryimage"},"thumbnailUrl":"https:\/\/canal7slp.tv\/2025\/wp-content\/uploads\/2025\/08\/260825-01.jpeg","datePublished":"2025-08-26T17:48:17+00:00","breadcrumb":{"@id":"https:\/\/canal7slp.tv\/2025\/sheinbaum-defiende-la-unidad-de-morena-tras-comentarios-de-norona\/#breadcrumb"},"inLanguage":"es","potentialAction":[{"@type":"ReadAction","target":["https:\/\/canal7slp.tv\/2025\/sheinbaum-defiende-la-unidad-de-morena-tras-comentarios-de-norona\/"]}]},{"@type":"ImageObject","inLanguage":"es","@id":"https:\/\/canal7slp.tv\/2025\/sheinbaum-defiende-la-unidad-de-morena-tras-comentarios-de-norona\/#primaryimage","url":"https:\/\/canal7slp.tv\/2025\/wp-content\/uploads\/2025\/08\/260825-01.jpeg","contentUrl":"https:\/\/canal7slp.tv\/2025\/wp-content\/uploads\/2025\/08\/260825-01.jpeg","width":1144,"height":763},{"@type":"BreadcrumbList","@id":"https:\/\/canal7slp.tv\/2025\/sheinbaum-defiende-la-unidad-de-morena-tras-comentarios-de-norona\/#breadcrumb","itemListElement":[{"@type":"ListItem","position":1,"name":"Portada","item":"https:\/\/canal7slp.tv\/2025\/"},{"@type":"ListItem","position":2,"name":"Sheinbaum defiende la unidad de Morena tras comentarios de Noro\u00f1a"}]},{"@type":"WebSite","@id":"https:\/\/canal7slp.tv\/2025\/#website","url":"https:\/\/canal7slp.tv\/2025\/","name":"N7 - Noticieros Canal 7","description":"Somos el Medio","publisher":{"@id":"https:\/\/canal7slp.tv\/2025\/#organization"},"potentialAction":[{"@type":"SearchAction","target":{"@type":"EntryPoint","urlTemplate":"https:\/\/canal7slp.tv\/2025\/?s={search_term_string}"},"query-input":{"@type":"PropertyValueSpecification","valueRequired":true,"valueName":"search_term_string"}}],"inLanguage":"es"},{"@type":"Organization","@id":"https:\/\/canal7slp.tv\/2025\/#organization","name":"Noticieros Canal 7","url":"https:\/\/canal7slp.tv\/2025\/","logo":{"@type":"ImageObject","inLanguage":"es","@id":"https:\/\/canal7slp.tv\/2025\/#\/schema\/logo\/image\/","url":"https:\/\/canal7slp.tv\/2025\/wp-content\/uploads\/2021\/01\/logo-noticieros@2x.png","contentUrl":"https:\/\/canal7slp.tv\/2025\/wp-content\/uploads\/2021\/01\/logo-noticieros@2x.png","width":1017,"height":268,"caption":"Noticieros Canal 7"},"image":{"@id":"https:\/\/canal7slp.tv\/2025\/#\/schema\/logo\/image\/"},"sameAs":["https:\/\/www.facebook.com\/noticieroscanal7atencionciudadana\/","https:\/\/x.com\/NOTICIEROS7","https:\/\/www.instagram.com\/canal7_slp","https:\/\/www.youtube.com\/channel\/UCliiYs-gP3JfJeqdPrNdd5A"]},{"@type":"Person","@id":"https:\/\/canal7slp.tv\/2025\/#\/schema\/person\/1257e7e4a3d5ac29c4732733a887970d","name":"admin","image":{"@type":"ImageObject","inLanguage":"es","@id":"https:\/\/secure.gravatar.com\/avatar\/d1da498ea933582ecc2b5d72a4eac16ec41c3ec04cf2dc9d46e0b557dedfd5ff?s=96&d=mm&r=g","url":"https:\/\/secure.gravatar.com\/avatar\/d1da498ea933582ecc2b5d72a4eac16ec41c3ec04cf2dc9d46e0b557dedfd5ff?s=96&d=mm&r=g","contentUrl":"https:\/\/secure.gravatar.com\/avatar\/d1da498ea933582ecc2b5d72a4eac16ec41c3ec04cf2dc9d46e0b557dedfd5ff?s=96&d=mm&r=g","caption":"admin"},"sameAs":["https:\/\/canal7slp.tv\/2025"],"url":"https:\/\/canal7slp.tv\/2025\/author\/bicefalo\/"}]}},"_links":{"self":[{"href":"https:\/\/canal7slp.tv\/2025\/wp-json\/wp\/v2\/posts\/177644","targetHints":{"allow":["GET"]}}],"collection":[{"href":"https:\/\/canal7slp.tv\/2025\/wp-json\/wp\/v2\/posts"}],"about":[{"href":"https:\/\/canal7slp.tv\/2025\/wp-json\/wp\/v2\/types\/post"}],"author":[{"embeddable":true,"href":"https:\/\/canal7slp.tv\/2025\/wp-json\/wp\/v2\/users\/1"}],"replies":[{"embeddable":true,"href":"https:\/\/canal7slp.tv\/2025\/wp-json\/wp\/v2\/comments?post=177644"}],"version-history":[{"count":1,"href":"https:\/\/canal7slp.tv\/2025\/wp-json\/wp\/v2\/posts\/177644\/revisions"}],"predecessor-version":[{"id":177646,"href":"https:\/\/canal7slp.tv\/2025\/wp-json\/wp\/v2\/posts\/177644\/revisions\/177646"}],"wp:featuredmedia":[{"embeddable":true,"href":"https:\/\/canal7slp.tv\/2025\/wp-json\/wp\/v2\/media\/177645"}],"wp:attachment":[{"href":"https:\/\/canal7slp.tv\/2025\/wp-json\/wp\/v2\/media?parent=177644"}],"wp:term":[{"taxonomy":"category","embeddable":true,"href":"https:\/\/canal7slp.tv\/2025\/wp-json\/wp\/v2\/categories?post=177644"},{"taxonomy":"post_tag","embeddable":true,"href":"https:\/\/canal7slp.tv\/2025\/wp-json\/wp\/v2\/tags?post=177644"}],"curies":[{"name":"wp","href":"https:\/\/api.w.org\/{rel}","templated":true}]}}