{"id":177637,"date":"2025-08-26T00:50:13","date_gmt":"2025-08-26T06:50:13","guid":{"rendered":"https:\/\/canal7slp.tv\/2025\/?p=177637"},"modified":"2025-08-26T00:54:55","modified_gmt":"2025-08-26T06:54:55","slug":"registro-danado-expone-a-quienes-circulan-por-la-colonia-del-rio","status":"publish","type":"post","link":"https:\/\/canal7slp.tv\/2025\/registro-danado-expone-a-quienes-circulan-por-la-colonia-del-rio\/","title":{"rendered":"Registro da\u00f1ado, expone a quienes circulan por la colonia Del R\u00edo"},"content":{"rendered":"<p style=\"text-align: justify;\">En la Prolongaci\u00f3n Albino Garc\u00eda, a la altura de la colonia Del R\u00edo en la capital potosina, un registro perteneciente a la Comisi\u00f3n Federal de Electricidad (CFE) se encuentra en condiciones precarias desde hace varios meses, luego de que su cubierta se desprendiera y dejara al descubierto un hueco que genera preocupaci\u00f3n entre pobladores.<\/p>\n<p style=\"text-align: justify;\">El desprendimiento de la tapa provoc\u00f3 un desnivel en la superficie, lo que propicia un riesgo para quienes se desplazan por el \u00e1rea.<br \/>\nAnte la falta de reparaci\u00f3n fue cubierto de manera improvisada con escombros y residuos, medida que resulta insuficiente para garantizar la seguridad.<\/p>\n<p style=\"text-align: justify;\">\nUn neum\u00e1tico sobresale como \u00fanica se\u00f1alizaci\u00f3n del peligro, sin ninguna indicaci\u00f3n clara que alerte a los conductores.<\/p>\n<p style=\"text-align: justify;\">\nLa ubicaci\u00f3n, cerca de establecimientos comerciales, incrementa la exposici\u00f3n al peligro, ya que el flujo constante de veh\u00edculos y personas acrecienta la probabilidad de accidentes.<\/p>\n<p style=\"text-align: justify;\">\nHabitantes y comerciantes hacen un llamado urgente a las autoridades competentes para intervenir de manera inmediata; temen que el hueco se expanda.<\/p>\n<p style=\"text-align: justify;\">Mientras, mantienen la esperanza de que la rehabilitaci\u00f3n llegar\u00e1 a tiempo para evitar un accidente mayor.<\/p>\n","protected":false},"excerpt":{"rendered":"<p>En la Prolongaci\u00f3n Albino Garc\u00eda, a la altura de la colonia Del R\u00edo en la capital potosina, un registro perteneciente a la Comisi\u00f3n Federal de Electricidad (CFE) se encuentra en condiciones precarias desde hace varios meses, luego de que su cubierta se desprendiera y dejara al descubierto un hueco que genera preocupaci\u00f3n entre pobladores. El desprendimiento de la tapa provoc\u00f3 un desnivel en la superficie, lo que propicia un riesgo para quienes se desplazan por el \u00e1rea. Ante la falta de reparaci\u00f3n fue cubierto de manera improvisada con escombros y residuos, medida que resulta insuficiente para garantizar la seguridad. Un [&hellip;]<\/p>\n","protected":false},"author":1,"featured_media":177638,"comment_status":"closed","ping_status":"closed","sticky":false,"template":"","format":"video","meta":{"_monsterinsights_skip_tracking":false,"_monsterinsights_sitenote_active":false,"_monsterinsights_sitenote_note":"","_monsterinsights_sitenote_category":0,"footnotes":""},"categories":[5,45],"tags":[],"class_list":["post-177637","post","type-post","status-publish","format-video","has-post-thumbnail","hentry","category-destacadas","category-localesyregionales","post_format-post-format-video","post--single"],"yoast_head":"<!-- This site is optimized with the Yoast SEO plugin v27.5 - https:\/\/yoast.com\/product\/yoast-seo-wordpress\/ -->\n<title>Registro da\u00f1ado, expone a quienes circulan por la colonia Del R\u00edo - Canal 7 SLP - 2025<\/title>\n<meta name=\"robots\" content=\"index, follow, max-snippet:-1, max-image-preview:large, max-video-preview:-1\" \/>\n<link rel=\"canonical\" href=\"https:\/\/canal7slp.tv\/2025\/registro-danado-expone-a-quienes-circulan-por-la-colonia-del-rio\/\" \/>\n<meta property=\"og:locale\" content=\"es_ES\" \/>\n<meta property=\"og:type\" content=\"article\" \/>\n<meta property=\"og:title\" content=\"Registro da\u00f1ado, expone a quienes circulan por la colonia Del R\u00edo - Canal 7 SLP - 2025\" \/>\n<meta property=\"og:description\" content=\"En la Prolongaci\u00f3n Albino Garc\u00eda, a la altura de la colonia Del R\u00edo en la capital potosina, un registro perteneciente a la Comisi\u00f3n Federal de Electricidad (CFE) se encuentra en condiciones precarias desde hace varios meses, luego de que su cubierta se desprendiera y dejara al descubierto un hueco que genera preocupaci\u00f3n entre pobladores. El desprendimiento de la tapa provoc\u00f3 un desnivel en la superficie, lo que propicia un riesgo para quienes se desplazan por el \u00e1rea. Ante la falta de reparaci\u00f3n fue cubierto de manera improvisada con escombros y residuos, medida que resulta insuficiente para garantizar la seguridad. Un [&hellip;]\" \/>\n<meta property=\"og:url\" content=\"https:\/\/canal7slp.tv\/2025\/registro-danado-expone-a-quienes-circulan-por-la-colonia-del-rio\/\" \/>\n<meta property=\"og:site_name\" content=\"Canal 7 SLP - 2025\" \/>\n<meta property=\"article:publisher\" content=\"https:\/\/www.facebook.com\/noticieroscanal7atencionciudadana\/\" \/>\n<meta property=\"article:published_time\" content=\"2025-08-26T06:50:13+00:00\" \/>\n<meta property=\"article:modified_time\" content=\"2025-08-26T06:54:55+00:00\" \/>\n<meta property=\"og:image\" content=\"https:\/\/canal7slp.tv\/2025\/wp-content\/uploads\/2025\/08\/registro.jpeg\" \/>\n\t<meta property=\"og:image:width\" content=\"1165\" \/>\n\t<meta property=\"og:image:height\" content=\"657\" \/>\n\t<meta property=\"og:image:type\" content=\"image\/jpeg\" \/>\n<meta name=\"author\" content=\"admin\" \/>\n<meta name=\"twitter:card\" content=\"summary_large_image\" \/>\n<meta name=\"twitter:creator\" content=\"@NOTICIEROS7\" \/>\n<meta name=\"twitter:site\" content=\"@NOTICIEROS7\" \/>\n<meta name=\"twitter:label1\" content=\"Escrito por\" \/>\n\t<meta name=\"twitter:data1\" content=\"admin\" \/>\n\t<meta name=\"twitter:label2\" content=\"Tiempo de lectura\" \/>\n\t<meta name=\"twitter:data2\" content=\"2 minutos\" \/>\n<script type=\"application\/ld+json\" class=\"yoast-schema-graph\">{\"@context\":\"https:\\\/\\\/schema.org\",\"@graph\":[{\"@type\":\"Article\",\"@id\":\"https:\\\/\\\/canal7slp.tv\\\/2025\\\/registro-danado-expone-a-quienes-circulan-por-la-colonia-del-rio\\\/#article\",\"isPartOf\":{\"@id\":\"https:\\\/\\\/canal7slp.tv\\\/2025\\\/registro-danado-expone-a-quienes-circulan-por-la-colonia-del-rio\\\/\"},\"author\":{\"name\":\"admin\",\"@id\":\"https:\\\/\\\/canal7slp.tv\\\/2025\\\/#\\\/schema\\\/person\\\/1257e7e4a3d5ac29c4732733a887970d\"},\"headline\":\"Registro da\u00f1ado, expone a quienes circulan por la colonia Del R\u00edo\",\"datePublished\":\"2025-08-26T06:50:13+00:00\",\"dateModified\":\"2025-08-26T06:54:55+00:00\",\"mainEntityOfPage\":{\"@id\":\"https:\\\/\\\/canal7slp.tv\\\/2025\\\/registro-danado-expone-a-quienes-circulan-por-la-colonia-del-rio\\\/\"},\"wordCount\":206,\"publisher\":{\"@id\":\"https:\\\/\\\/canal7slp.tv\\\/2025\\\/#organization\"},\"image\":{\"@id\":\"https:\\\/\\\/canal7slp.tv\\\/2025\\\/registro-danado-expone-a-quienes-circulan-por-la-colonia-del-rio\\\/#primaryimage\"},\"thumbnailUrl\":\"https:\\\/\\\/canal7slp.tv\\\/2025\\\/wp-content\\\/uploads\\\/2025\\\/08\\\/registro.jpeg\",\"articleSection\":[\"DESTACADAS\",\"LOCALES Y REGIONALES\"],\"inLanguage\":\"es\"},{\"@type\":\"WebPage\",\"@id\":\"https:\\\/\\\/canal7slp.tv\\\/2025\\\/registro-danado-expone-a-quienes-circulan-por-la-colonia-del-rio\\\/\",\"url\":\"https:\\\/\\\/canal7slp.tv\\\/2025\\\/registro-danado-expone-a-quienes-circulan-por-la-colonia-del-rio\\\/\",\"name\":\"Registro da\u00f1ado, expone a quienes circulan por la colonia Del R\u00edo - Canal 7 SLP - 2025\",\"isPartOf\":{\"@id\":\"https:\\\/\\\/canal7slp.tv\\\/2025\\\/#website\"},\"primaryImageOfPage\":{\"@id\":\"https:\\\/\\\/canal7slp.tv\\\/2025\\\/registro-danado-expone-a-quienes-circulan-por-la-colonia-del-rio\\\/#primaryimage\"},\"image\":{\"@id\":\"https:\\\/\\\/canal7slp.tv\\\/2025\\\/registro-danado-expone-a-quienes-circulan-por-la-colonia-del-rio\\\/#primaryimage\"},\"thumbnailUrl\":\"https:\\\/\\\/canal7slp.tv\\\/2025\\\/wp-content\\\/uploads\\\/2025\\\/08\\\/registro.jpeg\",\"datePublished\":\"2025-08-26T06:50:13+00:00\",\"dateModified\":\"2025-08-26T06:54:55+00:00\",\"breadcrumb\":{\"@id\":\"https:\\\/\\\/canal7slp.tv\\\/2025\\\/registro-danado-expone-a-quienes-circulan-por-la-colonia-del-rio\\\/#breadcrumb\"},\"inLanguage\":\"es\",\"potentialAction\":[{\"@type\":\"ReadAction\",\"target\":[\"https:\\\/\\\/canal7slp.tv\\\/2025\\\/registro-danado-expone-a-quienes-circulan-por-la-colonia-del-rio\\\/\"]}]},{\"@type\":\"ImageObject\",\"inLanguage\":\"es\",\"@id\":\"https:\\\/\\\/canal7slp.tv\\\/2025\\\/registro-danado-expone-a-quienes-circulan-por-la-colonia-del-rio\\\/#primaryimage\",\"url\":\"https:\\\/\\\/canal7slp.tv\\\/2025\\\/wp-content\\\/uploads\\\/2025\\\/08\\\/registro.jpeg\",\"contentUrl\":\"https:\\\/\\\/canal7slp.tv\\\/2025\\\/wp-content\\\/uploads\\\/2025\\\/08\\\/registro.jpeg\",\"width\":1165,\"height\":657},{\"@type\":\"BreadcrumbList\",\"@id\":\"https:\\\/\\\/canal7slp.tv\\\/2025\\\/registro-danado-expone-a-quienes-circulan-por-la-colonia-del-rio\\\/#breadcrumb\",\"itemListElement\":[{\"@type\":\"ListItem\",\"position\":1,\"name\":\"Portada\",\"item\":\"https:\\\/\\\/canal7slp.tv\\\/2025\\\/\"},{\"@type\":\"ListItem\",\"position\":2,\"name\":\"Registro da\u00f1ado, expone a quienes circulan por la colonia Del R\u00edo\"}]},{\"@type\":\"WebSite\",\"@id\":\"https:\\\/\\\/canal7slp.tv\\\/2025\\\/#website\",\"url\":\"https:\\\/\\\/canal7slp.tv\\\/2025\\\/\",\"name\":\"N7 - Noticieros Canal 7\",\"description\":\"Somos el Medio\",\"publisher\":{\"@id\":\"https:\\\/\\\/canal7slp.tv\\\/2025\\\/#organization\"},\"potentialAction\":[{\"@type\":\"SearchAction\",\"target\":{\"@type\":\"EntryPoint\",\"urlTemplate\":\"https:\\\/\\\/canal7slp.tv\\\/2025\\\/?s={search_term_string}\"},\"query-input\":{\"@type\":\"PropertyValueSpecification\",\"valueRequired\":true,\"valueName\":\"search_term_string\"}}],\"inLanguage\":\"es\"},{\"@type\":\"Organization\",\"@id\":\"https:\\\/\\\/canal7slp.tv\\\/2025\\\/#organization\",\"name\":\"Noticieros Canal 7\",\"url\":\"https:\\\/\\\/canal7slp.tv\\\/2025\\\/\",\"logo\":{\"@type\":\"ImageObject\",\"inLanguage\":\"es\",\"@id\":\"https:\\\/\\\/canal7slp.tv\\\/2025\\\/#\\\/schema\\\/logo\\\/image\\\/\",\"url\":\"https:\\\/\\\/canal7slp.tv\\\/2025\\\/wp-content\\\/uploads\\\/2021\\\/01\\\/logo-noticieros@2x.png\",\"contentUrl\":\"https:\\\/\\\/canal7slp.tv\\\/2025\\\/wp-content\\\/uploads\\\/2021\\\/01\\\/logo-noticieros@2x.png\",\"width\":1017,\"height\":268,\"caption\":\"Noticieros Canal 7\"},\"image\":{\"@id\":\"https:\\\/\\\/canal7slp.tv\\\/2025\\\/#\\\/schema\\\/logo\\\/image\\\/\"},\"sameAs\":[\"https:\\\/\\\/www.facebook.com\\\/noticieroscanal7atencionciudadana\\\/\",\"https:\\\/\\\/x.com\\\/NOTICIEROS7\",\"https:\\\/\\\/www.instagram.com\\\/canal7_slp\",\"https:\\\/\\\/www.youtube.com\\\/channel\\\/UCliiYs-gP3JfJeqdPrNdd5A\"]},{\"@type\":\"Person\",\"@id\":\"https:\\\/\\\/canal7slp.tv\\\/2025\\\/#\\\/schema\\\/person\\\/1257e7e4a3d5ac29c4732733a887970d\",\"name\":\"admin\",\"image\":{\"@type\":\"ImageObject\",\"inLanguage\":\"es\",\"@id\":\"https:\\\/\\\/secure.gravatar.com\\\/avatar\\\/d1da498ea933582ecc2b5d72a4eac16ec41c3ec04cf2dc9d46e0b557dedfd5ff?s=96&d=mm&r=g\",\"url\":\"https:\\\/\\\/secure.gravatar.com\\\/avatar\\\/d1da498ea933582ecc2b5d72a4eac16ec41c3ec04cf2dc9d46e0b557dedfd5ff?s=96&d=mm&r=g\",\"contentUrl\":\"https:\\\/\\\/secure.gravatar.com\\\/avatar\\\/d1da498ea933582ecc2b5d72a4eac16ec41c3ec04cf2dc9d46e0b557dedfd5ff?s=96&d=mm&r=g\",\"caption\":\"admin\"},\"sameAs\":[\"https:\\\/\\\/canal7slp.tv\\\/2025\"],\"url\":\"https:\\\/\\\/canal7slp.tv\\\/2025\\\/author\\\/bicefalo\\\/\"}]}<\/script>\n<!-- \/ Yoast SEO plugin. -->","yoast_head_json":{"title":"Registro da\u00f1ado, expone a quienes circulan por la colonia Del R\u00edo - Canal 7 SLP - 2025","robots":{"index":"index","follow":"follow","max-snippet":"max-snippet:-1","max-image-preview":"max-image-preview:large","max-video-preview":"max-video-preview:-1"},"canonical":"https:\/\/canal7slp.tv\/2025\/registro-danado-expone-a-quienes-circulan-por-la-colonia-del-rio\/","og_locale":"es_ES","og_type":"article","og_title":"Registro da\u00f1ado, expone a quienes circulan por la colonia Del R\u00edo - Canal 7 SLP - 2025","og_description":"En la Prolongaci\u00f3n Albino Garc\u00eda, a la altura de la colonia Del R\u00edo en la capital potosina, un registro perteneciente a la Comisi\u00f3n Federal de Electricidad (CFE) se encuentra en condiciones precarias desde hace varios meses, luego de que su cubierta se desprendiera y dejara al descubierto un hueco que genera preocupaci\u00f3n entre pobladores. El desprendimiento de la tapa provoc\u00f3 un desnivel en la superficie, lo que propicia un riesgo para quienes se desplazan por el \u00e1rea. Ante la falta de reparaci\u00f3n fue cubierto de manera improvisada con escombros y residuos, medida que resulta insuficiente para garantizar la seguridad. Un [&hellip;]","og_url":"https:\/\/canal7slp.tv\/2025\/registro-danado-expone-a-quienes-circulan-por-la-colonia-del-rio\/","og_site_name":"Canal 7 SLP - 2025","article_publisher":"https:\/\/www.facebook.com\/noticieroscanal7atencionciudadana\/","article_published_time":"2025-08-26T06:50:13+00:00","article_modified_time":"2025-08-26T06:54:55+00:00","og_image":[{"width":1165,"height":657,"url":"https:\/\/canal7slp.tv\/2025\/wp-content\/uploads\/2025\/08\/registro.jpeg","type":"image\/jpeg"}],"author":"admin","twitter_card":"summary_large_image","twitter_creator":"@NOTICIEROS7","twitter_site":"@NOTICIEROS7","twitter_misc":{"Escrito por":"admin","Tiempo de lectura":"2 minutos"},"schema":{"@context":"https:\/\/schema.org","@graph":[{"@type":"Article","@id":"https:\/\/canal7slp.tv\/2025\/registro-danado-expone-a-quienes-circulan-por-la-colonia-del-rio\/#article","isPartOf":{"@id":"https:\/\/canal7slp.tv\/2025\/registro-danado-expone-a-quienes-circulan-por-la-colonia-del-rio\/"},"author":{"name":"admin","@id":"https:\/\/canal7slp.tv\/2025\/#\/schema\/person\/1257e7e4a3d5ac29c4732733a887970d"},"headline":"Registro da\u00f1ado, expone a quienes circulan por la colonia Del R\u00edo","datePublished":"2025-08-26T06:50:13+00:00","dateModified":"2025-08-26T06:54:55+00:00","mainEntityOfPage":{"@id":"https:\/\/canal7slp.tv\/2025\/registro-danado-expone-a-quienes-circulan-por-la-colonia-del-rio\/"},"wordCount":206,"publisher":{"@id":"https:\/\/canal7slp.tv\/2025\/#organization"},"image":{"@id":"https:\/\/canal7slp.tv\/2025\/registro-danado-expone-a-quienes-circulan-por-la-colonia-del-rio\/#primaryimage"},"thumbnailUrl":"https:\/\/canal7slp.tv\/2025\/wp-content\/uploads\/2025\/08\/registro.jpeg","articleSection":["DESTACADAS","LOCALES Y REGIONALES"],"inLanguage":"es"},{"@type":"WebPage","@id":"https:\/\/canal7slp.tv\/2025\/registro-danado-expone-a-quienes-circulan-por-la-colonia-del-rio\/","url":"https:\/\/canal7slp.tv\/2025\/registro-danado-expone-a-quienes-circulan-por-la-colonia-del-rio\/","name":"Registro da\u00f1ado, expone a quienes circulan por la colonia Del R\u00edo - Canal 7 SLP - 2025","isPartOf":{"@id":"https:\/\/canal7slp.tv\/2025\/#website"},"primaryImageOfPage":{"@id":"https:\/\/canal7slp.tv\/2025\/registro-danado-expone-a-quienes-circulan-por-la-colonia-del-rio\/#primaryimage"},"image":{"@id":"https:\/\/canal7slp.tv\/2025\/registro-danado-expone-a-quienes-circulan-por-la-colonia-del-rio\/#primaryimage"},"thumbnailUrl":"https:\/\/canal7slp.tv\/2025\/wp-content\/uploads\/2025\/08\/registro.jpeg","datePublished":"2025-08-26T06:50:13+00:00","dateModified":"2025-08-26T06:54:55+00:00","breadcrumb":{"@id":"https:\/\/canal7slp.tv\/2025\/registro-danado-expone-a-quienes-circulan-por-la-colonia-del-rio\/#breadcrumb"},"inLanguage":"es","potentialAction":[{"@type":"ReadAction","target":["https:\/\/canal7slp.tv\/2025\/registro-danado-expone-a-quienes-circulan-por-la-colonia-del-rio\/"]}]},{"@type":"ImageObject","inLanguage":"es","@id":"https:\/\/canal7slp.tv\/2025\/registro-danado-expone-a-quienes-circulan-por-la-colonia-del-rio\/#primaryimage","url":"https:\/\/canal7slp.tv\/2025\/wp-content\/uploads\/2025\/08\/registro.jpeg","contentUrl":"https:\/\/canal7slp.tv\/2025\/wp-content\/uploads\/2025\/08\/registro.jpeg","width":1165,"height":657},{"@type":"BreadcrumbList","@id":"https:\/\/canal7slp.tv\/2025\/registro-danado-expone-a-quienes-circulan-por-la-colonia-del-rio\/#breadcrumb","itemListElement":[{"@type":"ListItem","position":1,"name":"Portada","item":"https:\/\/canal7slp.tv\/2025\/"},{"@type":"ListItem","position":2,"name":"Registro da\u00f1ado, expone a quienes circulan por la colonia Del R\u00edo"}]},{"@type":"WebSite","@id":"https:\/\/canal7slp.tv\/2025\/#website","url":"https:\/\/canal7slp.tv\/2025\/","name":"N7 - Noticieros Canal 7","description":"Somos el Medio","publisher":{"@id":"https:\/\/canal7slp.tv\/2025\/#organization"},"potentialAction":[{"@type":"SearchAction","target":{"@type":"EntryPoint","urlTemplate":"https:\/\/canal7slp.tv\/2025\/?s={search_term_string}"},"query-input":{"@type":"PropertyValueSpecification","valueRequired":true,"valueName":"search_term_string"}}],"inLanguage":"es"},{"@type":"Organization","@id":"https:\/\/canal7slp.tv\/2025\/#organization","name":"Noticieros Canal 7","url":"https:\/\/canal7slp.tv\/2025\/","logo":{"@type":"ImageObject","inLanguage":"es","@id":"https:\/\/canal7slp.tv\/2025\/#\/schema\/logo\/image\/","url":"https:\/\/canal7slp.tv\/2025\/wp-content\/uploads\/2021\/01\/logo-noticieros@2x.png","contentUrl":"https:\/\/canal7slp.tv\/2025\/wp-content\/uploads\/2021\/01\/logo-noticieros@2x.png","width":1017,"height":268,"caption":"Noticieros Canal 7"},"image":{"@id":"https:\/\/canal7slp.tv\/2025\/#\/schema\/logo\/image\/"},"sameAs":["https:\/\/www.facebook.com\/noticieroscanal7atencionciudadana\/","https:\/\/x.com\/NOTICIEROS7","https:\/\/www.instagram.com\/canal7_slp","https:\/\/www.youtube.com\/channel\/UCliiYs-gP3JfJeqdPrNdd5A"]},{"@type":"Person","@id":"https:\/\/canal7slp.tv\/2025\/#\/schema\/person\/1257e7e4a3d5ac29c4732733a887970d","name":"admin","image":{"@type":"ImageObject","inLanguage":"es","@id":"https:\/\/secure.gravatar.com\/avatar\/d1da498ea933582ecc2b5d72a4eac16ec41c3ec04cf2dc9d46e0b557dedfd5ff?s=96&d=mm&r=g","url":"https:\/\/secure.gravatar.com\/avatar\/d1da498ea933582ecc2b5d72a4eac16ec41c3ec04cf2dc9d46e0b557dedfd5ff?s=96&d=mm&r=g","contentUrl":"https:\/\/secure.gravatar.com\/avatar\/d1da498ea933582ecc2b5d72a4eac16ec41c3ec04cf2dc9d46e0b557dedfd5ff?s=96&d=mm&r=g","caption":"admin"},"sameAs":["https:\/\/canal7slp.tv\/2025"],"url":"https:\/\/canal7slp.tv\/2025\/author\/bicefalo\/"}]}},"_links":{"self":[{"href":"https:\/\/canal7slp.tv\/2025\/wp-json\/wp\/v2\/posts\/177637","targetHints":{"allow":["GET"]}}],"collection":[{"href":"https:\/\/canal7slp.tv\/2025\/wp-json\/wp\/v2\/posts"}],"about":[{"href":"https:\/\/canal7slp.tv\/2025\/wp-json\/wp\/v2\/types\/post"}],"author":[{"embeddable":true,"href":"https:\/\/canal7slp.tv\/2025\/wp-json\/wp\/v2\/users\/1"}],"replies":[{"embeddable":true,"href":"https:\/\/canal7slp.tv\/2025\/wp-json\/wp\/v2\/comments?post=177637"}],"version-history":[{"count":2,"href":"https:\/\/canal7slp.tv\/2025\/wp-json\/wp\/v2\/posts\/177637\/revisions"}],"predecessor-version":[{"id":177640,"href":"https:\/\/canal7slp.tv\/2025\/wp-json\/wp\/v2\/posts\/177637\/revisions\/177640"}],"wp:featuredmedia":[{"embeddable":true,"href":"https:\/\/canal7slp.tv\/2025\/wp-json\/wp\/v2\/media\/177638"}],"wp:attachment":[{"href":"https:\/\/canal7slp.tv\/2025\/wp-json\/wp\/v2\/media?parent=177637"}],"wp:term":[{"taxonomy":"category","embeddable":true,"href":"https:\/\/canal7slp.tv\/2025\/wp-json\/wp\/v2\/categories?post=177637"},{"taxonomy":"post_tag","embeddable":true,"href":"https:\/\/canal7slp.tv\/2025\/wp-json\/wp\/v2\/tags?post=177637"}],"curies":[{"name":"wp","href":"https:\/\/api.w.org\/{rel}","templated":true}]}}