{"id":177630,"date":"2025-08-25T20:34:48","date_gmt":"2025-08-26T02:34:48","guid":{"rendered":"https:\/\/canal7slp.tv\/2025\/?p=177630"},"modified":"2025-08-26T00:54:55","modified_gmt":"2025-08-26T06:54:55","slug":"se-extiende-falla-de-las-colonias-terremoto-y-la-esperanza","status":"publish","type":"post","link":"https:\/\/canal7slp.tv\/2025\/se-extiende-falla-de-las-colonias-terremoto-y-la-esperanza\/","title":{"rendered":"Se extiende falla de las colonias Terremoto y La Esperanza"},"content":{"rendered":"<div>AUTOR: CLAUDIO IBARRA<\/div>\n<div><\/div>\n<div>SE ACENT\u00daA FALLA GEOL\u00d3GICA EN LAS COLONIAS TERREMOTO Y LA ESPERANZA<\/div>\n<div><\/div>\n<div>La falla geol\u00f3gica que se ha registrado en las colonias Terremoto y La Esperanza al norte de la ciudad se ha acrecentado de manera evidente, inform\u00f3 el director de Protecci\u00f3n Civil municipal al decir que no se tiene conocimiento certero hasta donde pudiera continuar.<\/div>\n<div><\/div>\n<div>ADRI\u00c1N CORT\u00c1ZAR<\/div>\n<div>Dir. de Protecci\u00f3n Civil Mpal. SLP<\/div>\n<div><\/div>\n<div>El funcionario coment\u00f3 que en coordinaci\u00f3n con el Instituto de Geolog\u00eda de la Universidad Auton\u00f3ma de San Luis Potos\u00ed, se ha dado seguimiento a este fen\u00f3meno natural, al decir que junto con acad\u00e9micos especialistas se ha llevado un monitoreo para identificar hundimientos y desniveles en los terrenos de esta zona.<\/div>\n<div><\/div>\n<div>Asimismo, el director de Protecci\u00f3n Civil Municipal dio a conocer que una vez obtenidos los datos del estudio realizado por el Instituto de Geolog\u00eda se actualizar\u00e1 esta informaci\u00f3n en el Atlas Din\u00e1mico de Riesgos, para la prevenci\u00f3n y atenci\u00f3n de emergencias en la capital.<\/div>\n","protected":false},"excerpt":{"rendered":"<p>AUTOR: CLAUDIO IBARRA SE ACENT\u00daA FALLA GEOL\u00d3GICA EN LAS COLONIAS TERREMOTO Y LA ESPERANZA La falla geol\u00f3gica que se ha registrado en las colonias Terremoto y La Esperanza al norte de la ciudad se ha acrecentado de manera evidente, inform\u00f3 el director de Protecci\u00f3n Civil municipal al decir que no se tiene conocimiento certero hasta donde pudiera continuar. ADRI\u00c1N CORT\u00c1ZAR Dir. de Protecci\u00f3n Civil Mpal. SLP El funcionario coment\u00f3 que en coordinaci\u00f3n con el Instituto de Geolog\u00eda de la Universidad Auton\u00f3ma de San Luis Potos\u00ed, se ha dado seguimiento a este fen\u00f3meno natural, al decir que junto con acad\u00e9micos especialistas [&hellip;]<\/p>\n","protected":false},"author":1,"featured_media":177631,"comment_status":"closed","ping_status":"closed","sticky":false,"template":"","format":"video","meta":{"_monsterinsights_skip_tracking":false,"_monsterinsights_sitenote_active":false,"_monsterinsights_sitenote_note":"","_monsterinsights_sitenote_category":0,"footnotes":""},"categories":[5,45],"tags":[],"class_list":["post-177630","post","type-post","status-publish","format-video","has-post-thumbnail","hentry","category-destacadas","category-localesyregionales","post_format-post-format-video","post--single"],"yoast_head":"<!-- This site is optimized with the Yoast SEO plugin v27.5 - https:\/\/yoast.com\/product\/yoast-seo-wordpress\/ -->\n<title>Se extiende falla de las colonias Terremoto y La Esperanza - Canal 7 SLP - 2025<\/title>\n<meta name=\"robots\" content=\"index, follow, max-snippet:-1, max-image-preview:large, max-video-preview:-1\" \/>\n<link rel=\"canonical\" href=\"https:\/\/canal7slp.tv\/2025\/se-extiende-falla-de-las-colonias-terremoto-y-la-esperanza\/\" \/>\n<meta property=\"og:locale\" content=\"es_ES\" \/>\n<meta property=\"og:type\" content=\"article\" \/>\n<meta property=\"og:title\" content=\"Se extiende falla de las colonias Terremoto y La Esperanza - Canal 7 SLP - 2025\" \/>\n<meta property=\"og:description\" content=\"AUTOR: CLAUDIO IBARRA SE ACENT\u00daA FALLA GEOL\u00d3GICA EN LAS COLONIAS TERREMOTO Y LA ESPERANZA La falla geol\u00f3gica que se ha registrado en las colonias Terremoto y La Esperanza al norte de la ciudad se ha acrecentado de manera evidente, inform\u00f3 el director de Protecci\u00f3n Civil municipal al decir que no se tiene conocimiento certero hasta donde pudiera continuar. ADRI\u00c1N CORT\u00c1ZAR Dir. de Protecci\u00f3n Civil Mpal. SLP El funcionario coment\u00f3 que en coordinaci\u00f3n con el Instituto de Geolog\u00eda de la Universidad Auton\u00f3ma de San Luis Potos\u00ed, se ha dado seguimiento a este fen\u00f3meno natural, al decir que junto con acad\u00e9micos especialistas [&hellip;]\" \/>\n<meta property=\"og:url\" content=\"https:\/\/canal7slp.tv\/2025\/se-extiende-falla-de-las-colonias-terremoto-y-la-esperanza\/\" \/>\n<meta property=\"og:site_name\" content=\"Canal 7 SLP - 2025\" \/>\n<meta property=\"article:publisher\" content=\"https:\/\/www.facebook.com\/noticieroscanal7atencionciudadana\/\" \/>\n<meta property=\"article:published_time\" content=\"2025-08-26T02:34:48+00:00\" \/>\n<meta property=\"article:modified_time\" content=\"2025-08-26T06:54:55+00:00\" \/>\n<meta property=\"og:image\" content=\"https:\/\/canal7slp.tv\/2025\/wp-content\/uploads\/2025\/08\/08.jpeg\" \/>\n\t<meta property=\"og:image:width\" content=\"873\" \/>\n\t<meta property=\"og:image:height\" content=\"492\" \/>\n\t<meta property=\"og:image:type\" content=\"image\/jpeg\" \/>\n<meta name=\"author\" content=\"admin\" \/>\n<meta name=\"twitter:card\" content=\"summary_large_image\" \/>\n<meta name=\"twitter:creator\" content=\"@NOTICIEROS7\" \/>\n<meta name=\"twitter:site\" content=\"@NOTICIEROS7\" \/>\n<meta name=\"twitter:label1\" content=\"Escrito por\" \/>\n\t<meta name=\"twitter:data1\" content=\"admin\" \/>\n\t<meta name=\"twitter:label2\" content=\"Tiempo de lectura\" \/>\n\t<meta name=\"twitter:data2\" content=\"1 minuto\" \/>\n<script type=\"application\/ld+json\" class=\"yoast-schema-graph\">{\"@context\":\"https:\\\/\\\/schema.org\",\"@graph\":[{\"@type\":\"Article\",\"@id\":\"https:\\\/\\\/canal7slp.tv\\\/2025\\\/se-extiende-falla-de-las-colonias-terremoto-y-la-esperanza\\\/#article\",\"isPartOf\":{\"@id\":\"https:\\\/\\\/canal7slp.tv\\\/2025\\\/se-extiende-falla-de-las-colonias-terremoto-y-la-esperanza\\\/\"},\"author\":{\"name\":\"admin\",\"@id\":\"https:\\\/\\\/canal7slp.tv\\\/2025\\\/#\\\/schema\\\/person\\\/1257e7e4a3d5ac29c4732733a887970d\"},\"headline\":\"Se extiende falla de las colonias Terremoto y La Esperanza\",\"datePublished\":\"2025-08-26T02:34:48+00:00\",\"dateModified\":\"2025-08-26T06:54:55+00:00\",\"mainEntityOfPage\":{\"@id\":\"https:\\\/\\\/canal7slp.tv\\\/2025\\\/se-extiende-falla-de-las-colonias-terremoto-y-la-esperanza\\\/\"},\"wordCount\":188,\"publisher\":{\"@id\":\"https:\\\/\\\/canal7slp.tv\\\/2025\\\/#organization\"},\"image\":{\"@id\":\"https:\\\/\\\/canal7slp.tv\\\/2025\\\/se-extiende-falla-de-las-colonias-terremoto-y-la-esperanza\\\/#primaryimage\"},\"thumbnailUrl\":\"https:\\\/\\\/canal7slp.tv\\\/2025\\\/wp-content\\\/uploads\\\/2025\\\/08\\\/08.jpeg\",\"articleSection\":[\"DESTACADAS\",\"LOCALES Y REGIONALES\"],\"inLanguage\":\"es\"},{\"@type\":\"WebPage\",\"@id\":\"https:\\\/\\\/canal7slp.tv\\\/2025\\\/se-extiende-falla-de-las-colonias-terremoto-y-la-esperanza\\\/\",\"url\":\"https:\\\/\\\/canal7slp.tv\\\/2025\\\/se-extiende-falla-de-las-colonias-terremoto-y-la-esperanza\\\/\",\"name\":\"Se extiende falla de las colonias Terremoto y La Esperanza - Canal 7 SLP - 2025\",\"isPartOf\":{\"@id\":\"https:\\\/\\\/canal7slp.tv\\\/2025\\\/#website\"},\"primaryImageOfPage\":{\"@id\":\"https:\\\/\\\/canal7slp.tv\\\/2025\\\/se-extiende-falla-de-las-colonias-terremoto-y-la-esperanza\\\/#primaryimage\"},\"image\":{\"@id\":\"https:\\\/\\\/canal7slp.tv\\\/2025\\\/se-extiende-falla-de-las-colonias-terremoto-y-la-esperanza\\\/#primaryimage\"},\"thumbnailUrl\":\"https:\\\/\\\/canal7slp.tv\\\/2025\\\/wp-content\\\/uploads\\\/2025\\\/08\\\/08.jpeg\",\"datePublished\":\"2025-08-26T02:34:48+00:00\",\"dateModified\":\"2025-08-26T06:54:55+00:00\",\"breadcrumb\":{\"@id\":\"https:\\\/\\\/canal7slp.tv\\\/2025\\\/se-extiende-falla-de-las-colonias-terremoto-y-la-esperanza\\\/#breadcrumb\"},\"inLanguage\":\"es\",\"potentialAction\":[{\"@type\":\"ReadAction\",\"target\":[\"https:\\\/\\\/canal7slp.tv\\\/2025\\\/se-extiende-falla-de-las-colonias-terremoto-y-la-esperanza\\\/\"]}]},{\"@type\":\"ImageObject\",\"inLanguage\":\"es\",\"@id\":\"https:\\\/\\\/canal7slp.tv\\\/2025\\\/se-extiende-falla-de-las-colonias-terremoto-y-la-esperanza\\\/#primaryimage\",\"url\":\"https:\\\/\\\/canal7slp.tv\\\/2025\\\/wp-content\\\/uploads\\\/2025\\\/08\\\/08.jpeg\",\"contentUrl\":\"https:\\\/\\\/canal7slp.tv\\\/2025\\\/wp-content\\\/uploads\\\/2025\\\/08\\\/08.jpeg\",\"width\":873,\"height\":492},{\"@type\":\"BreadcrumbList\",\"@id\":\"https:\\\/\\\/canal7slp.tv\\\/2025\\\/se-extiende-falla-de-las-colonias-terremoto-y-la-esperanza\\\/#breadcrumb\",\"itemListElement\":[{\"@type\":\"ListItem\",\"position\":1,\"name\":\"Portada\",\"item\":\"https:\\\/\\\/canal7slp.tv\\\/2025\\\/\"},{\"@type\":\"ListItem\",\"position\":2,\"name\":\"Se extiende falla de las colonias Terremoto y La Esperanza\"}]},{\"@type\":\"WebSite\",\"@id\":\"https:\\\/\\\/canal7slp.tv\\\/2025\\\/#website\",\"url\":\"https:\\\/\\\/canal7slp.tv\\\/2025\\\/\",\"name\":\"N7 - Noticieros Canal 7\",\"description\":\"Somos el Medio\",\"publisher\":{\"@id\":\"https:\\\/\\\/canal7slp.tv\\\/2025\\\/#organization\"},\"potentialAction\":[{\"@type\":\"SearchAction\",\"target\":{\"@type\":\"EntryPoint\",\"urlTemplate\":\"https:\\\/\\\/canal7slp.tv\\\/2025\\\/?s={search_term_string}\"},\"query-input\":{\"@type\":\"PropertyValueSpecification\",\"valueRequired\":true,\"valueName\":\"search_term_string\"}}],\"inLanguage\":\"es\"},{\"@type\":\"Organization\",\"@id\":\"https:\\\/\\\/canal7slp.tv\\\/2025\\\/#organization\",\"name\":\"Noticieros Canal 7\",\"url\":\"https:\\\/\\\/canal7slp.tv\\\/2025\\\/\",\"logo\":{\"@type\":\"ImageObject\",\"inLanguage\":\"es\",\"@id\":\"https:\\\/\\\/canal7slp.tv\\\/2025\\\/#\\\/schema\\\/logo\\\/image\\\/\",\"url\":\"https:\\\/\\\/canal7slp.tv\\\/2025\\\/wp-content\\\/uploads\\\/2021\\\/01\\\/logo-noticieros@2x.png\",\"contentUrl\":\"https:\\\/\\\/canal7slp.tv\\\/2025\\\/wp-content\\\/uploads\\\/2021\\\/01\\\/logo-noticieros@2x.png\",\"width\":1017,\"height\":268,\"caption\":\"Noticieros Canal 7\"},\"image\":{\"@id\":\"https:\\\/\\\/canal7slp.tv\\\/2025\\\/#\\\/schema\\\/logo\\\/image\\\/\"},\"sameAs\":[\"https:\\\/\\\/www.facebook.com\\\/noticieroscanal7atencionciudadana\\\/\",\"https:\\\/\\\/x.com\\\/NOTICIEROS7\",\"https:\\\/\\\/www.instagram.com\\\/canal7_slp\",\"https:\\\/\\\/www.youtube.com\\\/channel\\\/UCliiYs-gP3JfJeqdPrNdd5A\"]},{\"@type\":\"Person\",\"@id\":\"https:\\\/\\\/canal7slp.tv\\\/2025\\\/#\\\/schema\\\/person\\\/1257e7e4a3d5ac29c4732733a887970d\",\"name\":\"admin\",\"image\":{\"@type\":\"ImageObject\",\"inLanguage\":\"es\",\"@id\":\"https:\\\/\\\/secure.gravatar.com\\\/avatar\\\/d1da498ea933582ecc2b5d72a4eac16ec41c3ec04cf2dc9d46e0b557dedfd5ff?s=96&d=mm&r=g\",\"url\":\"https:\\\/\\\/secure.gravatar.com\\\/avatar\\\/d1da498ea933582ecc2b5d72a4eac16ec41c3ec04cf2dc9d46e0b557dedfd5ff?s=96&d=mm&r=g\",\"contentUrl\":\"https:\\\/\\\/secure.gravatar.com\\\/avatar\\\/d1da498ea933582ecc2b5d72a4eac16ec41c3ec04cf2dc9d46e0b557dedfd5ff?s=96&d=mm&r=g\",\"caption\":\"admin\"},\"sameAs\":[\"https:\\\/\\\/canal7slp.tv\\\/2025\"],\"url\":\"https:\\\/\\\/canal7slp.tv\\\/2025\\\/author\\\/bicefalo\\\/\"}]}<\/script>\n<!-- \/ Yoast SEO plugin. -->","yoast_head_json":{"title":"Se extiende falla de las colonias Terremoto y La Esperanza - Canal 7 SLP - 2025","robots":{"index":"index","follow":"follow","max-snippet":"max-snippet:-1","max-image-preview":"max-image-preview:large","max-video-preview":"max-video-preview:-1"},"canonical":"https:\/\/canal7slp.tv\/2025\/se-extiende-falla-de-las-colonias-terremoto-y-la-esperanza\/","og_locale":"es_ES","og_type":"article","og_title":"Se extiende falla de las colonias Terremoto y La Esperanza - Canal 7 SLP - 2025","og_description":"AUTOR: CLAUDIO IBARRA SE ACENT\u00daA FALLA GEOL\u00d3GICA EN LAS COLONIAS TERREMOTO Y LA ESPERANZA La falla geol\u00f3gica que se ha registrado en las colonias Terremoto y La Esperanza al norte de la ciudad se ha acrecentado de manera evidente, inform\u00f3 el director de Protecci\u00f3n Civil municipal al decir que no se tiene conocimiento certero hasta donde pudiera continuar. ADRI\u00c1N CORT\u00c1ZAR Dir. de Protecci\u00f3n Civil Mpal. SLP El funcionario coment\u00f3 que en coordinaci\u00f3n con el Instituto de Geolog\u00eda de la Universidad Auton\u00f3ma de San Luis Potos\u00ed, se ha dado seguimiento a este fen\u00f3meno natural, al decir que junto con acad\u00e9micos especialistas [&hellip;]","og_url":"https:\/\/canal7slp.tv\/2025\/se-extiende-falla-de-las-colonias-terremoto-y-la-esperanza\/","og_site_name":"Canal 7 SLP - 2025","article_publisher":"https:\/\/www.facebook.com\/noticieroscanal7atencionciudadana\/","article_published_time":"2025-08-26T02:34:48+00:00","article_modified_time":"2025-08-26T06:54:55+00:00","og_image":[{"width":873,"height":492,"url":"https:\/\/canal7slp.tv\/2025\/wp-content\/uploads\/2025\/08\/08.jpeg","type":"image\/jpeg"}],"author":"admin","twitter_card":"summary_large_image","twitter_creator":"@NOTICIEROS7","twitter_site":"@NOTICIEROS7","twitter_misc":{"Escrito por":"admin","Tiempo de lectura":"1 minuto"},"schema":{"@context":"https:\/\/schema.org","@graph":[{"@type":"Article","@id":"https:\/\/canal7slp.tv\/2025\/se-extiende-falla-de-las-colonias-terremoto-y-la-esperanza\/#article","isPartOf":{"@id":"https:\/\/canal7slp.tv\/2025\/se-extiende-falla-de-las-colonias-terremoto-y-la-esperanza\/"},"author":{"name":"admin","@id":"https:\/\/canal7slp.tv\/2025\/#\/schema\/person\/1257e7e4a3d5ac29c4732733a887970d"},"headline":"Se extiende falla de las colonias Terremoto y La Esperanza","datePublished":"2025-08-26T02:34:48+00:00","dateModified":"2025-08-26T06:54:55+00:00","mainEntityOfPage":{"@id":"https:\/\/canal7slp.tv\/2025\/se-extiende-falla-de-las-colonias-terremoto-y-la-esperanza\/"},"wordCount":188,"publisher":{"@id":"https:\/\/canal7slp.tv\/2025\/#organization"},"image":{"@id":"https:\/\/canal7slp.tv\/2025\/se-extiende-falla-de-las-colonias-terremoto-y-la-esperanza\/#primaryimage"},"thumbnailUrl":"https:\/\/canal7slp.tv\/2025\/wp-content\/uploads\/2025\/08\/08.jpeg","articleSection":["DESTACADAS","LOCALES Y REGIONALES"],"inLanguage":"es"},{"@type":"WebPage","@id":"https:\/\/canal7slp.tv\/2025\/se-extiende-falla-de-las-colonias-terremoto-y-la-esperanza\/","url":"https:\/\/canal7slp.tv\/2025\/se-extiende-falla-de-las-colonias-terremoto-y-la-esperanza\/","name":"Se extiende falla de las colonias Terremoto y La Esperanza - Canal 7 SLP - 2025","isPartOf":{"@id":"https:\/\/canal7slp.tv\/2025\/#website"},"primaryImageOfPage":{"@id":"https:\/\/canal7slp.tv\/2025\/se-extiende-falla-de-las-colonias-terremoto-y-la-esperanza\/#primaryimage"},"image":{"@id":"https:\/\/canal7slp.tv\/2025\/se-extiende-falla-de-las-colonias-terremoto-y-la-esperanza\/#primaryimage"},"thumbnailUrl":"https:\/\/canal7slp.tv\/2025\/wp-content\/uploads\/2025\/08\/08.jpeg","datePublished":"2025-08-26T02:34:48+00:00","dateModified":"2025-08-26T06:54:55+00:00","breadcrumb":{"@id":"https:\/\/canal7slp.tv\/2025\/se-extiende-falla-de-las-colonias-terremoto-y-la-esperanza\/#breadcrumb"},"inLanguage":"es","potentialAction":[{"@type":"ReadAction","target":["https:\/\/canal7slp.tv\/2025\/se-extiende-falla-de-las-colonias-terremoto-y-la-esperanza\/"]}]},{"@type":"ImageObject","inLanguage":"es","@id":"https:\/\/canal7slp.tv\/2025\/se-extiende-falla-de-las-colonias-terremoto-y-la-esperanza\/#primaryimage","url":"https:\/\/canal7slp.tv\/2025\/wp-content\/uploads\/2025\/08\/08.jpeg","contentUrl":"https:\/\/canal7slp.tv\/2025\/wp-content\/uploads\/2025\/08\/08.jpeg","width":873,"height":492},{"@type":"BreadcrumbList","@id":"https:\/\/canal7slp.tv\/2025\/se-extiende-falla-de-las-colonias-terremoto-y-la-esperanza\/#breadcrumb","itemListElement":[{"@type":"ListItem","position":1,"name":"Portada","item":"https:\/\/canal7slp.tv\/2025\/"},{"@type":"ListItem","position":2,"name":"Se extiende falla de las colonias Terremoto y La Esperanza"}]},{"@type":"WebSite","@id":"https:\/\/canal7slp.tv\/2025\/#website","url":"https:\/\/canal7slp.tv\/2025\/","name":"N7 - Noticieros Canal 7","description":"Somos el Medio","publisher":{"@id":"https:\/\/canal7slp.tv\/2025\/#organization"},"potentialAction":[{"@type":"SearchAction","target":{"@type":"EntryPoint","urlTemplate":"https:\/\/canal7slp.tv\/2025\/?s={search_term_string}"},"query-input":{"@type":"PropertyValueSpecification","valueRequired":true,"valueName":"search_term_string"}}],"inLanguage":"es"},{"@type":"Organization","@id":"https:\/\/canal7slp.tv\/2025\/#organization","name":"Noticieros Canal 7","url":"https:\/\/canal7slp.tv\/2025\/","logo":{"@type":"ImageObject","inLanguage":"es","@id":"https:\/\/canal7slp.tv\/2025\/#\/schema\/logo\/image\/","url":"https:\/\/canal7slp.tv\/2025\/wp-content\/uploads\/2021\/01\/logo-noticieros@2x.png","contentUrl":"https:\/\/canal7slp.tv\/2025\/wp-content\/uploads\/2021\/01\/logo-noticieros@2x.png","width":1017,"height":268,"caption":"Noticieros Canal 7"},"image":{"@id":"https:\/\/canal7slp.tv\/2025\/#\/schema\/logo\/image\/"},"sameAs":["https:\/\/www.facebook.com\/noticieroscanal7atencionciudadana\/","https:\/\/x.com\/NOTICIEROS7","https:\/\/www.instagram.com\/canal7_slp","https:\/\/www.youtube.com\/channel\/UCliiYs-gP3JfJeqdPrNdd5A"]},{"@type":"Person","@id":"https:\/\/canal7slp.tv\/2025\/#\/schema\/person\/1257e7e4a3d5ac29c4732733a887970d","name":"admin","image":{"@type":"ImageObject","inLanguage":"es","@id":"https:\/\/secure.gravatar.com\/avatar\/d1da498ea933582ecc2b5d72a4eac16ec41c3ec04cf2dc9d46e0b557dedfd5ff?s=96&d=mm&r=g","url":"https:\/\/secure.gravatar.com\/avatar\/d1da498ea933582ecc2b5d72a4eac16ec41c3ec04cf2dc9d46e0b557dedfd5ff?s=96&d=mm&r=g","contentUrl":"https:\/\/secure.gravatar.com\/avatar\/d1da498ea933582ecc2b5d72a4eac16ec41c3ec04cf2dc9d46e0b557dedfd5ff?s=96&d=mm&r=g","caption":"admin"},"sameAs":["https:\/\/canal7slp.tv\/2025"],"url":"https:\/\/canal7slp.tv\/2025\/author\/bicefalo\/"}]}},"_links":{"self":[{"href":"https:\/\/canal7slp.tv\/2025\/wp-json\/wp\/v2\/posts\/177630","targetHints":{"allow":["GET"]}}],"collection":[{"href":"https:\/\/canal7slp.tv\/2025\/wp-json\/wp\/v2\/posts"}],"about":[{"href":"https:\/\/canal7slp.tv\/2025\/wp-json\/wp\/v2\/types\/post"}],"author":[{"embeddable":true,"href":"https:\/\/canal7slp.tv\/2025\/wp-json\/wp\/v2\/users\/1"}],"replies":[{"embeddable":true,"href":"https:\/\/canal7slp.tv\/2025\/wp-json\/wp\/v2\/comments?post=177630"}],"version-history":[{"count":1,"href":"https:\/\/canal7slp.tv\/2025\/wp-json\/wp\/v2\/posts\/177630\/revisions"}],"predecessor-version":[{"id":177632,"href":"https:\/\/canal7slp.tv\/2025\/wp-json\/wp\/v2\/posts\/177630\/revisions\/177632"}],"wp:featuredmedia":[{"embeddable":true,"href":"https:\/\/canal7slp.tv\/2025\/wp-json\/wp\/v2\/media\/177631"}],"wp:attachment":[{"href":"https:\/\/canal7slp.tv\/2025\/wp-json\/wp\/v2\/media?parent=177630"}],"wp:term":[{"taxonomy":"category","embeddable":true,"href":"https:\/\/canal7slp.tv\/2025\/wp-json\/wp\/v2\/categories?post=177630"},{"taxonomy":"post_tag","embeddable":true,"href":"https:\/\/canal7slp.tv\/2025\/wp-json\/wp\/v2\/tags?post=177630"}],"curies":[{"name":"wp","href":"https:\/\/api.w.org\/{rel}","templated":true}]}}