{"id":177622,"date":"2025-08-25T20:23:45","date_gmt":"2025-08-26T02:23:45","guid":{"rendered":"https:\/\/canal7slp.tv\/2025\/?p=177622"},"modified":"2025-08-26T00:54:55","modified_gmt":"2025-08-26T06:54:55","slug":"buscan-interponer-amparo-colectivo-contra-la-ley-espia","status":"publish","type":"post","link":"https:\/\/canal7slp.tv\/2025\/buscan-interponer-amparo-colectivo-contra-la-ley-espia\/","title":{"rendered":"Buscan interponer amparo colectivo contra la \u00abLey Esp\u00eda\u00bb"},"content":{"rendered":"<p style=\"text-align: justify;\">Este domingo la organizaci\u00f3n \u201cPotosinos con Valor\u201d inici\u00f3 una recolecci\u00f3n de firmas para presentar un amparo colectivo contra la nueva Ley de Telecomunicaciones, conocida como \u201cley Esp\u00eda\u201d.<\/p>\n<p style=\"text-align: justify;\">Sin embargo, el empresario Alberto Narv\u00e1ez Arochi, integrante de esta asociaci\u00f3n civil reconoci\u00f3 que hubo baja participaci\u00f3n de la ciudadan\u00eda, al decir que a pesar de ello insistir\u00e1n en que se derogue esta ley.<\/p>\n<p style=\"text-align: justify;\">Coment\u00f3 que se est\u00e1 apoyando a la poblaci\u00f3n para quienes quieran ampararse en contra de esta ley al se\u00f1alar que con ella, se puede acceder a la geolocalizaci\u00f3n de las personas, a sus tel\u00e9fonos personales y a datos biom\u00e9tricos que afectan su privacidad.<\/p>\n<p style=\"text-align: justify;\">\n","protected":false},"excerpt":{"rendered":"<p>Este domingo la organizaci\u00f3n \u201cPotosinos con Valor\u201d inici\u00f3 una recolecci\u00f3n de firmas para presentar un amparo colectivo contra la nueva Ley de Telecomunicaciones, conocida como \u201cley Esp\u00eda\u201d. Sin embargo, el empresario Alberto Narv\u00e1ez Arochi, integrante de esta asociaci\u00f3n civil reconoci\u00f3 que hubo baja participaci\u00f3n de la ciudadan\u00eda, al decir que a pesar de ello insistir\u00e1n en que se derogue esta ley. Coment\u00f3 que se est\u00e1 apoyando a la poblaci\u00f3n para quienes quieran ampararse en contra de esta ley al se\u00f1alar que con ella, se puede acceder a la geolocalizaci\u00f3n de las personas, a sus tel\u00e9fonos personales y a datos biom\u00e9tricos [&hellip;]<\/p>\n","protected":false},"author":1,"featured_media":177623,"comment_status":"closed","ping_status":"closed","sticky":false,"template":"","format":"video","meta":{"_monsterinsights_skip_tracking":false,"_monsterinsights_sitenote_active":false,"_monsterinsights_sitenote_note":"","_monsterinsights_sitenote_category":0,"footnotes":""},"categories":[5,45],"tags":[],"class_list":["post-177622","post","type-post","status-publish","format-video","has-post-thumbnail","hentry","category-destacadas","category-localesyregionales","post_format-post-format-video","post--single"],"yoast_head":"<!-- This site is optimized with the Yoast SEO plugin v27.5 - https:\/\/yoast.com\/product\/yoast-seo-wordpress\/ -->\n<title>Buscan interponer amparo colectivo contra la &quot;Ley Esp\u00eda&quot; - Canal 7 SLP - 2025<\/title>\n<meta name=\"robots\" content=\"index, follow, max-snippet:-1, max-image-preview:large, max-video-preview:-1\" \/>\n<link rel=\"canonical\" href=\"https:\/\/canal7slp.tv\/2025\/buscan-interponer-amparo-colectivo-contra-la-ley-espia\/\" \/>\n<meta property=\"og:locale\" content=\"es_ES\" \/>\n<meta property=\"og:type\" content=\"article\" \/>\n<meta property=\"og:title\" content=\"Buscan interponer amparo colectivo contra la &quot;Ley Esp\u00eda&quot; - Canal 7 SLP - 2025\" \/>\n<meta property=\"og:description\" content=\"Este domingo la organizaci\u00f3n \u201cPotosinos con Valor\u201d inici\u00f3 una recolecci\u00f3n de firmas para presentar un amparo colectivo contra la nueva Ley de Telecomunicaciones, conocida como \u201cley Esp\u00eda\u201d. Sin embargo, el empresario Alberto Narv\u00e1ez Arochi, integrante de esta asociaci\u00f3n civil reconoci\u00f3 que hubo baja participaci\u00f3n de la ciudadan\u00eda, al decir que a pesar de ello insistir\u00e1n en que se derogue esta ley. Coment\u00f3 que se est\u00e1 apoyando a la poblaci\u00f3n para quienes quieran ampararse en contra de esta ley al se\u00f1alar que con ella, se puede acceder a la geolocalizaci\u00f3n de las personas, a sus tel\u00e9fonos personales y a datos biom\u00e9tricos [&hellip;]\" \/>\n<meta property=\"og:url\" content=\"https:\/\/canal7slp.tv\/2025\/buscan-interponer-amparo-colectivo-contra-la-ley-espia\/\" \/>\n<meta property=\"og:site_name\" content=\"Canal 7 SLP - 2025\" \/>\n<meta property=\"article:publisher\" content=\"https:\/\/www.facebook.com\/noticieroscanal7atencionciudadana\/\" \/>\n<meta property=\"article:published_time\" content=\"2025-08-26T02:23:45+00:00\" \/>\n<meta property=\"article:modified_time\" content=\"2025-08-26T06:54:55+00:00\" \/>\n<meta property=\"og:image\" content=\"https:\/\/canal7slp.tv\/2025\/wp-content\/uploads\/2025\/08\/05.jpeg\" \/>\n\t<meta property=\"og:image:width\" content=\"877\" \/>\n\t<meta property=\"og:image:height\" content=\"486\" \/>\n\t<meta property=\"og:image:type\" content=\"image\/jpeg\" \/>\n<meta name=\"author\" content=\"admin\" \/>\n<meta name=\"twitter:card\" content=\"summary_large_image\" \/>\n<meta name=\"twitter:creator\" content=\"@NOTICIEROS7\" \/>\n<meta name=\"twitter:site\" content=\"@NOTICIEROS7\" \/>\n<meta name=\"twitter:label1\" content=\"Escrito por\" \/>\n\t<meta name=\"twitter:data1\" content=\"admin\" \/>\n\t<meta name=\"twitter:label2\" content=\"Tiempo de lectura\" \/>\n\t<meta name=\"twitter:data2\" content=\"1 minuto\" \/>\n<script type=\"application\/ld+json\" class=\"yoast-schema-graph\">{\"@context\":\"https:\\\/\\\/schema.org\",\"@graph\":[{\"@type\":\"Article\",\"@id\":\"https:\\\/\\\/canal7slp.tv\\\/2025\\\/buscan-interponer-amparo-colectivo-contra-la-ley-espia\\\/#article\",\"isPartOf\":{\"@id\":\"https:\\\/\\\/canal7slp.tv\\\/2025\\\/buscan-interponer-amparo-colectivo-contra-la-ley-espia\\\/\"},\"author\":{\"name\":\"admin\",\"@id\":\"https:\\\/\\\/canal7slp.tv\\\/2025\\\/#\\\/schema\\\/person\\\/1257e7e4a3d5ac29c4732733a887970d\"},\"headline\":\"Buscan interponer amparo colectivo contra la \u00abLey Esp\u00eda\u00bb\",\"datePublished\":\"2025-08-26T02:23:45+00:00\",\"dateModified\":\"2025-08-26T06:54:55+00:00\",\"mainEntityOfPage\":{\"@id\":\"https:\\\/\\\/canal7slp.tv\\\/2025\\\/buscan-interponer-amparo-colectivo-contra-la-ley-espia\\\/\"},\"wordCount\":126,\"publisher\":{\"@id\":\"https:\\\/\\\/canal7slp.tv\\\/2025\\\/#organization\"},\"image\":{\"@id\":\"https:\\\/\\\/canal7slp.tv\\\/2025\\\/buscan-interponer-amparo-colectivo-contra-la-ley-espia\\\/#primaryimage\"},\"thumbnailUrl\":\"https:\\\/\\\/canal7slp.tv\\\/2025\\\/wp-content\\\/uploads\\\/2025\\\/08\\\/05.jpeg\",\"articleSection\":[\"DESTACADAS\",\"LOCALES Y REGIONALES\"],\"inLanguage\":\"es\"},{\"@type\":\"WebPage\",\"@id\":\"https:\\\/\\\/canal7slp.tv\\\/2025\\\/buscan-interponer-amparo-colectivo-contra-la-ley-espia\\\/\",\"url\":\"https:\\\/\\\/canal7slp.tv\\\/2025\\\/buscan-interponer-amparo-colectivo-contra-la-ley-espia\\\/\",\"name\":\"Buscan interponer amparo colectivo contra la \\\"Ley Esp\u00eda\\\" - Canal 7 SLP - 2025\",\"isPartOf\":{\"@id\":\"https:\\\/\\\/canal7slp.tv\\\/2025\\\/#website\"},\"primaryImageOfPage\":{\"@id\":\"https:\\\/\\\/canal7slp.tv\\\/2025\\\/buscan-interponer-amparo-colectivo-contra-la-ley-espia\\\/#primaryimage\"},\"image\":{\"@id\":\"https:\\\/\\\/canal7slp.tv\\\/2025\\\/buscan-interponer-amparo-colectivo-contra-la-ley-espia\\\/#primaryimage\"},\"thumbnailUrl\":\"https:\\\/\\\/canal7slp.tv\\\/2025\\\/wp-content\\\/uploads\\\/2025\\\/08\\\/05.jpeg\",\"datePublished\":\"2025-08-26T02:23:45+00:00\",\"dateModified\":\"2025-08-26T06:54:55+00:00\",\"breadcrumb\":{\"@id\":\"https:\\\/\\\/canal7slp.tv\\\/2025\\\/buscan-interponer-amparo-colectivo-contra-la-ley-espia\\\/#breadcrumb\"},\"inLanguage\":\"es\",\"potentialAction\":[{\"@type\":\"ReadAction\",\"target\":[\"https:\\\/\\\/canal7slp.tv\\\/2025\\\/buscan-interponer-amparo-colectivo-contra-la-ley-espia\\\/\"]}]},{\"@type\":\"ImageObject\",\"inLanguage\":\"es\",\"@id\":\"https:\\\/\\\/canal7slp.tv\\\/2025\\\/buscan-interponer-amparo-colectivo-contra-la-ley-espia\\\/#primaryimage\",\"url\":\"https:\\\/\\\/canal7slp.tv\\\/2025\\\/wp-content\\\/uploads\\\/2025\\\/08\\\/05.jpeg\",\"contentUrl\":\"https:\\\/\\\/canal7slp.tv\\\/2025\\\/wp-content\\\/uploads\\\/2025\\\/08\\\/05.jpeg\",\"width\":877,\"height\":486},{\"@type\":\"BreadcrumbList\",\"@id\":\"https:\\\/\\\/canal7slp.tv\\\/2025\\\/buscan-interponer-amparo-colectivo-contra-la-ley-espia\\\/#breadcrumb\",\"itemListElement\":[{\"@type\":\"ListItem\",\"position\":1,\"name\":\"Portada\",\"item\":\"https:\\\/\\\/canal7slp.tv\\\/2025\\\/\"},{\"@type\":\"ListItem\",\"position\":2,\"name\":\"Buscan interponer amparo colectivo contra la \u00abLey Esp\u00eda\u00bb\"}]},{\"@type\":\"WebSite\",\"@id\":\"https:\\\/\\\/canal7slp.tv\\\/2025\\\/#website\",\"url\":\"https:\\\/\\\/canal7slp.tv\\\/2025\\\/\",\"name\":\"N7 - Noticieros Canal 7\",\"description\":\"Somos el Medio\",\"publisher\":{\"@id\":\"https:\\\/\\\/canal7slp.tv\\\/2025\\\/#organization\"},\"potentialAction\":[{\"@type\":\"SearchAction\",\"target\":{\"@type\":\"EntryPoint\",\"urlTemplate\":\"https:\\\/\\\/canal7slp.tv\\\/2025\\\/?s={search_term_string}\"},\"query-input\":{\"@type\":\"PropertyValueSpecification\",\"valueRequired\":true,\"valueName\":\"search_term_string\"}}],\"inLanguage\":\"es\"},{\"@type\":\"Organization\",\"@id\":\"https:\\\/\\\/canal7slp.tv\\\/2025\\\/#organization\",\"name\":\"Noticieros Canal 7\",\"url\":\"https:\\\/\\\/canal7slp.tv\\\/2025\\\/\",\"logo\":{\"@type\":\"ImageObject\",\"inLanguage\":\"es\",\"@id\":\"https:\\\/\\\/canal7slp.tv\\\/2025\\\/#\\\/schema\\\/logo\\\/image\\\/\",\"url\":\"https:\\\/\\\/canal7slp.tv\\\/2025\\\/wp-content\\\/uploads\\\/2021\\\/01\\\/logo-noticieros@2x.png\",\"contentUrl\":\"https:\\\/\\\/canal7slp.tv\\\/2025\\\/wp-content\\\/uploads\\\/2021\\\/01\\\/logo-noticieros@2x.png\",\"width\":1017,\"height\":268,\"caption\":\"Noticieros Canal 7\"},\"image\":{\"@id\":\"https:\\\/\\\/canal7slp.tv\\\/2025\\\/#\\\/schema\\\/logo\\\/image\\\/\"},\"sameAs\":[\"https:\\\/\\\/www.facebook.com\\\/noticieroscanal7atencionciudadana\\\/\",\"https:\\\/\\\/x.com\\\/NOTICIEROS7\",\"https:\\\/\\\/www.instagram.com\\\/canal7_slp\",\"https:\\\/\\\/www.youtube.com\\\/channel\\\/UCliiYs-gP3JfJeqdPrNdd5A\"]},{\"@type\":\"Person\",\"@id\":\"https:\\\/\\\/canal7slp.tv\\\/2025\\\/#\\\/schema\\\/person\\\/1257e7e4a3d5ac29c4732733a887970d\",\"name\":\"admin\",\"image\":{\"@type\":\"ImageObject\",\"inLanguage\":\"es\",\"@id\":\"https:\\\/\\\/secure.gravatar.com\\\/avatar\\\/d1da498ea933582ecc2b5d72a4eac16ec41c3ec04cf2dc9d46e0b557dedfd5ff?s=96&d=mm&r=g\",\"url\":\"https:\\\/\\\/secure.gravatar.com\\\/avatar\\\/d1da498ea933582ecc2b5d72a4eac16ec41c3ec04cf2dc9d46e0b557dedfd5ff?s=96&d=mm&r=g\",\"contentUrl\":\"https:\\\/\\\/secure.gravatar.com\\\/avatar\\\/d1da498ea933582ecc2b5d72a4eac16ec41c3ec04cf2dc9d46e0b557dedfd5ff?s=96&d=mm&r=g\",\"caption\":\"admin\"},\"sameAs\":[\"https:\\\/\\\/canal7slp.tv\\\/2025\"],\"url\":\"https:\\\/\\\/canal7slp.tv\\\/2025\\\/author\\\/bicefalo\\\/\"}]}<\/script>\n<!-- \/ Yoast SEO plugin. -->","yoast_head_json":{"title":"Buscan interponer amparo colectivo contra la \"Ley Esp\u00eda\" - Canal 7 SLP - 2025","robots":{"index":"index","follow":"follow","max-snippet":"max-snippet:-1","max-image-preview":"max-image-preview:large","max-video-preview":"max-video-preview:-1"},"canonical":"https:\/\/canal7slp.tv\/2025\/buscan-interponer-amparo-colectivo-contra-la-ley-espia\/","og_locale":"es_ES","og_type":"article","og_title":"Buscan interponer amparo colectivo contra la \"Ley Esp\u00eda\" - Canal 7 SLP - 2025","og_description":"Este domingo la organizaci\u00f3n \u201cPotosinos con Valor\u201d inici\u00f3 una recolecci\u00f3n de firmas para presentar un amparo colectivo contra la nueva Ley de Telecomunicaciones, conocida como \u201cley Esp\u00eda\u201d. Sin embargo, el empresario Alberto Narv\u00e1ez Arochi, integrante de esta asociaci\u00f3n civil reconoci\u00f3 que hubo baja participaci\u00f3n de la ciudadan\u00eda, al decir que a pesar de ello insistir\u00e1n en que se derogue esta ley. Coment\u00f3 que se est\u00e1 apoyando a la poblaci\u00f3n para quienes quieran ampararse en contra de esta ley al se\u00f1alar que con ella, se puede acceder a la geolocalizaci\u00f3n de las personas, a sus tel\u00e9fonos personales y a datos biom\u00e9tricos [&hellip;]","og_url":"https:\/\/canal7slp.tv\/2025\/buscan-interponer-amparo-colectivo-contra-la-ley-espia\/","og_site_name":"Canal 7 SLP - 2025","article_publisher":"https:\/\/www.facebook.com\/noticieroscanal7atencionciudadana\/","article_published_time":"2025-08-26T02:23:45+00:00","article_modified_time":"2025-08-26T06:54:55+00:00","og_image":[{"width":877,"height":486,"url":"https:\/\/canal7slp.tv\/2025\/wp-content\/uploads\/2025\/08\/05.jpeg","type":"image\/jpeg"}],"author":"admin","twitter_card":"summary_large_image","twitter_creator":"@NOTICIEROS7","twitter_site":"@NOTICIEROS7","twitter_misc":{"Escrito por":"admin","Tiempo de lectura":"1 minuto"},"schema":{"@context":"https:\/\/schema.org","@graph":[{"@type":"Article","@id":"https:\/\/canal7slp.tv\/2025\/buscan-interponer-amparo-colectivo-contra-la-ley-espia\/#article","isPartOf":{"@id":"https:\/\/canal7slp.tv\/2025\/buscan-interponer-amparo-colectivo-contra-la-ley-espia\/"},"author":{"name":"admin","@id":"https:\/\/canal7slp.tv\/2025\/#\/schema\/person\/1257e7e4a3d5ac29c4732733a887970d"},"headline":"Buscan interponer amparo colectivo contra la \u00abLey Esp\u00eda\u00bb","datePublished":"2025-08-26T02:23:45+00:00","dateModified":"2025-08-26T06:54:55+00:00","mainEntityOfPage":{"@id":"https:\/\/canal7slp.tv\/2025\/buscan-interponer-amparo-colectivo-contra-la-ley-espia\/"},"wordCount":126,"publisher":{"@id":"https:\/\/canal7slp.tv\/2025\/#organization"},"image":{"@id":"https:\/\/canal7slp.tv\/2025\/buscan-interponer-amparo-colectivo-contra-la-ley-espia\/#primaryimage"},"thumbnailUrl":"https:\/\/canal7slp.tv\/2025\/wp-content\/uploads\/2025\/08\/05.jpeg","articleSection":["DESTACADAS","LOCALES Y REGIONALES"],"inLanguage":"es"},{"@type":"WebPage","@id":"https:\/\/canal7slp.tv\/2025\/buscan-interponer-amparo-colectivo-contra-la-ley-espia\/","url":"https:\/\/canal7slp.tv\/2025\/buscan-interponer-amparo-colectivo-contra-la-ley-espia\/","name":"Buscan interponer amparo colectivo contra la \"Ley Esp\u00eda\" - Canal 7 SLP - 2025","isPartOf":{"@id":"https:\/\/canal7slp.tv\/2025\/#website"},"primaryImageOfPage":{"@id":"https:\/\/canal7slp.tv\/2025\/buscan-interponer-amparo-colectivo-contra-la-ley-espia\/#primaryimage"},"image":{"@id":"https:\/\/canal7slp.tv\/2025\/buscan-interponer-amparo-colectivo-contra-la-ley-espia\/#primaryimage"},"thumbnailUrl":"https:\/\/canal7slp.tv\/2025\/wp-content\/uploads\/2025\/08\/05.jpeg","datePublished":"2025-08-26T02:23:45+00:00","dateModified":"2025-08-26T06:54:55+00:00","breadcrumb":{"@id":"https:\/\/canal7slp.tv\/2025\/buscan-interponer-amparo-colectivo-contra-la-ley-espia\/#breadcrumb"},"inLanguage":"es","potentialAction":[{"@type":"ReadAction","target":["https:\/\/canal7slp.tv\/2025\/buscan-interponer-amparo-colectivo-contra-la-ley-espia\/"]}]},{"@type":"ImageObject","inLanguage":"es","@id":"https:\/\/canal7slp.tv\/2025\/buscan-interponer-amparo-colectivo-contra-la-ley-espia\/#primaryimage","url":"https:\/\/canal7slp.tv\/2025\/wp-content\/uploads\/2025\/08\/05.jpeg","contentUrl":"https:\/\/canal7slp.tv\/2025\/wp-content\/uploads\/2025\/08\/05.jpeg","width":877,"height":486},{"@type":"BreadcrumbList","@id":"https:\/\/canal7slp.tv\/2025\/buscan-interponer-amparo-colectivo-contra-la-ley-espia\/#breadcrumb","itemListElement":[{"@type":"ListItem","position":1,"name":"Portada","item":"https:\/\/canal7slp.tv\/2025\/"},{"@type":"ListItem","position":2,"name":"Buscan interponer amparo colectivo contra la \u00abLey Esp\u00eda\u00bb"}]},{"@type":"WebSite","@id":"https:\/\/canal7slp.tv\/2025\/#website","url":"https:\/\/canal7slp.tv\/2025\/","name":"N7 - Noticieros Canal 7","description":"Somos el Medio","publisher":{"@id":"https:\/\/canal7slp.tv\/2025\/#organization"},"potentialAction":[{"@type":"SearchAction","target":{"@type":"EntryPoint","urlTemplate":"https:\/\/canal7slp.tv\/2025\/?s={search_term_string}"},"query-input":{"@type":"PropertyValueSpecification","valueRequired":true,"valueName":"search_term_string"}}],"inLanguage":"es"},{"@type":"Organization","@id":"https:\/\/canal7slp.tv\/2025\/#organization","name":"Noticieros Canal 7","url":"https:\/\/canal7slp.tv\/2025\/","logo":{"@type":"ImageObject","inLanguage":"es","@id":"https:\/\/canal7slp.tv\/2025\/#\/schema\/logo\/image\/","url":"https:\/\/canal7slp.tv\/2025\/wp-content\/uploads\/2021\/01\/logo-noticieros@2x.png","contentUrl":"https:\/\/canal7slp.tv\/2025\/wp-content\/uploads\/2021\/01\/logo-noticieros@2x.png","width":1017,"height":268,"caption":"Noticieros Canal 7"},"image":{"@id":"https:\/\/canal7slp.tv\/2025\/#\/schema\/logo\/image\/"},"sameAs":["https:\/\/www.facebook.com\/noticieroscanal7atencionciudadana\/","https:\/\/x.com\/NOTICIEROS7","https:\/\/www.instagram.com\/canal7_slp","https:\/\/www.youtube.com\/channel\/UCliiYs-gP3JfJeqdPrNdd5A"]},{"@type":"Person","@id":"https:\/\/canal7slp.tv\/2025\/#\/schema\/person\/1257e7e4a3d5ac29c4732733a887970d","name":"admin","image":{"@type":"ImageObject","inLanguage":"es","@id":"https:\/\/secure.gravatar.com\/avatar\/d1da498ea933582ecc2b5d72a4eac16ec41c3ec04cf2dc9d46e0b557dedfd5ff?s=96&d=mm&r=g","url":"https:\/\/secure.gravatar.com\/avatar\/d1da498ea933582ecc2b5d72a4eac16ec41c3ec04cf2dc9d46e0b557dedfd5ff?s=96&d=mm&r=g","contentUrl":"https:\/\/secure.gravatar.com\/avatar\/d1da498ea933582ecc2b5d72a4eac16ec41c3ec04cf2dc9d46e0b557dedfd5ff?s=96&d=mm&r=g","caption":"admin"},"sameAs":["https:\/\/canal7slp.tv\/2025"],"url":"https:\/\/canal7slp.tv\/2025\/author\/bicefalo\/"}]}},"_links":{"self":[{"href":"https:\/\/canal7slp.tv\/2025\/wp-json\/wp\/v2\/posts\/177622","targetHints":{"allow":["GET"]}}],"collection":[{"href":"https:\/\/canal7slp.tv\/2025\/wp-json\/wp\/v2\/posts"}],"about":[{"href":"https:\/\/canal7slp.tv\/2025\/wp-json\/wp\/v2\/types\/post"}],"author":[{"embeddable":true,"href":"https:\/\/canal7slp.tv\/2025\/wp-json\/wp\/v2\/users\/1"}],"replies":[{"embeddable":true,"href":"https:\/\/canal7slp.tv\/2025\/wp-json\/wp\/v2\/comments?post=177622"}],"version-history":[{"count":2,"href":"https:\/\/canal7slp.tv\/2025\/wp-json\/wp\/v2\/posts\/177622\/revisions"}],"predecessor-version":[{"id":177625,"href":"https:\/\/canal7slp.tv\/2025\/wp-json\/wp\/v2\/posts\/177622\/revisions\/177625"}],"wp:featuredmedia":[{"embeddable":true,"href":"https:\/\/canal7slp.tv\/2025\/wp-json\/wp\/v2\/media\/177623"}],"wp:attachment":[{"href":"https:\/\/canal7slp.tv\/2025\/wp-json\/wp\/v2\/media?parent=177622"}],"wp:term":[{"taxonomy":"category","embeddable":true,"href":"https:\/\/canal7slp.tv\/2025\/wp-json\/wp\/v2\/categories?post=177622"},{"taxonomy":"post_tag","embeddable":true,"href":"https:\/\/canal7slp.tv\/2025\/wp-json\/wp\/v2\/tags?post=177622"}],"curies":[{"name":"wp","href":"https:\/\/api.w.org\/{rel}","templated":true}]}}