{"id":177619,"date":"2025-08-25T20:20:05","date_gmt":"2025-08-26T02:20:05","guid":{"rendered":"https:\/\/canal7slp.tv\/2025\/?p=177619"},"modified":"2025-08-26T00:54:55","modified_gmt":"2025-08-26T06:54:55","slug":"conmemoran-a-san-luis-rey-de-francia","status":"publish","type":"post","link":"https:\/\/canal7slp.tv\/2025\/conmemoran-a-san-luis-rey-de-francia\/","title":{"rendered":"Conmemoran a San Luis Rey de Francia"},"content":{"rendered":"<p style=\"text-align: justify;\">San Luis Rey de Francia es una figura hist\u00f3rica y religiosa que desde hace m\u00e1s de cuatro siglos marca la identidad de la capital potosina y como lo dijo el padre Jes\u00fas Pi\u00f1a, es el patrono de todo el estado.<\/p>\n<p style=\"text-align: justify;\">Cabe se\u00f1alar que a diferencia de otros estados cuyo nombre tiene ra\u00edz ind\u00edgena San Luis Potos\u00ed recibi\u00f3 una identidad, marcada directamente por la herencia europea y cat\u00f3lica.<\/p>\n<p style=\"text-align: justify;\">En la Catedral Metropolitana se lleva a cabo una misa solemne a las 12 del d\u00eda presidida por el Arzobispo Jorge Alberto Cavazos Arizpe.<br \/>\nJES\u00daS PI\u00d1A<br \/>\nSacerdote<\/p>\n<p style=\"text-align: justify;\">Adem\u00e1s, no solo cada 25 de Agosto se recuerda a San Luis Rey de Francia en los altares y plazas sino que tambi\u00e9n la Feria Nacional Potosina se lleva a cabo en este mes, como parte de este homenaje al santo patrono.<\/p>\n<p style=\"text-align: justify;\">Igualmente, en la Universidad Aut\u00f3noma se suspenden las clases y los trabajadores del municipio capitalino y bur\u00f3cratas estatales no trabajan en esta fecha.<\/p>\n","protected":false},"excerpt":{"rendered":"<p>San Luis Rey de Francia es una figura hist\u00f3rica y religiosa que desde hace m\u00e1s de cuatro siglos marca la identidad de la capital potosina y como lo dijo el padre Jes\u00fas Pi\u00f1a, es el patrono de todo el estado. Cabe se\u00f1alar que a diferencia de otros estados cuyo nombre tiene ra\u00edz ind\u00edgena San Luis Potos\u00ed recibi\u00f3 una identidad, marcada directamente por la herencia europea y cat\u00f3lica. En la Catedral Metropolitana se lleva a cabo una misa solemne a las 12 del d\u00eda presidida por el Arzobispo Jorge Alberto Cavazos Arizpe. JES\u00daS PI\u00d1A Sacerdote Adem\u00e1s, no solo cada 25 de [&hellip;]<\/p>\n","protected":false},"author":1,"featured_media":177620,"comment_status":"closed","ping_status":"closed","sticky":false,"template":"","format":"video","meta":{"_monsterinsights_skip_tracking":false,"_monsterinsights_sitenote_active":false,"_monsterinsights_sitenote_note":"","_monsterinsights_sitenote_category":0,"footnotes":""},"categories":[5,45],"tags":[],"class_list":["post-177619","post","type-post","status-publish","format-video","has-post-thumbnail","hentry","category-destacadas","category-localesyregionales","post_format-post-format-video","post--single"],"yoast_head":"<!-- This site is optimized with the Yoast SEO plugin v27.5 - https:\/\/yoast.com\/product\/yoast-seo-wordpress\/ -->\n<title>Conmemoran a San Luis Rey de Francia - Canal 7 SLP - 2025<\/title>\n<meta name=\"robots\" content=\"index, follow, max-snippet:-1, max-image-preview:large, max-video-preview:-1\" \/>\n<link rel=\"canonical\" href=\"https:\/\/canal7slp.tv\/2025\/conmemoran-a-san-luis-rey-de-francia\/\" \/>\n<meta property=\"og:locale\" content=\"es_ES\" \/>\n<meta property=\"og:type\" content=\"article\" \/>\n<meta property=\"og:title\" content=\"Conmemoran a San Luis Rey de Francia - Canal 7 SLP - 2025\" \/>\n<meta property=\"og:description\" content=\"San Luis Rey de Francia es una figura hist\u00f3rica y religiosa que desde hace m\u00e1s de cuatro siglos marca la identidad de la capital potosina y como lo dijo el padre Jes\u00fas Pi\u00f1a, es el patrono de todo el estado. Cabe se\u00f1alar que a diferencia de otros estados cuyo nombre tiene ra\u00edz ind\u00edgena San Luis Potos\u00ed recibi\u00f3 una identidad, marcada directamente por la herencia europea y cat\u00f3lica. En la Catedral Metropolitana se lleva a cabo una misa solemne a las 12 del d\u00eda presidida por el Arzobispo Jorge Alberto Cavazos Arizpe. JES\u00daS PI\u00d1A Sacerdote Adem\u00e1s, no solo cada 25 de [&hellip;]\" \/>\n<meta property=\"og:url\" content=\"https:\/\/canal7slp.tv\/2025\/conmemoran-a-san-luis-rey-de-francia\/\" \/>\n<meta property=\"og:site_name\" content=\"Canal 7 SLP - 2025\" \/>\n<meta property=\"article:publisher\" content=\"https:\/\/www.facebook.com\/noticieroscanal7atencionciudadana\/\" \/>\n<meta property=\"article:published_time\" content=\"2025-08-26T02:20:05+00:00\" \/>\n<meta property=\"article:modified_time\" content=\"2025-08-26T06:54:55+00:00\" \/>\n<meta property=\"og:image\" content=\"https:\/\/canal7slp.tv\/2025\/wp-content\/uploads\/2025\/08\/04.jpeg\" \/>\n\t<meta property=\"og:image:width\" content=\"908\" \/>\n\t<meta property=\"og:image:height\" content=\"512\" \/>\n\t<meta property=\"og:image:type\" content=\"image\/jpeg\" \/>\n<meta name=\"author\" content=\"admin\" \/>\n<meta name=\"twitter:card\" content=\"summary_large_image\" \/>\n<meta name=\"twitter:creator\" content=\"@NOTICIEROS7\" \/>\n<meta name=\"twitter:site\" content=\"@NOTICIEROS7\" \/>\n<meta name=\"twitter:label1\" content=\"Escrito por\" \/>\n\t<meta name=\"twitter:data1\" content=\"admin\" \/>\n\t<meta name=\"twitter:label2\" content=\"Tiempo de lectura\" \/>\n\t<meta name=\"twitter:data2\" content=\"1 minuto\" \/>\n<script type=\"application\/ld+json\" class=\"yoast-schema-graph\">{\"@context\":\"https:\\\/\\\/schema.org\",\"@graph\":[{\"@type\":\"Article\",\"@id\":\"https:\\\/\\\/canal7slp.tv\\\/2025\\\/conmemoran-a-san-luis-rey-de-francia\\\/#article\",\"isPartOf\":{\"@id\":\"https:\\\/\\\/canal7slp.tv\\\/2025\\\/conmemoran-a-san-luis-rey-de-francia\\\/\"},\"author\":{\"name\":\"admin\",\"@id\":\"https:\\\/\\\/canal7slp.tv\\\/2025\\\/#\\\/schema\\\/person\\\/1257e7e4a3d5ac29c4732733a887970d\"},\"headline\":\"Conmemoran a San Luis Rey de Francia\",\"datePublished\":\"2025-08-26T02:20:05+00:00\",\"dateModified\":\"2025-08-26T06:54:55+00:00\",\"mainEntityOfPage\":{\"@id\":\"https:\\\/\\\/canal7slp.tv\\\/2025\\\/conmemoran-a-san-luis-rey-de-francia\\\/\"},\"wordCount\":179,\"publisher\":{\"@id\":\"https:\\\/\\\/canal7slp.tv\\\/2025\\\/#organization\"},\"image\":{\"@id\":\"https:\\\/\\\/canal7slp.tv\\\/2025\\\/conmemoran-a-san-luis-rey-de-francia\\\/#primaryimage\"},\"thumbnailUrl\":\"https:\\\/\\\/canal7slp.tv\\\/2025\\\/wp-content\\\/uploads\\\/2025\\\/08\\\/04.jpeg\",\"articleSection\":[\"DESTACADAS\",\"LOCALES Y REGIONALES\"],\"inLanguage\":\"es\"},{\"@type\":\"WebPage\",\"@id\":\"https:\\\/\\\/canal7slp.tv\\\/2025\\\/conmemoran-a-san-luis-rey-de-francia\\\/\",\"url\":\"https:\\\/\\\/canal7slp.tv\\\/2025\\\/conmemoran-a-san-luis-rey-de-francia\\\/\",\"name\":\"Conmemoran a San Luis Rey de Francia - Canal 7 SLP - 2025\",\"isPartOf\":{\"@id\":\"https:\\\/\\\/canal7slp.tv\\\/2025\\\/#website\"},\"primaryImageOfPage\":{\"@id\":\"https:\\\/\\\/canal7slp.tv\\\/2025\\\/conmemoran-a-san-luis-rey-de-francia\\\/#primaryimage\"},\"image\":{\"@id\":\"https:\\\/\\\/canal7slp.tv\\\/2025\\\/conmemoran-a-san-luis-rey-de-francia\\\/#primaryimage\"},\"thumbnailUrl\":\"https:\\\/\\\/canal7slp.tv\\\/2025\\\/wp-content\\\/uploads\\\/2025\\\/08\\\/04.jpeg\",\"datePublished\":\"2025-08-26T02:20:05+00:00\",\"dateModified\":\"2025-08-26T06:54:55+00:00\",\"breadcrumb\":{\"@id\":\"https:\\\/\\\/canal7slp.tv\\\/2025\\\/conmemoran-a-san-luis-rey-de-francia\\\/#breadcrumb\"},\"inLanguage\":\"es\",\"potentialAction\":[{\"@type\":\"ReadAction\",\"target\":[\"https:\\\/\\\/canal7slp.tv\\\/2025\\\/conmemoran-a-san-luis-rey-de-francia\\\/\"]}]},{\"@type\":\"ImageObject\",\"inLanguage\":\"es\",\"@id\":\"https:\\\/\\\/canal7slp.tv\\\/2025\\\/conmemoran-a-san-luis-rey-de-francia\\\/#primaryimage\",\"url\":\"https:\\\/\\\/canal7slp.tv\\\/2025\\\/wp-content\\\/uploads\\\/2025\\\/08\\\/04.jpeg\",\"contentUrl\":\"https:\\\/\\\/canal7slp.tv\\\/2025\\\/wp-content\\\/uploads\\\/2025\\\/08\\\/04.jpeg\",\"width\":908,\"height\":512},{\"@type\":\"BreadcrumbList\",\"@id\":\"https:\\\/\\\/canal7slp.tv\\\/2025\\\/conmemoran-a-san-luis-rey-de-francia\\\/#breadcrumb\",\"itemListElement\":[{\"@type\":\"ListItem\",\"position\":1,\"name\":\"Portada\",\"item\":\"https:\\\/\\\/canal7slp.tv\\\/2025\\\/\"},{\"@type\":\"ListItem\",\"position\":2,\"name\":\"Conmemoran a San Luis Rey de Francia\"}]},{\"@type\":\"WebSite\",\"@id\":\"https:\\\/\\\/canal7slp.tv\\\/2025\\\/#website\",\"url\":\"https:\\\/\\\/canal7slp.tv\\\/2025\\\/\",\"name\":\"N7 - Noticieros Canal 7\",\"description\":\"Somos el Medio\",\"publisher\":{\"@id\":\"https:\\\/\\\/canal7slp.tv\\\/2025\\\/#organization\"},\"potentialAction\":[{\"@type\":\"SearchAction\",\"target\":{\"@type\":\"EntryPoint\",\"urlTemplate\":\"https:\\\/\\\/canal7slp.tv\\\/2025\\\/?s={search_term_string}\"},\"query-input\":{\"@type\":\"PropertyValueSpecification\",\"valueRequired\":true,\"valueName\":\"search_term_string\"}}],\"inLanguage\":\"es\"},{\"@type\":\"Organization\",\"@id\":\"https:\\\/\\\/canal7slp.tv\\\/2025\\\/#organization\",\"name\":\"Noticieros Canal 7\",\"url\":\"https:\\\/\\\/canal7slp.tv\\\/2025\\\/\",\"logo\":{\"@type\":\"ImageObject\",\"inLanguage\":\"es\",\"@id\":\"https:\\\/\\\/canal7slp.tv\\\/2025\\\/#\\\/schema\\\/logo\\\/image\\\/\",\"url\":\"https:\\\/\\\/canal7slp.tv\\\/2025\\\/wp-content\\\/uploads\\\/2021\\\/01\\\/logo-noticieros@2x.png\",\"contentUrl\":\"https:\\\/\\\/canal7slp.tv\\\/2025\\\/wp-content\\\/uploads\\\/2021\\\/01\\\/logo-noticieros@2x.png\",\"width\":1017,\"height\":268,\"caption\":\"Noticieros Canal 7\"},\"image\":{\"@id\":\"https:\\\/\\\/canal7slp.tv\\\/2025\\\/#\\\/schema\\\/logo\\\/image\\\/\"},\"sameAs\":[\"https:\\\/\\\/www.facebook.com\\\/noticieroscanal7atencionciudadana\\\/\",\"https:\\\/\\\/x.com\\\/NOTICIEROS7\",\"https:\\\/\\\/www.instagram.com\\\/canal7_slp\",\"https:\\\/\\\/www.youtube.com\\\/channel\\\/UCliiYs-gP3JfJeqdPrNdd5A\"]},{\"@type\":\"Person\",\"@id\":\"https:\\\/\\\/canal7slp.tv\\\/2025\\\/#\\\/schema\\\/person\\\/1257e7e4a3d5ac29c4732733a887970d\",\"name\":\"admin\",\"image\":{\"@type\":\"ImageObject\",\"inLanguage\":\"es\",\"@id\":\"https:\\\/\\\/secure.gravatar.com\\\/avatar\\\/d1da498ea933582ecc2b5d72a4eac16ec41c3ec04cf2dc9d46e0b557dedfd5ff?s=96&d=mm&r=g\",\"url\":\"https:\\\/\\\/secure.gravatar.com\\\/avatar\\\/d1da498ea933582ecc2b5d72a4eac16ec41c3ec04cf2dc9d46e0b557dedfd5ff?s=96&d=mm&r=g\",\"contentUrl\":\"https:\\\/\\\/secure.gravatar.com\\\/avatar\\\/d1da498ea933582ecc2b5d72a4eac16ec41c3ec04cf2dc9d46e0b557dedfd5ff?s=96&d=mm&r=g\",\"caption\":\"admin\"},\"sameAs\":[\"https:\\\/\\\/canal7slp.tv\\\/2025\"],\"url\":\"https:\\\/\\\/canal7slp.tv\\\/2025\\\/author\\\/bicefalo\\\/\"}]}<\/script>\n<!-- \/ Yoast SEO plugin. -->","yoast_head_json":{"title":"Conmemoran a San Luis Rey de Francia - Canal 7 SLP - 2025","robots":{"index":"index","follow":"follow","max-snippet":"max-snippet:-1","max-image-preview":"max-image-preview:large","max-video-preview":"max-video-preview:-1"},"canonical":"https:\/\/canal7slp.tv\/2025\/conmemoran-a-san-luis-rey-de-francia\/","og_locale":"es_ES","og_type":"article","og_title":"Conmemoran a San Luis Rey de Francia - Canal 7 SLP - 2025","og_description":"San Luis Rey de Francia es una figura hist\u00f3rica y religiosa que desde hace m\u00e1s de cuatro siglos marca la identidad de la capital potosina y como lo dijo el padre Jes\u00fas Pi\u00f1a, es el patrono de todo el estado. Cabe se\u00f1alar que a diferencia de otros estados cuyo nombre tiene ra\u00edz ind\u00edgena San Luis Potos\u00ed recibi\u00f3 una identidad, marcada directamente por la herencia europea y cat\u00f3lica. En la Catedral Metropolitana se lleva a cabo una misa solemne a las 12 del d\u00eda presidida por el Arzobispo Jorge Alberto Cavazos Arizpe. JES\u00daS PI\u00d1A Sacerdote Adem\u00e1s, no solo cada 25 de [&hellip;]","og_url":"https:\/\/canal7slp.tv\/2025\/conmemoran-a-san-luis-rey-de-francia\/","og_site_name":"Canal 7 SLP - 2025","article_publisher":"https:\/\/www.facebook.com\/noticieroscanal7atencionciudadana\/","article_published_time":"2025-08-26T02:20:05+00:00","article_modified_time":"2025-08-26T06:54:55+00:00","og_image":[{"width":908,"height":512,"url":"https:\/\/canal7slp.tv\/2025\/wp-content\/uploads\/2025\/08\/04.jpeg","type":"image\/jpeg"}],"author":"admin","twitter_card":"summary_large_image","twitter_creator":"@NOTICIEROS7","twitter_site":"@NOTICIEROS7","twitter_misc":{"Escrito por":"admin","Tiempo de lectura":"1 minuto"},"schema":{"@context":"https:\/\/schema.org","@graph":[{"@type":"Article","@id":"https:\/\/canal7slp.tv\/2025\/conmemoran-a-san-luis-rey-de-francia\/#article","isPartOf":{"@id":"https:\/\/canal7slp.tv\/2025\/conmemoran-a-san-luis-rey-de-francia\/"},"author":{"name":"admin","@id":"https:\/\/canal7slp.tv\/2025\/#\/schema\/person\/1257e7e4a3d5ac29c4732733a887970d"},"headline":"Conmemoran a San Luis Rey de Francia","datePublished":"2025-08-26T02:20:05+00:00","dateModified":"2025-08-26T06:54:55+00:00","mainEntityOfPage":{"@id":"https:\/\/canal7slp.tv\/2025\/conmemoran-a-san-luis-rey-de-francia\/"},"wordCount":179,"publisher":{"@id":"https:\/\/canal7slp.tv\/2025\/#organization"},"image":{"@id":"https:\/\/canal7slp.tv\/2025\/conmemoran-a-san-luis-rey-de-francia\/#primaryimage"},"thumbnailUrl":"https:\/\/canal7slp.tv\/2025\/wp-content\/uploads\/2025\/08\/04.jpeg","articleSection":["DESTACADAS","LOCALES Y REGIONALES"],"inLanguage":"es"},{"@type":"WebPage","@id":"https:\/\/canal7slp.tv\/2025\/conmemoran-a-san-luis-rey-de-francia\/","url":"https:\/\/canal7slp.tv\/2025\/conmemoran-a-san-luis-rey-de-francia\/","name":"Conmemoran a San Luis Rey de Francia - Canal 7 SLP - 2025","isPartOf":{"@id":"https:\/\/canal7slp.tv\/2025\/#website"},"primaryImageOfPage":{"@id":"https:\/\/canal7slp.tv\/2025\/conmemoran-a-san-luis-rey-de-francia\/#primaryimage"},"image":{"@id":"https:\/\/canal7slp.tv\/2025\/conmemoran-a-san-luis-rey-de-francia\/#primaryimage"},"thumbnailUrl":"https:\/\/canal7slp.tv\/2025\/wp-content\/uploads\/2025\/08\/04.jpeg","datePublished":"2025-08-26T02:20:05+00:00","dateModified":"2025-08-26T06:54:55+00:00","breadcrumb":{"@id":"https:\/\/canal7slp.tv\/2025\/conmemoran-a-san-luis-rey-de-francia\/#breadcrumb"},"inLanguage":"es","potentialAction":[{"@type":"ReadAction","target":["https:\/\/canal7slp.tv\/2025\/conmemoran-a-san-luis-rey-de-francia\/"]}]},{"@type":"ImageObject","inLanguage":"es","@id":"https:\/\/canal7slp.tv\/2025\/conmemoran-a-san-luis-rey-de-francia\/#primaryimage","url":"https:\/\/canal7slp.tv\/2025\/wp-content\/uploads\/2025\/08\/04.jpeg","contentUrl":"https:\/\/canal7slp.tv\/2025\/wp-content\/uploads\/2025\/08\/04.jpeg","width":908,"height":512},{"@type":"BreadcrumbList","@id":"https:\/\/canal7slp.tv\/2025\/conmemoran-a-san-luis-rey-de-francia\/#breadcrumb","itemListElement":[{"@type":"ListItem","position":1,"name":"Portada","item":"https:\/\/canal7slp.tv\/2025\/"},{"@type":"ListItem","position":2,"name":"Conmemoran a San Luis Rey de Francia"}]},{"@type":"WebSite","@id":"https:\/\/canal7slp.tv\/2025\/#website","url":"https:\/\/canal7slp.tv\/2025\/","name":"N7 - Noticieros Canal 7","description":"Somos el Medio","publisher":{"@id":"https:\/\/canal7slp.tv\/2025\/#organization"},"potentialAction":[{"@type":"SearchAction","target":{"@type":"EntryPoint","urlTemplate":"https:\/\/canal7slp.tv\/2025\/?s={search_term_string}"},"query-input":{"@type":"PropertyValueSpecification","valueRequired":true,"valueName":"search_term_string"}}],"inLanguage":"es"},{"@type":"Organization","@id":"https:\/\/canal7slp.tv\/2025\/#organization","name":"Noticieros Canal 7","url":"https:\/\/canal7slp.tv\/2025\/","logo":{"@type":"ImageObject","inLanguage":"es","@id":"https:\/\/canal7slp.tv\/2025\/#\/schema\/logo\/image\/","url":"https:\/\/canal7slp.tv\/2025\/wp-content\/uploads\/2021\/01\/logo-noticieros@2x.png","contentUrl":"https:\/\/canal7slp.tv\/2025\/wp-content\/uploads\/2021\/01\/logo-noticieros@2x.png","width":1017,"height":268,"caption":"Noticieros Canal 7"},"image":{"@id":"https:\/\/canal7slp.tv\/2025\/#\/schema\/logo\/image\/"},"sameAs":["https:\/\/www.facebook.com\/noticieroscanal7atencionciudadana\/","https:\/\/x.com\/NOTICIEROS7","https:\/\/www.instagram.com\/canal7_slp","https:\/\/www.youtube.com\/channel\/UCliiYs-gP3JfJeqdPrNdd5A"]},{"@type":"Person","@id":"https:\/\/canal7slp.tv\/2025\/#\/schema\/person\/1257e7e4a3d5ac29c4732733a887970d","name":"admin","image":{"@type":"ImageObject","inLanguage":"es","@id":"https:\/\/secure.gravatar.com\/avatar\/d1da498ea933582ecc2b5d72a4eac16ec41c3ec04cf2dc9d46e0b557dedfd5ff?s=96&d=mm&r=g","url":"https:\/\/secure.gravatar.com\/avatar\/d1da498ea933582ecc2b5d72a4eac16ec41c3ec04cf2dc9d46e0b557dedfd5ff?s=96&d=mm&r=g","contentUrl":"https:\/\/secure.gravatar.com\/avatar\/d1da498ea933582ecc2b5d72a4eac16ec41c3ec04cf2dc9d46e0b557dedfd5ff?s=96&d=mm&r=g","caption":"admin"},"sameAs":["https:\/\/canal7slp.tv\/2025"],"url":"https:\/\/canal7slp.tv\/2025\/author\/bicefalo\/"}]}},"_links":{"self":[{"href":"https:\/\/canal7slp.tv\/2025\/wp-json\/wp\/v2\/posts\/177619","targetHints":{"allow":["GET"]}}],"collection":[{"href":"https:\/\/canal7slp.tv\/2025\/wp-json\/wp\/v2\/posts"}],"about":[{"href":"https:\/\/canal7slp.tv\/2025\/wp-json\/wp\/v2\/types\/post"}],"author":[{"embeddable":true,"href":"https:\/\/canal7slp.tv\/2025\/wp-json\/wp\/v2\/users\/1"}],"replies":[{"embeddable":true,"href":"https:\/\/canal7slp.tv\/2025\/wp-json\/wp\/v2\/comments?post=177619"}],"version-history":[{"count":1,"href":"https:\/\/canal7slp.tv\/2025\/wp-json\/wp\/v2\/posts\/177619\/revisions"}],"predecessor-version":[{"id":177621,"href":"https:\/\/canal7slp.tv\/2025\/wp-json\/wp\/v2\/posts\/177619\/revisions\/177621"}],"wp:featuredmedia":[{"embeddable":true,"href":"https:\/\/canal7slp.tv\/2025\/wp-json\/wp\/v2\/media\/177620"}],"wp:attachment":[{"href":"https:\/\/canal7slp.tv\/2025\/wp-json\/wp\/v2\/media?parent=177619"}],"wp:term":[{"taxonomy":"category","embeddable":true,"href":"https:\/\/canal7slp.tv\/2025\/wp-json\/wp\/v2\/categories?post=177619"},{"taxonomy":"post_tag","embeddable":true,"href":"https:\/\/canal7slp.tv\/2025\/wp-json\/wp\/v2\/tags?post=177619"}],"curies":[{"name":"wp","href":"https:\/\/api.w.org\/{rel}","templated":true}]}}