{"id":177613,"date":"2025-08-25T20:05:52","date_gmt":"2025-08-26T02:05:52","guid":{"rendered":"https:\/\/canal7slp.tv\/2025\/?p=177613"},"modified":"2025-08-26T00:54:55","modified_gmt":"2025-08-26T06:54:55","slug":"comercio-informal-importante-en-la-economia-de-soledad-juan-manuel-navarro","status":"publish","type":"post","link":"https:\/\/canal7slp.tv\/2025\/comercio-informal-importante-en-la-economia-de-soledad-juan-manuel-navarro\/","title":{"rendered":"Comercio informal, importante en la econom\u00eda de Soledad: Juan Manuel Navarro"},"content":{"rendered":"<p style=\"text-align: justify;\">El alcalde de Soledad de Graciano S\u00e1nchez, Juan Manuel Navarro Mu\u00f1iz, destac\u00f3 que el Ayuntamiento mantiene un di\u00e1logo constante de comunicaci\u00f3n con los comerciantes ambulantes.<\/p>\n<p style=\"text-align: justify;\">Lo anterior con el fin de preservar el orden en la v\u00eda p\u00fablica y, al mismo tiempo, reconocer la importancia de este sector en la econom\u00eda local.<\/p>\n<p style=\"text-align: justify;\">\u201cEs una constante, la verdad es un trabajo muy arduo, es un trabajo hasta cierto punto de mucho roce con la gente, pero siempre hemos procurado y apelado a la buena comunicaci\u00f3n y el buen di\u00e1logo de la direcci\u00f3n de comercio con los comerciantes ambulantes que tambi\u00e9n son parte importante de la econom\u00eda del municipio y de cualquier estado y ciudad\u201d, se\u00f1al\u00f3.<\/p>\n<p style=\"text-align: justify;\">El edil reiter\u00f3 que la instrucci\u00f3n de su gobierno ha sido priorizar el respeto a los espacios permitidos y garantizar que prevalezca la disposici\u00f3n a escuchar y atender a los oferentes.<\/p>\n<p style=\"text-align: justify;\">\u201cSiempre es el llamado al di\u00e1logo con los comerciantes a tratar de respetar los lugares establecidos y lo dije desde el inicio de este gobierno toda la disposici\u00f3n toda la buena voluntad todas las facilidades y ah\u00ed la llevamos con ellos\u201d, expres\u00f3.<\/p>\n<p style=\"text-align: justify;\">Al referirse a la situaci\u00f3n particular del municipio, asegur\u00f3 que no existen conflictos graves con el comercio informal y que las principales din\u00e1micas se concentran en la operaci\u00f3n de tianguis en distintas colonias.<\/p>\n<p style=\"text-align: justify;\">\u201cAfortunadamente no, hay una buena comunicaci\u00f3n, en el caso de Soledad lo que m\u00e1s existe son las rutas de los tianguis, de los oferentes que d\u00eda a d\u00eda se ponen en las diferentes colonias y apelamos mucho a la comunicaci\u00f3n por parte de la direcci\u00f3n de comercio con ellos\u201d, explic\u00f3.<\/p>\n<p style=\"text-align: justify;\">Finalmente, Navarro Mu\u00f1iz reiter\u00f3 su compromiso de mantener la apertura con este sector: \u201cYo se lo reitero a todos los comerciantes ambulantes, la disposici\u00f3n al di\u00e1logo y el buen trato siempre debe de prevalecer de nosotros hacia ellos\u00bb.<\/p>\n","protected":false},"excerpt":{"rendered":"<p>El alcalde de Soledad de Graciano S\u00e1nchez, Juan Manuel Navarro Mu\u00f1iz, destac\u00f3 que el Ayuntamiento mantiene un di\u00e1logo constante de comunicaci\u00f3n con los comerciantes ambulantes. Lo anterior con el fin de preservar el orden en la v\u00eda p\u00fablica y, al mismo tiempo, reconocer la importancia de este sector en la econom\u00eda local. \u201cEs una constante, la verdad es un trabajo muy arduo, es un trabajo hasta cierto punto de mucho roce con la gente, pero siempre hemos procurado y apelado a la buena comunicaci\u00f3n y el buen di\u00e1logo de la direcci\u00f3n de comercio con los comerciantes ambulantes que tambi\u00e9n son [&hellip;]<\/p>\n","protected":false},"author":1,"featured_media":177614,"comment_status":"closed","ping_status":"closed","sticky":false,"template":"","format":"video","meta":{"_monsterinsights_skip_tracking":false,"_monsterinsights_sitenote_active":false,"_monsterinsights_sitenote_note":"","_monsterinsights_sitenote_category":0,"footnotes":""},"categories":[5,45],"tags":[],"class_list":["post-177613","post","type-post","status-publish","format-video","has-post-thumbnail","hentry","category-destacadas","category-localesyregionales","post_format-post-format-video","post--single"],"yoast_head":"<!-- This site is optimized with the Yoast SEO plugin v27.5 - https:\/\/yoast.com\/product\/yoast-seo-wordpress\/ -->\n<title>Comercio informal, importante en la econom\u00eda de Soledad: Juan Manuel Navarro - Canal 7 SLP - 2025<\/title>\n<meta name=\"robots\" content=\"index, follow, max-snippet:-1, max-image-preview:large, max-video-preview:-1\" \/>\n<link rel=\"canonical\" href=\"https:\/\/canal7slp.tv\/2025\/comercio-informal-importante-en-la-economia-de-soledad-juan-manuel-navarro\/\" \/>\n<meta property=\"og:locale\" content=\"es_ES\" \/>\n<meta property=\"og:type\" content=\"article\" \/>\n<meta property=\"og:title\" content=\"Comercio informal, importante en la econom\u00eda de Soledad: Juan Manuel Navarro - Canal 7 SLP - 2025\" \/>\n<meta property=\"og:description\" content=\"El alcalde de Soledad de Graciano S\u00e1nchez, Juan Manuel Navarro Mu\u00f1iz, destac\u00f3 que el Ayuntamiento mantiene un di\u00e1logo constante de comunicaci\u00f3n con los comerciantes ambulantes. Lo anterior con el fin de preservar el orden en la v\u00eda p\u00fablica y, al mismo tiempo, reconocer la importancia de este sector en la econom\u00eda local. \u201cEs una constante, la verdad es un trabajo muy arduo, es un trabajo hasta cierto punto de mucho roce con la gente, pero siempre hemos procurado y apelado a la buena comunicaci\u00f3n y el buen di\u00e1logo de la direcci\u00f3n de comercio con los comerciantes ambulantes que tambi\u00e9n son [&hellip;]\" \/>\n<meta property=\"og:url\" content=\"https:\/\/canal7slp.tv\/2025\/comercio-informal-importante-en-la-economia-de-soledad-juan-manuel-navarro\/\" \/>\n<meta property=\"og:site_name\" content=\"Canal 7 SLP - 2025\" \/>\n<meta property=\"article:publisher\" content=\"https:\/\/www.facebook.com\/noticieroscanal7atencionciudadana\/\" \/>\n<meta property=\"article:published_time\" content=\"2025-08-26T02:05:52+00:00\" \/>\n<meta property=\"article:modified_time\" content=\"2025-08-26T06:54:55+00:00\" \/>\n<meta property=\"og:image\" content=\"https:\/\/canal7slp.tv\/2025\/wp-content\/uploads\/2025\/08\/02.jpeg\" \/>\n\t<meta property=\"og:image:width\" content=\"912\" \/>\n\t<meta property=\"og:image:height\" content=\"507\" \/>\n\t<meta property=\"og:image:type\" content=\"image\/jpeg\" \/>\n<meta name=\"author\" content=\"admin\" \/>\n<meta name=\"twitter:card\" content=\"summary_large_image\" \/>\n<meta name=\"twitter:creator\" content=\"@NOTICIEROS7\" \/>\n<meta name=\"twitter:site\" content=\"@NOTICIEROS7\" \/>\n<meta name=\"twitter:label1\" content=\"Escrito por\" \/>\n\t<meta name=\"twitter:data1\" content=\"admin\" \/>\n\t<meta name=\"twitter:label2\" content=\"Tiempo de lectura\" \/>\n\t<meta name=\"twitter:data2\" content=\"2 minutos\" \/>\n<script type=\"application\/ld+json\" class=\"yoast-schema-graph\">{\"@context\":\"https:\\\/\\\/schema.org\",\"@graph\":[{\"@type\":\"Article\",\"@id\":\"https:\\\/\\\/canal7slp.tv\\\/2025\\\/comercio-informal-importante-en-la-economia-de-soledad-juan-manuel-navarro\\\/#article\",\"isPartOf\":{\"@id\":\"https:\\\/\\\/canal7slp.tv\\\/2025\\\/comercio-informal-importante-en-la-economia-de-soledad-juan-manuel-navarro\\\/\"},\"author\":{\"name\":\"admin\",\"@id\":\"https:\\\/\\\/canal7slp.tv\\\/2025\\\/#\\\/schema\\\/person\\\/1257e7e4a3d5ac29c4732733a887970d\"},\"headline\":\"Comercio informal, importante en la econom\u00eda de Soledad: Juan Manuel Navarro\",\"datePublished\":\"2025-08-26T02:05:52+00:00\",\"dateModified\":\"2025-08-26T06:54:55+00:00\",\"mainEntityOfPage\":{\"@id\":\"https:\\\/\\\/canal7slp.tv\\\/2025\\\/comercio-informal-importante-en-la-economia-de-soledad-juan-manuel-navarro\\\/\"},\"wordCount\":349,\"publisher\":{\"@id\":\"https:\\\/\\\/canal7slp.tv\\\/2025\\\/#organization\"},\"image\":{\"@id\":\"https:\\\/\\\/canal7slp.tv\\\/2025\\\/comercio-informal-importante-en-la-economia-de-soledad-juan-manuel-navarro\\\/#primaryimage\"},\"thumbnailUrl\":\"https:\\\/\\\/canal7slp.tv\\\/2025\\\/wp-content\\\/uploads\\\/2025\\\/08\\\/02.jpeg\",\"articleSection\":[\"DESTACADAS\",\"LOCALES Y REGIONALES\"],\"inLanguage\":\"es\"},{\"@type\":\"WebPage\",\"@id\":\"https:\\\/\\\/canal7slp.tv\\\/2025\\\/comercio-informal-importante-en-la-economia-de-soledad-juan-manuel-navarro\\\/\",\"url\":\"https:\\\/\\\/canal7slp.tv\\\/2025\\\/comercio-informal-importante-en-la-economia-de-soledad-juan-manuel-navarro\\\/\",\"name\":\"Comercio informal, importante en la econom\u00eda de Soledad: Juan Manuel Navarro - Canal 7 SLP - 2025\",\"isPartOf\":{\"@id\":\"https:\\\/\\\/canal7slp.tv\\\/2025\\\/#website\"},\"primaryImageOfPage\":{\"@id\":\"https:\\\/\\\/canal7slp.tv\\\/2025\\\/comercio-informal-importante-en-la-economia-de-soledad-juan-manuel-navarro\\\/#primaryimage\"},\"image\":{\"@id\":\"https:\\\/\\\/canal7slp.tv\\\/2025\\\/comercio-informal-importante-en-la-economia-de-soledad-juan-manuel-navarro\\\/#primaryimage\"},\"thumbnailUrl\":\"https:\\\/\\\/canal7slp.tv\\\/2025\\\/wp-content\\\/uploads\\\/2025\\\/08\\\/02.jpeg\",\"datePublished\":\"2025-08-26T02:05:52+00:00\",\"dateModified\":\"2025-08-26T06:54:55+00:00\",\"breadcrumb\":{\"@id\":\"https:\\\/\\\/canal7slp.tv\\\/2025\\\/comercio-informal-importante-en-la-economia-de-soledad-juan-manuel-navarro\\\/#breadcrumb\"},\"inLanguage\":\"es\",\"potentialAction\":[{\"@type\":\"ReadAction\",\"target\":[\"https:\\\/\\\/canal7slp.tv\\\/2025\\\/comercio-informal-importante-en-la-economia-de-soledad-juan-manuel-navarro\\\/\"]}]},{\"@type\":\"ImageObject\",\"inLanguage\":\"es\",\"@id\":\"https:\\\/\\\/canal7slp.tv\\\/2025\\\/comercio-informal-importante-en-la-economia-de-soledad-juan-manuel-navarro\\\/#primaryimage\",\"url\":\"https:\\\/\\\/canal7slp.tv\\\/2025\\\/wp-content\\\/uploads\\\/2025\\\/08\\\/02.jpeg\",\"contentUrl\":\"https:\\\/\\\/canal7slp.tv\\\/2025\\\/wp-content\\\/uploads\\\/2025\\\/08\\\/02.jpeg\",\"width\":912,\"height\":507},{\"@type\":\"BreadcrumbList\",\"@id\":\"https:\\\/\\\/canal7slp.tv\\\/2025\\\/comercio-informal-importante-en-la-economia-de-soledad-juan-manuel-navarro\\\/#breadcrumb\",\"itemListElement\":[{\"@type\":\"ListItem\",\"position\":1,\"name\":\"Portada\",\"item\":\"https:\\\/\\\/canal7slp.tv\\\/2025\\\/\"},{\"@type\":\"ListItem\",\"position\":2,\"name\":\"Comercio informal, importante en la econom\u00eda de Soledad: Juan Manuel Navarro\"}]},{\"@type\":\"WebSite\",\"@id\":\"https:\\\/\\\/canal7slp.tv\\\/2025\\\/#website\",\"url\":\"https:\\\/\\\/canal7slp.tv\\\/2025\\\/\",\"name\":\"N7 - Noticieros Canal 7\",\"description\":\"Somos el Medio\",\"publisher\":{\"@id\":\"https:\\\/\\\/canal7slp.tv\\\/2025\\\/#organization\"},\"potentialAction\":[{\"@type\":\"SearchAction\",\"target\":{\"@type\":\"EntryPoint\",\"urlTemplate\":\"https:\\\/\\\/canal7slp.tv\\\/2025\\\/?s={search_term_string}\"},\"query-input\":{\"@type\":\"PropertyValueSpecification\",\"valueRequired\":true,\"valueName\":\"search_term_string\"}}],\"inLanguage\":\"es\"},{\"@type\":\"Organization\",\"@id\":\"https:\\\/\\\/canal7slp.tv\\\/2025\\\/#organization\",\"name\":\"Noticieros Canal 7\",\"url\":\"https:\\\/\\\/canal7slp.tv\\\/2025\\\/\",\"logo\":{\"@type\":\"ImageObject\",\"inLanguage\":\"es\",\"@id\":\"https:\\\/\\\/canal7slp.tv\\\/2025\\\/#\\\/schema\\\/logo\\\/image\\\/\",\"url\":\"https:\\\/\\\/canal7slp.tv\\\/2025\\\/wp-content\\\/uploads\\\/2021\\\/01\\\/logo-noticieros@2x.png\",\"contentUrl\":\"https:\\\/\\\/canal7slp.tv\\\/2025\\\/wp-content\\\/uploads\\\/2021\\\/01\\\/logo-noticieros@2x.png\",\"width\":1017,\"height\":268,\"caption\":\"Noticieros Canal 7\"},\"image\":{\"@id\":\"https:\\\/\\\/canal7slp.tv\\\/2025\\\/#\\\/schema\\\/logo\\\/image\\\/\"},\"sameAs\":[\"https:\\\/\\\/www.facebook.com\\\/noticieroscanal7atencionciudadana\\\/\",\"https:\\\/\\\/x.com\\\/NOTICIEROS7\",\"https:\\\/\\\/www.instagram.com\\\/canal7_slp\",\"https:\\\/\\\/www.youtube.com\\\/channel\\\/UCliiYs-gP3JfJeqdPrNdd5A\"]},{\"@type\":\"Person\",\"@id\":\"https:\\\/\\\/canal7slp.tv\\\/2025\\\/#\\\/schema\\\/person\\\/1257e7e4a3d5ac29c4732733a887970d\",\"name\":\"admin\",\"image\":{\"@type\":\"ImageObject\",\"inLanguage\":\"es\",\"@id\":\"https:\\\/\\\/secure.gravatar.com\\\/avatar\\\/d1da498ea933582ecc2b5d72a4eac16ec41c3ec04cf2dc9d46e0b557dedfd5ff?s=96&d=mm&r=g\",\"url\":\"https:\\\/\\\/secure.gravatar.com\\\/avatar\\\/d1da498ea933582ecc2b5d72a4eac16ec41c3ec04cf2dc9d46e0b557dedfd5ff?s=96&d=mm&r=g\",\"contentUrl\":\"https:\\\/\\\/secure.gravatar.com\\\/avatar\\\/d1da498ea933582ecc2b5d72a4eac16ec41c3ec04cf2dc9d46e0b557dedfd5ff?s=96&d=mm&r=g\",\"caption\":\"admin\"},\"sameAs\":[\"https:\\\/\\\/canal7slp.tv\\\/2025\"],\"url\":\"https:\\\/\\\/canal7slp.tv\\\/2025\\\/author\\\/bicefalo\\\/\"}]}<\/script>\n<!-- \/ Yoast SEO plugin. -->","yoast_head_json":{"title":"Comercio informal, importante en la econom\u00eda de Soledad: Juan Manuel Navarro - Canal 7 SLP - 2025","robots":{"index":"index","follow":"follow","max-snippet":"max-snippet:-1","max-image-preview":"max-image-preview:large","max-video-preview":"max-video-preview:-1"},"canonical":"https:\/\/canal7slp.tv\/2025\/comercio-informal-importante-en-la-economia-de-soledad-juan-manuel-navarro\/","og_locale":"es_ES","og_type":"article","og_title":"Comercio informal, importante en la econom\u00eda de Soledad: Juan Manuel Navarro - Canal 7 SLP - 2025","og_description":"El alcalde de Soledad de Graciano S\u00e1nchez, Juan Manuel Navarro Mu\u00f1iz, destac\u00f3 que el Ayuntamiento mantiene un di\u00e1logo constante de comunicaci\u00f3n con los comerciantes ambulantes. Lo anterior con el fin de preservar el orden en la v\u00eda p\u00fablica y, al mismo tiempo, reconocer la importancia de este sector en la econom\u00eda local. \u201cEs una constante, la verdad es un trabajo muy arduo, es un trabajo hasta cierto punto de mucho roce con la gente, pero siempre hemos procurado y apelado a la buena comunicaci\u00f3n y el buen di\u00e1logo de la direcci\u00f3n de comercio con los comerciantes ambulantes que tambi\u00e9n son [&hellip;]","og_url":"https:\/\/canal7slp.tv\/2025\/comercio-informal-importante-en-la-economia-de-soledad-juan-manuel-navarro\/","og_site_name":"Canal 7 SLP - 2025","article_publisher":"https:\/\/www.facebook.com\/noticieroscanal7atencionciudadana\/","article_published_time":"2025-08-26T02:05:52+00:00","article_modified_time":"2025-08-26T06:54:55+00:00","og_image":[{"width":912,"height":507,"url":"https:\/\/canal7slp.tv\/2025\/wp-content\/uploads\/2025\/08\/02.jpeg","type":"image\/jpeg"}],"author":"admin","twitter_card":"summary_large_image","twitter_creator":"@NOTICIEROS7","twitter_site":"@NOTICIEROS7","twitter_misc":{"Escrito por":"admin","Tiempo de lectura":"2 minutos"},"schema":{"@context":"https:\/\/schema.org","@graph":[{"@type":"Article","@id":"https:\/\/canal7slp.tv\/2025\/comercio-informal-importante-en-la-economia-de-soledad-juan-manuel-navarro\/#article","isPartOf":{"@id":"https:\/\/canal7slp.tv\/2025\/comercio-informal-importante-en-la-economia-de-soledad-juan-manuel-navarro\/"},"author":{"name":"admin","@id":"https:\/\/canal7slp.tv\/2025\/#\/schema\/person\/1257e7e4a3d5ac29c4732733a887970d"},"headline":"Comercio informal, importante en la econom\u00eda de Soledad: Juan Manuel Navarro","datePublished":"2025-08-26T02:05:52+00:00","dateModified":"2025-08-26T06:54:55+00:00","mainEntityOfPage":{"@id":"https:\/\/canal7slp.tv\/2025\/comercio-informal-importante-en-la-economia-de-soledad-juan-manuel-navarro\/"},"wordCount":349,"publisher":{"@id":"https:\/\/canal7slp.tv\/2025\/#organization"},"image":{"@id":"https:\/\/canal7slp.tv\/2025\/comercio-informal-importante-en-la-economia-de-soledad-juan-manuel-navarro\/#primaryimage"},"thumbnailUrl":"https:\/\/canal7slp.tv\/2025\/wp-content\/uploads\/2025\/08\/02.jpeg","articleSection":["DESTACADAS","LOCALES Y REGIONALES"],"inLanguage":"es"},{"@type":"WebPage","@id":"https:\/\/canal7slp.tv\/2025\/comercio-informal-importante-en-la-economia-de-soledad-juan-manuel-navarro\/","url":"https:\/\/canal7slp.tv\/2025\/comercio-informal-importante-en-la-economia-de-soledad-juan-manuel-navarro\/","name":"Comercio informal, importante en la econom\u00eda de Soledad: Juan Manuel Navarro - Canal 7 SLP - 2025","isPartOf":{"@id":"https:\/\/canal7slp.tv\/2025\/#website"},"primaryImageOfPage":{"@id":"https:\/\/canal7slp.tv\/2025\/comercio-informal-importante-en-la-economia-de-soledad-juan-manuel-navarro\/#primaryimage"},"image":{"@id":"https:\/\/canal7slp.tv\/2025\/comercio-informal-importante-en-la-economia-de-soledad-juan-manuel-navarro\/#primaryimage"},"thumbnailUrl":"https:\/\/canal7slp.tv\/2025\/wp-content\/uploads\/2025\/08\/02.jpeg","datePublished":"2025-08-26T02:05:52+00:00","dateModified":"2025-08-26T06:54:55+00:00","breadcrumb":{"@id":"https:\/\/canal7slp.tv\/2025\/comercio-informal-importante-en-la-economia-de-soledad-juan-manuel-navarro\/#breadcrumb"},"inLanguage":"es","potentialAction":[{"@type":"ReadAction","target":["https:\/\/canal7slp.tv\/2025\/comercio-informal-importante-en-la-economia-de-soledad-juan-manuel-navarro\/"]}]},{"@type":"ImageObject","inLanguage":"es","@id":"https:\/\/canal7slp.tv\/2025\/comercio-informal-importante-en-la-economia-de-soledad-juan-manuel-navarro\/#primaryimage","url":"https:\/\/canal7slp.tv\/2025\/wp-content\/uploads\/2025\/08\/02.jpeg","contentUrl":"https:\/\/canal7slp.tv\/2025\/wp-content\/uploads\/2025\/08\/02.jpeg","width":912,"height":507},{"@type":"BreadcrumbList","@id":"https:\/\/canal7slp.tv\/2025\/comercio-informal-importante-en-la-economia-de-soledad-juan-manuel-navarro\/#breadcrumb","itemListElement":[{"@type":"ListItem","position":1,"name":"Portada","item":"https:\/\/canal7slp.tv\/2025\/"},{"@type":"ListItem","position":2,"name":"Comercio informal, importante en la econom\u00eda de Soledad: Juan Manuel Navarro"}]},{"@type":"WebSite","@id":"https:\/\/canal7slp.tv\/2025\/#website","url":"https:\/\/canal7slp.tv\/2025\/","name":"N7 - Noticieros Canal 7","description":"Somos el Medio","publisher":{"@id":"https:\/\/canal7slp.tv\/2025\/#organization"},"potentialAction":[{"@type":"SearchAction","target":{"@type":"EntryPoint","urlTemplate":"https:\/\/canal7slp.tv\/2025\/?s={search_term_string}"},"query-input":{"@type":"PropertyValueSpecification","valueRequired":true,"valueName":"search_term_string"}}],"inLanguage":"es"},{"@type":"Organization","@id":"https:\/\/canal7slp.tv\/2025\/#organization","name":"Noticieros Canal 7","url":"https:\/\/canal7slp.tv\/2025\/","logo":{"@type":"ImageObject","inLanguage":"es","@id":"https:\/\/canal7slp.tv\/2025\/#\/schema\/logo\/image\/","url":"https:\/\/canal7slp.tv\/2025\/wp-content\/uploads\/2021\/01\/logo-noticieros@2x.png","contentUrl":"https:\/\/canal7slp.tv\/2025\/wp-content\/uploads\/2021\/01\/logo-noticieros@2x.png","width":1017,"height":268,"caption":"Noticieros Canal 7"},"image":{"@id":"https:\/\/canal7slp.tv\/2025\/#\/schema\/logo\/image\/"},"sameAs":["https:\/\/www.facebook.com\/noticieroscanal7atencionciudadana\/","https:\/\/x.com\/NOTICIEROS7","https:\/\/www.instagram.com\/canal7_slp","https:\/\/www.youtube.com\/channel\/UCliiYs-gP3JfJeqdPrNdd5A"]},{"@type":"Person","@id":"https:\/\/canal7slp.tv\/2025\/#\/schema\/person\/1257e7e4a3d5ac29c4732733a887970d","name":"admin","image":{"@type":"ImageObject","inLanguage":"es","@id":"https:\/\/secure.gravatar.com\/avatar\/d1da498ea933582ecc2b5d72a4eac16ec41c3ec04cf2dc9d46e0b557dedfd5ff?s=96&d=mm&r=g","url":"https:\/\/secure.gravatar.com\/avatar\/d1da498ea933582ecc2b5d72a4eac16ec41c3ec04cf2dc9d46e0b557dedfd5ff?s=96&d=mm&r=g","contentUrl":"https:\/\/secure.gravatar.com\/avatar\/d1da498ea933582ecc2b5d72a4eac16ec41c3ec04cf2dc9d46e0b557dedfd5ff?s=96&d=mm&r=g","caption":"admin"},"sameAs":["https:\/\/canal7slp.tv\/2025"],"url":"https:\/\/canal7slp.tv\/2025\/author\/bicefalo\/"}]}},"_links":{"self":[{"href":"https:\/\/canal7slp.tv\/2025\/wp-json\/wp\/v2\/posts\/177613","targetHints":{"allow":["GET"]}}],"collection":[{"href":"https:\/\/canal7slp.tv\/2025\/wp-json\/wp\/v2\/posts"}],"about":[{"href":"https:\/\/canal7slp.tv\/2025\/wp-json\/wp\/v2\/types\/post"}],"author":[{"embeddable":true,"href":"https:\/\/canal7slp.tv\/2025\/wp-json\/wp\/v2\/users\/1"}],"replies":[{"embeddable":true,"href":"https:\/\/canal7slp.tv\/2025\/wp-json\/wp\/v2\/comments?post=177613"}],"version-history":[{"count":1,"href":"https:\/\/canal7slp.tv\/2025\/wp-json\/wp\/v2\/posts\/177613\/revisions"}],"predecessor-version":[{"id":177615,"href":"https:\/\/canal7slp.tv\/2025\/wp-json\/wp\/v2\/posts\/177613\/revisions\/177615"}],"wp:featuredmedia":[{"embeddable":true,"href":"https:\/\/canal7slp.tv\/2025\/wp-json\/wp\/v2\/media\/177614"}],"wp:attachment":[{"href":"https:\/\/canal7slp.tv\/2025\/wp-json\/wp\/v2\/media?parent=177613"}],"wp:term":[{"taxonomy":"category","embeddable":true,"href":"https:\/\/canal7slp.tv\/2025\/wp-json\/wp\/v2\/categories?post=177613"},{"taxonomy":"post_tag","embeddable":true,"href":"https:\/\/canal7slp.tv\/2025\/wp-json\/wp\/v2\/tags?post=177613"}],"curies":[{"name":"wp","href":"https:\/\/api.w.org\/{rel}","templated":true}]}}