{"id":177610,"date":"2025-08-25T20:01:40","date_gmt":"2025-08-26T02:01:40","guid":{"rendered":"https:\/\/canal7slp.tv\/2025\/?p=177610"},"modified":"2025-08-26T00:54:56","modified_gmt":"2025-08-26T06:54:56","slug":"acusa-gallardo-uso-de-amparos-para-obstaculizar-proyectos","status":"publish","type":"post","link":"https:\/\/canal7slp.tv\/2025\/acusa-gallardo-uso-de-amparos-para-obstaculizar-proyectos\/","title":{"rendered":"Acusa Gallardo uso de amparos para obstaculizar proyectos"},"content":{"rendered":"<p style=\"text-align: justify;\">El gobernador de San Luis Potos\u00ed, Ricardo Gallardo Cardona, arremeti\u00f3 contra el amparo que mantiene detenida la rehabilitaci\u00f3n del Parque de Morales.<\/p>\n<p style=\"text-align: justify;\">De hecho, acus\u00f3 nuevamente que detr\u00e1s de ese recurso est\u00e1n grupos ligados a administraciones pasadas.<\/p>\n<p style=\"text-align: justify;\">\u201cSon parte de la maldita herencia, yo se los he venido comentando, quien ha metido los amparos contra el gobierno ha sido la maldita herencia, son organizaciones que han servido por d\u00e9cadas a la maldita herencia y frenan proyectos para la infraestructura\u201d, se\u00f1al\u00f3.<\/p>\n<p style=\"text-align: justify;\">De esa forma reproch\u00f3 que pese a que en el estado se han concluido diversas obras, el Parque de Morales contin\u00faa detenido por un litigio.<\/p>\n<p style=\"text-align: justify;\">\u201cEst\u00e1 parado el Parque de Morales, o sea, imag\u00ednense con todo el tiempo que hemos perdido cu\u00e1ntas obras se han hecho y el parque se est\u00e1 acabando por un amparo de la maldita herencia\u201d, agreg\u00f3.<\/p>\n<p style=\"text-align: justify;\">Gallardo Cardona sostuvo que los amparos han sido utilizados como un mecanismo para obstaculizar proyectos en beneficio de la ciudadan\u00eda.<\/p>\n<p style=\"text-align: justify;\">\u201cEsa gente le ha hecho tanto da\u00f1o a San Luis Potos\u00ed con sus amparos, con todas sus actitudes que no dejan hacer ni dejan que hagan, todo eso se tiene que acabar y la gente se da cuenta de lo que est\u00e1 sucediendo\u201d,termin\u00f3.<\/p>\n","protected":false},"excerpt":{"rendered":"<p>El gobernador de San Luis Potos\u00ed, Ricardo Gallardo Cardona, arremeti\u00f3 contra el amparo que mantiene detenida la rehabilitaci\u00f3n del Parque de Morales. De hecho, acus\u00f3 nuevamente que detr\u00e1s de ese recurso est\u00e1n grupos ligados a administraciones pasadas. \u201cSon parte de la maldita herencia, yo se los he venido comentando, quien ha metido los amparos contra el gobierno ha sido la maldita herencia, son organizaciones que han servido por d\u00e9cadas a la maldita herencia y frenan proyectos para la infraestructura\u201d, se\u00f1al\u00f3. De esa forma reproch\u00f3 que pese a que en el estado se han concluido diversas obras, el Parque de Morales [&hellip;]<\/p>\n","protected":false},"author":1,"featured_media":177611,"comment_status":"closed","ping_status":"closed","sticky":false,"template":"","format":"video","meta":{"_monsterinsights_skip_tracking":false,"_monsterinsights_sitenote_active":false,"_monsterinsights_sitenote_note":"","_monsterinsights_sitenote_category":0,"footnotes":""},"categories":[5,45],"tags":[],"class_list":["post-177610","post","type-post","status-publish","format-video","has-post-thumbnail","hentry","category-destacadas","category-localesyregionales","post_format-post-format-video","post--single"],"yoast_head":"<!-- This site is optimized with the Yoast SEO plugin v27.5 - https:\/\/yoast.com\/product\/yoast-seo-wordpress\/ -->\n<title>Acusa Gallardo uso de amparos para obstaculizar proyectos - Canal 7 SLP - 2025<\/title>\n<meta name=\"robots\" content=\"index, follow, max-snippet:-1, max-image-preview:large, max-video-preview:-1\" \/>\n<link rel=\"canonical\" href=\"https:\/\/canal7slp.tv\/2025\/acusa-gallardo-uso-de-amparos-para-obstaculizar-proyectos\/\" \/>\n<meta property=\"og:locale\" content=\"es_ES\" \/>\n<meta property=\"og:type\" content=\"article\" \/>\n<meta property=\"og:title\" content=\"Acusa Gallardo uso de amparos para obstaculizar proyectos - Canal 7 SLP - 2025\" \/>\n<meta property=\"og:description\" content=\"El gobernador de San Luis Potos\u00ed, Ricardo Gallardo Cardona, arremeti\u00f3 contra el amparo que mantiene detenida la rehabilitaci\u00f3n del Parque de Morales. De hecho, acus\u00f3 nuevamente que detr\u00e1s de ese recurso est\u00e1n grupos ligados a administraciones pasadas. \u201cSon parte de la maldita herencia, yo se los he venido comentando, quien ha metido los amparos contra el gobierno ha sido la maldita herencia, son organizaciones que han servido por d\u00e9cadas a la maldita herencia y frenan proyectos para la infraestructura\u201d, se\u00f1al\u00f3. De esa forma reproch\u00f3 que pese a que en el estado se han concluido diversas obras, el Parque de Morales [&hellip;]\" \/>\n<meta property=\"og:url\" content=\"https:\/\/canal7slp.tv\/2025\/acusa-gallardo-uso-de-amparos-para-obstaculizar-proyectos\/\" \/>\n<meta property=\"og:site_name\" content=\"Canal 7 SLP - 2025\" \/>\n<meta property=\"article:publisher\" content=\"https:\/\/www.facebook.com\/noticieroscanal7atencionciudadana\/\" \/>\n<meta property=\"article:published_time\" content=\"2025-08-26T02:01:40+00:00\" \/>\n<meta property=\"article:modified_time\" content=\"2025-08-26T06:54:56+00:00\" \/>\n<meta property=\"og:image\" content=\"https:\/\/canal7slp.tv\/2025\/wp-content\/uploads\/2025\/08\/01-1.jpeg\" \/>\n\t<meta property=\"og:image:width\" content=\"916\" \/>\n\t<meta property=\"og:image:height\" content=\"510\" \/>\n\t<meta property=\"og:image:type\" content=\"image\/jpeg\" \/>\n<meta name=\"author\" content=\"admin\" \/>\n<meta name=\"twitter:card\" content=\"summary_large_image\" \/>\n<meta name=\"twitter:creator\" content=\"@NOTICIEROS7\" \/>\n<meta name=\"twitter:site\" content=\"@NOTICIEROS7\" \/>\n<meta name=\"twitter:label1\" content=\"Escrito por\" \/>\n\t<meta name=\"twitter:data1\" content=\"admin\" \/>\n\t<meta name=\"twitter:label2\" content=\"Tiempo de lectura\" \/>\n\t<meta name=\"twitter:data2\" content=\"2 minutos\" \/>\n<script type=\"application\/ld+json\" class=\"yoast-schema-graph\">{\"@context\":\"https:\\\/\\\/schema.org\",\"@graph\":[{\"@type\":\"Article\",\"@id\":\"https:\\\/\\\/canal7slp.tv\\\/2025\\\/acusa-gallardo-uso-de-amparos-para-obstaculizar-proyectos\\\/#article\",\"isPartOf\":{\"@id\":\"https:\\\/\\\/canal7slp.tv\\\/2025\\\/acusa-gallardo-uso-de-amparos-para-obstaculizar-proyectos\\\/\"},\"author\":{\"name\":\"admin\",\"@id\":\"https:\\\/\\\/canal7slp.tv\\\/2025\\\/#\\\/schema\\\/person\\\/1257e7e4a3d5ac29c4732733a887970d\"},\"headline\":\"Acusa Gallardo uso de amparos para obstaculizar proyectos\",\"datePublished\":\"2025-08-26T02:01:40+00:00\",\"dateModified\":\"2025-08-26T06:54:56+00:00\",\"mainEntityOfPage\":{\"@id\":\"https:\\\/\\\/canal7slp.tv\\\/2025\\\/acusa-gallardo-uso-de-amparos-para-obstaculizar-proyectos\\\/\"},\"wordCount\":222,\"publisher\":{\"@id\":\"https:\\\/\\\/canal7slp.tv\\\/2025\\\/#organization\"},\"image\":{\"@id\":\"https:\\\/\\\/canal7slp.tv\\\/2025\\\/acusa-gallardo-uso-de-amparos-para-obstaculizar-proyectos\\\/#primaryimage\"},\"thumbnailUrl\":\"https:\\\/\\\/canal7slp.tv\\\/2025\\\/wp-content\\\/uploads\\\/2025\\\/08\\\/01-1.jpeg\",\"articleSection\":[\"DESTACADAS\",\"LOCALES Y REGIONALES\"],\"inLanguage\":\"es\"},{\"@type\":\"WebPage\",\"@id\":\"https:\\\/\\\/canal7slp.tv\\\/2025\\\/acusa-gallardo-uso-de-amparos-para-obstaculizar-proyectos\\\/\",\"url\":\"https:\\\/\\\/canal7slp.tv\\\/2025\\\/acusa-gallardo-uso-de-amparos-para-obstaculizar-proyectos\\\/\",\"name\":\"Acusa Gallardo uso de amparos para obstaculizar proyectos - Canal 7 SLP - 2025\",\"isPartOf\":{\"@id\":\"https:\\\/\\\/canal7slp.tv\\\/2025\\\/#website\"},\"primaryImageOfPage\":{\"@id\":\"https:\\\/\\\/canal7slp.tv\\\/2025\\\/acusa-gallardo-uso-de-amparos-para-obstaculizar-proyectos\\\/#primaryimage\"},\"image\":{\"@id\":\"https:\\\/\\\/canal7slp.tv\\\/2025\\\/acusa-gallardo-uso-de-amparos-para-obstaculizar-proyectos\\\/#primaryimage\"},\"thumbnailUrl\":\"https:\\\/\\\/canal7slp.tv\\\/2025\\\/wp-content\\\/uploads\\\/2025\\\/08\\\/01-1.jpeg\",\"datePublished\":\"2025-08-26T02:01:40+00:00\",\"dateModified\":\"2025-08-26T06:54:56+00:00\",\"breadcrumb\":{\"@id\":\"https:\\\/\\\/canal7slp.tv\\\/2025\\\/acusa-gallardo-uso-de-amparos-para-obstaculizar-proyectos\\\/#breadcrumb\"},\"inLanguage\":\"es\",\"potentialAction\":[{\"@type\":\"ReadAction\",\"target\":[\"https:\\\/\\\/canal7slp.tv\\\/2025\\\/acusa-gallardo-uso-de-amparos-para-obstaculizar-proyectos\\\/\"]}]},{\"@type\":\"ImageObject\",\"inLanguage\":\"es\",\"@id\":\"https:\\\/\\\/canal7slp.tv\\\/2025\\\/acusa-gallardo-uso-de-amparos-para-obstaculizar-proyectos\\\/#primaryimage\",\"url\":\"https:\\\/\\\/canal7slp.tv\\\/2025\\\/wp-content\\\/uploads\\\/2025\\\/08\\\/01-1.jpeg\",\"contentUrl\":\"https:\\\/\\\/canal7slp.tv\\\/2025\\\/wp-content\\\/uploads\\\/2025\\\/08\\\/01-1.jpeg\",\"width\":916,\"height\":510},{\"@type\":\"BreadcrumbList\",\"@id\":\"https:\\\/\\\/canal7slp.tv\\\/2025\\\/acusa-gallardo-uso-de-amparos-para-obstaculizar-proyectos\\\/#breadcrumb\",\"itemListElement\":[{\"@type\":\"ListItem\",\"position\":1,\"name\":\"Portada\",\"item\":\"https:\\\/\\\/canal7slp.tv\\\/2025\\\/\"},{\"@type\":\"ListItem\",\"position\":2,\"name\":\"Acusa Gallardo uso de amparos para obstaculizar proyectos\"}]},{\"@type\":\"WebSite\",\"@id\":\"https:\\\/\\\/canal7slp.tv\\\/2025\\\/#website\",\"url\":\"https:\\\/\\\/canal7slp.tv\\\/2025\\\/\",\"name\":\"N7 - Noticieros Canal 7\",\"description\":\"Somos el Medio\",\"publisher\":{\"@id\":\"https:\\\/\\\/canal7slp.tv\\\/2025\\\/#organization\"},\"potentialAction\":[{\"@type\":\"SearchAction\",\"target\":{\"@type\":\"EntryPoint\",\"urlTemplate\":\"https:\\\/\\\/canal7slp.tv\\\/2025\\\/?s={search_term_string}\"},\"query-input\":{\"@type\":\"PropertyValueSpecification\",\"valueRequired\":true,\"valueName\":\"search_term_string\"}}],\"inLanguage\":\"es\"},{\"@type\":\"Organization\",\"@id\":\"https:\\\/\\\/canal7slp.tv\\\/2025\\\/#organization\",\"name\":\"Noticieros Canal 7\",\"url\":\"https:\\\/\\\/canal7slp.tv\\\/2025\\\/\",\"logo\":{\"@type\":\"ImageObject\",\"inLanguage\":\"es\",\"@id\":\"https:\\\/\\\/canal7slp.tv\\\/2025\\\/#\\\/schema\\\/logo\\\/image\\\/\",\"url\":\"https:\\\/\\\/canal7slp.tv\\\/2025\\\/wp-content\\\/uploads\\\/2021\\\/01\\\/logo-noticieros@2x.png\",\"contentUrl\":\"https:\\\/\\\/canal7slp.tv\\\/2025\\\/wp-content\\\/uploads\\\/2021\\\/01\\\/logo-noticieros@2x.png\",\"width\":1017,\"height\":268,\"caption\":\"Noticieros Canal 7\"},\"image\":{\"@id\":\"https:\\\/\\\/canal7slp.tv\\\/2025\\\/#\\\/schema\\\/logo\\\/image\\\/\"},\"sameAs\":[\"https:\\\/\\\/www.facebook.com\\\/noticieroscanal7atencionciudadana\\\/\",\"https:\\\/\\\/x.com\\\/NOTICIEROS7\",\"https:\\\/\\\/www.instagram.com\\\/canal7_slp\",\"https:\\\/\\\/www.youtube.com\\\/channel\\\/UCliiYs-gP3JfJeqdPrNdd5A\"]},{\"@type\":\"Person\",\"@id\":\"https:\\\/\\\/canal7slp.tv\\\/2025\\\/#\\\/schema\\\/person\\\/1257e7e4a3d5ac29c4732733a887970d\",\"name\":\"admin\",\"image\":{\"@type\":\"ImageObject\",\"inLanguage\":\"es\",\"@id\":\"https:\\\/\\\/secure.gravatar.com\\\/avatar\\\/d1da498ea933582ecc2b5d72a4eac16ec41c3ec04cf2dc9d46e0b557dedfd5ff?s=96&d=mm&r=g\",\"url\":\"https:\\\/\\\/secure.gravatar.com\\\/avatar\\\/d1da498ea933582ecc2b5d72a4eac16ec41c3ec04cf2dc9d46e0b557dedfd5ff?s=96&d=mm&r=g\",\"contentUrl\":\"https:\\\/\\\/secure.gravatar.com\\\/avatar\\\/d1da498ea933582ecc2b5d72a4eac16ec41c3ec04cf2dc9d46e0b557dedfd5ff?s=96&d=mm&r=g\",\"caption\":\"admin\"},\"sameAs\":[\"https:\\\/\\\/canal7slp.tv\\\/2025\"],\"url\":\"https:\\\/\\\/canal7slp.tv\\\/2025\\\/author\\\/bicefalo\\\/\"}]}<\/script>\n<!-- \/ Yoast SEO plugin. -->","yoast_head_json":{"title":"Acusa Gallardo uso de amparos para obstaculizar proyectos - Canal 7 SLP - 2025","robots":{"index":"index","follow":"follow","max-snippet":"max-snippet:-1","max-image-preview":"max-image-preview:large","max-video-preview":"max-video-preview:-1"},"canonical":"https:\/\/canal7slp.tv\/2025\/acusa-gallardo-uso-de-amparos-para-obstaculizar-proyectos\/","og_locale":"es_ES","og_type":"article","og_title":"Acusa Gallardo uso de amparos para obstaculizar proyectos - Canal 7 SLP - 2025","og_description":"El gobernador de San Luis Potos\u00ed, Ricardo Gallardo Cardona, arremeti\u00f3 contra el amparo que mantiene detenida la rehabilitaci\u00f3n del Parque de Morales. De hecho, acus\u00f3 nuevamente que detr\u00e1s de ese recurso est\u00e1n grupos ligados a administraciones pasadas. \u201cSon parte de la maldita herencia, yo se los he venido comentando, quien ha metido los amparos contra el gobierno ha sido la maldita herencia, son organizaciones que han servido por d\u00e9cadas a la maldita herencia y frenan proyectos para la infraestructura\u201d, se\u00f1al\u00f3. De esa forma reproch\u00f3 que pese a que en el estado se han concluido diversas obras, el Parque de Morales [&hellip;]","og_url":"https:\/\/canal7slp.tv\/2025\/acusa-gallardo-uso-de-amparos-para-obstaculizar-proyectos\/","og_site_name":"Canal 7 SLP - 2025","article_publisher":"https:\/\/www.facebook.com\/noticieroscanal7atencionciudadana\/","article_published_time":"2025-08-26T02:01:40+00:00","article_modified_time":"2025-08-26T06:54:56+00:00","og_image":[{"width":916,"height":510,"url":"https:\/\/canal7slp.tv\/2025\/wp-content\/uploads\/2025\/08\/01-1.jpeg","type":"image\/jpeg"}],"author":"admin","twitter_card":"summary_large_image","twitter_creator":"@NOTICIEROS7","twitter_site":"@NOTICIEROS7","twitter_misc":{"Escrito por":"admin","Tiempo de lectura":"2 minutos"},"schema":{"@context":"https:\/\/schema.org","@graph":[{"@type":"Article","@id":"https:\/\/canal7slp.tv\/2025\/acusa-gallardo-uso-de-amparos-para-obstaculizar-proyectos\/#article","isPartOf":{"@id":"https:\/\/canal7slp.tv\/2025\/acusa-gallardo-uso-de-amparos-para-obstaculizar-proyectos\/"},"author":{"name":"admin","@id":"https:\/\/canal7slp.tv\/2025\/#\/schema\/person\/1257e7e4a3d5ac29c4732733a887970d"},"headline":"Acusa Gallardo uso de amparos para obstaculizar proyectos","datePublished":"2025-08-26T02:01:40+00:00","dateModified":"2025-08-26T06:54:56+00:00","mainEntityOfPage":{"@id":"https:\/\/canal7slp.tv\/2025\/acusa-gallardo-uso-de-amparos-para-obstaculizar-proyectos\/"},"wordCount":222,"publisher":{"@id":"https:\/\/canal7slp.tv\/2025\/#organization"},"image":{"@id":"https:\/\/canal7slp.tv\/2025\/acusa-gallardo-uso-de-amparos-para-obstaculizar-proyectos\/#primaryimage"},"thumbnailUrl":"https:\/\/canal7slp.tv\/2025\/wp-content\/uploads\/2025\/08\/01-1.jpeg","articleSection":["DESTACADAS","LOCALES Y REGIONALES"],"inLanguage":"es"},{"@type":"WebPage","@id":"https:\/\/canal7slp.tv\/2025\/acusa-gallardo-uso-de-amparos-para-obstaculizar-proyectos\/","url":"https:\/\/canal7slp.tv\/2025\/acusa-gallardo-uso-de-amparos-para-obstaculizar-proyectos\/","name":"Acusa Gallardo uso de amparos para obstaculizar proyectos - Canal 7 SLP - 2025","isPartOf":{"@id":"https:\/\/canal7slp.tv\/2025\/#website"},"primaryImageOfPage":{"@id":"https:\/\/canal7slp.tv\/2025\/acusa-gallardo-uso-de-amparos-para-obstaculizar-proyectos\/#primaryimage"},"image":{"@id":"https:\/\/canal7slp.tv\/2025\/acusa-gallardo-uso-de-amparos-para-obstaculizar-proyectos\/#primaryimage"},"thumbnailUrl":"https:\/\/canal7slp.tv\/2025\/wp-content\/uploads\/2025\/08\/01-1.jpeg","datePublished":"2025-08-26T02:01:40+00:00","dateModified":"2025-08-26T06:54:56+00:00","breadcrumb":{"@id":"https:\/\/canal7slp.tv\/2025\/acusa-gallardo-uso-de-amparos-para-obstaculizar-proyectos\/#breadcrumb"},"inLanguage":"es","potentialAction":[{"@type":"ReadAction","target":["https:\/\/canal7slp.tv\/2025\/acusa-gallardo-uso-de-amparos-para-obstaculizar-proyectos\/"]}]},{"@type":"ImageObject","inLanguage":"es","@id":"https:\/\/canal7slp.tv\/2025\/acusa-gallardo-uso-de-amparos-para-obstaculizar-proyectos\/#primaryimage","url":"https:\/\/canal7slp.tv\/2025\/wp-content\/uploads\/2025\/08\/01-1.jpeg","contentUrl":"https:\/\/canal7slp.tv\/2025\/wp-content\/uploads\/2025\/08\/01-1.jpeg","width":916,"height":510},{"@type":"BreadcrumbList","@id":"https:\/\/canal7slp.tv\/2025\/acusa-gallardo-uso-de-amparos-para-obstaculizar-proyectos\/#breadcrumb","itemListElement":[{"@type":"ListItem","position":1,"name":"Portada","item":"https:\/\/canal7slp.tv\/2025\/"},{"@type":"ListItem","position":2,"name":"Acusa Gallardo uso de amparos para obstaculizar proyectos"}]},{"@type":"WebSite","@id":"https:\/\/canal7slp.tv\/2025\/#website","url":"https:\/\/canal7slp.tv\/2025\/","name":"N7 - Noticieros Canal 7","description":"Somos el Medio","publisher":{"@id":"https:\/\/canal7slp.tv\/2025\/#organization"},"potentialAction":[{"@type":"SearchAction","target":{"@type":"EntryPoint","urlTemplate":"https:\/\/canal7slp.tv\/2025\/?s={search_term_string}"},"query-input":{"@type":"PropertyValueSpecification","valueRequired":true,"valueName":"search_term_string"}}],"inLanguage":"es"},{"@type":"Organization","@id":"https:\/\/canal7slp.tv\/2025\/#organization","name":"Noticieros Canal 7","url":"https:\/\/canal7slp.tv\/2025\/","logo":{"@type":"ImageObject","inLanguage":"es","@id":"https:\/\/canal7slp.tv\/2025\/#\/schema\/logo\/image\/","url":"https:\/\/canal7slp.tv\/2025\/wp-content\/uploads\/2021\/01\/logo-noticieros@2x.png","contentUrl":"https:\/\/canal7slp.tv\/2025\/wp-content\/uploads\/2021\/01\/logo-noticieros@2x.png","width":1017,"height":268,"caption":"Noticieros Canal 7"},"image":{"@id":"https:\/\/canal7slp.tv\/2025\/#\/schema\/logo\/image\/"},"sameAs":["https:\/\/www.facebook.com\/noticieroscanal7atencionciudadana\/","https:\/\/x.com\/NOTICIEROS7","https:\/\/www.instagram.com\/canal7_slp","https:\/\/www.youtube.com\/channel\/UCliiYs-gP3JfJeqdPrNdd5A"]},{"@type":"Person","@id":"https:\/\/canal7slp.tv\/2025\/#\/schema\/person\/1257e7e4a3d5ac29c4732733a887970d","name":"admin","image":{"@type":"ImageObject","inLanguage":"es","@id":"https:\/\/secure.gravatar.com\/avatar\/d1da498ea933582ecc2b5d72a4eac16ec41c3ec04cf2dc9d46e0b557dedfd5ff?s=96&d=mm&r=g","url":"https:\/\/secure.gravatar.com\/avatar\/d1da498ea933582ecc2b5d72a4eac16ec41c3ec04cf2dc9d46e0b557dedfd5ff?s=96&d=mm&r=g","contentUrl":"https:\/\/secure.gravatar.com\/avatar\/d1da498ea933582ecc2b5d72a4eac16ec41c3ec04cf2dc9d46e0b557dedfd5ff?s=96&d=mm&r=g","caption":"admin"},"sameAs":["https:\/\/canal7slp.tv\/2025"],"url":"https:\/\/canal7slp.tv\/2025\/author\/bicefalo\/"}]}},"_links":{"self":[{"href":"https:\/\/canal7slp.tv\/2025\/wp-json\/wp\/v2\/posts\/177610","targetHints":{"allow":["GET"]}}],"collection":[{"href":"https:\/\/canal7slp.tv\/2025\/wp-json\/wp\/v2\/posts"}],"about":[{"href":"https:\/\/canal7slp.tv\/2025\/wp-json\/wp\/v2\/types\/post"}],"author":[{"embeddable":true,"href":"https:\/\/canal7slp.tv\/2025\/wp-json\/wp\/v2\/users\/1"}],"replies":[{"embeddable":true,"href":"https:\/\/canal7slp.tv\/2025\/wp-json\/wp\/v2\/comments?post=177610"}],"version-history":[{"count":1,"href":"https:\/\/canal7slp.tv\/2025\/wp-json\/wp\/v2\/posts\/177610\/revisions"}],"predecessor-version":[{"id":177612,"href":"https:\/\/canal7slp.tv\/2025\/wp-json\/wp\/v2\/posts\/177610\/revisions\/177612"}],"wp:featuredmedia":[{"embeddable":true,"href":"https:\/\/canal7slp.tv\/2025\/wp-json\/wp\/v2\/media\/177611"}],"wp:attachment":[{"href":"https:\/\/canal7slp.tv\/2025\/wp-json\/wp\/v2\/media?parent=177610"}],"wp:term":[{"taxonomy":"category","embeddable":true,"href":"https:\/\/canal7slp.tv\/2025\/wp-json\/wp\/v2\/categories?post=177610"},{"taxonomy":"post_tag","embeddable":true,"href":"https:\/\/canal7slp.tv\/2025\/wp-json\/wp\/v2\/tags?post=177610"}],"curies":[{"name":"wp","href":"https:\/\/api.w.org\/{rel}","templated":true}]}}