{"id":177595,"date":"2025-08-25T16:43:55","date_gmt":"2025-08-25T22:43:55","guid":{"rendered":"https:\/\/canal7slp.tv\/2025\/?p=177595"},"modified":"2025-08-26T00:54:56","modified_gmt":"2025-08-26T06:54:56","slug":"alrededor-de-10-mil-alumnos-ingresaron-al-primer-semestre-en-el-cobach","status":"publish","type":"post","link":"https:\/\/canal7slp.tv\/2025\/alrededor-de-10-mil-alumnos-ingresaron-al-primer-semestre-en-el-cobach\/","title":{"rendered":"Alrededor de 10 mil alumnos ingresaron al primer semestre en el COBACH"},"content":{"rendered":"<p style=\"text-align: justify;\">El pasado d\u00eda 11 de agosto comenz\u00f3 el regreso paulatino a las clases para los alumnos del Colegio de Bachilleres de San Luis Potos\u00ed, as\u00ed lo hizo saber el director general del Cobach en la entidad, Daniel Centeno Trejo.<\/p>\n<p style=\"text-align: justify;\">\u201cYa regresamos, de hecho, bueno, el d\u00eda 11 de agosto iniciaron lo que son los j\u00f3venes de primer semestre un curso proped\u00e9utico y el d\u00eda 18 fue cuando ya arrancamos todo nuestro ciclo escolar junto con los j\u00f3venes de primero, tercero y quinto semestre\u201d.<\/p>\n<p style=\"text-align: justify;\">Fueron arriba de 10 mil estudiantes los que ingresaron al primer semestre.<\/p>\n<p style=\"text-align: justify;\">\u201cEstamos hablando de cerca de 10 mil alumnos (\u2026) pero la captaci\u00f3n sigue, sigue por ejemplo en los planteles Tipo C, que estamos hablando de Soledad 01 y 17; en San Luis lo que son el 19, el 28, el 25, el 26 (\u2026) pero los planteles Tipo A, B y Centros EMSaD siguen captando alumnos\u201d.<\/p>\n<p style=\"text-align: justify;\">Una de las cifras que destac\u00f3 es la cantidad de admitidos en el nivel superior que en la Universidad Aut\u00f3noma de San Luis Potos\u00ed ronda en el 45% de alumnos provenientes del Cobach.<\/p>\n<p style=\"text-align: justify;\">\u201cPor ejemplo el dato duro que tenemos en la Aut\u00f3noma es, cerca del 45% de la poblaci\u00f3n de la Universidad Aut\u00f3noma es egresada de Colegio de Bachilleres y este fen\u00f3meno se sigue repitiendo en otras distintas universidades\u201d.<\/p>\n<p style=\"text-align: justify;\">En total se cuenta con un n\u00famero cercano a los 31 mil estudiantes en todos los grados acad\u00e9micos del Cobach de San Luis Potos\u00ed.<\/p>\n","protected":false},"excerpt":{"rendered":"<p>El pasado d\u00eda 11 de agosto comenz\u00f3 el regreso paulatino a las clases para los alumnos del Colegio de Bachilleres de San Luis Potos\u00ed, as\u00ed lo hizo saber el director general del Cobach en la entidad, Daniel Centeno Trejo. \u201cYa regresamos, de hecho, bueno, el d\u00eda 11 de agosto iniciaron lo que son los j\u00f3venes de primer semestre un curso proped\u00e9utico y el d\u00eda 18 fue cuando ya arrancamos todo nuestro ciclo escolar junto con los j\u00f3venes de primero, tercero y quinto semestre\u201d. Fueron arriba de 10 mil estudiantes los que ingresaron al primer semestre. \u201cEstamos hablando de cerca de [&hellip;]<\/p>\n","protected":false},"author":1,"featured_media":177596,"comment_status":"closed","ping_status":"closed","sticky":false,"template":"","format":"video","meta":{"_monsterinsights_skip_tracking":false,"_monsterinsights_sitenote_active":false,"_monsterinsights_sitenote_note":"","_monsterinsights_sitenote_category":0,"footnotes":""},"categories":[5,45],"tags":[],"class_list":["post-177595","post","type-post","status-publish","format-video","has-post-thumbnail","hentry","category-destacadas","category-localesyregionales","post_format-post-format-video","post--single"],"yoast_head":"<!-- This site is optimized with the Yoast SEO plugin v27.5 - https:\/\/yoast.com\/product\/yoast-seo-wordpress\/ -->\n<title>Alrededor de 10 mil alumnos ingresaron al primer semestre en el COBACH - Canal 7 SLP - 2025<\/title>\n<meta name=\"robots\" content=\"index, follow, max-snippet:-1, max-image-preview:large, max-video-preview:-1\" \/>\n<link rel=\"canonical\" href=\"https:\/\/canal7slp.tv\/2025\/alrededor-de-10-mil-alumnos-ingresaron-al-primer-semestre-en-el-cobach\/\" \/>\n<meta property=\"og:locale\" content=\"es_ES\" \/>\n<meta property=\"og:type\" content=\"article\" \/>\n<meta property=\"og:title\" content=\"Alrededor de 10 mil alumnos ingresaron al primer semestre en el COBACH - Canal 7 SLP - 2025\" \/>\n<meta property=\"og:description\" content=\"El pasado d\u00eda 11 de agosto comenz\u00f3 el regreso paulatino a las clases para los alumnos del Colegio de Bachilleres de San Luis Potos\u00ed, as\u00ed lo hizo saber el director general del Cobach en la entidad, Daniel Centeno Trejo. \u201cYa regresamos, de hecho, bueno, el d\u00eda 11 de agosto iniciaron lo que son los j\u00f3venes de primer semestre un curso proped\u00e9utico y el d\u00eda 18 fue cuando ya arrancamos todo nuestro ciclo escolar junto con los j\u00f3venes de primero, tercero y quinto semestre\u201d. Fueron arriba de 10 mil estudiantes los que ingresaron al primer semestre. \u201cEstamos hablando de cerca de [&hellip;]\" \/>\n<meta property=\"og:url\" content=\"https:\/\/canal7slp.tv\/2025\/alrededor-de-10-mil-alumnos-ingresaron-al-primer-semestre-en-el-cobach\/\" \/>\n<meta property=\"og:site_name\" content=\"Canal 7 SLP - 2025\" \/>\n<meta property=\"article:publisher\" content=\"https:\/\/www.facebook.com\/noticieroscanal7atencionciudadana\/\" \/>\n<meta property=\"article:published_time\" content=\"2025-08-25T22:43:55+00:00\" \/>\n<meta property=\"article:modified_time\" content=\"2025-08-26T06:54:56+00:00\" \/>\n<meta property=\"og:image\" content=\"https:\/\/canal7slp.tv\/2025\/wp-content\/uploads\/2025\/08\/050809.jpeg\" \/>\n\t<meta property=\"og:image:width\" content=\"1229\" \/>\n\t<meta property=\"og:image:height\" content=\"685\" \/>\n\t<meta property=\"og:image:type\" content=\"image\/jpeg\" \/>\n<meta name=\"author\" content=\"admin\" \/>\n<meta name=\"twitter:card\" content=\"summary_large_image\" \/>\n<meta name=\"twitter:creator\" content=\"@NOTICIEROS7\" \/>\n<meta name=\"twitter:site\" content=\"@NOTICIEROS7\" \/>\n<meta name=\"twitter:label1\" content=\"Escrito por\" \/>\n\t<meta name=\"twitter:data1\" content=\"admin\" \/>\n\t<meta name=\"twitter:label2\" content=\"Tiempo de lectura\" \/>\n\t<meta name=\"twitter:data2\" content=\"2 minutos\" \/>\n<script type=\"application\/ld+json\" class=\"yoast-schema-graph\">{\"@context\":\"https:\\\/\\\/schema.org\",\"@graph\":[{\"@type\":\"Article\",\"@id\":\"https:\\\/\\\/canal7slp.tv\\\/2025\\\/alrededor-de-10-mil-alumnos-ingresaron-al-primer-semestre-en-el-cobach\\\/#article\",\"isPartOf\":{\"@id\":\"https:\\\/\\\/canal7slp.tv\\\/2025\\\/alrededor-de-10-mil-alumnos-ingresaron-al-primer-semestre-en-el-cobach\\\/\"},\"author\":{\"name\":\"admin\",\"@id\":\"https:\\\/\\\/canal7slp.tv\\\/2025\\\/#\\\/schema\\\/person\\\/1257e7e4a3d5ac29c4732733a887970d\"},\"headline\":\"Alrededor de 10 mil alumnos ingresaron al primer semestre en el COBACH\",\"datePublished\":\"2025-08-25T22:43:55+00:00\",\"dateModified\":\"2025-08-26T06:54:56+00:00\",\"mainEntityOfPage\":{\"@id\":\"https:\\\/\\\/canal7slp.tv\\\/2025\\\/alrededor-de-10-mil-alumnos-ingresaron-al-primer-semestre-en-el-cobach\\\/\"},\"wordCount\":254,\"publisher\":{\"@id\":\"https:\\\/\\\/canal7slp.tv\\\/2025\\\/#organization\"},\"image\":{\"@id\":\"https:\\\/\\\/canal7slp.tv\\\/2025\\\/alrededor-de-10-mil-alumnos-ingresaron-al-primer-semestre-en-el-cobach\\\/#primaryimage\"},\"thumbnailUrl\":\"https:\\\/\\\/canal7slp.tv\\\/2025\\\/wp-content\\\/uploads\\\/2025\\\/08\\\/050809.jpeg\",\"articleSection\":[\"DESTACADAS\",\"LOCALES Y REGIONALES\"],\"inLanguage\":\"es\"},{\"@type\":\"WebPage\",\"@id\":\"https:\\\/\\\/canal7slp.tv\\\/2025\\\/alrededor-de-10-mil-alumnos-ingresaron-al-primer-semestre-en-el-cobach\\\/\",\"url\":\"https:\\\/\\\/canal7slp.tv\\\/2025\\\/alrededor-de-10-mil-alumnos-ingresaron-al-primer-semestre-en-el-cobach\\\/\",\"name\":\"Alrededor de 10 mil alumnos ingresaron al primer semestre en el COBACH - Canal 7 SLP - 2025\",\"isPartOf\":{\"@id\":\"https:\\\/\\\/canal7slp.tv\\\/2025\\\/#website\"},\"primaryImageOfPage\":{\"@id\":\"https:\\\/\\\/canal7slp.tv\\\/2025\\\/alrededor-de-10-mil-alumnos-ingresaron-al-primer-semestre-en-el-cobach\\\/#primaryimage\"},\"image\":{\"@id\":\"https:\\\/\\\/canal7slp.tv\\\/2025\\\/alrededor-de-10-mil-alumnos-ingresaron-al-primer-semestre-en-el-cobach\\\/#primaryimage\"},\"thumbnailUrl\":\"https:\\\/\\\/canal7slp.tv\\\/2025\\\/wp-content\\\/uploads\\\/2025\\\/08\\\/050809.jpeg\",\"datePublished\":\"2025-08-25T22:43:55+00:00\",\"dateModified\":\"2025-08-26T06:54:56+00:00\",\"breadcrumb\":{\"@id\":\"https:\\\/\\\/canal7slp.tv\\\/2025\\\/alrededor-de-10-mil-alumnos-ingresaron-al-primer-semestre-en-el-cobach\\\/#breadcrumb\"},\"inLanguage\":\"es\",\"potentialAction\":[{\"@type\":\"ReadAction\",\"target\":[\"https:\\\/\\\/canal7slp.tv\\\/2025\\\/alrededor-de-10-mil-alumnos-ingresaron-al-primer-semestre-en-el-cobach\\\/\"]}]},{\"@type\":\"ImageObject\",\"inLanguage\":\"es\",\"@id\":\"https:\\\/\\\/canal7slp.tv\\\/2025\\\/alrededor-de-10-mil-alumnos-ingresaron-al-primer-semestre-en-el-cobach\\\/#primaryimage\",\"url\":\"https:\\\/\\\/canal7slp.tv\\\/2025\\\/wp-content\\\/uploads\\\/2025\\\/08\\\/050809.jpeg\",\"contentUrl\":\"https:\\\/\\\/canal7slp.tv\\\/2025\\\/wp-content\\\/uploads\\\/2025\\\/08\\\/050809.jpeg\",\"width\":1229,\"height\":685},{\"@type\":\"BreadcrumbList\",\"@id\":\"https:\\\/\\\/canal7slp.tv\\\/2025\\\/alrededor-de-10-mil-alumnos-ingresaron-al-primer-semestre-en-el-cobach\\\/#breadcrumb\",\"itemListElement\":[{\"@type\":\"ListItem\",\"position\":1,\"name\":\"Portada\",\"item\":\"https:\\\/\\\/canal7slp.tv\\\/2025\\\/\"},{\"@type\":\"ListItem\",\"position\":2,\"name\":\"Alrededor de 10 mil alumnos ingresaron al primer semestre en el COBACH\"}]},{\"@type\":\"WebSite\",\"@id\":\"https:\\\/\\\/canal7slp.tv\\\/2025\\\/#website\",\"url\":\"https:\\\/\\\/canal7slp.tv\\\/2025\\\/\",\"name\":\"N7 - Noticieros Canal 7\",\"description\":\"Somos el Medio\",\"publisher\":{\"@id\":\"https:\\\/\\\/canal7slp.tv\\\/2025\\\/#organization\"},\"potentialAction\":[{\"@type\":\"SearchAction\",\"target\":{\"@type\":\"EntryPoint\",\"urlTemplate\":\"https:\\\/\\\/canal7slp.tv\\\/2025\\\/?s={search_term_string}\"},\"query-input\":{\"@type\":\"PropertyValueSpecification\",\"valueRequired\":true,\"valueName\":\"search_term_string\"}}],\"inLanguage\":\"es\"},{\"@type\":\"Organization\",\"@id\":\"https:\\\/\\\/canal7slp.tv\\\/2025\\\/#organization\",\"name\":\"Noticieros Canal 7\",\"url\":\"https:\\\/\\\/canal7slp.tv\\\/2025\\\/\",\"logo\":{\"@type\":\"ImageObject\",\"inLanguage\":\"es\",\"@id\":\"https:\\\/\\\/canal7slp.tv\\\/2025\\\/#\\\/schema\\\/logo\\\/image\\\/\",\"url\":\"https:\\\/\\\/canal7slp.tv\\\/2025\\\/wp-content\\\/uploads\\\/2021\\\/01\\\/logo-noticieros@2x.png\",\"contentUrl\":\"https:\\\/\\\/canal7slp.tv\\\/2025\\\/wp-content\\\/uploads\\\/2021\\\/01\\\/logo-noticieros@2x.png\",\"width\":1017,\"height\":268,\"caption\":\"Noticieros Canal 7\"},\"image\":{\"@id\":\"https:\\\/\\\/canal7slp.tv\\\/2025\\\/#\\\/schema\\\/logo\\\/image\\\/\"},\"sameAs\":[\"https:\\\/\\\/www.facebook.com\\\/noticieroscanal7atencionciudadana\\\/\",\"https:\\\/\\\/x.com\\\/NOTICIEROS7\",\"https:\\\/\\\/www.instagram.com\\\/canal7_slp\",\"https:\\\/\\\/www.youtube.com\\\/channel\\\/UCliiYs-gP3JfJeqdPrNdd5A\"]},{\"@type\":\"Person\",\"@id\":\"https:\\\/\\\/canal7slp.tv\\\/2025\\\/#\\\/schema\\\/person\\\/1257e7e4a3d5ac29c4732733a887970d\",\"name\":\"admin\",\"image\":{\"@type\":\"ImageObject\",\"inLanguage\":\"es\",\"@id\":\"https:\\\/\\\/secure.gravatar.com\\\/avatar\\\/d1da498ea933582ecc2b5d72a4eac16ec41c3ec04cf2dc9d46e0b557dedfd5ff?s=96&d=mm&r=g\",\"url\":\"https:\\\/\\\/secure.gravatar.com\\\/avatar\\\/d1da498ea933582ecc2b5d72a4eac16ec41c3ec04cf2dc9d46e0b557dedfd5ff?s=96&d=mm&r=g\",\"contentUrl\":\"https:\\\/\\\/secure.gravatar.com\\\/avatar\\\/d1da498ea933582ecc2b5d72a4eac16ec41c3ec04cf2dc9d46e0b557dedfd5ff?s=96&d=mm&r=g\",\"caption\":\"admin\"},\"sameAs\":[\"https:\\\/\\\/canal7slp.tv\\\/2025\"],\"url\":\"https:\\\/\\\/canal7slp.tv\\\/2025\\\/author\\\/bicefalo\\\/\"}]}<\/script>\n<!-- \/ Yoast SEO plugin. -->","yoast_head_json":{"title":"Alrededor de 10 mil alumnos ingresaron al primer semestre en el COBACH - Canal 7 SLP - 2025","robots":{"index":"index","follow":"follow","max-snippet":"max-snippet:-1","max-image-preview":"max-image-preview:large","max-video-preview":"max-video-preview:-1"},"canonical":"https:\/\/canal7slp.tv\/2025\/alrededor-de-10-mil-alumnos-ingresaron-al-primer-semestre-en-el-cobach\/","og_locale":"es_ES","og_type":"article","og_title":"Alrededor de 10 mil alumnos ingresaron al primer semestre en el COBACH - Canal 7 SLP - 2025","og_description":"El pasado d\u00eda 11 de agosto comenz\u00f3 el regreso paulatino a las clases para los alumnos del Colegio de Bachilleres de San Luis Potos\u00ed, as\u00ed lo hizo saber el director general del Cobach en la entidad, Daniel Centeno Trejo. \u201cYa regresamos, de hecho, bueno, el d\u00eda 11 de agosto iniciaron lo que son los j\u00f3venes de primer semestre un curso proped\u00e9utico y el d\u00eda 18 fue cuando ya arrancamos todo nuestro ciclo escolar junto con los j\u00f3venes de primero, tercero y quinto semestre\u201d. Fueron arriba de 10 mil estudiantes los que ingresaron al primer semestre. \u201cEstamos hablando de cerca de [&hellip;]","og_url":"https:\/\/canal7slp.tv\/2025\/alrededor-de-10-mil-alumnos-ingresaron-al-primer-semestre-en-el-cobach\/","og_site_name":"Canal 7 SLP - 2025","article_publisher":"https:\/\/www.facebook.com\/noticieroscanal7atencionciudadana\/","article_published_time":"2025-08-25T22:43:55+00:00","article_modified_time":"2025-08-26T06:54:56+00:00","og_image":[{"width":1229,"height":685,"url":"https:\/\/canal7slp.tv\/2025\/wp-content\/uploads\/2025\/08\/050809.jpeg","type":"image\/jpeg"}],"author":"admin","twitter_card":"summary_large_image","twitter_creator":"@NOTICIEROS7","twitter_site":"@NOTICIEROS7","twitter_misc":{"Escrito por":"admin","Tiempo de lectura":"2 minutos"},"schema":{"@context":"https:\/\/schema.org","@graph":[{"@type":"Article","@id":"https:\/\/canal7slp.tv\/2025\/alrededor-de-10-mil-alumnos-ingresaron-al-primer-semestre-en-el-cobach\/#article","isPartOf":{"@id":"https:\/\/canal7slp.tv\/2025\/alrededor-de-10-mil-alumnos-ingresaron-al-primer-semestre-en-el-cobach\/"},"author":{"name":"admin","@id":"https:\/\/canal7slp.tv\/2025\/#\/schema\/person\/1257e7e4a3d5ac29c4732733a887970d"},"headline":"Alrededor de 10 mil alumnos ingresaron al primer semestre en el COBACH","datePublished":"2025-08-25T22:43:55+00:00","dateModified":"2025-08-26T06:54:56+00:00","mainEntityOfPage":{"@id":"https:\/\/canal7slp.tv\/2025\/alrededor-de-10-mil-alumnos-ingresaron-al-primer-semestre-en-el-cobach\/"},"wordCount":254,"publisher":{"@id":"https:\/\/canal7slp.tv\/2025\/#organization"},"image":{"@id":"https:\/\/canal7slp.tv\/2025\/alrededor-de-10-mil-alumnos-ingresaron-al-primer-semestre-en-el-cobach\/#primaryimage"},"thumbnailUrl":"https:\/\/canal7slp.tv\/2025\/wp-content\/uploads\/2025\/08\/050809.jpeg","articleSection":["DESTACADAS","LOCALES Y REGIONALES"],"inLanguage":"es"},{"@type":"WebPage","@id":"https:\/\/canal7slp.tv\/2025\/alrededor-de-10-mil-alumnos-ingresaron-al-primer-semestre-en-el-cobach\/","url":"https:\/\/canal7slp.tv\/2025\/alrededor-de-10-mil-alumnos-ingresaron-al-primer-semestre-en-el-cobach\/","name":"Alrededor de 10 mil alumnos ingresaron al primer semestre en el COBACH - Canal 7 SLP - 2025","isPartOf":{"@id":"https:\/\/canal7slp.tv\/2025\/#website"},"primaryImageOfPage":{"@id":"https:\/\/canal7slp.tv\/2025\/alrededor-de-10-mil-alumnos-ingresaron-al-primer-semestre-en-el-cobach\/#primaryimage"},"image":{"@id":"https:\/\/canal7slp.tv\/2025\/alrededor-de-10-mil-alumnos-ingresaron-al-primer-semestre-en-el-cobach\/#primaryimage"},"thumbnailUrl":"https:\/\/canal7slp.tv\/2025\/wp-content\/uploads\/2025\/08\/050809.jpeg","datePublished":"2025-08-25T22:43:55+00:00","dateModified":"2025-08-26T06:54:56+00:00","breadcrumb":{"@id":"https:\/\/canal7slp.tv\/2025\/alrededor-de-10-mil-alumnos-ingresaron-al-primer-semestre-en-el-cobach\/#breadcrumb"},"inLanguage":"es","potentialAction":[{"@type":"ReadAction","target":["https:\/\/canal7slp.tv\/2025\/alrededor-de-10-mil-alumnos-ingresaron-al-primer-semestre-en-el-cobach\/"]}]},{"@type":"ImageObject","inLanguage":"es","@id":"https:\/\/canal7slp.tv\/2025\/alrededor-de-10-mil-alumnos-ingresaron-al-primer-semestre-en-el-cobach\/#primaryimage","url":"https:\/\/canal7slp.tv\/2025\/wp-content\/uploads\/2025\/08\/050809.jpeg","contentUrl":"https:\/\/canal7slp.tv\/2025\/wp-content\/uploads\/2025\/08\/050809.jpeg","width":1229,"height":685},{"@type":"BreadcrumbList","@id":"https:\/\/canal7slp.tv\/2025\/alrededor-de-10-mil-alumnos-ingresaron-al-primer-semestre-en-el-cobach\/#breadcrumb","itemListElement":[{"@type":"ListItem","position":1,"name":"Portada","item":"https:\/\/canal7slp.tv\/2025\/"},{"@type":"ListItem","position":2,"name":"Alrededor de 10 mil alumnos ingresaron al primer semestre en el COBACH"}]},{"@type":"WebSite","@id":"https:\/\/canal7slp.tv\/2025\/#website","url":"https:\/\/canal7slp.tv\/2025\/","name":"N7 - Noticieros Canal 7","description":"Somos el Medio","publisher":{"@id":"https:\/\/canal7slp.tv\/2025\/#organization"},"potentialAction":[{"@type":"SearchAction","target":{"@type":"EntryPoint","urlTemplate":"https:\/\/canal7slp.tv\/2025\/?s={search_term_string}"},"query-input":{"@type":"PropertyValueSpecification","valueRequired":true,"valueName":"search_term_string"}}],"inLanguage":"es"},{"@type":"Organization","@id":"https:\/\/canal7slp.tv\/2025\/#organization","name":"Noticieros Canal 7","url":"https:\/\/canal7slp.tv\/2025\/","logo":{"@type":"ImageObject","inLanguage":"es","@id":"https:\/\/canal7slp.tv\/2025\/#\/schema\/logo\/image\/","url":"https:\/\/canal7slp.tv\/2025\/wp-content\/uploads\/2021\/01\/logo-noticieros@2x.png","contentUrl":"https:\/\/canal7slp.tv\/2025\/wp-content\/uploads\/2021\/01\/logo-noticieros@2x.png","width":1017,"height":268,"caption":"Noticieros Canal 7"},"image":{"@id":"https:\/\/canal7slp.tv\/2025\/#\/schema\/logo\/image\/"},"sameAs":["https:\/\/www.facebook.com\/noticieroscanal7atencionciudadana\/","https:\/\/x.com\/NOTICIEROS7","https:\/\/www.instagram.com\/canal7_slp","https:\/\/www.youtube.com\/channel\/UCliiYs-gP3JfJeqdPrNdd5A"]},{"@type":"Person","@id":"https:\/\/canal7slp.tv\/2025\/#\/schema\/person\/1257e7e4a3d5ac29c4732733a887970d","name":"admin","image":{"@type":"ImageObject","inLanguage":"es","@id":"https:\/\/secure.gravatar.com\/avatar\/d1da498ea933582ecc2b5d72a4eac16ec41c3ec04cf2dc9d46e0b557dedfd5ff?s=96&d=mm&r=g","url":"https:\/\/secure.gravatar.com\/avatar\/d1da498ea933582ecc2b5d72a4eac16ec41c3ec04cf2dc9d46e0b557dedfd5ff?s=96&d=mm&r=g","contentUrl":"https:\/\/secure.gravatar.com\/avatar\/d1da498ea933582ecc2b5d72a4eac16ec41c3ec04cf2dc9d46e0b557dedfd5ff?s=96&d=mm&r=g","caption":"admin"},"sameAs":["https:\/\/canal7slp.tv\/2025"],"url":"https:\/\/canal7slp.tv\/2025\/author\/bicefalo\/"}]}},"_links":{"self":[{"href":"https:\/\/canal7slp.tv\/2025\/wp-json\/wp\/v2\/posts\/177595","targetHints":{"allow":["GET"]}}],"collection":[{"href":"https:\/\/canal7slp.tv\/2025\/wp-json\/wp\/v2\/posts"}],"about":[{"href":"https:\/\/canal7slp.tv\/2025\/wp-json\/wp\/v2\/types\/post"}],"author":[{"embeddable":true,"href":"https:\/\/canal7slp.tv\/2025\/wp-json\/wp\/v2\/users\/1"}],"replies":[{"embeddable":true,"href":"https:\/\/canal7slp.tv\/2025\/wp-json\/wp\/v2\/comments?post=177595"}],"version-history":[{"count":1,"href":"https:\/\/canal7slp.tv\/2025\/wp-json\/wp\/v2\/posts\/177595\/revisions"}],"predecessor-version":[{"id":177597,"href":"https:\/\/canal7slp.tv\/2025\/wp-json\/wp\/v2\/posts\/177595\/revisions\/177597"}],"wp:featuredmedia":[{"embeddable":true,"href":"https:\/\/canal7slp.tv\/2025\/wp-json\/wp\/v2\/media\/177596"}],"wp:attachment":[{"href":"https:\/\/canal7slp.tv\/2025\/wp-json\/wp\/v2\/media?parent=177595"}],"wp:term":[{"taxonomy":"category","embeddable":true,"href":"https:\/\/canal7slp.tv\/2025\/wp-json\/wp\/v2\/categories?post=177595"},{"taxonomy":"post_tag","embeddable":true,"href":"https:\/\/canal7slp.tv\/2025\/wp-json\/wp\/v2\/tags?post=177595"}],"curies":[{"name":"wp","href":"https:\/\/api.w.org\/{rel}","templated":true}]}}