{"id":177592,"date":"2025-08-25T16:37:04","date_gmt":"2025-08-25T22:37:04","guid":{"rendered":"https:\/\/canal7slp.tv\/2025\/?p=177592"},"modified":"2025-08-26T00:54:56","modified_gmt":"2025-08-26T06:54:56","slug":"slp-sera-sede-de-reunion-de-asetur-en-octubre-sectur","status":"publish","type":"post","link":"https:\/\/canal7slp.tv\/2025\/slp-sera-sede-de-reunion-de-asetur-en-octubre-sectur\/","title":{"rendered":"SLP ser\u00e1 sede de reuni\u00f3n de ASETUR en octubre: Sectur"},"content":{"rendered":"<p style=\"text-align: justify;\">Durante el mes de octubre del presente a\u00f1o la Asociaci\u00f3n de Secretarias y Secretarios de Turismo de M\u00e9xico conocida como Asetur sostendr\u00e1 una reuni\u00f3n en San Luis Potos\u00ed y al respecto habl\u00f3 la titular de la Secretar\u00eda de Turismo, Yolanda Josefina Cepeda Echavarr\u00eda.<\/p>\n<p style=\"text-align: justify;\">\u201cEn el mes de octubre vamos a ser sede de Asetur, vienen los 32 estados de la Rep\u00fablica a San Luis Potos\u00ed a finales del mes de octubre, vamos a recibirlos a todos las 32 entidades federativas con los brazos abiertos\u201d.<\/p>\n<p style=\"text-align: justify;\">Se revisar\u00e1 el tema financiero y otros m\u00e1s.<\/p>\n<p style=\"text-align: justify;\">\u201cNos estamos preparando como hermanos para seguir fortaleciendo todos los presupuestos en el tema del turismo, hemos estado avanzando en nuevas rutas\u201d.<\/p>\n<p style=\"text-align: justify;\">Otras de las actividades que generar\u00e1n una derrama econ\u00f3mica para la entidad son las deportivas.<\/p>\n<p style=\"text-align: justify;\">\u201cTenemos en octubre el spartan donde todos los deportistas de este deporte puedan participar, se puedan acercar a la Secretar\u00eda de Turismo (\u2026) viene un evento nacional de un campeonato de tiro de arco en el mes de noviembre a San Luis Potos\u00ed\u201d.<\/p>\n<p style=\"text-align: justify;\">A su vez, la Secretar\u00eda de Turismo participar\u00e1 en el Tianguis de Pueblos M\u00e1gicos de Pachuca.<\/p>\n<p style=\"text-align: justify;\">\u201cDel 13 al 16 de noviembre vamos a tener el Tianguis de Pueblos M\u00e1gicos y la buena noticia de este pr\u00f3ximo tianguis es que ahora va a ser un tianguis tambi\u00e9n de negocios\u201d.<\/p>\n","protected":false},"excerpt":{"rendered":"<p>Durante el mes de octubre del presente a\u00f1o la Asociaci\u00f3n de Secretarias y Secretarios de Turismo de M\u00e9xico conocida como Asetur sostendr\u00e1 una reuni\u00f3n en San Luis Potos\u00ed y al respecto habl\u00f3 la titular de la Secretar\u00eda de Turismo, Yolanda Josefina Cepeda Echavarr\u00eda. \u201cEn el mes de octubre vamos a ser sede de Asetur, vienen los 32 estados de la Rep\u00fablica a San Luis Potos\u00ed a finales del mes de octubre, vamos a recibirlos a todos las 32 entidades federativas con los brazos abiertos\u201d. Se revisar\u00e1 el tema financiero y otros m\u00e1s. \u201cNos estamos preparando como hermanos para seguir fortaleciendo [&hellip;]<\/p>\n","protected":false},"author":1,"featured_media":177593,"comment_status":"closed","ping_status":"closed","sticky":false,"template":"","format":"video","meta":{"_monsterinsights_skip_tracking":false,"_monsterinsights_sitenote_active":false,"_monsterinsights_sitenote_note":"","_monsterinsights_sitenote_category":0,"footnotes":""},"categories":[5,45],"tags":[],"class_list":["post-177592","post","type-post","status-publish","format-video","has-post-thumbnail","hentry","category-destacadas","category-localesyregionales","post_format-post-format-video","post--single"],"yoast_head":"<!-- This site is optimized with the Yoast SEO plugin v27.5 - https:\/\/yoast.com\/product\/yoast-seo-wordpress\/ -->\n<title>SLP ser\u00e1 sede de reuni\u00f3n de ASETUR en octubre: Sectur - Canal 7 SLP - 2025<\/title>\n<meta name=\"robots\" content=\"index, follow, max-snippet:-1, max-image-preview:large, max-video-preview:-1\" \/>\n<link rel=\"canonical\" href=\"https:\/\/canal7slp.tv\/2025\/slp-sera-sede-de-reunion-de-asetur-en-octubre-sectur\/\" \/>\n<meta property=\"og:locale\" content=\"es_ES\" \/>\n<meta property=\"og:type\" content=\"article\" \/>\n<meta property=\"og:title\" content=\"SLP ser\u00e1 sede de reuni\u00f3n de ASETUR en octubre: Sectur - Canal 7 SLP - 2025\" \/>\n<meta property=\"og:description\" content=\"Durante el mes de octubre del presente a\u00f1o la Asociaci\u00f3n de Secretarias y Secretarios de Turismo de M\u00e9xico conocida como Asetur sostendr\u00e1 una reuni\u00f3n en San Luis Potos\u00ed y al respecto habl\u00f3 la titular de la Secretar\u00eda de Turismo, Yolanda Josefina Cepeda Echavarr\u00eda. \u201cEn el mes de octubre vamos a ser sede de Asetur, vienen los 32 estados de la Rep\u00fablica a San Luis Potos\u00ed a finales del mes de octubre, vamos a recibirlos a todos las 32 entidades federativas con los brazos abiertos\u201d. Se revisar\u00e1 el tema financiero y otros m\u00e1s. \u201cNos estamos preparando como hermanos para seguir fortaleciendo [&hellip;]\" \/>\n<meta property=\"og:url\" content=\"https:\/\/canal7slp.tv\/2025\/slp-sera-sede-de-reunion-de-asetur-en-octubre-sectur\/\" \/>\n<meta property=\"og:site_name\" content=\"Canal 7 SLP - 2025\" \/>\n<meta property=\"article:publisher\" content=\"https:\/\/www.facebook.com\/noticieroscanal7atencionciudadana\/\" \/>\n<meta property=\"article:published_time\" content=\"2025-08-25T22:37:04+00:00\" \/>\n<meta property=\"article:modified_time\" content=\"2025-08-26T06:54:56+00:00\" \/>\n<meta property=\"og:image\" content=\"https:\/\/canal7slp.tv\/2025\/wp-content\/uploads\/2025\/08\/050808.jpeg\" \/>\n\t<meta property=\"og:image:width\" content=\"1235\" \/>\n\t<meta property=\"og:image:height\" content=\"689\" \/>\n\t<meta property=\"og:image:type\" content=\"image\/jpeg\" \/>\n<meta name=\"author\" content=\"admin\" \/>\n<meta name=\"twitter:card\" content=\"summary_large_image\" \/>\n<meta name=\"twitter:creator\" content=\"@NOTICIEROS7\" \/>\n<meta name=\"twitter:site\" content=\"@NOTICIEROS7\" \/>\n<meta name=\"twitter:label1\" content=\"Escrito por\" \/>\n\t<meta name=\"twitter:data1\" content=\"admin\" \/>\n\t<meta name=\"twitter:label2\" content=\"Tiempo de lectura\" \/>\n\t<meta name=\"twitter:data2\" content=\"2 minutos\" \/>\n<script type=\"application\/ld+json\" class=\"yoast-schema-graph\">{\"@context\":\"https:\\\/\\\/schema.org\",\"@graph\":[{\"@type\":\"Article\",\"@id\":\"https:\\\/\\\/canal7slp.tv\\\/2025\\\/slp-sera-sede-de-reunion-de-asetur-en-octubre-sectur\\\/#article\",\"isPartOf\":{\"@id\":\"https:\\\/\\\/canal7slp.tv\\\/2025\\\/slp-sera-sede-de-reunion-de-asetur-en-octubre-sectur\\\/\"},\"author\":{\"name\":\"admin\",\"@id\":\"https:\\\/\\\/canal7slp.tv\\\/2025\\\/#\\\/schema\\\/person\\\/1257e7e4a3d5ac29c4732733a887970d\"},\"headline\":\"SLP ser\u00e1 sede de reuni\u00f3n de ASETUR en octubre: Sectur\",\"datePublished\":\"2025-08-25T22:37:04+00:00\",\"dateModified\":\"2025-08-26T06:54:56+00:00\",\"mainEntityOfPage\":{\"@id\":\"https:\\\/\\\/canal7slp.tv\\\/2025\\\/slp-sera-sede-de-reunion-de-asetur-en-octubre-sectur\\\/\"},\"wordCount\":243,\"publisher\":{\"@id\":\"https:\\\/\\\/canal7slp.tv\\\/2025\\\/#organization\"},\"image\":{\"@id\":\"https:\\\/\\\/canal7slp.tv\\\/2025\\\/slp-sera-sede-de-reunion-de-asetur-en-octubre-sectur\\\/#primaryimage\"},\"thumbnailUrl\":\"https:\\\/\\\/canal7slp.tv\\\/2025\\\/wp-content\\\/uploads\\\/2025\\\/08\\\/050808.jpeg\",\"articleSection\":[\"DESTACADAS\",\"LOCALES Y REGIONALES\"],\"inLanguage\":\"es\"},{\"@type\":\"WebPage\",\"@id\":\"https:\\\/\\\/canal7slp.tv\\\/2025\\\/slp-sera-sede-de-reunion-de-asetur-en-octubre-sectur\\\/\",\"url\":\"https:\\\/\\\/canal7slp.tv\\\/2025\\\/slp-sera-sede-de-reunion-de-asetur-en-octubre-sectur\\\/\",\"name\":\"SLP ser\u00e1 sede de reuni\u00f3n de ASETUR en octubre: Sectur - Canal 7 SLP - 2025\",\"isPartOf\":{\"@id\":\"https:\\\/\\\/canal7slp.tv\\\/2025\\\/#website\"},\"primaryImageOfPage\":{\"@id\":\"https:\\\/\\\/canal7slp.tv\\\/2025\\\/slp-sera-sede-de-reunion-de-asetur-en-octubre-sectur\\\/#primaryimage\"},\"image\":{\"@id\":\"https:\\\/\\\/canal7slp.tv\\\/2025\\\/slp-sera-sede-de-reunion-de-asetur-en-octubre-sectur\\\/#primaryimage\"},\"thumbnailUrl\":\"https:\\\/\\\/canal7slp.tv\\\/2025\\\/wp-content\\\/uploads\\\/2025\\\/08\\\/050808.jpeg\",\"datePublished\":\"2025-08-25T22:37:04+00:00\",\"dateModified\":\"2025-08-26T06:54:56+00:00\",\"breadcrumb\":{\"@id\":\"https:\\\/\\\/canal7slp.tv\\\/2025\\\/slp-sera-sede-de-reunion-de-asetur-en-octubre-sectur\\\/#breadcrumb\"},\"inLanguage\":\"es\",\"potentialAction\":[{\"@type\":\"ReadAction\",\"target\":[\"https:\\\/\\\/canal7slp.tv\\\/2025\\\/slp-sera-sede-de-reunion-de-asetur-en-octubre-sectur\\\/\"]}]},{\"@type\":\"ImageObject\",\"inLanguage\":\"es\",\"@id\":\"https:\\\/\\\/canal7slp.tv\\\/2025\\\/slp-sera-sede-de-reunion-de-asetur-en-octubre-sectur\\\/#primaryimage\",\"url\":\"https:\\\/\\\/canal7slp.tv\\\/2025\\\/wp-content\\\/uploads\\\/2025\\\/08\\\/050808.jpeg\",\"contentUrl\":\"https:\\\/\\\/canal7slp.tv\\\/2025\\\/wp-content\\\/uploads\\\/2025\\\/08\\\/050808.jpeg\",\"width\":1235,\"height\":689},{\"@type\":\"BreadcrumbList\",\"@id\":\"https:\\\/\\\/canal7slp.tv\\\/2025\\\/slp-sera-sede-de-reunion-de-asetur-en-octubre-sectur\\\/#breadcrumb\",\"itemListElement\":[{\"@type\":\"ListItem\",\"position\":1,\"name\":\"Portada\",\"item\":\"https:\\\/\\\/canal7slp.tv\\\/2025\\\/\"},{\"@type\":\"ListItem\",\"position\":2,\"name\":\"SLP ser\u00e1 sede de reuni\u00f3n de ASETUR en octubre: Sectur\"}]},{\"@type\":\"WebSite\",\"@id\":\"https:\\\/\\\/canal7slp.tv\\\/2025\\\/#website\",\"url\":\"https:\\\/\\\/canal7slp.tv\\\/2025\\\/\",\"name\":\"N7 - Noticieros Canal 7\",\"description\":\"Somos el Medio\",\"publisher\":{\"@id\":\"https:\\\/\\\/canal7slp.tv\\\/2025\\\/#organization\"},\"potentialAction\":[{\"@type\":\"SearchAction\",\"target\":{\"@type\":\"EntryPoint\",\"urlTemplate\":\"https:\\\/\\\/canal7slp.tv\\\/2025\\\/?s={search_term_string}\"},\"query-input\":{\"@type\":\"PropertyValueSpecification\",\"valueRequired\":true,\"valueName\":\"search_term_string\"}}],\"inLanguage\":\"es\"},{\"@type\":\"Organization\",\"@id\":\"https:\\\/\\\/canal7slp.tv\\\/2025\\\/#organization\",\"name\":\"Noticieros Canal 7\",\"url\":\"https:\\\/\\\/canal7slp.tv\\\/2025\\\/\",\"logo\":{\"@type\":\"ImageObject\",\"inLanguage\":\"es\",\"@id\":\"https:\\\/\\\/canal7slp.tv\\\/2025\\\/#\\\/schema\\\/logo\\\/image\\\/\",\"url\":\"https:\\\/\\\/canal7slp.tv\\\/2025\\\/wp-content\\\/uploads\\\/2021\\\/01\\\/logo-noticieros@2x.png\",\"contentUrl\":\"https:\\\/\\\/canal7slp.tv\\\/2025\\\/wp-content\\\/uploads\\\/2021\\\/01\\\/logo-noticieros@2x.png\",\"width\":1017,\"height\":268,\"caption\":\"Noticieros Canal 7\"},\"image\":{\"@id\":\"https:\\\/\\\/canal7slp.tv\\\/2025\\\/#\\\/schema\\\/logo\\\/image\\\/\"},\"sameAs\":[\"https:\\\/\\\/www.facebook.com\\\/noticieroscanal7atencionciudadana\\\/\",\"https:\\\/\\\/x.com\\\/NOTICIEROS7\",\"https:\\\/\\\/www.instagram.com\\\/canal7_slp\",\"https:\\\/\\\/www.youtube.com\\\/channel\\\/UCliiYs-gP3JfJeqdPrNdd5A\"]},{\"@type\":\"Person\",\"@id\":\"https:\\\/\\\/canal7slp.tv\\\/2025\\\/#\\\/schema\\\/person\\\/1257e7e4a3d5ac29c4732733a887970d\",\"name\":\"admin\",\"image\":{\"@type\":\"ImageObject\",\"inLanguage\":\"es\",\"@id\":\"https:\\\/\\\/secure.gravatar.com\\\/avatar\\\/d1da498ea933582ecc2b5d72a4eac16ec41c3ec04cf2dc9d46e0b557dedfd5ff?s=96&d=mm&r=g\",\"url\":\"https:\\\/\\\/secure.gravatar.com\\\/avatar\\\/d1da498ea933582ecc2b5d72a4eac16ec41c3ec04cf2dc9d46e0b557dedfd5ff?s=96&d=mm&r=g\",\"contentUrl\":\"https:\\\/\\\/secure.gravatar.com\\\/avatar\\\/d1da498ea933582ecc2b5d72a4eac16ec41c3ec04cf2dc9d46e0b557dedfd5ff?s=96&d=mm&r=g\",\"caption\":\"admin\"},\"sameAs\":[\"https:\\\/\\\/canal7slp.tv\\\/2025\"],\"url\":\"https:\\\/\\\/canal7slp.tv\\\/2025\\\/author\\\/bicefalo\\\/\"}]}<\/script>\n<!-- \/ Yoast SEO plugin. -->","yoast_head_json":{"title":"SLP ser\u00e1 sede de reuni\u00f3n de ASETUR en octubre: Sectur - Canal 7 SLP - 2025","robots":{"index":"index","follow":"follow","max-snippet":"max-snippet:-1","max-image-preview":"max-image-preview:large","max-video-preview":"max-video-preview:-1"},"canonical":"https:\/\/canal7slp.tv\/2025\/slp-sera-sede-de-reunion-de-asetur-en-octubre-sectur\/","og_locale":"es_ES","og_type":"article","og_title":"SLP ser\u00e1 sede de reuni\u00f3n de ASETUR en octubre: Sectur - Canal 7 SLP - 2025","og_description":"Durante el mes de octubre del presente a\u00f1o la Asociaci\u00f3n de Secretarias y Secretarios de Turismo de M\u00e9xico conocida como Asetur sostendr\u00e1 una reuni\u00f3n en San Luis Potos\u00ed y al respecto habl\u00f3 la titular de la Secretar\u00eda de Turismo, Yolanda Josefina Cepeda Echavarr\u00eda. \u201cEn el mes de octubre vamos a ser sede de Asetur, vienen los 32 estados de la Rep\u00fablica a San Luis Potos\u00ed a finales del mes de octubre, vamos a recibirlos a todos las 32 entidades federativas con los brazos abiertos\u201d. Se revisar\u00e1 el tema financiero y otros m\u00e1s. \u201cNos estamos preparando como hermanos para seguir fortaleciendo [&hellip;]","og_url":"https:\/\/canal7slp.tv\/2025\/slp-sera-sede-de-reunion-de-asetur-en-octubre-sectur\/","og_site_name":"Canal 7 SLP - 2025","article_publisher":"https:\/\/www.facebook.com\/noticieroscanal7atencionciudadana\/","article_published_time":"2025-08-25T22:37:04+00:00","article_modified_time":"2025-08-26T06:54:56+00:00","og_image":[{"width":1235,"height":689,"url":"https:\/\/canal7slp.tv\/2025\/wp-content\/uploads\/2025\/08\/050808.jpeg","type":"image\/jpeg"}],"author":"admin","twitter_card":"summary_large_image","twitter_creator":"@NOTICIEROS7","twitter_site":"@NOTICIEROS7","twitter_misc":{"Escrito por":"admin","Tiempo de lectura":"2 minutos"},"schema":{"@context":"https:\/\/schema.org","@graph":[{"@type":"Article","@id":"https:\/\/canal7slp.tv\/2025\/slp-sera-sede-de-reunion-de-asetur-en-octubre-sectur\/#article","isPartOf":{"@id":"https:\/\/canal7slp.tv\/2025\/slp-sera-sede-de-reunion-de-asetur-en-octubre-sectur\/"},"author":{"name":"admin","@id":"https:\/\/canal7slp.tv\/2025\/#\/schema\/person\/1257e7e4a3d5ac29c4732733a887970d"},"headline":"SLP ser\u00e1 sede de reuni\u00f3n de ASETUR en octubre: Sectur","datePublished":"2025-08-25T22:37:04+00:00","dateModified":"2025-08-26T06:54:56+00:00","mainEntityOfPage":{"@id":"https:\/\/canal7slp.tv\/2025\/slp-sera-sede-de-reunion-de-asetur-en-octubre-sectur\/"},"wordCount":243,"publisher":{"@id":"https:\/\/canal7slp.tv\/2025\/#organization"},"image":{"@id":"https:\/\/canal7slp.tv\/2025\/slp-sera-sede-de-reunion-de-asetur-en-octubre-sectur\/#primaryimage"},"thumbnailUrl":"https:\/\/canal7slp.tv\/2025\/wp-content\/uploads\/2025\/08\/050808.jpeg","articleSection":["DESTACADAS","LOCALES Y REGIONALES"],"inLanguage":"es"},{"@type":"WebPage","@id":"https:\/\/canal7slp.tv\/2025\/slp-sera-sede-de-reunion-de-asetur-en-octubre-sectur\/","url":"https:\/\/canal7slp.tv\/2025\/slp-sera-sede-de-reunion-de-asetur-en-octubre-sectur\/","name":"SLP ser\u00e1 sede de reuni\u00f3n de ASETUR en octubre: Sectur - Canal 7 SLP - 2025","isPartOf":{"@id":"https:\/\/canal7slp.tv\/2025\/#website"},"primaryImageOfPage":{"@id":"https:\/\/canal7slp.tv\/2025\/slp-sera-sede-de-reunion-de-asetur-en-octubre-sectur\/#primaryimage"},"image":{"@id":"https:\/\/canal7slp.tv\/2025\/slp-sera-sede-de-reunion-de-asetur-en-octubre-sectur\/#primaryimage"},"thumbnailUrl":"https:\/\/canal7slp.tv\/2025\/wp-content\/uploads\/2025\/08\/050808.jpeg","datePublished":"2025-08-25T22:37:04+00:00","dateModified":"2025-08-26T06:54:56+00:00","breadcrumb":{"@id":"https:\/\/canal7slp.tv\/2025\/slp-sera-sede-de-reunion-de-asetur-en-octubre-sectur\/#breadcrumb"},"inLanguage":"es","potentialAction":[{"@type":"ReadAction","target":["https:\/\/canal7slp.tv\/2025\/slp-sera-sede-de-reunion-de-asetur-en-octubre-sectur\/"]}]},{"@type":"ImageObject","inLanguage":"es","@id":"https:\/\/canal7slp.tv\/2025\/slp-sera-sede-de-reunion-de-asetur-en-octubre-sectur\/#primaryimage","url":"https:\/\/canal7slp.tv\/2025\/wp-content\/uploads\/2025\/08\/050808.jpeg","contentUrl":"https:\/\/canal7slp.tv\/2025\/wp-content\/uploads\/2025\/08\/050808.jpeg","width":1235,"height":689},{"@type":"BreadcrumbList","@id":"https:\/\/canal7slp.tv\/2025\/slp-sera-sede-de-reunion-de-asetur-en-octubre-sectur\/#breadcrumb","itemListElement":[{"@type":"ListItem","position":1,"name":"Portada","item":"https:\/\/canal7slp.tv\/2025\/"},{"@type":"ListItem","position":2,"name":"SLP ser\u00e1 sede de reuni\u00f3n de ASETUR en octubre: Sectur"}]},{"@type":"WebSite","@id":"https:\/\/canal7slp.tv\/2025\/#website","url":"https:\/\/canal7slp.tv\/2025\/","name":"N7 - Noticieros Canal 7","description":"Somos el Medio","publisher":{"@id":"https:\/\/canal7slp.tv\/2025\/#organization"},"potentialAction":[{"@type":"SearchAction","target":{"@type":"EntryPoint","urlTemplate":"https:\/\/canal7slp.tv\/2025\/?s={search_term_string}"},"query-input":{"@type":"PropertyValueSpecification","valueRequired":true,"valueName":"search_term_string"}}],"inLanguage":"es"},{"@type":"Organization","@id":"https:\/\/canal7slp.tv\/2025\/#organization","name":"Noticieros Canal 7","url":"https:\/\/canal7slp.tv\/2025\/","logo":{"@type":"ImageObject","inLanguage":"es","@id":"https:\/\/canal7slp.tv\/2025\/#\/schema\/logo\/image\/","url":"https:\/\/canal7slp.tv\/2025\/wp-content\/uploads\/2021\/01\/logo-noticieros@2x.png","contentUrl":"https:\/\/canal7slp.tv\/2025\/wp-content\/uploads\/2021\/01\/logo-noticieros@2x.png","width":1017,"height":268,"caption":"Noticieros Canal 7"},"image":{"@id":"https:\/\/canal7slp.tv\/2025\/#\/schema\/logo\/image\/"},"sameAs":["https:\/\/www.facebook.com\/noticieroscanal7atencionciudadana\/","https:\/\/x.com\/NOTICIEROS7","https:\/\/www.instagram.com\/canal7_slp","https:\/\/www.youtube.com\/channel\/UCliiYs-gP3JfJeqdPrNdd5A"]},{"@type":"Person","@id":"https:\/\/canal7slp.tv\/2025\/#\/schema\/person\/1257e7e4a3d5ac29c4732733a887970d","name":"admin","image":{"@type":"ImageObject","inLanguage":"es","@id":"https:\/\/secure.gravatar.com\/avatar\/d1da498ea933582ecc2b5d72a4eac16ec41c3ec04cf2dc9d46e0b557dedfd5ff?s=96&d=mm&r=g","url":"https:\/\/secure.gravatar.com\/avatar\/d1da498ea933582ecc2b5d72a4eac16ec41c3ec04cf2dc9d46e0b557dedfd5ff?s=96&d=mm&r=g","contentUrl":"https:\/\/secure.gravatar.com\/avatar\/d1da498ea933582ecc2b5d72a4eac16ec41c3ec04cf2dc9d46e0b557dedfd5ff?s=96&d=mm&r=g","caption":"admin"},"sameAs":["https:\/\/canal7slp.tv\/2025"],"url":"https:\/\/canal7slp.tv\/2025\/author\/bicefalo\/"}]}},"_links":{"self":[{"href":"https:\/\/canal7slp.tv\/2025\/wp-json\/wp\/v2\/posts\/177592","targetHints":{"allow":["GET"]}}],"collection":[{"href":"https:\/\/canal7slp.tv\/2025\/wp-json\/wp\/v2\/posts"}],"about":[{"href":"https:\/\/canal7slp.tv\/2025\/wp-json\/wp\/v2\/types\/post"}],"author":[{"embeddable":true,"href":"https:\/\/canal7slp.tv\/2025\/wp-json\/wp\/v2\/users\/1"}],"replies":[{"embeddable":true,"href":"https:\/\/canal7slp.tv\/2025\/wp-json\/wp\/v2\/comments?post=177592"}],"version-history":[{"count":1,"href":"https:\/\/canal7slp.tv\/2025\/wp-json\/wp\/v2\/posts\/177592\/revisions"}],"predecessor-version":[{"id":177594,"href":"https:\/\/canal7slp.tv\/2025\/wp-json\/wp\/v2\/posts\/177592\/revisions\/177594"}],"wp:featuredmedia":[{"embeddable":true,"href":"https:\/\/canal7slp.tv\/2025\/wp-json\/wp\/v2\/media\/177593"}],"wp:attachment":[{"href":"https:\/\/canal7slp.tv\/2025\/wp-json\/wp\/v2\/media?parent=177592"}],"wp:term":[{"taxonomy":"category","embeddable":true,"href":"https:\/\/canal7slp.tv\/2025\/wp-json\/wp\/v2\/categories?post=177592"},{"taxonomy":"post_tag","embeddable":true,"href":"https:\/\/canal7slp.tv\/2025\/wp-json\/wp\/v2\/tags?post=177592"}],"curies":[{"name":"wp","href":"https:\/\/api.w.org\/{rel}","templated":true}]}}