{"id":177583,"date":"2025-08-25T16:23:31","date_gmt":"2025-08-25T22:23:31","guid":{"rendered":"https:\/\/canal7slp.tv\/2025\/?p=177583"},"modified":"2025-08-26T00:54:57","modified_gmt":"2025-08-26T06:54:57","slug":"resultados-de-consulta-infantil-presenta-ine-en-planteles-de-zona-media","status":"publish","type":"post","link":"https:\/\/canal7slp.tv\/2025\/resultados-de-consulta-infantil-presenta-ine-en-planteles-de-zona-media\/","title":{"rendered":"Resultados de Consulta Infantil presenta INE en planteles de Zona Media"},"content":{"rendered":"<p>Rioverde. &#8211;<\/p>\n<p>Jos\u00e9 Luis Paz Hern\u00e1ndez, vocal presidente de la junta 03 del INE en Rioverde, inform\u00f3 que el instituto est\u00e1 difundiendo los resultados de la consulta nacional infantil. Actualmente, seleccionan instituciones educativas de la Zona Media para presentarles los resultados generales y espec\u00edficos de las casillas instaladas en cada escuela.<\/p>\n<p>Esta actividad se realizar\u00e1 al inicio del ciclo escolar e incluir\u00e1 a 12 escuelas. Los resultados tambi\u00e9n se entregar\u00e1n al diputado federal de este distrito y a las autoridades municipales.<\/p>\n<p>El titular explic\u00f3 que, en esta regi\u00f3n, las respuestas de los ni\u00f1os se centraron en su preocupaci\u00f3n por el medio ambiente, especialmente por la contaminaci\u00f3n del R\u00edo Verde.<\/p>\n<p>Expresaron la necesidad de un programa intensivo de limpieza por parte del gobierno y la sociedad, y la preocupaci\u00f3n de que el r\u00edo sirva para la descarga de drenajes. Otra inquietud importante fue la infraestructura escolar; los ni\u00f1os desean m\u00e1s tecnolog\u00eda, medios inform\u00e1ticos y mantenimiento general de mobiliario y salones.<\/p>\n<p>Por: X\u00f3chitl Morales Castro.<\/p>\n","protected":false},"excerpt":{"rendered":"<p>Rioverde. &#8211; Jos\u00e9 Luis Paz Hern\u00e1ndez, vocal presidente de la junta 03 del INE en Rioverde, inform\u00f3 que el instituto est\u00e1 difundiendo los resultados de la consulta nacional infantil. Actualmente, seleccionan instituciones educativas de la Zona Media para presentarles los resultados generales y espec\u00edficos de las casillas instaladas en cada escuela. Esta actividad se realizar\u00e1 al inicio del ciclo escolar e incluir\u00e1 a 12 escuelas. Los resultados tambi\u00e9n se entregar\u00e1n al diputado federal de este distrito y a las autoridades municipales. El titular explic\u00f3 que, en esta regi\u00f3n, las respuestas de los ni\u00f1os se centraron en su preocupaci\u00f3n por el [&hellip;]<\/p>\n","protected":false},"author":1,"featured_media":177584,"comment_status":"closed","ping_status":"closed","sticky":false,"template":"","format":"video","meta":{"_monsterinsights_skip_tracking":false,"_monsterinsights_sitenote_active":false,"_monsterinsights_sitenote_note":"","_monsterinsights_sitenote_category":0,"footnotes":""},"categories":[5,45],"tags":[],"class_list":["post-177583","post","type-post","status-publish","format-video","has-post-thumbnail","hentry","category-destacadas","category-localesyregionales","post_format-post-format-video","post--single"],"yoast_head":"<!-- This site is optimized with the Yoast SEO plugin v27.5 - https:\/\/yoast.com\/product\/yoast-seo-wordpress\/ -->\n<title>Resultados de Consulta Infantil presenta INE en planteles de Zona Media - Canal 7 SLP - 2025<\/title>\n<meta name=\"robots\" content=\"index, follow, max-snippet:-1, max-image-preview:large, max-video-preview:-1\" \/>\n<link rel=\"canonical\" href=\"https:\/\/canal7slp.tv\/2025\/resultados-de-consulta-infantil-presenta-ine-en-planteles-de-zona-media\/\" \/>\n<meta property=\"og:locale\" content=\"es_ES\" \/>\n<meta property=\"og:type\" content=\"article\" \/>\n<meta property=\"og:title\" content=\"Resultados de Consulta Infantil presenta INE en planteles de Zona Media - Canal 7 SLP - 2025\" \/>\n<meta property=\"og:description\" content=\"Rioverde. &#8211; Jos\u00e9 Luis Paz Hern\u00e1ndez, vocal presidente de la junta 03 del INE en Rioverde, inform\u00f3 que el instituto est\u00e1 difundiendo los resultados de la consulta nacional infantil. Actualmente, seleccionan instituciones educativas de la Zona Media para presentarles los resultados generales y espec\u00edficos de las casillas instaladas en cada escuela. Esta actividad se realizar\u00e1 al inicio del ciclo escolar e incluir\u00e1 a 12 escuelas. Los resultados tambi\u00e9n se entregar\u00e1n al diputado federal de este distrito y a las autoridades municipales. El titular explic\u00f3 que, en esta regi\u00f3n, las respuestas de los ni\u00f1os se centraron en su preocupaci\u00f3n por el [&hellip;]\" \/>\n<meta property=\"og:url\" content=\"https:\/\/canal7slp.tv\/2025\/resultados-de-consulta-infantil-presenta-ine-en-planteles-de-zona-media\/\" \/>\n<meta property=\"og:site_name\" content=\"Canal 7 SLP - 2025\" \/>\n<meta property=\"article:publisher\" content=\"https:\/\/www.facebook.com\/noticieroscanal7atencionciudadana\/\" \/>\n<meta property=\"article:published_time\" content=\"2025-08-25T22:23:31+00:00\" \/>\n<meta property=\"article:modified_time\" content=\"2025-08-26T06:54:57+00:00\" \/>\n<meta property=\"og:image\" content=\"https:\/\/canal7slp.tv\/2025\/wp-content\/uploads\/2025\/08\/250805.jpeg\" \/>\n\t<meta property=\"og:image:width\" content=\"1231\" \/>\n\t<meta property=\"og:image:height\" content=\"691\" \/>\n\t<meta property=\"og:image:type\" content=\"image\/jpeg\" \/>\n<meta name=\"author\" content=\"admin\" \/>\n<meta name=\"twitter:card\" content=\"summary_large_image\" \/>\n<meta name=\"twitter:creator\" content=\"@NOTICIEROS7\" \/>\n<meta name=\"twitter:site\" content=\"@NOTICIEROS7\" \/>\n<meta name=\"twitter:label1\" content=\"Escrito por\" \/>\n\t<meta name=\"twitter:data1\" content=\"admin\" \/>\n\t<meta name=\"twitter:label2\" content=\"Tiempo de lectura\" \/>\n\t<meta name=\"twitter:data2\" content=\"1 minuto\" \/>\n<script type=\"application\/ld+json\" class=\"yoast-schema-graph\">{\"@context\":\"https:\\\/\\\/schema.org\",\"@graph\":[{\"@type\":\"Article\",\"@id\":\"https:\\\/\\\/canal7slp.tv\\\/2025\\\/resultados-de-consulta-infantil-presenta-ine-en-planteles-de-zona-media\\\/#article\",\"isPartOf\":{\"@id\":\"https:\\\/\\\/canal7slp.tv\\\/2025\\\/resultados-de-consulta-infantil-presenta-ine-en-planteles-de-zona-media\\\/\"},\"author\":{\"name\":\"admin\",\"@id\":\"https:\\\/\\\/canal7slp.tv\\\/2025\\\/#\\\/schema\\\/person\\\/1257e7e4a3d5ac29c4732733a887970d\"},\"headline\":\"Resultados de Consulta Infantil presenta INE en planteles de Zona Media\",\"datePublished\":\"2025-08-25T22:23:31+00:00\",\"dateModified\":\"2025-08-26T06:54:57+00:00\",\"mainEntityOfPage\":{\"@id\":\"https:\\\/\\\/canal7slp.tv\\\/2025\\\/resultados-de-consulta-infantil-presenta-ine-en-planteles-de-zona-media\\\/\"},\"wordCount\":188,\"publisher\":{\"@id\":\"https:\\\/\\\/canal7slp.tv\\\/2025\\\/#organization\"},\"image\":{\"@id\":\"https:\\\/\\\/canal7slp.tv\\\/2025\\\/resultados-de-consulta-infantil-presenta-ine-en-planteles-de-zona-media\\\/#primaryimage\"},\"thumbnailUrl\":\"https:\\\/\\\/canal7slp.tv\\\/2025\\\/wp-content\\\/uploads\\\/2025\\\/08\\\/250805.jpeg\",\"articleSection\":[\"DESTACADAS\",\"LOCALES Y REGIONALES\"],\"inLanguage\":\"es\"},{\"@type\":\"WebPage\",\"@id\":\"https:\\\/\\\/canal7slp.tv\\\/2025\\\/resultados-de-consulta-infantil-presenta-ine-en-planteles-de-zona-media\\\/\",\"url\":\"https:\\\/\\\/canal7slp.tv\\\/2025\\\/resultados-de-consulta-infantil-presenta-ine-en-planteles-de-zona-media\\\/\",\"name\":\"Resultados de Consulta Infantil presenta INE en planteles de Zona Media - Canal 7 SLP - 2025\",\"isPartOf\":{\"@id\":\"https:\\\/\\\/canal7slp.tv\\\/2025\\\/#website\"},\"primaryImageOfPage\":{\"@id\":\"https:\\\/\\\/canal7slp.tv\\\/2025\\\/resultados-de-consulta-infantil-presenta-ine-en-planteles-de-zona-media\\\/#primaryimage\"},\"image\":{\"@id\":\"https:\\\/\\\/canal7slp.tv\\\/2025\\\/resultados-de-consulta-infantil-presenta-ine-en-planteles-de-zona-media\\\/#primaryimage\"},\"thumbnailUrl\":\"https:\\\/\\\/canal7slp.tv\\\/2025\\\/wp-content\\\/uploads\\\/2025\\\/08\\\/250805.jpeg\",\"datePublished\":\"2025-08-25T22:23:31+00:00\",\"dateModified\":\"2025-08-26T06:54:57+00:00\",\"breadcrumb\":{\"@id\":\"https:\\\/\\\/canal7slp.tv\\\/2025\\\/resultados-de-consulta-infantil-presenta-ine-en-planteles-de-zona-media\\\/#breadcrumb\"},\"inLanguage\":\"es\",\"potentialAction\":[{\"@type\":\"ReadAction\",\"target\":[\"https:\\\/\\\/canal7slp.tv\\\/2025\\\/resultados-de-consulta-infantil-presenta-ine-en-planteles-de-zona-media\\\/\"]}]},{\"@type\":\"ImageObject\",\"inLanguage\":\"es\",\"@id\":\"https:\\\/\\\/canal7slp.tv\\\/2025\\\/resultados-de-consulta-infantil-presenta-ine-en-planteles-de-zona-media\\\/#primaryimage\",\"url\":\"https:\\\/\\\/canal7slp.tv\\\/2025\\\/wp-content\\\/uploads\\\/2025\\\/08\\\/250805.jpeg\",\"contentUrl\":\"https:\\\/\\\/canal7slp.tv\\\/2025\\\/wp-content\\\/uploads\\\/2025\\\/08\\\/250805.jpeg\",\"width\":1231,\"height\":691},{\"@type\":\"BreadcrumbList\",\"@id\":\"https:\\\/\\\/canal7slp.tv\\\/2025\\\/resultados-de-consulta-infantil-presenta-ine-en-planteles-de-zona-media\\\/#breadcrumb\",\"itemListElement\":[{\"@type\":\"ListItem\",\"position\":1,\"name\":\"Portada\",\"item\":\"https:\\\/\\\/canal7slp.tv\\\/2025\\\/\"},{\"@type\":\"ListItem\",\"position\":2,\"name\":\"Resultados de Consulta Infantil presenta INE en planteles de Zona Media\"}]},{\"@type\":\"WebSite\",\"@id\":\"https:\\\/\\\/canal7slp.tv\\\/2025\\\/#website\",\"url\":\"https:\\\/\\\/canal7slp.tv\\\/2025\\\/\",\"name\":\"N7 - Noticieros Canal 7\",\"description\":\"Somos el Medio\",\"publisher\":{\"@id\":\"https:\\\/\\\/canal7slp.tv\\\/2025\\\/#organization\"},\"potentialAction\":[{\"@type\":\"SearchAction\",\"target\":{\"@type\":\"EntryPoint\",\"urlTemplate\":\"https:\\\/\\\/canal7slp.tv\\\/2025\\\/?s={search_term_string}\"},\"query-input\":{\"@type\":\"PropertyValueSpecification\",\"valueRequired\":true,\"valueName\":\"search_term_string\"}}],\"inLanguage\":\"es\"},{\"@type\":\"Organization\",\"@id\":\"https:\\\/\\\/canal7slp.tv\\\/2025\\\/#organization\",\"name\":\"Noticieros Canal 7\",\"url\":\"https:\\\/\\\/canal7slp.tv\\\/2025\\\/\",\"logo\":{\"@type\":\"ImageObject\",\"inLanguage\":\"es\",\"@id\":\"https:\\\/\\\/canal7slp.tv\\\/2025\\\/#\\\/schema\\\/logo\\\/image\\\/\",\"url\":\"https:\\\/\\\/canal7slp.tv\\\/2025\\\/wp-content\\\/uploads\\\/2021\\\/01\\\/logo-noticieros@2x.png\",\"contentUrl\":\"https:\\\/\\\/canal7slp.tv\\\/2025\\\/wp-content\\\/uploads\\\/2021\\\/01\\\/logo-noticieros@2x.png\",\"width\":1017,\"height\":268,\"caption\":\"Noticieros Canal 7\"},\"image\":{\"@id\":\"https:\\\/\\\/canal7slp.tv\\\/2025\\\/#\\\/schema\\\/logo\\\/image\\\/\"},\"sameAs\":[\"https:\\\/\\\/www.facebook.com\\\/noticieroscanal7atencionciudadana\\\/\",\"https:\\\/\\\/x.com\\\/NOTICIEROS7\",\"https:\\\/\\\/www.instagram.com\\\/canal7_slp\",\"https:\\\/\\\/www.youtube.com\\\/channel\\\/UCliiYs-gP3JfJeqdPrNdd5A\"]},{\"@type\":\"Person\",\"@id\":\"https:\\\/\\\/canal7slp.tv\\\/2025\\\/#\\\/schema\\\/person\\\/1257e7e4a3d5ac29c4732733a887970d\",\"name\":\"admin\",\"image\":{\"@type\":\"ImageObject\",\"inLanguage\":\"es\",\"@id\":\"https:\\\/\\\/secure.gravatar.com\\\/avatar\\\/d1da498ea933582ecc2b5d72a4eac16ec41c3ec04cf2dc9d46e0b557dedfd5ff?s=96&d=mm&r=g\",\"url\":\"https:\\\/\\\/secure.gravatar.com\\\/avatar\\\/d1da498ea933582ecc2b5d72a4eac16ec41c3ec04cf2dc9d46e0b557dedfd5ff?s=96&d=mm&r=g\",\"contentUrl\":\"https:\\\/\\\/secure.gravatar.com\\\/avatar\\\/d1da498ea933582ecc2b5d72a4eac16ec41c3ec04cf2dc9d46e0b557dedfd5ff?s=96&d=mm&r=g\",\"caption\":\"admin\"},\"sameAs\":[\"https:\\\/\\\/canal7slp.tv\\\/2025\"],\"url\":\"https:\\\/\\\/canal7slp.tv\\\/2025\\\/author\\\/bicefalo\\\/\"}]}<\/script>\n<!-- \/ Yoast SEO plugin. -->","yoast_head_json":{"title":"Resultados de Consulta Infantil presenta INE en planteles de Zona Media - Canal 7 SLP - 2025","robots":{"index":"index","follow":"follow","max-snippet":"max-snippet:-1","max-image-preview":"max-image-preview:large","max-video-preview":"max-video-preview:-1"},"canonical":"https:\/\/canal7slp.tv\/2025\/resultados-de-consulta-infantil-presenta-ine-en-planteles-de-zona-media\/","og_locale":"es_ES","og_type":"article","og_title":"Resultados de Consulta Infantil presenta INE en planteles de Zona Media - Canal 7 SLP - 2025","og_description":"Rioverde. &#8211; Jos\u00e9 Luis Paz Hern\u00e1ndez, vocal presidente de la junta 03 del INE en Rioverde, inform\u00f3 que el instituto est\u00e1 difundiendo los resultados de la consulta nacional infantil. Actualmente, seleccionan instituciones educativas de la Zona Media para presentarles los resultados generales y espec\u00edficos de las casillas instaladas en cada escuela. Esta actividad se realizar\u00e1 al inicio del ciclo escolar e incluir\u00e1 a 12 escuelas. Los resultados tambi\u00e9n se entregar\u00e1n al diputado federal de este distrito y a las autoridades municipales. El titular explic\u00f3 que, en esta regi\u00f3n, las respuestas de los ni\u00f1os se centraron en su preocupaci\u00f3n por el [&hellip;]","og_url":"https:\/\/canal7slp.tv\/2025\/resultados-de-consulta-infantil-presenta-ine-en-planteles-de-zona-media\/","og_site_name":"Canal 7 SLP - 2025","article_publisher":"https:\/\/www.facebook.com\/noticieroscanal7atencionciudadana\/","article_published_time":"2025-08-25T22:23:31+00:00","article_modified_time":"2025-08-26T06:54:57+00:00","og_image":[{"width":1231,"height":691,"url":"https:\/\/canal7slp.tv\/2025\/wp-content\/uploads\/2025\/08\/250805.jpeg","type":"image\/jpeg"}],"author":"admin","twitter_card":"summary_large_image","twitter_creator":"@NOTICIEROS7","twitter_site":"@NOTICIEROS7","twitter_misc":{"Escrito por":"admin","Tiempo de lectura":"1 minuto"},"schema":{"@context":"https:\/\/schema.org","@graph":[{"@type":"Article","@id":"https:\/\/canal7slp.tv\/2025\/resultados-de-consulta-infantil-presenta-ine-en-planteles-de-zona-media\/#article","isPartOf":{"@id":"https:\/\/canal7slp.tv\/2025\/resultados-de-consulta-infantil-presenta-ine-en-planteles-de-zona-media\/"},"author":{"name":"admin","@id":"https:\/\/canal7slp.tv\/2025\/#\/schema\/person\/1257e7e4a3d5ac29c4732733a887970d"},"headline":"Resultados de Consulta Infantil presenta INE en planteles de Zona Media","datePublished":"2025-08-25T22:23:31+00:00","dateModified":"2025-08-26T06:54:57+00:00","mainEntityOfPage":{"@id":"https:\/\/canal7slp.tv\/2025\/resultados-de-consulta-infantil-presenta-ine-en-planteles-de-zona-media\/"},"wordCount":188,"publisher":{"@id":"https:\/\/canal7slp.tv\/2025\/#organization"},"image":{"@id":"https:\/\/canal7slp.tv\/2025\/resultados-de-consulta-infantil-presenta-ine-en-planteles-de-zona-media\/#primaryimage"},"thumbnailUrl":"https:\/\/canal7slp.tv\/2025\/wp-content\/uploads\/2025\/08\/250805.jpeg","articleSection":["DESTACADAS","LOCALES Y REGIONALES"],"inLanguage":"es"},{"@type":"WebPage","@id":"https:\/\/canal7slp.tv\/2025\/resultados-de-consulta-infantil-presenta-ine-en-planteles-de-zona-media\/","url":"https:\/\/canal7slp.tv\/2025\/resultados-de-consulta-infantil-presenta-ine-en-planteles-de-zona-media\/","name":"Resultados de Consulta Infantil presenta INE en planteles de Zona Media - Canal 7 SLP - 2025","isPartOf":{"@id":"https:\/\/canal7slp.tv\/2025\/#website"},"primaryImageOfPage":{"@id":"https:\/\/canal7slp.tv\/2025\/resultados-de-consulta-infantil-presenta-ine-en-planteles-de-zona-media\/#primaryimage"},"image":{"@id":"https:\/\/canal7slp.tv\/2025\/resultados-de-consulta-infantil-presenta-ine-en-planteles-de-zona-media\/#primaryimage"},"thumbnailUrl":"https:\/\/canal7slp.tv\/2025\/wp-content\/uploads\/2025\/08\/250805.jpeg","datePublished":"2025-08-25T22:23:31+00:00","dateModified":"2025-08-26T06:54:57+00:00","breadcrumb":{"@id":"https:\/\/canal7slp.tv\/2025\/resultados-de-consulta-infantil-presenta-ine-en-planteles-de-zona-media\/#breadcrumb"},"inLanguage":"es","potentialAction":[{"@type":"ReadAction","target":["https:\/\/canal7slp.tv\/2025\/resultados-de-consulta-infantil-presenta-ine-en-planteles-de-zona-media\/"]}]},{"@type":"ImageObject","inLanguage":"es","@id":"https:\/\/canal7slp.tv\/2025\/resultados-de-consulta-infantil-presenta-ine-en-planteles-de-zona-media\/#primaryimage","url":"https:\/\/canal7slp.tv\/2025\/wp-content\/uploads\/2025\/08\/250805.jpeg","contentUrl":"https:\/\/canal7slp.tv\/2025\/wp-content\/uploads\/2025\/08\/250805.jpeg","width":1231,"height":691},{"@type":"BreadcrumbList","@id":"https:\/\/canal7slp.tv\/2025\/resultados-de-consulta-infantil-presenta-ine-en-planteles-de-zona-media\/#breadcrumb","itemListElement":[{"@type":"ListItem","position":1,"name":"Portada","item":"https:\/\/canal7slp.tv\/2025\/"},{"@type":"ListItem","position":2,"name":"Resultados de Consulta Infantil presenta INE en planteles de Zona Media"}]},{"@type":"WebSite","@id":"https:\/\/canal7slp.tv\/2025\/#website","url":"https:\/\/canal7slp.tv\/2025\/","name":"N7 - Noticieros Canal 7","description":"Somos el Medio","publisher":{"@id":"https:\/\/canal7slp.tv\/2025\/#organization"},"potentialAction":[{"@type":"SearchAction","target":{"@type":"EntryPoint","urlTemplate":"https:\/\/canal7slp.tv\/2025\/?s={search_term_string}"},"query-input":{"@type":"PropertyValueSpecification","valueRequired":true,"valueName":"search_term_string"}}],"inLanguage":"es"},{"@type":"Organization","@id":"https:\/\/canal7slp.tv\/2025\/#organization","name":"Noticieros Canal 7","url":"https:\/\/canal7slp.tv\/2025\/","logo":{"@type":"ImageObject","inLanguage":"es","@id":"https:\/\/canal7slp.tv\/2025\/#\/schema\/logo\/image\/","url":"https:\/\/canal7slp.tv\/2025\/wp-content\/uploads\/2021\/01\/logo-noticieros@2x.png","contentUrl":"https:\/\/canal7slp.tv\/2025\/wp-content\/uploads\/2021\/01\/logo-noticieros@2x.png","width":1017,"height":268,"caption":"Noticieros Canal 7"},"image":{"@id":"https:\/\/canal7slp.tv\/2025\/#\/schema\/logo\/image\/"},"sameAs":["https:\/\/www.facebook.com\/noticieroscanal7atencionciudadana\/","https:\/\/x.com\/NOTICIEROS7","https:\/\/www.instagram.com\/canal7_slp","https:\/\/www.youtube.com\/channel\/UCliiYs-gP3JfJeqdPrNdd5A"]},{"@type":"Person","@id":"https:\/\/canal7slp.tv\/2025\/#\/schema\/person\/1257e7e4a3d5ac29c4732733a887970d","name":"admin","image":{"@type":"ImageObject","inLanguage":"es","@id":"https:\/\/secure.gravatar.com\/avatar\/d1da498ea933582ecc2b5d72a4eac16ec41c3ec04cf2dc9d46e0b557dedfd5ff?s=96&d=mm&r=g","url":"https:\/\/secure.gravatar.com\/avatar\/d1da498ea933582ecc2b5d72a4eac16ec41c3ec04cf2dc9d46e0b557dedfd5ff?s=96&d=mm&r=g","contentUrl":"https:\/\/secure.gravatar.com\/avatar\/d1da498ea933582ecc2b5d72a4eac16ec41c3ec04cf2dc9d46e0b557dedfd5ff?s=96&d=mm&r=g","caption":"admin"},"sameAs":["https:\/\/canal7slp.tv\/2025"],"url":"https:\/\/canal7slp.tv\/2025\/author\/bicefalo\/"}]}},"_links":{"self":[{"href":"https:\/\/canal7slp.tv\/2025\/wp-json\/wp\/v2\/posts\/177583","targetHints":{"allow":["GET"]}}],"collection":[{"href":"https:\/\/canal7slp.tv\/2025\/wp-json\/wp\/v2\/posts"}],"about":[{"href":"https:\/\/canal7slp.tv\/2025\/wp-json\/wp\/v2\/types\/post"}],"author":[{"embeddable":true,"href":"https:\/\/canal7slp.tv\/2025\/wp-json\/wp\/v2\/users\/1"}],"replies":[{"embeddable":true,"href":"https:\/\/canal7slp.tv\/2025\/wp-json\/wp\/v2\/comments?post=177583"}],"version-history":[{"count":1,"href":"https:\/\/canal7slp.tv\/2025\/wp-json\/wp\/v2\/posts\/177583\/revisions"}],"predecessor-version":[{"id":177585,"href":"https:\/\/canal7slp.tv\/2025\/wp-json\/wp\/v2\/posts\/177583\/revisions\/177585"}],"wp:featuredmedia":[{"embeddable":true,"href":"https:\/\/canal7slp.tv\/2025\/wp-json\/wp\/v2\/media\/177584"}],"wp:attachment":[{"href":"https:\/\/canal7slp.tv\/2025\/wp-json\/wp\/v2\/media?parent=177583"}],"wp:term":[{"taxonomy":"category","embeddable":true,"href":"https:\/\/canal7slp.tv\/2025\/wp-json\/wp\/v2\/categories?post=177583"},{"taxonomy":"post_tag","embeddable":true,"href":"https:\/\/canal7slp.tv\/2025\/wp-json\/wp\/v2\/tags?post=177583"}],"curies":[{"name":"wp","href":"https:\/\/api.w.org\/{rel}","templated":true}]}}