{"id":177580,"date":"2025-08-25T16:19:11","date_gmt":"2025-08-25T22:19:11","guid":{"rendered":"https:\/\/canal7slp.tv\/2025\/?p=177580"},"modified":"2025-08-26T00:54:57","modified_gmt":"2025-08-26T06:54:57","slug":"agenda-propia-de-reforma-electoral-tendria-pvem-en-slp-ignacio-segura","status":"publish","type":"post","link":"https:\/\/canal7slp.tv\/2025\/agenda-propia-de-reforma-electoral-tendria-pvem-en-slp-ignacio-segura\/","title":{"rendered":"Agenda propia de reforma electoral tendr\u00eda PVEM en SLP: Ignacio Segura"},"content":{"rendered":"<p>Rioverde. &#8211;<\/p>\n<p>Ignacio Segura Morquecho, presidente del Partido Verde en San Luis Potos\u00ed, visit\u00f3 el municipio de Rioverde, donde abord\u00f3 diversos temas de inter\u00e9s. En particular, destac\u00f3 la importancia de la instalaci\u00f3n de los comit\u00e9s municipales del partido en la Zona Media, mencionando que Rioverde, Villa Ju\u00e1rez y Santa Catarina a\u00fan tienen pendiente este proceso.<\/p>\n<p>Segura Morquecho enfatiz\u00f3 que la organizaci\u00f3n de estos comit\u00e9s es fundamental de cara a las elecciones de 2027. Explic\u00f3 que el objetivo es realizar un trabajo intensivo para acercar el partido a personas que no est\u00e1n afiliadas, buscando que lo conozcan y, posteriormente, se credencialicen para participar activamente en el trabajo pol\u00edtico. De esta manera, se busca establecer una representaci\u00f3n oficial del partido con nombramientos formales.<\/p>\n<p>En relaci\u00f3n con las pr\u00f3ximas elecciones y la nueva reforma electoral local, el presidente del partido inform\u00f3 sobre una pr\u00f3xima reuni\u00f3n con el grupo parlamentario del estado. Aclar\u00f3 que esta reforma es independiente de la impuesta en San L\u00e1zaro, la cual se enfoca en la disminuci\u00f3n de prerrogativas a los partidos pol\u00edticos y en la reducci\u00f3n del n\u00famero de candidatos plurinominales.<\/p>\n<p>Por: X\u00f3chitl Morales Castro.<\/p>\n","protected":false},"excerpt":{"rendered":"<p>Rioverde. &#8211; Ignacio Segura Morquecho, presidente del Partido Verde en San Luis Potos\u00ed, visit\u00f3 el municipio de Rioverde, donde abord\u00f3 diversos temas de inter\u00e9s. En particular, destac\u00f3 la importancia de la instalaci\u00f3n de los comit\u00e9s municipales del partido en la Zona Media, mencionando que Rioverde, Villa Ju\u00e1rez y Santa Catarina a\u00fan tienen pendiente este proceso. Segura Morquecho enfatiz\u00f3 que la organizaci\u00f3n de estos comit\u00e9s es fundamental de cara a las elecciones de 2027. Explic\u00f3 que el objetivo es realizar un trabajo intensivo para acercar el partido a personas que no est\u00e1n afiliadas, buscando que lo conozcan y, posteriormente, se credencialicen [&hellip;]<\/p>\n","protected":false},"author":1,"featured_media":177582,"comment_status":"closed","ping_status":"closed","sticky":false,"template":"","format":"video","meta":{"_monsterinsights_skip_tracking":false,"_monsterinsights_sitenote_active":false,"_monsterinsights_sitenote_note":"","_monsterinsights_sitenote_category":0,"footnotes":""},"categories":[5,45],"tags":[],"class_list":["post-177580","post","type-post","status-publish","format-video","has-post-thumbnail","hentry","category-destacadas","category-localesyregionales","post_format-post-format-video","post--single"],"yoast_head":"<!-- This site is optimized with the Yoast SEO plugin v27.5 - https:\/\/yoast.com\/product\/yoast-seo-wordpress\/ -->\n<title>Agenda propia de reforma electoral tendr\u00eda PVEM en SLP: Ignacio Segura - Canal 7 SLP - 2025<\/title>\n<meta name=\"robots\" content=\"index, follow, max-snippet:-1, max-image-preview:large, max-video-preview:-1\" \/>\n<link rel=\"canonical\" href=\"https:\/\/canal7slp.tv\/2025\/agenda-propia-de-reforma-electoral-tendria-pvem-en-slp-ignacio-segura\/\" \/>\n<meta property=\"og:locale\" content=\"es_ES\" \/>\n<meta property=\"og:type\" content=\"article\" \/>\n<meta property=\"og:title\" content=\"Agenda propia de reforma electoral tendr\u00eda PVEM en SLP: Ignacio Segura - Canal 7 SLP - 2025\" \/>\n<meta property=\"og:description\" content=\"Rioverde. &#8211; Ignacio Segura Morquecho, presidente del Partido Verde en San Luis Potos\u00ed, visit\u00f3 el municipio de Rioverde, donde abord\u00f3 diversos temas de inter\u00e9s. En particular, destac\u00f3 la importancia de la instalaci\u00f3n de los comit\u00e9s municipales del partido en la Zona Media, mencionando que Rioverde, Villa Ju\u00e1rez y Santa Catarina a\u00fan tienen pendiente este proceso. Segura Morquecho enfatiz\u00f3 que la organizaci\u00f3n de estos comit\u00e9s es fundamental de cara a las elecciones de 2027. Explic\u00f3 que el objetivo es realizar un trabajo intensivo para acercar el partido a personas que no est\u00e1n afiliadas, buscando que lo conozcan y, posteriormente, se credencialicen [&hellip;]\" \/>\n<meta property=\"og:url\" content=\"https:\/\/canal7slp.tv\/2025\/agenda-propia-de-reforma-electoral-tendria-pvem-en-slp-ignacio-segura\/\" \/>\n<meta property=\"og:site_name\" content=\"Canal 7 SLP - 2025\" \/>\n<meta property=\"article:publisher\" content=\"https:\/\/www.facebook.com\/noticieroscanal7atencionciudadana\/\" \/>\n<meta property=\"article:published_time\" content=\"2025-08-25T22:19:11+00:00\" \/>\n<meta property=\"article:modified_time\" content=\"2025-08-26T06:54:57+00:00\" \/>\n<meta property=\"og:image\" content=\"https:\/\/canal7slp.tv\/2025\/wp-content\/uploads\/2025\/08\/250804.jpeg\" \/>\n\t<meta property=\"og:image:width\" content=\"842\" \/>\n\t<meta property=\"og:image:height\" content=\"471\" \/>\n\t<meta property=\"og:image:type\" content=\"image\/jpeg\" \/>\n<meta name=\"author\" content=\"admin\" \/>\n<meta name=\"twitter:card\" content=\"summary_large_image\" \/>\n<meta name=\"twitter:creator\" content=\"@NOTICIEROS7\" \/>\n<meta name=\"twitter:site\" content=\"@NOTICIEROS7\" \/>\n<meta name=\"twitter:label1\" content=\"Escrito por\" \/>\n\t<meta name=\"twitter:data1\" content=\"admin\" \/>\n\t<meta name=\"twitter:label2\" content=\"Tiempo de lectura\" \/>\n\t<meta name=\"twitter:data2\" content=\"2 minutos\" \/>\n<script type=\"application\/ld+json\" class=\"yoast-schema-graph\">{\"@context\":\"https:\\\/\\\/schema.org\",\"@graph\":[{\"@type\":\"Article\",\"@id\":\"https:\\\/\\\/canal7slp.tv\\\/2025\\\/agenda-propia-de-reforma-electoral-tendria-pvem-en-slp-ignacio-segura\\\/#article\",\"isPartOf\":{\"@id\":\"https:\\\/\\\/canal7slp.tv\\\/2025\\\/agenda-propia-de-reforma-electoral-tendria-pvem-en-slp-ignacio-segura\\\/\"},\"author\":{\"name\":\"admin\",\"@id\":\"https:\\\/\\\/canal7slp.tv\\\/2025\\\/#\\\/schema\\\/person\\\/1257e7e4a3d5ac29c4732733a887970d\"},\"headline\":\"Agenda propia de reforma electoral tendr\u00eda PVEM en SLP: Ignacio Segura\",\"datePublished\":\"2025-08-25T22:19:11+00:00\",\"dateModified\":\"2025-08-26T06:54:57+00:00\",\"mainEntityOfPage\":{\"@id\":\"https:\\\/\\\/canal7slp.tv\\\/2025\\\/agenda-propia-de-reforma-electoral-tendria-pvem-en-slp-ignacio-segura\\\/\"},\"wordCount\":217,\"publisher\":{\"@id\":\"https:\\\/\\\/canal7slp.tv\\\/2025\\\/#organization\"},\"image\":{\"@id\":\"https:\\\/\\\/canal7slp.tv\\\/2025\\\/agenda-propia-de-reforma-electoral-tendria-pvem-en-slp-ignacio-segura\\\/#primaryimage\"},\"thumbnailUrl\":\"https:\\\/\\\/canal7slp.tv\\\/2025\\\/wp-content\\\/uploads\\\/2025\\\/08\\\/250804.jpeg\",\"articleSection\":[\"DESTACADAS\",\"LOCALES Y REGIONALES\"],\"inLanguage\":\"es\"},{\"@type\":\"WebPage\",\"@id\":\"https:\\\/\\\/canal7slp.tv\\\/2025\\\/agenda-propia-de-reforma-electoral-tendria-pvem-en-slp-ignacio-segura\\\/\",\"url\":\"https:\\\/\\\/canal7slp.tv\\\/2025\\\/agenda-propia-de-reforma-electoral-tendria-pvem-en-slp-ignacio-segura\\\/\",\"name\":\"Agenda propia de reforma electoral tendr\u00eda PVEM en SLP: Ignacio Segura - Canal 7 SLP - 2025\",\"isPartOf\":{\"@id\":\"https:\\\/\\\/canal7slp.tv\\\/2025\\\/#website\"},\"primaryImageOfPage\":{\"@id\":\"https:\\\/\\\/canal7slp.tv\\\/2025\\\/agenda-propia-de-reforma-electoral-tendria-pvem-en-slp-ignacio-segura\\\/#primaryimage\"},\"image\":{\"@id\":\"https:\\\/\\\/canal7slp.tv\\\/2025\\\/agenda-propia-de-reforma-electoral-tendria-pvem-en-slp-ignacio-segura\\\/#primaryimage\"},\"thumbnailUrl\":\"https:\\\/\\\/canal7slp.tv\\\/2025\\\/wp-content\\\/uploads\\\/2025\\\/08\\\/250804.jpeg\",\"datePublished\":\"2025-08-25T22:19:11+00:00\",\"dateModified\":\"2025-08-26T06:54:57+00:00\",\"breadcrumb\":{\"@id\":\"https:\\\/\\\/canal7slp.tv\\\/2025\\\/agenda-propia-de-reforma-electoral-tendria-pvem-en-slp-ignacio-segura\\\/#breadcrumb\"},\"inLanguage\":\"es\",\"potentialAction\":[{\"@type\":\"ReadAction\",\"target\":[\"https:\\\/\\\/canal7slp.tv\\\/2025\\\/agenda-propia-de-reforma-electoral-tendria-pvem-en-slp-ignacio-segura\\\/\"]}]},{\"@type\":\"ImageObject\",\"inLanguage\":\"es\",\"@id\":\"https:\\\/\\\/canal7slp.tv\\\/2025\\\/agenda-propia-de-reforma-electoral-tendria-pvem-en-slp-ignacio-segura\\\/#primaryimage\",\"url\":\"https:\\\/\\\/canal7slp.tv\\\/2025\\\/wp-content\\\/uploads\\\/2025\\\/08\\\/250804.jpeg\",\"contentUrl\":\"https:\\\/\\\/canal7slp.tv\\\/2025\\\/wp-content\\\/uploads\\\/2025\\\/08\\\/250804.jpeg\",\"width\":842,\"height\":471},{\"@type\":\"BreadcrumbList\",\"@id\":\"https:\\\/\\\/canal7slp.tv\\\/2025\\\/agenda-propia-de-reforma-electoral-tendria-pvem-en-slp-ignacio-segura\\\/#breadcrumb\",\"itemListElement\":[{\"@type\":\"ListItem\",\"position\":1,\"name\":\"Portada\",\"item\":\"https:\\\/\\\/canal7slp.tv\\\/2025\\\/\"},{\"@type\":\"ListItem\",\"position\":2,\"name\":\"Agenda propia de reforma electoral tendr\u00eda PVEM en SLP: Ignacio Segura\"}]},{\"@type\":\"WebSite\",\"@id\":\"https:\\\/\\\/canal7slp.tv\\\/2025\\\/#website\",\"url\":\"https:\\\/\\\/canal7slp.tv\\\/2025\\\/\",\"name\":\"N7 - Noticieros Canal 7\",\"description\":\"Somos el Medio\",\"publisher\":{\"@id\":\"https:\\\/\\\/canal7slp.tv\\\/2025\\\/#organization\"},\"potentialAction\":[{\"@type\":\"SearchAction\",\"target\":{\"@type\":\"EntryPoint\",\"urlTemplate\":\"https:\\\/\\\/canal7slp.tv\\\/2025\\\/?s={search_term_string}\"},\"query-input\":{\"@type\":\"PropertyValueSpecification\",\"valueRequired\":true,\"valueName\":\"search_term_string\"}}],\"inLanguage\":\"es\"},{\"@type\":\"Organization\",\"@id\":\"https:\\\/\\\/canal7slp.tv\\\/2025\\\/#organization\",\"name\":\"Noticieros Canal 7\",\"url\":\"https:\\\/\\\/canal7slp.tv\\\/2025\\\/\",\"logo\":{\"@type\":\"ImageObject\",\"inLanguage\":\"es\",\"@id\":\"https:\\\/\\\/canal7slp.tv\\\/2025\\\/#\\\/schema\\\/logo\\\/image\\\/\",\"url\":\"https:\\\/\\\/canal7slp.tv\\\/2025\\\/wp-content\\\/uploads\\\/2021\\\/01\\\/logo-noticieros@2x.png\",\"contentUrl\":\"https:\\\/\\\/canal7slp.tv\\\/2025\\\/wp-content\\\/uploads\\\/2021\\\/01\\\/logo-noticieros@2x.png\",\"width\":1017,\"height\":268,\"caption\":\"Noticieros Canal 7\"},\"image\":{\"@id\":\"https:\\\/\\\/canal7slp.tv\\\/2025\\\/#\\\/schema\\\/logo\\\/image\\\/\"},\"sameAs\":[\"https:\\\/\\\/www.facebook.com\\\/noticieroscanal7atencionciudadana\\\/\",\"https:\\\/\\\/x.com\\\/NOTICIEROS7\",\"https:\\\/\\\/www.instagram.com\\\/canal7_slp\",\"https:\\\/\\\/www.youtube.com\\\/channel\\\/UCliiYs-gP3JfJeqdPrNdd5A\"]},{\"@type\":\"Person\",\"@id\":\"https:\\\/\\\/canal7slp.tv\\\/2025\\\/#\\\/schema\\\/person\\\/1257e7e4a3d5ac29c4732733a887970d\",\"name\":\"admin\",\"image\":{\"@type\":\"ImageObject\",\"inLanguage\":\"es\",\"@id\":\"https:\\\/\\\/secure.gravatar.com\\\/avatar\\\/d1da498ea933582ecc2b5d72a4eac16ec41c3ec04cf2dc9d46e0b557dedfd5ff?s=96&d=mm&r=g\",\"url\":\"https:\\\/\\\/secure.gravatar.com\\\/avatar\\\/d1da498ea933582ecc2b5d72a4eac16ec41c3ec04cf2dc9d46e0b557dedfd5ff?s=96&d=mm&r=g\",\"contentUrl\":\"https:\\\/\\\/secure.gravatar.com\\\/avatar\\\/d1da498ea933582ecc2b5d72a4eac16ec41c3ec04cf2dc9d46e0b557dedfd5ff?s=96&d=mm&r=g\",\"caption\":\"admin\"},\"sameAs\":[\"https:\\\/\\\/canal7slp.tv\\\/2025\"],\"url\":\"https:\\\/\\\/canal7slp.tv\\\/2025\\\/author\\\/bicefalo\\\/\"}]}<\/script>\n<!-- \/ Yoast SEO plugin. -->","yoast_head_json":{"title":"Agenda propia de reforma electoral tendr\u00eda PVEM en SLP: Ignacio Segura - Canal 7 SLP - 2025","robots":{"index":"index","follow":"follow","max-snippet":"max-snippet:-1","max-image-preview":"max-image-preview:large","max-video-preview":"max-video-preview:-1"},"canonical":"https:\/\/canal7slp.tv\/2025\/agenda-propia-de-reforma-electoral-tendria-pvem-en-slp-ignacio-segura\/","og_locale":"es_ES","og_type":"article","og_title":"Agenda propia de reforma electoral tendr\u00eda PVEM en SLP: Ignacio Segura - Canal 7 SLP - 2025","og_description":"Rioverde. &#8211; Ignacio Segura Morquecho, presidente del Partido Verde en San Luis Potos\u00ed, visit\u00f3 el municipio de Rioverde, donde abord\u00f3 diversos temas de inter\u00e9s. En particular, destac\u00f3 la importancia de la instalaci\u00f3n de los comit\u00e9s municipales del partido en la Zona Media, mencionando que Rioverde, Villa Ju\u00e1rez y Santa Catarina a\u00fan tienen pendiente este proceso. Segura Morquecho enfatiz\u00f3 que la organizaci\u00f3n de estos comit\u00e9s es fundamental de cara a las elecciones de 2027. Explic\u00f3 que el objetivo es realizar un trabajo intensivo para acercar el partido a personas que no est\u00e1n afiliadas, buscando que lo conozcan y, posteriormente, se credencialicen [&hellip;]","og_url":"https:\/\/canal7slp.tv\/2025\/agenda-propia-de-reforma-electoral-tendria-pvem-en-slp-ignacio-segura\/","og_site_name":"Canal 7 SLP - 2025","article_publisher":"https:\/\/www.facebook.com\/noticieroscanal7atencionciudadana\/","article_published_time":"2025-08-25T22:19:11+00:00","article_modified_time":"2025-08-26T06:54:57+00:00","og_image":[{"width":842,"height":471,"url":"https:\/\/canal7slp.tv\/2025\/wp-content\/uploads\/2025\/08\/250804.jpeg","type":"image\/jpeg"}],"author":"admin","twitter_card":"summary_large_image","twitter_creator":"@NOTICIEROS7","twitter_site":"@NOTICIEROS7","twitter_misc":{"Escrito por":"admin","Tiempo de lectura":"2 minutos"},"schema":{"@context":"https:\/\/schema.org","@graph":[{"@type":"Article","@id":"https:\/\/canal7slp.tv\/2025\/agenda-propia-de-reforma-electoral-tendria-pvem-en-slp-ignacio-segura\/#article","isPartOf":{"@id":"https:\/\/canal7slp.tv\/2025\/agenda-propia-de-reforma-electoral-tendria-pvem-en-slp-ignacio-segura\/"},"author":{"name":"admin","@id":"https:\/\/canal7slp.tv\/2025\/#\/schema\/person\/1257e7e4a3d5ac29c4732733a887970d"},"headline":"Agenda propia de reforma electoral tendr\u00eda PVEM en SLP: Ignacio Segura","datePublished":"2025-08-25T22:19:11+00:00","dateModified":"2025-08-26T06:54:57+00:00","mainEntityOfPage":{"@id":"https:\/\/canal7slp.tv\/2025\/agenda-propia-de-reforma-electoral-tendria-pvem-en-slp-ignacio-segura\/"},"wordCount":217,"publisher":{"@id":"https:\/\/canal7slp.tv\/2025\/#organization"},"image":{"@id":"https:\/\/canal7slp.tv\/2025\/agenda-propia-de-reforma-electoral-tendria-pvem-en-slp-ignacio-segura\/#primaryimage"},"thumbnailUrl":"https:\/\/canal7slp.tv\/2025\/wp-content\/uploads\/2025\/08\/250804.jpeg","articleSection":["DESTACADAS","LOCALES Y REGIONALES"],"inLanguage":"es"},{"@type":"WebPage","@id":"https:\/\/canal7slp.tv\/2025\/agenda-propia-de-reforma-electoral-tendria-pvem-en-slp-ignacio-segura\/","url":"https:\/\/canal7slp.tv\/2025\/agenda-propia-de-reforma-electoral-tendria-pvem-en-slp-ignacio-segura\/","name":"Agenda propia de reforma electoral tendr\u00eda PVEM en SLP: Ignacio Segura - Canal 7 SLP - 2025","isPartOf":{"@id":"https:\/\/canal7slp.tv\/2025\/#website"},"primaryImageOfPage":{"@id":"https:\/\/canal7slp.tv\/2025\/agenda-propia-de-reforma-electoral-tendria-pvem-en-slp-ignacio-segura\/#primaryimage"},"image":{"@id":"https:\/\/canal7slp.tv\/2025\/agenda-propia-de-reforma-electoral-tendria-pvem-en-slp-ignacio-segura\/#primaryimage"},"thumbnailUrl":"https:\/\/canal7slp.tv\/2025\/wp-content\/uploads\/2025\/08\/250804.jpeg","datePublished":"2025-08-25T22:19:11+00:00","dateModified":"2025-08-26T06:54:57+00:00","breadcrumb":{"@id":"https:\/\/canal7slp.tv\/2025\/agenda-propia-de-reforma-electoral-tendria-pvem-en-slp-ignacio-segura\/#breadcrumb"},"inLanguage":"es","potentialAction":[{"@type":"ReadAction","target":["https:\/\/canal7slp.tv\/2025\/agenda-propia-de-reforma-electoral-tendria-pvem-en-slp-ignacio-segura\/"]}]},{"@type":"ImageObject","inLanguage":"es","@id":"https:\/\/canal7slp.tv\/2025\/agenda-propia-de-reforma-electoral-tendria-pvem-en-slp-ignacio-segura\/#primaryimage","url":"https:\/\/canal7slp.tv\/2025\/wp-content\/uploads\/2025\/08\/250804.jpeg","contentUrl":"https:\/\/canal7slp.tv\/2025\/wp-content\/uploads\/2025\/08\/250804.jpeg","width":842,"height":471},{"@type":"BreadcrumbList","@id":"https:\/\/canal7slp.tv\/2025\/agenda-propia-de-reforma-electoral-tendria-pvem-en-slp-ignacio-segura\/#breadcrumb","itemListElement":[{"@type":"ListItem","position":1,"name":"Portada","item":"https:\/\/canal7slp.tv\/2025\/"},{"@type":"ListItem","position":2,"name":"Agenda propia de reforma electoral tendr\u00eda PVEM en SLP: Ignacio Segura"}]},{"@type":"WebSite","@id":"https:\/\/canal7slp.tv\/2025\/#website","url":"https:\/\/canal7slp.tv\/2025\/","name":"N7 - Noticieros Canal 7","description":"Somos el Medio","publisher":{"@id":"https:\/\/canal7slp.tv\/2025\/#organization"},"potentialAction":[{"@type":"SearchAction","target":{"@type":"EntryPoint","urlTemplate":"https:\/\/canal7slp.tv\/2025\/?s={search_term_string}"},"query-input":{"@type":"PropertyValueSpecification","valueRequired":true,"valueName":"search_term_string"}}],"inLanguage":"es"},{"@type":"Organization","@id":"https:\/\/canal7slp.tv\/2025\/#organization","name":"Noticieros Canal 7","url":"https:\/\/canal7slp.tv\/2025\/","logo":{"@type":"ImageObject","inLanguage":"es","@id":"https:\/\/canal7slp.tv\/2025\/#\/schema\/logo\/image\/","url":"https:\/\/canal7slp.tv\/2025\/wp-content\/uploads\/2021\/01\/logo-noticieros@2x.png","contentUrl":"https:\/\/canal7slp.tv\/2025\/wp-content\/uploads\/2021\/01\/logo-noticieros@2x.png","width":1017,"height":268,"caption":"Noticieros Canal 7"},"image":{"@id":"https:\/\/canal7slp.tv\/2025\/#\/schema\/logo\/image\/"},"sameAs":["https:\/\/www.facebook.com\/noticieroscanal7atencionciudadana\/","https:\/\/x.com\/NOTICIEROS7","https:\/\/www.instagram.com\/canal7_slp","https:\/\/www.youtube.com\/channel\/UCliiYs-gP3JfJeqdPrNdd5A"]},{"@type":"Person","@id":"https:\/\/canal7slp.tv\/2025\/#\/schema\/person\/1257e7e4a3d5ac29c4732733a887970d","name":"admin","image":{"@type":"ImageObject","inLanguage":"es","@id":"https:\/\/secure.gravatar.com\/avatar\/d1da498ea933582ecc2b5d72a4eac16ec41c3ec04cf2dc9d46e0b557dedfd5ff?s=96&d=mm&r=g","url":"https:\/\/secure.gravatar.com\/avatar\/d1da498ea933582ecc2b5d72a4eac16ec41c3ec04cf2dc9d46e0b557dedfd5ff?s=96&d=mm&r=g","contentUrl":"https:\/\/secure.gravatar.com\/avatar\/d1da498ea933582ecc2b5d72a4eac16ec41c3ec04cf2dc9d46e0b557dedfd5ff?s=96&d=mm&r=g","caption":"admin"},"sameAs":["https:\/\/canal7slp.tv\/2025"],"url":"https:\/\/canal7slp.tv\/2025\/author\/bicefalo\/"}]}},"_links":{"self":[{"href":"https:\/\/canal7slp.tv\/2025\/wp-json\/wp\/v2\/posts\/177580","targetHints":{"allow":["GET"]}}],"collection":[{"href":"https:\/\/canal7slp.tv\/2025\/wp-json\/wp\/v2\/posts"}],"about":[{"href":"https:\/\/canal7slp.tv\/2025\/wp-json\/wp\/v2\/types\/post"}],"author":[{"embeddable":true,"href":"https:\/\/canal7slp.tv\/2025\/wp-json\/wp\/v2\/users\/1"}],"replies":[{"embeddable":true,"href":"https:\/\/canal7slp.tv\/2025\/wp-json\/wp\/v2\/comments?post=177580"}],"version-history":[{"count":1,"href":"https:\/\/canal7slp.tv\/2025\/wp-json\/wp\/v2\/posts\/177580\/revisions"}],"predecessor-version":[{"id":177581,"href":"https:\/\/canal7slp.tv\/2025\/wp-json\/wp\/v2\/posts\/177580\/revisions\/177581"}],"wp:featuredmedia":[{"embeddable":true,"href":"https:\/\/canal7slp.tv\/2025\/wp-json\/wp\/v2\/media\/177582"}],"wp:attachment":[{"href":"https:\/\/canal7slp.tv\/2025\/wp-json\/wp\/v2\/media?parent=177580"}],"wp:term":[{"taxonomy":"category","embeddable":true,"href":"https:\/\/canal7slp.tv\/2025\/wp-json\/wp\/v2\/categories?post=177580"},{"taxonomy":"post_tag","embeddable":true,"href":"https:\/\/canal7slp.tv\/2025\/wp-json\/wp\/v2\/tags?post=177580"}],"curies":[{"name":"wp","href":"https:\/\/api.w.org\/{rel}","templated":true}]}}