{"id":177564,"date":"2025-08-25T15:07:21","date_gmt":"2025-08-25T21:07:21","guid":{"rendered":"https:\/\/canal7slp.tv\/2025\/?p=177564"},"modified":"2025-08-26T00:54:57","modified_gmt":"2025-08-26T06:54:57","slug":"muere-nino-de-tres-anos-al-caer-en-fosa-septica","status":"publish","type":"post","link":"https:\/\/canal7slp.tv\/2025\/muere-nino-de-tres-anos-al-caer-en-fosa-septica\/","title":{"rendered":"Muere ni\u00f1o de tres a\u00f1os al caer en fosa s\u00e9ptica"},"content":{"rendered":"<p>Rioverde. &#8211;<\/p>\n<p>Una tragedia sacudi\u00f3 el ejido de San Francisco de As\u00eds, perteneciente a Rioverde, luego de que un ni\u00f1o de tan solo tres a\u00f1os perdiera la vida al caer accidentalmente en una fosa s\u00e9ptica. El suceso ha generado gran conmoci\u00f3n en la localidad, una de las m\u00e1s grandes del municipio y que, al igual que otras, carece de un sistema de drenaje adecuado, recurriendo la mayor\u00eda de los domicilios al uso de letrinas.<\/p>\n<p>Seg\u00fan testigos, los gritos de la madre alertaron a vecinos y familiares, quienes lograron sacar al menor con vida e intentaron reanimarlo. A pesar de los esfuerzos, el ni\u00f1o no respondi\u00f3 y fue trasladado de urgencia a la cabecera municipal, donde lamentablemente lleg\u00f3 sin signos vitales. Los gases letales de la fosa s\u00e9ptica, incluso en segundos de exposici\u00f3n, resultaron fatales.<\/p>\n<p>Ante la tragedia, autoridades ejidales y vecinos han solicitado a la sociedad no revictimizar a la familia, desmintiendo versiones que circulaban en medios locales sobre una supuesta desaparici\u00f3n de varias horas y negligencia parental. La comunidad se une en el dolor y en el llamado a la solidaridad.<\/p>\n<p>Por: X\u00f3chitl Morales Castro.<\/p>\n","protected":false},"excerpt":{"rendered":"<p>Rioverde. &#8211; Una tragedia sacudi\u00f3 el ejido de San Francisco de As\u00eds, perteneciente a Rioverde, luego de que un ni\u00f1o de tan solo tres a\u00f1os perdiera la vida al caer accidentalmente en una fosa s\u00e9ptica. El suceso ha generado gran conmoci\u00f3n en la localidad, una de las m\u00e1s grandes del municipio y que, al igual que otras, carece de un sistema de drenaje adecuado, recurriendo la mayor\u00eda de los domicilios al uso de letrinas. Seg\u00fan testigos, los gritos de la madre alertaron a vecinos y familiares, quienes lograron sacar al menor con vida e intentaron reanimarlo. A pesar de los [&hellip;]<\/p>\n","protected":false},"author":1,"featured_media":177565,"comment_status":"closed","ping_status":"closed","sticky":false,"template":"","format":"video","meta":{"_monsterinsights_skip_tracking":false,"_monsterinsights_sitenote_active":false,"_monsterinsights_sitenote_note":"","_monsterinsights_sitenote_category":0,"footnotes":""},"categories":[5,45],"tags":[],"class_list":["post-177564","post","type-post","status-publish","format-video","has-post-thumbnail","hentry","category-destacadas","category-localesyregionales","post_format-post-format-video","post--single"],"yoast_head":"<!-- This site is optimized with the Yoast SEO plugin v27.5 - https:\/\/yoast.com\/product\/yoast-seo-wordpress\/ -->\n<title>Muere ni\u00f1o de tres a\u00f1os al caer en fosa s\u00e9ptica - Canal 7 SLP - 2025<\/title>\n<meta name=\"robots\" content=\"index, follow, max-snippet:-1, max-image-preview:large, max-video-preview:-1\" \/>\n<link rel=\"canonical\" href=\"https:\/\/canal7slp.tv\/2025\/muere-nino-de-tres-anos-al-caer-en-fosa-septica\/\" \/>\n<meta property=\"og:locale\" content=\"es_ES\" \/>\n<meta property=\"og:type\" content=\"article\" \/>\n<meta property=\"og:title\" content=\"Muere ni\u00f1o de tres a\u00f1os al caer en fosa s\u00e9ptica - Canal 7 SLP - 2025\" \/>\n<meta property=\"og:description\" content=\"Rioverde. &#8211; Una tragedia sacudi\u00f3 el ejido de San Francisco de As\u00eds, perteneciente a Rioverde, luego de que un ni\u00f1o de tan solo tres a\u00f1os perdiera la vida al caer accidentalmente en una fosa s\u00e9ptica. El suceso ha generado gran conmoci\u00f3n en la localidad, una de las m\u00e1s grandes del municipio y que, al igual que otras, carece de un sistema de drenaje adecuado, recurriendo la mayor\u00eda de los domicilios al uso de letrinas. Seg\u00fan testigos, los gritos de la madre alertaron a vecinos y familiares, quienes lograron sacar al menor con vida e intentaron reanimarlo. A pesar de los [&hellip;]\" \/>\n<meta property=\"og:url\" content=\"https:\/\/canal7slp.tv\/2025\/muere-nino-de-tres-anos-al-caer-en-fosa-septica\/\" \/>\n<meta property=\"og:site_name\" content=\"Canal 7 SLP - 2025\" \/>\n<meta property=\"article:publisher\" content=\"https:\/\/www.facebook.com\/noticieroscanal7atencionciudadana\/\" \/>\n<meta property=\"article:published_time\" content=\"2025-08-25T21:07:21+00:00\" \/>\n<meta property=\"article:modified_time\" content=\"2025-08-26T06:54:57+00:00\" \/>\n<meta property=\"og:image\" content=\"https:\/\/canal7slp.tv\/2025\/wp-content\/uploads\/2025\/08\/muerenino.jpeg\" \/>\n\t<meta property=\"og:image:width\" content=\"1600\" \/>\n\t<meta property=\"og:image:height\" content=\"900\" \/>\n\t<meta property=\"og:image:type\" content=\"image\/jpeg\" \/>\n<meta name=\"author\" content=\"admin\" \/>\n<meta name=\"twitter:card\" content=\"summary_large_image\" \/>\n<meta name=\"twitter:creator\" content=\"@NOTICIEROS7\" \/>\n<meta name=\"twitter:site\" content=\"@NOTICIEROS7\" \/>\n<meta name=\"twitter:label1\" content=\"Escrito por\" \/>\n\t<meta name=\"twitter:data1\" content=\"admin\" \/>\n\t<meta name=\"twitter:label2\" content=\"Tiempo de lectura\" \/>\n\t<meta name=\"twitter:data2\" content=\"2 minutos\" \/>\n<script type=\"application\/ld+json\" class=\"yoast-schema-graph\">{\"@context\":\"https:\\\/\\\/schema.org\",\"@graph\":[{\"@type\":\"Article\",\"@id\":\"https:\\\/\\\/canal7slp.tv\\\/2025\\\/muere-nino-de-tres-anos-al-caer-en-fosa-septica\\\/#article\",\"isPartOf\":{\"@id\":\"https:\\\/\\\/canal7slp.tv\\\/2025\\\/muere-nino-de-tres-anos-al-caer-en-fosa-septica\\\/\"},\"author\":{\"name\":\"admin\",\"@id\":\"https:\\\/\\\/canal7slp.tv\\\/2025\\\/#\\\/schema\\\/person\\\/1257e7e4a3d5ac29c4732733a887970d\"},\"headline\":\"Muere ni\u00f1o de tres a\u00f1os al caer en fosa s\u00e9ptica\",\"datePublished\":\"2025-08-25T21:07:21+00:00\",\"dateModified\":\"2025-08-26T06:54:57+00:00\",\"mainEntityOfPage\":{\"@id\":\"https:\\\/\\\/canal7slp.tv\\\/2025\\\/muere-nino-de-tres-anos-al-caer-en-fosa-septica\\\/\"},\"wordCount\":212,\"publisher\":{\"@id\":\"https:\\\/\\\/canal7slp.tv\\\/2025\\\/#organization\"},\"image\":{\"@id\":\"https:\\\/\\\/canal7slp.tv\\\/2025\\\/muere-nino-de-tres-anos-al-caer-en-fosa-septica\\\/#primaryimage\"},\"thumbnailUrl\":\"https:\\\/\\\/canal7slp.tv\\\/2025\\\/wp-content\\\/uploads\\\/2025\\\/08\\\/muerenino.jpeg\",\"articleSection\":[\"DESTACADAS\",\"LOCALES Y REGIONALES\"],\"inLanguage\":\"es\"},{\"@type\":\"WebPage\",\"@id\":\"https:\\\/\\\/canal7slp.tv\\\/2025\\\/muere-nino-de-tres-anos-al-caer-en-fosa-septica\\\/\",\"url\":\"https:\\\/\\\/canal7slp.tv\\\/2025\\\/muere-nino-de-tres-anos-al-caer-en-fosa-septica\\\/\",\"name\":\"Muere ni\u00f1o de tres a\u00f1os al caer en fosa s\u00e9ptica - Canal 7 SLP - 2025\",\"isPartOf\":{\"@id\":\"https:\\\/\\\/canal7slp.tv\\\/2025\\\/#website\"},\"primaryImageOfPage\":{\"@id\":\"https:\\\/\\\/canal7slp.tv\\\/2025\\\/muere-nino-de-tres-anos-al-caer-en-fosa-septica\\\/#primaryimage\"},\"image\":{\"@id\":\"https:\\\/\\\/canal7slp.tv\\\/2025\\\/muere-nino-de-tres-anos-al-caer-en-fosa-septica\\\/#primaryimage\"},\"thumbnailUrl\":\"https:\\\/\\\/canal7slp.tv\\\/2025\\\/wp-content\\\/uploads\\\/2025\\\/08\\\/muerenino.jpeg\",\"datePublished\":\"2025-08-25T21:07:21+00:00\",\"dateModified\":\"2025-08-26T06:54:57+00:00\",\"breadcrumb\":{\"@id\":\"https:\\\/\\\/canal7slp.tv\\\/2025\\\/muere-nino-de-tres-anos-al-caer-en-fosa-septica\\\/#breadcrumb\"},\"inLanguage\":\"es\",\"potentialAction\":[{\"@type\":\"ReadAction\",\"target\":[\"https:\\\/\\\/canal7slp.tv\\\/2025\\\/muere-nino-de-tres-anos-al-caer-en-fosa-septica\\\/\"]}]},{\"@type\":\"ImageObject\",\"inLanguage\":\"es\",\"@id\":\"https:\\\/\\\/canal7slp.tv\\\/2025\\\/muere-nino-de-tres-anos-al-caer-en-fosa-septica\\\/#primaryimage\",\"url\":\"https:\\\/\\\/canal7slp.tv\\\/2025\\\/wp-content\\\/uploads\\\/2025\\\/08\\\/muerenino.jpeg\",\"contentUrl\":\"https:\\\/\\\/canal7slp.tv\\\/2025\\\/wp-content\\\/uploads\\\/2025\\\/08\\\/muerenino.jpeg\",\"width\":1600,\"height\":900},{\"@type\":\"BreadcrumbList\",\"@id\":\"https:\\\/\\\/canal7slp.tv\\\/2025\\\/muere-nino-de-tres-anos-al-caer-en-fosa-septica\\\/#breadcrumb\",\"itemListElement\":[{\"@type\":\"ListItem\",\"position\":1,\"name\":\"Portada\",\"item\":\"https:\\\/\\\/canal7slp.tv\\\/2025\\\/\"},{\"@type\":\"ListItem\",\"position\":2,\"name\":\"Muere ni\u00f1o de tres a\u00f1os al caer en fosa s\u00e9ptica\"}]},{\"@type\":\"WebSite\",\"@id\":\"https:\\\/\\\/canal7slp.tv\\\/2025\\\/#website\",\"url\":\"https:\\\/\\\/canal7slp.tv\\\/2025\\\/\",\"name\":\"N7 - Noticieros Canal 7\",\"description\":\"Somos el Medio\",\"publisher\":{\"@id\":\"https:\\\/\\\/canal7slp.tv\\\/2025\\\/#organization\"},\"potentialAction\":[{\"@type\":\"SearchAction\",\"target\":{\"@type\":\"EntryPoint\",\"urlTemplate\":\"https:\\\/\\\/canal7slp.tv\\\/2025\\\/?s={search_term_string}\"},\"query-input\":{\"@type\":\"PropertyValueSpecification\",\"valueRequired\":true,\"valueName\":\"search_term_string\"}}],\"inLanguage\":\"es\"},{\"@type\":\"Organization\",\"@id\":\"https:\\\/\\\/canal7slp.tv\\\/2025\\\/#organization\",\"name\":\"Noticieros Canal 7\",\"url\":\"https:\\\/\\\/canal7slp.tv\\\/2025\\\/\",\"logo\":{\"@type\":\"ImageObject\",\"inLanguage\":\"es\",\"@id\":\"https:\\\/\\\/canal7slp.tv\\\/2025\\\/#\\\/schema\\\/logo\\\/image\\\/\",\"url\":\"https:\\\/\\\/canal7slp.tv\\\/2025\\\/wp-content\\\/uploads\\\/2021\\\/01\\\/logo-noticieros@2x.png\",\"contentUrl\":\"https:\\\/\\\/canal7slp.tv\\\/2025\\\/wp-content\\\/uploads\\\/2021\\\/01\\\/logo-noticieros@2x.png\",\"width\":1017,\"height\":268,\"caption\":\"Noticieros Canal 7\"},\"image\":{\"@id\":\"https:\\\/\\\/canal7slp.tv\\\/2025\\\/#\\\/schema\\\/logo\\\/image\\\/\"},\"sameAs\":[\"https:\\\/\\\/www.facebook.com\\\/noticieroscanal7atencionciudadana\\\/\",\"https:\\\/\\\/x.com\\\/NOTICIEROS7\",\"https:\\\/\\\/www.instagram.com\\\/canal7_slp\",\"https:\\\/\\\/www.youtube.com\\\/channel\\\/UCliiYs-gP3JfJeqdPrNdd5A\"]},{\"@type\":\"Person\",\"@id\":\"https:\\\/\\\/canal7slp.tv\\\/2025\\\/#\\\/schema\\\/person\\\/1257e7e4a3d5ac29c4732733a887970d\",\"name\":\"admin\",\"image\":{\"@type\":\"ImageObject\",\"inLanguage\":\"es\",\"@id\":\"https:\\\/\\\/secure.gravatar.com\\\/avatar\\\/d1da498ea933582ecc2b5d72a4eac16ec41c3ec04cf2dc9d46e0b557dedfd5ff?s=96&d=mm&r=g\",\"url\":\"https:\\\/\\\/secure.gravatar.com\\\/avatar\\\/d1da498ea933582ecc2b5d72a4eac16ec41c3ec04cf2dc9d46e0b557dedfd5ff?s=96&d=mm&r=g\",\"contentUrl\":\"https:\\\/\\\/secure.gravatar.com\\\/avatar\\\/d1da498ea933582ecc2b5d72a4eac16ec41c3ec04cf2dc9d46e0b557dedfd5ff?s=96&d=mm&r=g\",\"caption\":\"admin\"},\"sameAs\":[\"https:\\\/\\\/canal7slp.tv\\\/2025\"],\"url\":\"https:\\\/\\\/canal7slp.tv\\\/2025\\\/author\\\/bicefalo\\\/\"}]}<\/script>\n<!-- \/ Yoast SEO plugin. -->","yoast_head_json":{"title":"Muere ni\u00f1o de tres a\u00f1os al caer en fosa s\u00e9ptica - Canal 7 SLP - 2025","robots":{"index":"index","follow":"follow","max-snippet":"max-snippet:-1","max-image-preview":"max-image-preview:large","max-video-preview":"max-video-preview:-1"},"canonical":"https:\/\/canal7slp.tv\/2025\/muere-nino-de-tres-anos-al-caer-en-fosa-septica\/","og_locale":"es_ES","og_type":"article","og_title":"Muere ni\u00f1o de tres a\u00f1os al caer en fosa s\u00e9ptica - Canal 7 SLP - 2025","og_description":"Rioverde. &#8211; Una tragedia sacudi\u00f3 el ejido de San Francisco de As\u00eds, perteneciente a Rioverde, luego de que un ni\u00f1o de tan solo tres a\u00f1os perdiera la vida al caer accidentalmente en una fosa s\u00e9ptica. El suceso ha generado gran conmoci\u00f3n en la localidad, una de las m\u00e1s grandes del municipio y que, al igual que otras, carece de un sistema de drenaje adecuado, recurriendo la mayor\u00eda de los domicilios al uso de letrinas. Seg\u00fan testigos, los gritos de la madre alertaron a vecinos y familiares, quienes lograron sacar al menor con vida e intentaron reanimarlo. A pesar de los [&hellip;]","og_url":"https:\/\/canal7slp.tv\/2025\/muere-nino-de-tres-anos-al-caer-en-fosa-septica\/","og_site_name":"Canal 7 SLP - 2025","article_publisher":"https:\/\/www.facebook.com\/noticieroscanal7atencionciudadana\/","article_published_time":"2025-08-25T21:07:21+00:00","article_modified_time":"2025-08-26T06:54:57+00:00","og_image":[{"width":1600,"height":900,"url":"https:\/\/canal7slp.tv\/2025\/wp-content\/uploads\/2025\/08\/muerenino.jpeg","type":"image\/jpeg"}],"author":"admin","twitter_card":"summary_large_image","twitter_creator":"@NOTICIEROS7","twitter_site":"@NOTICIEROS7","twitter_misc":{"Escrito por":"admin","Tiempo de lectura":"2 minutos"},"schema":{"@context":"https:\/\/schema.org","@graph":[{"@type":"Article","@id":"https:\/\/canal7slp.tv\/2025\/muere-nino-de-tres-anos-al-caer-en-fosa-septica\/#article","isPartOf":{"@id":"https:\/\/canal7slp.tv\/2025\/muere-nino-de-tres-anos-al-caer-en-fosa-septica\/"},"author":{"name":"admin","@id":"https:\/\/canal7slp.tv\/2025\/#\/schema\/person\/1257e7e4a3d5ac29c4732733a887970d"},"headline":"Muere ni\u00f1o de tres a\u00f1os al caer en fosa s\u00e9ptica","datePublished":"2025-08-25T21:07:21+00:00","dateModified":"2025-08-26T06:54:57+00:00","mainEntityOfPage":{"@id":"https:\/\/canal7slp.tv\/2025\/muere-nino-de-tres-anos-al-caer-en-fosa-septica\/"},"wordCount":212,"publisher":{"@id":"https:\/\/canal7slp.tv\/2025\/#organization"},"image":{"@id":"https:\/\/canal7slp.tv\/2025\/muere-nino-de-tres-anos-al-caer-en-fosa-septica\/#primaryimage"},"thumbnailUrl":"https:\/\/canal7slp.tv\/2025\/wp-content\/uploads\/2025\/08\/muerenino.jpeg","articleSection":["DESTACADAS","LOCALES Y REGIONALES"],"inLanguage":"es"},{"@type":"WebPage","@id":"https:\/\/canal7slp.tv\/2025\/muere-nino-de-tres-anos-al-caer-en-fosa-septica\/","url":"https:\/\/canal7slp.tv\/2025\/muere-nino-de-tres-anos-al-caer-en-fosa-septica\/","name":"Muere ni\u00f1o de tres a\u00f1os al caer en fosa s\u00e9ptica - Canal 7 SLP - 2025","isPartOf":{"@id":"https:\/\/canal7slp.tv\/2025\/#website"},"primaryImageOfPage":{"@id":"https:\/\/canal7slp.tv\/2025\/muere-nino-de-tres-anos-al-caer-en-fosa-septica\/#primaryimage"},"image":{"@id":"https:\/\/canal7slp.tv\/2025\/muere-nino-de-tres-anos-al-caer-en-fosa-septica\/#primaryimage"},"thumbnailUrl":"https:\/\/canal7slp.tv\/2025\/wp-content\/uploads\/2025\/08\/muerenino.jpeg","datePublished":"2025-08-25T21:07:21+00:00","dateModified":"2025-08-26T06:54:57+00:00","breadcrumb":{"@id":"https:\/\/canal7slp.tv\/2025\/muere-nino-de-tres-anos-al-caer-en-fosa-septica\/#breadcrumb"},"inLanguage":"es","potentialAction":[{"@type":"ReadAction","target":["https:\/\/canal7slp.tv\/2025\/muere-nino-de-tres-anos-al-caer-en-fosa-septica\/"]}]},{"@type":"ImageObject","inLanguage":"es","@id":"https:\/\/canal7slp.tv\/2025\/muere-nino-de-tres-anos-al-caer-en-fosa-septica\/#primaryimage","url":"https:\/\/canal7slp.tv\/2025\/wp-content\/uploads\/2025\/08\/muerenino.jpeg","contentUrl":"https:\/\/canal7slp.tv\/2025\/wp-content\/uploads\/2025\/08\/muerenino.jpeg","width":1600,"height":900},{"@type":"BreadcrumbList","@id":"https:\/\/canal7slp.tv\/2025\/muere-nino-de-tres-anos-al-caer-en-fosa-septica\/#breadcrumb","itemListElement":[{"@type":"ListItem","position":1,"name":"Portada","item":"https:\/\/canal7slp.tv\/2025\/"},{"@type":"ListItem","position":2,"name":"Muere ni\u00f1o de tres a\u00f1os al caer en fosa s\u00e9ptica"}]},{"@type":"WebSite","@id":"https:\/\/canal7slp.tv\/2025\/#website","url":"https:\/\/canal7slp.tv\/2025\/","name":"N7 - Noticieros Canal 7","description":"Somos el Medio","publisher":{"@id":"https:\/\/canal7slp.tv\/2025\/#organization"},"potentialAction":[{"@type":"SearchAction","target":{"@type":"EntryPoint","urlTemplate":"https:\/\/canal7slp.tv\/2025\/?s={search_term_string}"},"query-input":{"@type":"PropertyValueSpecification","valueRequired":true,"valueName":"search_term_string"}}],"inLanguage":"es"},{"@type":"Organization","@id":"https:\/\/canal7slp.tv\/2025\/#organization","name":"Noticieros Canal 7","url":"https:\/\/canal7slp.tv\/2025\/","logo":{"@type":"ImageObject","inLanguage":"es","@id":"https:\/\/canal7slp.tv\/2025\/#\/schema\/logo\/image\/","url":"https:\/\/canal7slp.tv\/2025\/wp-content\/uploads\/2021\/01\/logo-noticieros@2x.png","contentUrl":"https:\/\/canal7slp.tv\/2025\/wp-content\/uploads\/2021\/01\/logo-noticieros@2x.png","width":1017,"height":268,"caption":"Noticieros Canal 7"},"image":{"@id":"https:\/\/canal7slp.tv\/2025\/#\/schema\/logo\/image\/"},"sameAs":["https:\/\/www.facebook.com\/noticieroscanal7atencionciudadana\/","https:\/\/x.com\/NOTICIEROS7","https:\/\/www.instagram.com\/canal7_slp","https:\/\/www.youtube.com\/channel\/UCliiYs-gP3JfJeqdPrNdd5A"]},{"@type":"Person","@id":"https:\/\/canal7slp.tv\/2025\/#\/schema\/person\/1257e7e4a3d5ac29c4732733a887970d","name":"admin","image":{"@type":"ImageObject","inLanguage":"es","@id":"https:\/\/secure.gravatar.com\/avatar\/d1da498ea933582ecc2b5d72a4eac16ec41c3ec04cf2dc9d46e0b557dedfd5ff?s=96&d=mm&r=g","url":"https:\/\/secure.gravatar.com\/avatar\/d1da498ea933582ecc2b5d72a4eac16ec41c3ec04cf2dc9d46e0b557dedfd5ff?s=96&d=mm&r=g","contentUrl":"https:\/\/secure.gravatar.com\/avatar\/d1da498ea933582ecc2b5d72a4eac16ec41c3ec04cf2dc9d46e0b557dedfd5ff?s=96&d=mm&r=g","caption":"admin"},"sameAs":["https:\/\/canal7slp.tv\/2025"],"url":"https:\/\/canal7slp.tv\/2025\/author\/bicefalo\/"}]}},"_links":{"self":[{"href":"https:\/\/canal7slp.tv\/2025\/wp-json\/wp\/v2\/posts\/177564","targetHints":{"allow":["GET"]}}],"collection":[{"href":"https:\/\/canal7slp.tv\/2025\/wp-json\/wp\/v2\/posts"}],"about":[{"href":"https:\/\/canal7slp.tv\/2025\/wp-json\/wp\/v2\/types\/post"}],"author":[{"embeddable":true,"href":"https:\/\/canal7slp.tv\/2025\/wp-json\/wp\/v2\/users\/1"}],"replies":[{"embeddable":true,"href":"https:\/\/canal7slp.tv\/2025\/wp-json\/wp\/v2\/comments?post=177564"}],"version-history":[{"count":2,"href":"https:\/\/canal7slp.tv\/2025\/wp-json\/wp\/v2\/posts\/177564\/revisions"}],"predecessor-version":[{"id":177567,"href":"https:\/\/canal7slp.tv\/2025\/wp-json\/wp\/v2\/posts\/177564\/revisions\/177567"}],"wp:featuredmedia":[{"embeddable":true,"href":"https:\/\/canal7slp.tv\/2025\/wp-json\/wp\/v2\/media\/177565"}],"wp:attachment":[{"href":"https:\/\/canal7slp.tv\/2025\/wp-json\/wp\/v2\/media?parent=177564"}],"wp:term":[{"taxonomy":"category","embeddable":true,"href":"https:\/\/canal7slp.tv\/2025\/wp-json\/wp\/v2\/categories?post=177564"},{"taxonomy":"post_tag","embeddable":true,"href":"https:\/\/canal7slp.tv\/2025\/wp-json\/wp\/v2\/tags?post=177564"}],"curies":[{"name":"wp","href":"https:\/\/api.w.org\/{rel}","templated":true}]}}