{"id":177427,"date":"2025-08-22T18:47:58","date_gmt":"2025-08-23T00:47:58","guid":{"rendered":"https:\/\/canal7slp.tv\/2025\/?p=177427"},"modified":"2025-08-22T18:47:58","modified_gmt":"2025-08-23T00:47:58","slug":"confirman-primer-caso-humano-de-miasis-por-gusano-barrenador-en-tabasco","status":"publish","type":"post","link":"https:\/\/canal7slp.tv\/2025\/confirman-primer-caso-humano-de-miasis-por-gusano-barrenador-en-tabasco\/","title":{"rendered":"Confirman primer caso humano de miasis por gusano barrenador en Tabasco"},"content":{"rendered":"<p style=\"text-align: justify;\">\n<p style=\"text-align: justify;\">Centla.- La Secretar\u00eda de Salud confirm\u00f3 el primer caso de miasis por gusano barrenador (Cochliomyia hominivorax) en un ser humano en el estado de Tabasco. El paciente es un hombre de 76 a\u00f1os residente del municipio de Centla, quien presentaba comorbilidades previas.<\/p>\n<p style=\"text-align: justify;\">De acuerdo con el reporte epidemiol\u00f3gico, el paciente comenz\u00f3 a presentar s\u00edntomas el 8 de agosto, incluyendo comez\u00f3n en el cuero cabelludo, sensaci\u00f3n de movimiento, dolor de cabeza, anorexia y fiebre. Al acudir al Hospital Comunitario de Frontera del IMSS Bienestar, el personal m\u00e9dico detect\u00f3 larvas en una herida abierta en la cabeza que no hab\u00eda recibido atenci\u00f3n oportuna.<\/p>\n<p style=\"text-align: justify;\">El secretario de Salud estatal, Alejandro Calder\u00f3n Alilpi, explic\u00f3 que la lesi\u00f3n se complic\u00f3 debido a que no fue atendida inmediatamente despu\u00e9s de que el paciente sufriera una ca\u00edda. El Instituto de Diagn\u00f3stico y Referencia Epidemiol\u00f3gicos (InDRE) confirm\u00f3 el mi\u00e9rcoles 20 de agosto que se trataba del gusano barrenador.<\/p>\n<p style=\"text-align: justify;\">El paciente recibi\u00f3 tratamiento con antibi\u00f3ticos y curaciones, permaneciendo hospitalizado varios d\u00edas. Actualmente se encuentra estable, con la herida cerrada y en recuperaci\u00f3n en su domicilio.<\/p>\n","protected":false},"excerpt":{"rendered":"<p>Centla.- La Secretar\u00eda de Salud confirm\u00f3 el primer caso de miasis por gusano barrenador (Cochliomyia hominivorax) en un ser humano en el estado de Tabasco. El paciente es un hombre de 76 a\u00f1os residente del municipio de Centla, quien presentaba comorbilidades previas. De acuerdo con el reporte epidemiol\u00f3gico, el paciente comenz\u00f3 a presentar s\u00edntomas el 8 de agosto, incluyendo comez\u00f3n en el cuero cabelludo, sensaci\u00f3n de movimiento, dolor de cabeza, anorexia y fiebre. Al acudir al Hospital Comunitario de Frontera del IMSS Bienestar, el personal m\u00e9dico detect\u00f3 larvas en una herida abierta en la cabeza que no hab\u00eda recibido atenci\u00f3n [&hellip;]<\/p>\n","protected":false},"author":2,"featured_media":177432,"comment_status":"closed","ping_status":"closed","sticky":false,"template":"","format":"standard","meta":{"_monsterinsights_skip_tracking":false,"_monsterinsights_sitenote_active":false,"_monsterinsights_sitenote_note":"","_monsterinsights_sitenote_category":0,"footnotes":""},"categories":[46],"tags":[],"class_list":["post-177427","post","type-post","status-publish","format-standard","has-post-thumbnail","hentry","category-nacional","post--single"],"yoast_head":"<!-- This site is optimized with the Yoast SEO plugin v27.5 - https:\/\/yoast.com\/product\/yoast-seo-wordpress\/ -->\n<title>Confirman primer caso humano de miasis por gusano barrenador en Tabasco - Canal 7 SLP - 2025<\/title>\n<meta name=\"robots\" content=\"index, follow, max-snippet:-1, max-image-preview:large, max-video-preview:-1\" \/>\n<link rel=\"canonical\" href=\"https:\/\/canal7slp.tv\/2025\/confirman-primer-caso-humano-de-miasis-por-gusano-barrenador-en-tabasco\/\" \/>\n<meta property=\"og:locale\" content=\"es_ES\" \/>\n<meta property=\"og:type\" content=\"article\" \/>\n<meta property=\"og:title\" content=\"Confirman primer caso humano de miasis por gusano barrenador en Tabasco - Canal 7 SLP - 2025\" \/>\n<meta property=\"og:description\" content=\"Centla.- La Secretar\u00eda de Salud confirm\u00f3 el primer caso de miasis por gusano barrenador (Cochliomyia hominivorax) en un ser humano en el estado de Tabasco. El paciente es un hombre de 76 a\u00f1os residente del municipio de Centla, quien presentaba comorbilidades previas. De acuerdo con el reporte epidemiol\u00f3gico, el paciente comenz\u00f3 a presentar s\u00edntomas el 8 de agosto, incluyendo comez\u00f3n en el cuero cabelludo, sensaci\u00f3n de movimiento, dolor de cabeza, anorexia y fiebre. Al acudir al Hospital Comunitario de Frontera del IMSS Bienestar, el personal m\u00e9dico detect\u00f3 larvas en una herida abierta en la cabeza que no hab\u00eda recibido atenci\u00f3n [&hellip;]\" \/>\n<meta property=\"og:url\" content=\"https:\/\/canal7slp.tv\/2025\/confirman-primer-caso-humano-de-miasis-por-gusano-barrenador-en-tabasco\/\" \/>\n<meta property=\"og:site_name\" content=\"Canal 7 SLP - 2025\" \/>\n<meta property=\"article:publisher\" content=\"https:\/\/www.facebook.com\/noticieroscanal7atencionciudadana\/\" \/>\n<meta property=\"article:published_time\" content=\"2025-08-23T00:47:58+00:00\" \/>\n<meta property=\"og:image\" content=\"https:\/\/canal7slp.tv\/2025\/wp-content\/uploads\/2025\/08\/14-14.jpg\" \/>\n\t<meta property=\"og:image:width\" content=\"880\" \/>\n\t<meta property=\"og:image:height\" content=\"500\" \/>\n\t<meta property=\"og:image:type\" content=\"image\/jpeg\" \/>\n<meta name=\"author\" content=\"Edici\u00f3n Web\" \/>\n<meta name=\"twitter:card\" content=\"summary_large_image\" \/>\n<meta name=\"twitter:creator\" content=\"@NOTICIEROS7\" \/>\n<meta name=\"twitter:site\" content=\"@NOTICIEROS7\" \/>\n<meta name=\"twitter:label1\" content=\"Escrito por\" \/>\n\t<meta name=\"twitter:data1\" content=\"Edici\u00f3n Web\" \/>\n\t<meta name=\"twitter:label2\" content=\"Tiempo de lectura\" \/>\n\t<meta name=\"twitter:data2\" content=\"2 minutos\" \/>\n<script type=\"application\/ld+json\" class=\"yoast-schema-graph\">{\"@context\":\"https:\\\/\\\/schema.org\",\"@graph\":[{\"@type\":\"Article\",\"@id\":\"https:\\\/\\\/canal7slp.tv\\\/2025\\\/confirman-primer-caso-humano-de-miasis-por-gusano-barrenador-en-tabasco\\\/#article\",\"isPartOf\":{\"@id\":\"https:\\\/\\\/canal7slp.tv\\\/2025\\\/confirman-primer-caso-humano-de-miasis-por-gusano-barrenador-en-tabasco\\\/\"},\"author\":{\"name\":\"Edici\u00f3n Web\",\"@id\":\"https:\\\/\\\/canal7slp.tv\\\/2025\\\/#\\\/schema\\\/person\\\/271e2b60a96e7cc9d9ac296f4d7e414b\"},\"headline\":\"Confirman primer caso humano de miasis por gusano barrenador en Tabasco\",\"datePublished\":\"2025-08-23T00:47:58+00:00\",\"mainEntityOfPage\":{\"@id\":\"https:\\\/\\\/canal7slp.tv\\\/2025\\\/confirman-primer-caso-humano-de-miasis-por-gusano-barrenador-en-tabasco\\\/\"},\"wordCount\":204,\"publisher\":{\"@id\":\"https:\\\/\\\/canal7slp.tv\\\/2025\\\/#organization\"},\"image\":{\"@id\":\"https:\\\/\\\/canal7slp.tv\\\/2025\\\/confirman-primer-caso-humano-de-miasis-por-gusano-barrenador-en-tabasco\\\/#primaryimage\"},\"thumbnailUrl\":\"https:\\\/\\\/canal7slp.tv\\\/2025\\\/wp-content\\\/uploads\\\/2025\\\/08\\\/14-14.jpg\",\"articleSection\":[\"NACIONALES\"],\"inLanguage\":\"es\"},{\"@type\":\"WebPage\",\"@id\":\"https:\\\/\\\/canal7slp.tv\\\/2025\\\/confirman-primer-caso-humano-de-miasis-por-gusano-barrenador-en-tabasco\\\/\",\"url\":\"https:\\\/\\\/canal7slp.tv\\\/2025\\\/confirman-primer-caso-humano-de-miasis-por-gusano-barrenador-en-tabasco\\\/\",\"name\":\"Confirman primer caso humano de miasis por gusano barrenador en Tabasco - Canal 7 SLP - 2025\",\"isPartOf\":{\"@id\":\"https:\\\/\\\/canal7slp.tv\\\/2025\\\/#website\"},\"primaryImageOfPage\":{\"@id\":\"https:\\\/\\\/canal7slp.tv\\\/2025\\\/confirman-primer-caso-humano-de-miasis-por-gusano-barrenador-en-tabasco\\\/#primaryimage\"},\"image\":{\"@id\":\"https:\\\/\\\/canal7slp.tv\\\/2025\\\/confirman-primer-caso-humano-de-miasis-por-gusano-barrenador-en-tabasco\\\/#primaryimage\"},\"thumbnailUrl\":\"https:\\\/\\\/canal7slp.tv\\\/2025\\\/wp-content\\\/uploads\\\/2025\\\/08\\\/14-14.jpg\",\"datePublished\":\"2025-08-23T00:47:58+00:00\",\"breadcrumb\":{\"@id\":\"https:\\\/\\\/canal7slp.tv\\\/2025\\\/confirman-primer-caso-humano-de-miasis-por-gusano-barrenador-en-tabasco\\\/#breadcrumb\"},\"inLanguage\":\"es\",\"potentialAction\":[{\"@type\":\"ReadAction\",\"target\":[\"https:\\\/\\\/canal7slp.tv\\\/2025\\\/confirman-primer-caso-humano-de-miasis-por-gusano-barrenador-en-tabasco\\\/\"]}]},{\"@type\":\"ImageObject\",\"inLanguage\":\"es\",\"@id\":\"https:\\\/\\\/canal7slp.tv\\\/2025\\\/confirman-primer-caso-humano-de-miasis-por-gusano-barrenador-en-tabasco\\\/#primaryimage\",\"url\":\"https:\\\/\\\/canal7slp.tv\\\/2025\\\/wp-content\\\/uploads\\\/2025\\\/08\\\/14-14.jpg\",\"contentUrl\":\"https:\\\/\\\/canal7slp.tv\\\/2025\\\/wp-content\\\/uploads\\\/2025\\\/08\\\/14-14.jpg\",\"width\":880,\"height\":500},{\"@type\":\"BreadcrumbList\",\"@id\":\"https:\\\/\\\/canal7slp.tv\\\/2025\\\/confirman-primer-caso-humano-de-miasis-por-gusano-barrenador-en-tabasco\\\/#breadcrumb\",\"itemListElement\":[{\"@type\":\"ListItem\",\"position\":1,\"name\":\"Portada\",\"item\":\"https:\\\/\\\/canal7slp.tv\\\/2025\\\/\"},{\"@type\":\"ListItem\",\"position\":2,\"name\":\"Confirman primer caso humano de miasis por gusano barrenador en Tabasco\"}]},{\"@type\":\"WebSite\",\"@id\":\"https:\\\/\\\/canal7slp.tv\\\/2025\\\/#website\",\"url\":\"https:\\\/\\\/canal7slp.tv\\\/2025\\\/\",\"name\":\"N7 - Noticieros Canal 7\",\"description\":\"Somos el Medio\",\"publisher\":{\"@id\":\"https:\\\/\\\/canal7slp.tv\\\/2025\\\/#organization\"},\"potentialAction\":[{\"@type\":\"SearchAction\",\"target\":{\"@type\":\"EntryPoint\",\"urlTemplate\":\"https:\\\/\\\/canal7slp.tv\\\/2025\\\/?s={search_term_string}\"},\"query-input\":{\"@type\":\"PropertyValueSpecification\",\"valueRequired\":true,\"valueName\":\"search_term_string\"}}],\"inLanguage\":\"es\"},{\"@type\":\"Organization\",\"@id\":\"https:\\\/\\\/canal7slp.tv\\\/2025\\\/#organization\",\"name\":\"Noticieros Canal 7\",\"url\":\"https:\\\/\\\/canal7slp.tv\\\/2025\\\/\",\"logo\":{\"@type\":\"ImageObject\",\"inLanguage\":\"es\",\"@id\":\"https:\\\/\\\/canal7slp.tv\\\/2025\\\/#\\\/schema\\\/logo\\\/image\\\/\",\"url\":\"https:\\\/\\\/canal7slp.tv\\\/2025\\\/wp-content\\\/uploads\\\/2021\\\/01\\\/logo-noticieros@2x.png\",\"contentUrl\":\"https:\\\/\\\/canal7slp.tv\\\/2025\\\/wp-content\\\/uploads\\\/2021\\\/01\\\/logo-noticieros@2x.png\",\"width\":1017,\"height\":268,\"caption\":\"Noticieros Canal 7\"},\"image\":{\"@id\":\"https:\\\/\\\/canal7slp.tv\\\/2025\\\/#\\\/schema\\\/logo\\\/image\\\/\"},\"sameAs\":[\"https:\\\/\\\/www.facebook.com\\\/noticieroscanal7atencionciudadana\\\/\",\"https:\\\/\\\/x.com\\\/NOTICIEROS7\",\"https:\\\/\\\/www.instagram.com\\\/canal7_slp\",\"https:\\\/\\\/www.youtube.com\\\/channel\\\/UCliiYs-gP3JfJeqdPrNdd5A\"]},{\"@type\":\"Person\",\"@id\":\"https:\\\/\\\/canal7slp.tv\\\/2025\\\/#\\\/schema\\\/person\\\/271e2b60a96e7cc9d9ac296f4d7e414b\",\"name\":\"Edici\u00f3n Web\",\"image\":{\"@type\":\"ImageObject\",\"inLanguage\":\"es\",\"@id\":\"https:\\\/\\\/secure.gravatar.com\\\/avatar\\\/eee448fc3f7164808013b816ba91ac7e43bbe82a70bebac296f8bc6f0addaa1a?s=96&d=mm&r=g\",\"url\":\"https:\\\/\\\/secure.gravatar.com\\\/avatar\\\/eee448fc3f7164808013b816ba91ac7e43bbe82a70bebac296f8bc6f0addaa1a?s=96&d=mm&r=g\",\"contentUrl\":\"https:\\\/\\\/secure.gravatar.com\\\/avatar\\\/eee448fc3f7164808013b816ba91ac7e43bbe82a70bebac296f8bc6f0addaa1a?s=96&d=mm&r=g\",\"caption\":\"Edici\u00f3n Web\"},\"url\":\"https:\\\/\\\/canal7slp.tv\\\/2025\\\/author\\\/edicionweb\\\/\"}]}<\/script>\n<!-- \/ Yoast SEO plugin. -->","yoast_head_json":{"title":"Confirman primer caso humano de miasis por gusano barrenador en Tabasco - Canal 7 SLP - 2025","robots":{"index":"index","follow":"follow","max-snippet":"max-snippet:-1","max-image-preview":"max-image-preview:large","max-video-preview":"max-video-preview:-1"},"canonical":"https:\/\/canal7slp.tv\/2025\/confirman-primer-caso-humano-de-miasis-por-gusano-barrenador-en-tabasco\/","og_locale":"es_ES","og_type":"article","og_title":"Confirman primer caso humano de miasis por gusano barrenador en Tabasco - Canal 7 SLP - 2025","og_description":"Centla.- La Secretar\u00eda de Salud confirm\u00f3 el primer caso de miasis por gusano barrenador (Cochliomyia hominivorax) en un ser humano en el estado de Tabasco. El paciente es un hombre de 76 a\u00f1os residente del municipio de Centla, quien presentaba comorbilidades previas. De acuerdo con el reporte epidemiol\u00f3gico, el paciente comenz\u00f3 a presentar s\u00edntomas el 8 de agosto, incluyendo comez\u00f3n en el cuero cabelludo, sensaci\u00f3n de movimiento, dolor de cabeza, anorexia y fiebre. Al acudir al Hospital Comunitario de Frontera del IMSS Bienestar, el personal m\u00e9dico detect\u00f3 larvas en una herida abierta en la cabeza que no hab\u00eda recibido atenci\u00f3n [&hellip;]","og_url":"https:\/\/canal7slp.tv\/2025\/confirman-primer-caso-humano-de-miasis-por-gusano-barrenador-en-tabasco\/","og_site_name":"Canal 7 SLP - 2025","article_publisher":"https:\/\/www.facebook.com\/noticieroscanal7atencionciudadana\/","article_published_time":"2025-08-23T00:47:58+00:00","og_image":[{"width":880,"height":500,"url":"https:\/\/canal7slp.tv\/2025\/wp-content\/uploads\/2025\/08\/14-14.jpg","type":"image\/jpeg"}],"author":"Edici\u00f3n Web","twitter_card":"summary_large_image","twitter_creator":"@NOTICIEROS7","twitter_site":"@NOTICIEROS7","twitter_misc":{"Escrito por":"Edici\u00f3n Web","Tiempo de lectura":"2 minutos"},"schema":{"@context":"https:\/\/schema.org","@graph":[{"@type":"Article","@id":"https:\/\/canal7slp.tv\/2025\/confirman-primer-caso-humano-de-miasis-por-gusano-barrenador-en-tabasco\/#article","isPartOf":{"@id":"https:\/\/canal7slp.tv\/2025\/confirman-primer-caso-humano-de-miasis-por-gusano-barrenador-en-tabasco\/"},"author":{"name":"Edici\u00f3n Web","@id":"https:\/\/canal7slp.tv\/2025\/#\/schema\/person\/271e2b60a96e7cc9d9ac296f4d7e414b"},"headline":"Confirman primer caso humano de miasis por gusano barrenador en Tabasco","datePublished":"2025-08-23T00:47:58+00:00","mainEntityOfPage":{"@id":"https:\/\/canal7slp.tv\/2025\/confirman-primer-caso-humano-de-miasis-por-gusano-barrenador-en-tabasco\/"},"wordCount":204,"publisher":{"@id":"https:\/\/canal7slp.tv\/2025\/#organization"},"image":{"@id":"https:\/\/canal7slp.tv\/2025\/confirman-primer-caso-humano-de-miasis-por-gusano-barrenador-en-tabasco\/#primaryimage"},"thumbnailUrl":"https:\/\/canal7slp.tv\/2025\/wp-content\/uploads\/2025\/08\/14-14.jpg","articleSection":["NACIONALES"],"inLanguage":"es"},{"@type":"WebPage","@id":"https:\/\/canal7slp.tv\/2025\/confirman-primer-caso-humano-de-miasis-por-gusano-barrenador-en-tabasco\/","url":"https:\/\/canal7slp.tv\/2025\/confirman-primer-caso-humano-de-miasis-por-gusano-barrenador-en-tabasco\/","name":"Confirman primer caso humano de miasis por gusano barrenador en Tabasco - Canal 7 SLP - 2025","isPartOf":{"@id":"https:\/\/canal7slp.tv\/2025\/#website"},"primaryImageOfPage":{"@id":"https:\/\/canal7slp.tv\/2025\/confirman-primer-caso-humano-de-miasis-por-gusano-barrenador-en-tabasco\/#primaryimage"},"image":{"@id":"https:\/\/canal7slp.tv\/2025\/confirman-primer-caso-humano-de-miasis-por-gusano-barrenador-en-tabasco\/#primaryimage"},"thumbnailUrl":"https:\/\/canal7slp.tv\/2025\/wp-content\/uploads\/2025\/08\/14-14.jpg","datePublished":"2025-08-23T00:47:58+00:00","breadcrumb":{"@id":"https:\/\/canal7slp.tv\/2025\/confirman-primer-caso-humano-de-miasis-por-gusano-barrenador-en-tabasco\/#breadcrumb"},"inLanguage":"es","potentialAction":[{"@type":"ReadAction","target":["https:\/\/canal7slp.tv\/2025\/confirman-primer-caso-humano-de-miasis-por-gusano-barrenador-en-tabasco\/"]}]},{"@type":"ImageObject","inLanguage":"es","@id":"https:\/\/canal7slp.tv\/2025\/confirman-primer-caso-humano-de-miasis-por-gusano-barrenador-en-tabasco\/#primaryimage","url":"https:\/\/canal7slp.tv\/2025\/wp-content\/uploads\/2025\/08\/14-14.jpg","contentUrl":"https:\/\/canal7slp.tv\/2025\/wp-content\/uploads\/2025\/08\/14-14.jpg","width":880,"height":500},{"@type":"BreadcrumbList","@id":"https:\/\/canal7slp.tv\/2025\/confirman-primer-caso-humano-de-miasis-por-gusano-barrenador-en-tabasco\/#breadcrumb","itemListElement":[{"@type":"ListItem","position":1,"name":"Portada","item":"https:\/\/canal7slp.tv\/2025\/"},{"@type":"ListItem","position":2,"name":"Confirman primer caso humano de miasis por gusano barrenador en Tabasco"}]},{"@type":"WebSite","@id":"https:\/\/canal7slp.tv\/2025\/#website","url":"https:\/\/canal7slp.tv\/2025\/","name":"N7 - Noticieros Canal 7","description":"Somos el Medio","publisher":{"@id":"https:\/\/canal7slp.tv\/2025\/#organization"},"potentialAction":[{"@type":"SearchAction","target":{"@type":"EntryPoint","urlTemplate":"https:\/\/canal7slp.tv\/2025\/?s={search_term_string}"},"query-input":{"@type":"PropertyValueSpecification","valueRequired":true,"valueName":"search_term_string"}}],"inLanguage":"es"},{"@type":"Organization","@id":"https:\/\/canal7slp.tv\/2025\/#organization","name":"Noticieros Canal 7","url":"https:\/\/canal7slp.tv\/2025\/","logo":{"@type":"ImageObject","inLanguage":"es","@id":"https:\/\/canal7slp.tv\/2025\/#\/schema\/logo\/image\/","url":"https:\/\/canal7slp.tv\/2025\/wp-content\/uploads\/2021\/01\/logo-noticieros@2x.png","contentUrl":"https:\/\/canal7slp.tv\/2025\/wp-content\/uploads\/2021\/01\/logo-noticieros@2x.png","width":1017,"height":268,"caption":"Noticieros Canal 7"},"image":{"@id":"https:\/\/canal7slp.tv\/2025\/#\/schema\/logo\/image\/"},"sameAs":["https:\/\/www.facebook.com\/noticieroscanal7atencionciudadana\/","https:\/\/x.com\/NOTICIEROS7","https:\/\/www.instagram.com\/canal7_slp","https:\/\/www.youtube.com\/channel\/UCliiYs-gP3JfJeqdPrNdd5A"]},{"@type":"Person","@id":"https:\/\/canal7slp.tv\/2025\/#\/schema\/person\/271e2b60a96e7cc9d9ac296f4d7e414b","name":"Edici\u00f3n Web","image":{"@type":"ImageObject","inLanguage":"es","@id":"https:\/\/secure.gravatar.com\/avatar\/eee448fc3f7164808013b816ba91ac7e43bbe82a70bebac296f8bc6f0addaa1a?s=96&d=mm&r=g","url":"https:\/\/secure.gravatar.com\/avatar\/eee448fc3f7164808013b816ba91ac7e43bbe82a70bebac296f8bc6f0addaa1a?s=96&d=mm&r=g","contentUrl":"https:\/\/secure.gravatar.com\/avatar\/eee448fc3f7164808013b816ba91ac7e43bbe82a70bebac296f8bc6f0addaa1a?s=96&d=mm&r=g","caption":"Edici\u00f3n Web"},"url":"https:\/\/canal7slp.tv\/2025\/author\/edicionweb\/"}]}},"_links":{"self":[{"href":"https:\/\/canal7slp.tv\/2025\/wp-json\/wp\/v2\/posts\/177427","targetHints":{"allow":["GET"]}}],"collection":[{"href":"https:\/\/canal7slp.tv\/2025\/wp-json\/wp\/v2\/posts"}],"about":[{"href":"https:\/\/canal7slp.tv\/2025\/wp-json\/wp\/v2\/types\/post"}],"author":[{"embeddable":true,"href":"https:\/\/canal7slp.tv\/2025\/wp-json\/wp\/v2\/users\/2"}],"replies":[{"embeddable":true,"href":"https:\/\/canal7slp.tv\/2025\/wp-json\/wp\/v2\/comments?post=177427"}],"version-history":[{"count":1,"href":"https:\/\/canal7slp.tv\/2025\/wp-json\/wp\/v2\/posts\/177427\/revisions"}],"predecessor-version":[{"id":177435,"href":"https:\/\/canal7slp.tv\/2025\/wp-json\/wp\/v2\/posts\/177427\/revisions\/177435"}],"wp:featuredmedia":[{"embeddable":true,"href":"https:\/\/canal7slp.tv\/2025\/wp-json\/wp\/v2\/media\/177432"}],"wp:attachment":[{"href":"https:\/\/canal7slp.tv\/2025\/wp-json\/wp\/v2\/media?parent=177427"}],"wp:term":[{"taxonomy":"category","embeddable":true,"href":"https:\/\/canal7slp.tv\/2025\/wp-json\/wp\/v2\/categories?post=177427"},{"taxonomy":"post_tag","embeddable":true,"href":"https:\/\/canal7slp.tv\/2025\/wp-json\/wp\/v2\/tags?post=177427"}],"curies":[{"name":"wp","href":"https:\/\/api.w.org\/{rel}","templated":true}]}}