{"id":177425,"date":"2025-08-22T18:47:27","date_gmt":"2025-08-23T00:47:27","guid":{"rendered":"https:\/\/canal7slp.tv\/2025\/?p=177425"},"modified":"2025-08-22T18:47:27","modified_gmt":"2025-08-23T00:47:27","slug":"julio-cesar-chavez-jr-obtiene-amparo-contra-su-encarcelamiento-en-mexico","status":"publish","type":"post","link":"https:\/\/canal7slp.tv\/2025\/julio-cesar-chavez-jr-obtiene-amparo-contra-su-encarcelamiento-en-mexico\/","title":{"rendered":"Julio C\u00e9sar Ch\u00e1vez Jr. obtiene amparo contra su encarcelamiento en M\u00e9xico"},"content":{"rendered":"<p style=\"text-align: justify;\">M\u00e9xico.- Julio C\u00e9sar Ch\u00e1vez Jr., hijo del exboxeador mexicano Julio C\u00e9sar Ch\u00e1vez, obtuvo un amparo que concede una suspensi\u00f3n de plano contra su encarcelamiento, seg\u00fan confirm\u00f3 el Juzgado D\u00e9cimo Primero de Distrito en Sonora.<\/p>\n<p style=\"text-align: justify;\">La medida se concedi\u00f3 en respuesta a una solicitud presentada por la defensa del pugilista, quien alega que se le mantiene incomunicado.<\/p>\n<p style=\"text-align: justify;\">Ch\u00e1vez Jr. fue entregado a las autoridades mexicanas por Estados Unidos el 18 de agosto y actualmente se encuentra en el Centro Federal de Readaptaci\u00f3n Social n\u00famero 11 en Hermosillo, Sonora.<\/p>\n<p style=\"text-align: justify;\">Su detenci\u00f3n se origin\u00f3 tras ser arrestado el 2 de julio en Studio City, California, por autoridades migratorias que determinaron irregular su estancia en ese pa\u00eds.<\/p>\n<p style=\"text-align: justify;\">La Fiscal\u00eda General de la Rep\u00fablica (FGR) mantiene una investigaci\u00f3n en su contra por presuntos v\u00ednculos con delincuencia organizada y tr\u00e1fico de armas, iniciada en 2019.<\/p>\n<p style=\"text-align: justify;\">Las autoridades estadounidenses se\u00f1alaron en su momento que el boxeador ten\u00eda presuntas conexiones con el C\u00e1rtel de Sinaloa.<\/p>\n<p style=\"text-align: justify;\">Un juez de control federal en Sonora decret\u00f3 prisi\u00f3n preventiva para Ch\u00e1vez Jr., mientras que la defensa solicit\u00f3 la duplicidad del plazo para definir su situaci\u00f3n jur\u00eddica.<\/p>\n<p style=\"text-align: justify;\">La resoluci\u00f3n sobre su posible vinculaci\u00f3n a proceso se espera para el pr\u00f3ximo s\u00e1bado 23 de agosto.<\/p>\n<p style=\"text-align: justify;\">El padre del boxeador, Julio C\u00e9sar Ch\u00e1vez, ha declarado p\u00fablicamente que su hijo es inocente de todos los cargos y niega cualquier v\u00ednculo con organizaciones criminales.<\/p>\n","protected":false},"excerpt":{"rendered":"<p>M\u00e9xico.- Julio C\u00e9sar Ch\u00e1vez Jr., hijo del exboxeador mexicano Julio C\u00e9sar Ch\u00e1vez, obtuvo un amparo que concede una suspensi\u00f3n de plano contra su encarcelamiento, seg\u00fan confirm\u00f3 el Juzgado D\u00e9cimo Primero de Distrito en Sonora. La medida se concedi\u00f3 en respuesta a una solicitud presentada por la defensa del pugilista, quien alega que se le mantiene incomunicado. Ch\u00e1vez Jr. fue entregado a las autoridades mexicanas por Estados Unidos el 18 de agosto y actualmente se encuentra en el Centro Federal de Readaptaci\u00f3n Social n\u00famero 11 en Hermosillo, Sonora. Su detenci\u00f3n se origin\u00f3 tras ser arrestado el 2 de julio en Studio [&hellip;]<\/p>\n","protected":false},"author":2,"featured_media":177429,"comment_status":"closed","ping_status":"closed","sticky":false,"template":"","format":"standard","meta":{"_monsterinsights_skip_tracking":false,"_monsterinsights_sitenote_active":false,"_monsterinsights_sitenote_note":"","_monsterinsights_sitenote_category":0,"footnotes":""},"categories":[46],"tags":[],"class_list":["post-177425","post","type-post","status-publish","format-standard","has-post-thumbnail","hentry","category-nacional","post--single"],"yoast_head":"<!-- This site is optimized with the Yoast SEO plugin v27.5 - https:\/\/yoast.com\/product\/yoast-seo-wordpress\/ -->\n<title>Julio C\u00e9sar Ch\u00e1vez Jr. obtiene amparo contra su encarcelamiento en M\u00e9xico - Canal 7 SLP - 2025<\/title>\n<meta name=\"robots\" content=\"index, follow, max-snippet:-1, max-image-preview:large, max-video-preview:-1\" \/>\n<link rel=\"canonical\" href=\"https:\/\/canal7slp.tv\/2025\/julio-cesar-chavez-jr-obtiene-amparo-contra-su-encarcelamiento-en-mexico\/\" \/>\n<meta property=\"og:locale\" content=\"es_ES\" \/>\n<meta property=\"og:type\" content=\"article\" \/>\n<meta property=\"og:title\" content=\"Julio C\u00e9sar Ch\u00e1vez Jr. obtiene amparo contra su encarcelamiento en M\u00e9xico - Canal 7 SLP - 2025\" \/>\n<meta property=\"og:description\" content=\"M\u00e9xico.- Julio C\u00e9sar Ch\u00e1vez Jr., hijo del exboxeador mexicano Julio C\u00e9sar Ch\u00e1vez, obtuvo un amparo que concede una suspensi\u00f3n de plano contra su encarcelamiento, seg\u00fan confirm\u00f3 el Juzgado D\u00e9cimo Primero de Distrito en Sonora. La medida se concedi\u00f3 en respuesta a una solicitud presentada por la defensa del pugilista, quien alega que se le mantiene incomunicado. Ch\u00e1vez Jr. fue entregado a las autoridades mexicanas por Estados Unidos el 18 de agosto y actualmente se encuentra en el Centro Federal de Readaptaci\u00f3n Social n\u00famero 11 en Hermosillo, Sonora. Su detenci\u00f3n se origin\u00f3 tras ser arrestado el 2 de julio en Studio [&hellip;]\" \/>\n<meta property=\"og:url\" content=\"https:\/\/canal7slp.tv\/2025\/julio-cesar-chavez-jr-obtiene-amparo-contra-su-encarcelamiento-en-mexico\/\" \/>\n<meta property=\"og:site_name\" content=\"Canal 7 SLP - 2025\" \/>\n<meta property=\"article:publisher\" content=\"https:\/\/www.facebook.com\/noticieroscanal7atencionciudadana\/\" \/>\n<meta property=\"article:published_time\" content=\"2025-08-23T00:47:27+00:00\" \/>\n<meta property=\"og:image\" content=\"https:\/\/canal7slp.tv\/2025\/wp-content\/uploads\/2025\/08\/12-15.jpg\" \/>\n\t<meta property=\"og:image:width\" content=\"855\" \/>\n\t<meta property=\"og:image:height\" content=\"500\" \/>\n\t<meta property=\"og:image:type\" content=\"image\/jpeg\" \/>\n<meta name=\"author\" content=\"Edici\u00f3n Web\" \/>\n<meta name=\"twitter:card\" content=\"summary_large_image\" \/>\n<meta name=\"twitter:creator\" content=\"@NOTICIEROS7\" \/>\n<meta name=\"twitter:site\" content=\"@NOTICIEROS7\" \/>\n<meta name=\"twitter:label1\" content=\"Escrito por\" \/>\n\t<meta name=\"twitter:data1\" content=\"Edici\u00f3n Web\" \/>\n\t<meta name=\"twitter:label2\" content=\"Tiempo de lectura\" \/>\n\t<meta name=\"twitter:data2\" content=\"2 minutos\" \/>\n<script type=\"application\/ld+json\" class=\"yoast-schema-graph\">{\"@context\":\"https:\\\/\\\/schema.org\",\"@graph\":[{\"@type\":\"Article\",\"@id\":\"https:\\\/\\\/canal7slp.tv\\\/2025\\\/julio-cesar-chavez-jr-obtiene-amparo-contra-su-encarcelamiento-en-mexico\\\/#article\",\"isPartOf\":{\"@id\":\"https:\\\/\\\/canal7slp.tv\\\/2025\\\/julio-cesar-chavez-jr-obtiene-amparo-contra-su-encarcelamiento-en-mexico\\\/\"},\"author\":{\"name\":\"Edici\u00f3n Web\",\"@id\":\"https:\\\/\\\/canal7slp.tv\\\/2025\\\/#\\\/schema\\\/person\\\/271e2b60a96e7cc9d9ac296f4d7e414b\"},\"headline\":\"Julio C\u00e9sar Ch\u00e1vez Jr. obtiene amparo contra su encarcelamiento en M\u00e9xico\",\"datePublished\":\"2025-08-23T00:47:27+00:00\",\"mainEntityOfPage\":{\"@id\":\"https:\\\/\\\/canal7slp.tv\\\/2025\\\/julio-cesar-chavez-jr-obtiene-amparo-contra-su-encarcelamiento-en-mexico\\\/\"},\"wordCount\":270,\"publisher\":{\"@id\":\"https:\\\/\\\/canal7slp.tv\\\/2025\\\/#organization\"},\"image\":{\"@id\":\"https:\\\/\\\/canal7slp.tv\\\/2025\\\/julio-cesar-chavez-jr-obtiene-amparo-contra-su-encarcelamiento-en-mexico\\\/#primaryimage\"},\"thumbnailUrl\":\"https:\\\/\\\/canal7slp.tv\\\/2025\\\/wp-content\\\/uploads\\\/2025\\\/08\\\/12-15.jpg\",\"articleSection\":[\"NACIONALES\"],\"inLanguage\":\"es\"},{\"@type\":\"WebPage\",\"@id\":\"https:\\\/\\\/canal7slp.tv\\\/2025\\\/julio-cesar-chavez-jr-obtiene-amparo-contra-su-encarcelamiento-en-mexico\\\/\",\"url\":\"https:\\\/\\\/canal7slp.tv\\\/2025\\\/julio-cesar-chavez-jr-obtiene-amparo-contra-su-encarcelamiento-en-mexico\\\/\",\"name\":\"Julio C\u00e9sar Ch\u00e1vez Jr. obtiene amparo contra su encarcelamiento en M\u00e9xico - Canal 7 SLP - 2025\",\"isPartOf\":{\"@id\":\"https:\\\/\\\/canal7slp.tv\\\/2025\\\/#website\"},\"primaryImageOfPage\":{\"@id\":\"https:\\\/\\\/canal7slp.tv\\\/2025\\\/julio-cesar-chavez-jr-obtiene-amparo-contra-su-encarcelamiento-en-mexico\\\/#primaryimage\"},\"image\":{\"@id\":\"https:\\\/\\\/canal7slp.tv\\\/2025\\\/julio-cesar-chavez-jr-obtiene-amparo-contra-su-encarcelamiento-en-mexico\\\/#primaryimage\"},\"thumbnailUrl\":\"https:\\\/\\\/canal7slp.tv\\\/2025\\\/wp-content\\\/uploads\\\/2025\\\/08\\\/12-15.jpg\",\"datePublished\":\"2025-08-23T00:47:27+00:00\",\"breadcrumb\":{\"@id\":\"https:\\\/\\\/canal7slp.tv\\\/2025\\\/julio-cesar-chavez-jr-obtiene-amparo-contra-su-encarcelamiento-en-mexico\\\/#breadcrumb\"},\"inLanguage\":\"es\",\"potentialAction\":[{\"@type\":\"ReadAction\",\"target\":[\"https:\\\/\\\/canal7slp.tv\\\/2025\\\/julio-cesar-chavez-jr-obtiene-amparo-contra-su-encarcelamiento-en-mexico\\\/\"]}]},{\"@type\":\"ImageObject\",\"inLanguage\":\"es\",\"@id\":\"https:\\\/\\\/canal7slp.tv\\\/2025\\\/julio-cesar-chavez-jr-obtiene-amparo-contra-su-encarcelamiento-en-mexico\\\/#primaryimage\",\"url\":\"https:\\\/\\\/canal7slp.tv\\\/2025\\\/wp-content\\\/uploads\\\/2025\\\/08\\\/12-15.jpg\",\"contentUrl\":\"https:\\\/\\\/canal7slp.tv\\\/2025\\\/wp-content\\\/uploads\\\/2025\\\/08\\\/12-15.jpg\",\"width\":855,\"height\":500},{\"@type\":\"BreadcrumbList\",\"@id\":\"https:\\\/\\\/canal7slp.tv\\\/2025\\\/julio-cesar-chavez-jr-obtiene-amparo-contra-su-encarcelamiento-en-mexico\\\/#breadcrumb\",\"itemListElement\":[{\"@type\":\"ListItem\",\"position\":1,\"name\":\"Portada\",\"item\":\"https:\\\/\\\/canal7slp.tv\\\/2025\\\/\"},{\"@type\":\"ListItem\",\"position\":2,\"name\":\"Julio C\u00e9sar Ch\u00e1vez Jr. obtiene amparo contra su encarcelamiento en M\u00e9xico\"}]},{\"@type\":\"WebSite\",\"@id\":\"https:\\\/\\\/canal7slp.tv\\\/2025\\\/#website\",\"url\":\"https:\\\/\\\/canal7slp.tv\\\/2025\\\/\",\"name\":\"N7 - Noticieros Canal 7\",\"description\":\"Somos el Medio\",\"publisher\":{\"@id\":\"https:\\\/\\\/canal7slp.tv\\\/2025\\\/#organization\"},\"potentialAction\":[{\"@type\":\"SearchAction\",\"target\":{\"@type\":\"EntryPoint\",\"urlTemplate\":\"https:\\\/\\\/canal7slp.tv\\\/2025\\\/?s={search_term_string}\"},\"query-input\":{\"@type\":\"PropertyValueSpecification\",\"valueRequired\":true,\"valueName\":\"search_term_string\"}}],\"inLanguage\":\"es\"},{\"@type\":\"Organization\",\"@id\":\"https:\\\/\\\/canal7slp.tv\\\/2025\\\/#organization\",\"name\":\"Noticieros Canal 7\",\"url\":\"https:\\\/\\\/canal7slp.tv\\\/2025\\\/\",\"logo\":{\"@type\":\"ImageObject\",\"inLanguage\":\"es\",\"@id\":\"https:\\\/\\\/canal7slp.tv\\\/2025\\\/#\\\/schema\\\/logo\\\/image\\\/\",\"url\":\"https:\\\/\\\/canal7slp.tv\\\/2025\\\/wp-content\\\/uploads\\\/2021\\\/01\\\/logo-noticieros@2x.png\",\"contentUrl\":\"https:\\\/\\\/canal7slp.tv\\\/2025\\\/wp-content\\\/uploads\\\/2021\\\/01\\\/logo-noticieros@2x.png\",\"width\":1017,\"height\":268,\"caption\":\"Noticieros Canal 7\"},\"image\":{\"@id\":\"https:\\\/\\\/canal7slp.tv\\\/2025\\\/#\\\/schema\\\/logo\\\/image\\\/\"},\"sameAs\":[\"https:\\\/\\\/www.facebook.com\\\/noticieroscanal7atencionciudadana\\\/\",\"https:\\\/\\\/x.com\\\/NOTICIEROS7\",\"https:\\\/\\\/www.instagram.com\\\/canal7_slp\",\"https:\\\/\\\/www.youtube.com\\\/channel\\\/UCliiYs-gP3JfJeqdPrNdd5A\"]},{\"@type\":\"Person\",\"@id\":\"https:\\\/\\\/canal7slp.tv\\\/2025\\\/#\\\/schema\\\/person\\\/271e2b60a96e7cc9d9ac296f4d7e414b\",\"name\":\"Edici\u00f3n Web\",\"image\":{\"@type\":\"ImageObject\",\"inLanguage\":\"es\",\"@id\":\"https:\\\/\\\/secure.gravatar.com\\\/avatar\\\/eee448fc3f7164808013b816ba91ac7e43bbe82a70bebac296f8bc6f0addaa1a?s=96&d=mm&r=g\",\"url\":\"https:\\\/\\\/secure.gravatar.com\\\/avatar\\\/eee448fc3f7164808013b816ba91ac7e43bbe82a70bebac296f8bc6f0addaa1a?s=96&d=mm&r=g\",\"contentUrl\":\"https:\\\/\\\/secure.gravatar.com\\\/avatar\\\/eee448fc3f7164808013b816ba91ac7e43bbe82a70bebac296f8bc6f0addaa1a?s=96&d=mm&r=g\",\"caption\":\"Edici\u00f3n Web\"},\"url\":\"https:\\\/\\\/canal7slp.tv\\\/2025\\\/author\\\/edicionweb\\\/\"}]}<\/script>\n<!-- \/ Yoast SEO plugin. -->","yoast_head_json":{"title":"Julio C\u00e9sar Ch\u00e1vez Jr. obtiene amparo contra su encarcelamiento en M\u00e9xico - Canal 7 SLP - 2025","robots":{"index":"index","follow":"follow","max-snippet":"max-snippet:-1","max-image-preview":"max-image-preview:large","max-video-preview":"max-video-preview:-1"},"canonical":"https:\/\/canal7slp.tv\/2025\/julio-cesar-chavez-jr-obtiene-amparo-contra-su-encarcelamiento-en-mexico\/","og_locale":"es_ES","og_type":"article","og_title":"Julio C\u00e9sar Ch\u00e1vez Jr. obtiene amparo contra su encarcelamiento en M\u00e9xico - Canal 7 SLP - 2025","og_description":"M\u00e9xico.- Julio C\u00e9sar Ch\u00e1vez Jr., hijo del exboxeador mexicano Julio C\u00e9sar Ch\u00e1vez, obtuvo un amparo que concede una suspensi\u00f3n de plano contra su encarcelamiento, seg\u00fan confirm\u00f3 el Juzgado D\u00e9cimo Primero de Distrito en Sonora. La medida se concedi\u00f3 en respuesta a una solicitud presentada por la defensa del pugilista, quien alega que se le mantiene incomunicado. Ch\u00e1vez Jr. fue entregado a las autoridades mexicanas por Estados Unidos el 18 de agosto y actualmente se encuentra en el Centro Federal de Readaptaci\u00f3n Social n\u00famero 11 en Hermosillo, Sonora. Su detenci\u00f3n se origin\u00f3 tras ser arrestado el 2 de julio en Studio [&hellip;]","og_url":"https:\/\/canal7slp.tv\/2025\/julio-cesar-chavez-jr-obtiene-amparo-contra-su-encarcelamiento-en-mexico\/","og_site_name":"Canal 7 SLP - 2025","article_publisher":"https:\/\/www.facebook.com\/noticieroscanal7atencionciudadana\/","article_published_time":"2025-08-23T00:47:27+00:00","og_image":[{"width":855,"height":500,"url":"https:\/\/canal7slp.tv\/2025\/wp-content\/uploads\/2025\/08\/12-15.jpg","type":"image\/jpeg"}],"author":"Edici\u00f3n Web","twitter_card":"summary_large_image","twitter_creator":"@NOTICIEROS7","twitter_site":"@NOTICIEROS7","twitter_misc":{"Escrito por":"Edici\u00f3n Web","Tiempo de lectura":"2 minutos"},"schema":{"@context":"https:\/\/schema.org","@graph":[{"@type":"Article","@id":"https:\/\/canal7slp.tv\/2025\/julio-cesar-chavez-jr-obtiene-amparo-contra-su-encarcelamiento-en-mexico\/#article","isPartOf":{"@id":"https:\/\/canal7slp.tv\/2025\/julio-cesar-chavez-jr-obtiene-amparo-contra-su-encarcelamiento-en-mexico\/"},"author":{"name":"Edici\u00f3n Web","@id":"https:\/\/canal7slp.tv\/2025\/#\/schema\/person\/271e2b60a96e7cc9d9ac296f4d7e414b"},"headline":"Julio C\u00e9sar Ch\u00e1vez Jr. obtiene amparo contra su encarcelamiento en M\u00e9xico","datePublished":"2025-08-23T00:47:27+00:00","mainEntityOfPage":{"@id":"https:\/\/canal7slp.tv\/2025\/julio-cesar-chavez-jr-obtiene-amparo-contra-su-encarcelamiento-en-mexico\/"},"wordCount":270,"publisher":{"@id":"https:\/\/canal7slp.tv\/2025\/#organization"},"image":{"@id":"https:\/\/canal7slp.tv\/2025\/julio-cesar-chavez-jr-obtiene-amparo-contra-su-encarcelamiento-en-mexico\/#primaryimage"},"thumbnailUrl":"https:\/\/canal7slp.tv\/2025\/wp-content\/uploads\/2025\/08\/12-15.jpg","articleSection":["NACIONALES"],"inLanguage":"es"},{"@type":"WebPage","@id":"https:\/\/canal7slp.tv\/2025\/julio-cesar-chavez-jr-obtiene-amparo-contra-su-encarcelamiento-en-mexico\/","url":"https:\/\/canal7slp.tv\/2025\/julio-cesar-chavez-jr-obtiene-amparo-contra-su-encarcelamiento-en-mexico\/","name":"Julio C\u00e9sar Ch\u00e1vez Jr. obtiene amparo contra su encarcelamiento en M\u00e9xico - Canal 7 SLP - 2025","isPartOf":{"@id":"https:\/\/canal7slp.tv\/2025\/#website"},"primaryImageOfPage":{"@id":"https:\/\/canal7slp.tv\/2025\/julio-cesar-chavez-jr-obtiene-amparo-contra-su-encarcelamiento-en-mexico\/#primaryimage"},"image":{"@id":"https:\/\/canal7slp.tv\/2025\/julio-cesar-chavez-jr-obtiene-amparo-contra-su-encarcelamiento-en-mexico\/#primaryimage"},"thumbnailUrl":"https:\/\/canal7slp.tv\/2025\/wp-content\/uploads\/2025\/08\/12-15.jpg","datePublished":"2025-08-23T00:47:27+00:00","breadcrumb":{"@id":"https:\/\/canal7slp.tv\/2025\/julio-cesar-chavez-jr-obtiene-amparo-contra-su-encarcelamiento-en-mexico\/#breadcrumb"},"inLanguage":"es","potentialAction":[{"@type":"ReadAction","target":["https:\/\/canal7slp.tv\/2025\/julio-cesar-chavez-jr-obtiene-amparo-contra-su-encarcelamiento-en-mexico\/"]}]},{"@type":"ImageObject","inLanguage":"es","@id":"https:\/\/canal7slp.tv\/2025\/julio-cesar-chavez-jr-obtiene-amparo-contra-su-encarcelamiento-en-mexico\/#primaryimage","url":"https:\/\/canal7slp.tv\/2025\/wp-content\/uploads\/2025\/08\/12-15.jpg","contentUrl":"https:\/\/canal7slp.tv\/2025\/wp-content\/uploads\/2025\/08\/12-15.jpg","width":855,"height":500},{"@type":"BreadcrumbList","@id":"https:\/\/canal7slp.tv\/2025\/julio-cesar-chavez-jr-obtiene-amparo-contra-su-encarcelamiento-en-mexico\/#breadcrumb","itemListElement":[{"@type":"ListItem","position":1,"name":"Portada","item":"https:\/\/canal7slp.tv\/2025\/"},{"@type":"ListItem","position":2,"name":"Julio C\u00e9sar Ch\u00e1vez Jr. obtiene amparo contra su encarcelamiento en M\u00e9xico"}]},{"@type":"WebSite","@id":"https:\/\/canal7slp.tv\/2025\/#website","url":"https:\/\/canal7slp.tv\/2025\/","name":"N7 - Noticieros Canal 7","description":"Somos el Medio","publisher":{"@id":"https:\/\/canal7slp.tv\/2025\/#organization"},"potentialAction":[{"@type":"SearchAction","target":{"@type":"EntryPoint","urlTemplate":"https:\/\/canal7slp.tv\/2025\/?s={search_term_string}"},"query-input":{"@type":"PropertyValueSpecification","valueRequired":true,"valueName":"search_term_string"}}],"inLanguage":"es"},{"@type":"Organization","@id":"https:\/\/canal7slp.tv\/2025\/#organization","name":"Noticieros Canal 7","url":"https:\/\/canal7slp.tv\/2025\/","logo":{"@type":"ImageObject","inLanguage":"es","@id":"https:\/\/canal7slp.tv\/2025\/#\/schema\/logo\/image\/","url":"https:\/\/canal7slp.tv\/2025\/wp-content\/uploads\/2021\/01\/logo-noticieros@2x.png","contentUrl":"https:\/\/canal7slp.tv\/2025\/wp-content\/uploads\/2021\/01\/logo-noticieros@2x.png","width":1017,"height":268,"caption":"Noticieros Canal 7"},"image":{"@id":"https:\/\/canal7slp.tv\/2025\/#\/schema\/logo\/image\/"},"sameAs":["https:\/\/www.facebook.com\/noticieroscanal7atencionciudadana\/","https:\/\/x.com\/NOTICIEROS7","https:\/\/www.instagram.com\/canal7_slp","https:\/\/www.youtube.com\/channel\/UCliiYs-gP3JfJeqdPrNdd5A"]},{"@type":"Person","@id":"https:\/\/canal7slp.tv\/2025\/#\/schema\/person\/271e2b60a96e7cc9d9ac296f4d7e414b","name":"Edici\u00f3n Web","image":{"@type":"ImageObject","inLanguage":"es","@id":"https:\/\/secure.gravatar.com\/avatar\/eee448fc3f7164808013b816ba91ac7e43bbe82a70bebac296f8bc6f0addaa1a?s=96&d=mm&r=g","url":"https:\/\/secure.gravatar.com\/avatar\/eee448fc3f7164808013b816ba91ac7e43bbe82a70bebac296f8bc6f0addaa1a?s=96&d=mm&r=g","contentUrl":"https:\/\/secure.gravatar.com\/avatar\/eee448fc3f7164808013b816ba91ac7e43bbe82a70bebac296f8bc6f0addaa1a?s=96&d=mm&r=g","caption":"Edici\u00f3n Web"},"url":"https:\/\/canal7slp.tv\/2025\/author\/edicionweb\/"}]}},"_links":{"self":[{"href":"https:\/\/canal7slp.tv\/2025\/wp-json\/wp\/v2\/posts\/177425","targetHints":{"allow":["GET"]}}],"collection":[{"href":"https:\/\/canal7slp.tv\/2025\/wp-json\/wp\/v2\/posts"}],"about":[{"href":"https:\/\/canal7slp.tv\/2025\/wp-json\/wp\/v2\/types\/post"}],"author":[{"embeddable":true,"href":"https:\/\/canal7slp.tv\/2025\/wp-json\/wp\/v2\/users\/2"}],"replies":[{"embeddable":true,"href":"https:\/\/canal7slp.tv\/2025\/wp-json\/wp\/v2\/comments?post=177425"}],"version-history":[{"count":1,"href":"https:\/\/canal7slp.tv\/2025\/wp-json\/wp\/v2\/posts\/177425\/revisions"}],"predecessor-version":[{"id":177433,"href":"https:\/\/canal7slp.tv\/2025\/wp-json\/wp\/v2\/posts\/177425\/revisions\/177433"}],"wp:featuredmedia":[{"embeddable":true,"href":"https:\/\/canal7slp.tv\/2025\/wp-json\/wp\/v2\/media\/177429"}],"wp:attachment":[{"href":"https:\/\/canal7slp.tv\/2025\/wp-json\/wp\/v2\/media?parent=177425"}],"wp:term":[{"taxonomy":"category","embeddable":true,"href":"https:\/\/canal7slp.tv\/2025\/wp-json\/wp\/v2\/categories?post=177425"},{"taxonomy":"post_tag","embeddable":true,"href":"https:\/\/canal7slp.tv\/2025\/wp-json\/wp\/v2\/tags?post=177425"}],"curies":[{"name":"wp","href":"https:\/\/api.w.org\/{rel}","templated":true}]}}