{"id":177396,"date":"2025-08-22T18:22:05","date_gmt":"2025-08-23T00:22:05","guid":{"rendered":"https:\/\/canal7slp.tv\/2025\/?p=177396"},"modified":"2025-08-22T18:22:05","modified_gmt":"2025-08-23T00:22:05","slug":"sgs-celebro-el-dia-de-la-garnacha-en-la-fenapo-2025","status":"publish","type":"post","link":"https:\/\/canal7slp.tv\/2025\/sgs-celebro-el-dia-de-la-garnacha-en-la-fenapo-2025\/","title":{"rendered":"SGS celebr\u00f3 el D\u00eda de la Garnacha en la Fenapo 2025"},"content":{"rendered":"<p style=\"text-align: justify;\">SLP.- Las cofias bien apretadas, el agua y refresco frescos, la seguridad en stand by, mucho folklore, el aceite a temperatura justa para fre\u00edr el manjar originario de Soledad de Graciano S\u00e1nchez, pero sobre todo listos los parroquianos que acudieron al D\u00eda de la Garnacha organizado por el ayuntamiento de Soledad.<\/p>\n<p style=\"text-align: justify;\">\u201cEl d\u00eda de hoy nos encontramos en la Feria Nacional Potosina nada m\u00e1s y nada menos que en el D\u00eda de la Garnacha impulsado por el Municipio de Soledad de Graciano S\u00e1nchez\u201d.<\/p>\n<p style=\"text-align: justify;\">Y es que este d\u00eda la explanada del Palenque de la Feria Nacional Potosina sirvi\u00f3 como zona para degustar enchiladas potosinas hechas en Soledad, gorditas de Palma de la Cruz y aguas frescas de mel\u00f3n, lim\u00f3n, jamaica, pi\u00f1a y tamarindo.<\/p>\n<p style=\"text-align: justify;\">\u201cYa los estamos esperando vamos a servir lo que es agua de tamarindo, horchata, Jamaica, lim\u00f3n, guayaba, de frutas, de coco y de todos los sabores que gusten\u201d.<\/p>\n<p style=\"text-align: justify;\">\u201cSon las tradicionales gorditas de Palma de la Cruz con 55 a\u00f1os de servicio (\u2026) 100% de ma\u00edz, cocinada la comida en cazuela de barro\u201d.<\/p>\n<p style=\"text-align: justify;\">\u201cS\u00ed pues nos trajeron a hacer las enchiladas aqu\u00ed para la gente, para compartir y que coman algo sabroso\u201d.<\/p>\n<p style=\"text-align: justify;\">Sobre todo las enchiladas representan un proceso largo y delicioso.<\/p>\n<p style=\"text-align: justify;\">\u201cEs el procedimiento de la tradicional enchilada potosina soledense, empezamos con lo que es el nixtamal, con el chile colorado que es cascabel, lleva sal y lleva un ajito, ya cuando est\u00e1 el nixtamal se lleva al molino que es la masa y luego posteriormente es el chile que le ponemos adentro\u201d.<\/p>\n<p style=\"text-align: justify;\">A\u00f1o con a\u00f1o la municipalidad soledense ofrece productos gastron\u00f3micos originarios de la regi\u00f3n de manera gratuita, lo que la poblaci\u00f3n agradece.<\/p>\n<p style=\"text-align: justify;\">\u201cEstamos muy emocionados por habernos invitado en este d\u00eda y estamos muy contentos los vecinos de Villa Alborada (\u2026) es muy emocionante para todos los vecinos de la colonia\u201d.<\/p>\n<p style=\"text-align: justify;\">\u201cGracias, est\u00e1 muy bien, porque venimos a comer enchiladas, gorditas, est\u00e1 muy bien el ambiente (\u2026) pues las que me den porque venimos a comer lo que nos den\u201d.<\/p>\n<p style=\"text-align: justify;\">\u201cEs mucha la emoci\u00f3n que la Fenapo se tome un d\u00eda para Soledad de Graciano S\u00e1nchez que est\u00e1 creciendo mucho en el estado de San Luis Potos\u00ed (\u2026) es muy bien porque hay veces que las familias est\u00e1n numerosas y el que sea gratuita la degustaci\u00f3n ayuda mucho a las familias\u201d.<\/p>\n<p style=\"text-align: justify;\">El D\u00eda de la Garnacha transcurri\u00f3 de manera agradable y con el arribo de las autoridades como el gobernador Ricardo Gallardo y el alcalde Juan Manuel Navarro se prendi\u00f3 el cerro al ritmo de la \u201cBanda 11 Vientos\u201d originaria del barrio de San Juan de Guadalupe.<\/p>\n<p>Por: Juan Carlos COntreras<\/p>\n","protected":false},"excerpt":{"rendered":"<p>SLP.- Las cofias bien apretadas, el agua y refresco frescos, la seguridad en stand by, mucho folklore, el aceite a temperatura justa para fre\u00edr el manjar originario de Soledad de Graciano S\u00e1nchez, pero sobre todo listos los parroquianos que acudieron al D\u00eda de la Garnacha organizado por el ayuntamiento de Soledad. \u201cEl d\u00eda de hoy nos encontramos en la Feria Nacional Potosina nada m\u00e1s y nada menos que en el D\u00eda de la Garnacha impulsado por el Municipio de Soledad de Graciano S\u00e1nchez\u201d. Y es que este d\u00eda la explanada del Palenque de la Feria Nacional Potosina sirvi\u00f3 como zona [&hellip;]<\/p>\n","protected":false},"author":2,"featured_media":177416,"comment_status":"closed","ping_status":"closed","sticky":false,"template":"","format":"video","meta":{"_monsterinsights_skip_tracking":false,"_monsterinsights_sitenote_active":false,"_monsterinsights_sitenote_note":"","_monsterinsights_sitenote_category":0,"footnotes":""},"categories":[512,5,45],"tags":[],"class_list":["post-177396","post","type-post","status-publish","format-video","has-post-thumbnail","hentry","category-ayosgs","category-destacadas","category-localesyregionales","post_format-post-format-video","post--single"],"yoast_head":"<!-- This site is optimized with the Yoast SEO plugin v27.5 - https:\/\/yoast.com\/product\/yoast-seo-wordpress\/ -->\n<title>SGS celebr\u00f3 el D\u00eda de la Garnacha en la Fenapo 2025 - Canal 7 SLP - 2025<\/title>\n<meta name=\"robots\" content=\"index, follow, max-snippet:-1, max-image-preview:large, max-video-preview:-1\" \/>\n<link rel=\"canonical\" href=\"https:\/\/canal7slp.tv\/2025\/sgs-celebro-el-dia-de-la-garnacha-en-la-fenapo-2025\/\" \/>\n<meta property=\"og:locale\" content=\"es_ES\" \/>\n<meta property=\"og:type\" content=\"article\" \/>\n<meta property=\"og:title\" content=\"SGS celebr\u00f3 el D\u00eda de la Garnacha en la Fenapo 2025 - Canal 7 SLP - 2025\" \/>\n<meta property=\"og:description\" content=\"SLP.- Las cofias bien apretadas, el agua y refresco frescos, la seguridad en stand by, mucho folklore, el aceite a temperatura justa para fre\u00edr el manjar originario de Soledad de Graciano S\u00e1nchez, pero sobre todo listos los parroquianos que acudieron al D\u00eda de la Garnacha organizado por el ayuntamiento de Soledad. \u201cEl d\u00eda de hoy nos encontramos en la Feria Nacional Potosina nada m\u00e1s y nada menos que en el D\u00eda de la Garnacha impulsado por el Municipio de Soledad de Graciano S\u00e1nchez\u201d. Y es que este d\u00eda la explanada del Palenque de la Feria Nacional Potosina sirvi\u00f3 como zona [&hellip;]\" \/>\n<meta property=\"og:url\" content=\"https:\/\/canal7slp.tv\/2025\/sgs-celebro-el-dia-de-la-garnacha-en-la-fenapo-2025\/\" \/>\n<meta property=\"og:site_name\" content=\"Canal 7 SLP - 2025\" \/>\n<meta property=\"article:publisher\" content=\"https:\/\/www.facebook.com\/noticieroscanal7atencionciudadana\/\" \/>\n<meta property=\"article:published_time\" content=\"2025-08-23T00:22:05+00:00\" \/>\n<meta property=\"og:image\" content=\"https:\/\/canal7slp.tv\/2025\/wp-content\/uploads\/2025\/08\/Poky05DiaGarnacha.jpg\" \/>\n\t<meta property=\"og:image:width\" content=\"1280\" \/>\n\t<meta property=\"og:image:height\" content=\"720\" \/>\n\t<meta property=\"og:image:type\" content=\"image\/jpeg\" \/>\n<meta name=\"author\" content=\"Edici\u00f3n Web\" \/>\n<meta name=\"twitter:card\" content=\"summary_large_image\" \/>\n<meta name=\"twitter:creator\" content=\"@NOTICIEROS7\" \/>\n<meta name=\"twitter:site\" content=\"@NOTICIEROS7\" \/>\n<meta name=\"twitter:label1\" content=\"Escrito por\" \/>\n\t<meta name=\"twitter:data1\" content=\"Edici\u00f3n Web\" \/>\n\t<meta name=\"twitter:label2\" content=\"Tiempo de lectura\" \/>\n\t<meta name=\"twitter:data2\" content=\"3 minutos\" \/>\n<script type=\"application\/ld+json\" class=\"yoast-schema-graph\">{\"@context\":\"https:\\\/\\\/schema.org\",\"@graph\":[{\"@type\":\"Article\",\"@id\":\"https:\\\/\\\/canal7slp.tv\\\/2025\\\/sgs-celebro-el-dia-de-la-garnacha-en-la-fenapo-2025\\\/#article\",\"isPartOf\":{\"@id\":\"https:\\\/\\\/canal7slp.tv\\\/2025\\\/sgs-celebro-el-dia-de-la-garnacha-en-la-fenapo-2025\\\/\"},\"author\":{\"name\":\"Edici\u00f3n Web\",\"@id\":\"https:\\\/\\\/canal7slp.tv\\\/2025\\\/#\\\/schema\\\/person\\\/271e2b60a96e7cc9d9ac296f4d7e414b\"},\"headline\":\"SGS celebr\u00f3 el D\u00eda de la Garnacha en la Fenapo 2025\",\"datePublished\":\"2025-08-23T00:22:05+00:00\",\"mainEntityOfPage\":{\"@id\":\"https:\\\/\\\/canal7slp.tv\\\/2025\\\/sgs-celebro-el-dia-de-la-garnacha-en-la-fenapo-2025\\\/\"},\"wordCount\":468,\"publisher\":{\"@id\":\"https:\\\/\\\/canal7slp.tv\\\/2025\\\/#organization\"},\"image\":{\"@id\":\"https:\\\/\\\/canal7slp.tv\\\/2025\\\/sgs-celebro-el-dia-de-la-garnacha-en-la-fenapo-2025\\\/#primaryimage\"},\"thumbnailUrl\":\"https:\\\/\\\/canal7slp.tv\\\/2025\\\/wp-content\\\/uploads\\\/2025\\\/08\\\/Poky05DiaGarnacha.jpg\",\"articleSection\":[\"AYOSGS\",\"DESTACADAS\",\"LOCALES Y REGIONALES\"],\"inLanguage\":\"es\"},{\"@type\":\"WebPage\",\"@id\":\"https:\\\/\\\/canal7slp.tv\\\/2025\\\/sgs-celebro-el-dia-de-la-garnacha-en-la-fenapo-2025\\\/\",\"url\":\"https:\\\/\\\/canal7slp.tv\\\/2025\\\/sgs-celebro-el-dia-de-la-garnacha-en-la-fenapo-2025\\\/\",\"name\":\"SGS celebr\u00f3 el D\u00eda de la Garnacha en la Fenapo 2025 - Canal 7 SLP - 2025\",\"isPartOf\":{\"@id\":\"https:\\\/\\\/canal7slp.tv\\\/2025\\\/#website\"},\"primaryImageOfPage\":{\"@id\":\"https:\\\/\\\/canal7slp.tv\\\/2025\\\/sgs-celebro-el-dia-de-la-garnacha-en-la-fenapo-2025\\\/#primaryimage\"},\"image\":{\"@id\":\"https:\\\/\\\/canal7slp.tv\\\/2025\\\/sgs-celebro-el-dia-de-la-garnacha-en-la-fenapo-2025\\\/#primaryimage\"},\"thumbnailUrl\":\"https:\\\/\\\/canal7slp.tv\\\/2025\\\/wp-content\\\/uploads\\\/2025\\\/08\\\/Poky05DiaGarnacha.jpg\",\"datePublished\":\"2025-08-23T00:22:05+00:00\",\"breadcrumb\":{\"@id\":\"https:\\\/\\\/canal7slp.tv\\\/2025\\\/sgs-celebro-el-dia-de-la-garnacha-en-la-fenapo-2025\\\/#breadcrumb\"},\"inLanguage\":\"es\",\"potentialAction\":[{\"@type\":\"ReadAction\",\"target\":[\"https:\\\/\\\/canal7slp.tv\\\/2025\\\/sgs-celebro-el-dia-de-la-garnacha-en-la-fenapo-2025\\\/\"]}]},{\"@type\":\"ImageObject\",\"inLanguage\":\"es\",\"@id\":\"https:\\\/\\\/canal7slp.tv\\\/2025\\\/sgs-celebro-el-dia-de-la-garnacha-en-la-fenapo-2025\\\/#primaryimage\",\"url\":\"https:\\\/\\\/canal7slp.tv\\\/2025\\\/wp-content\\\/uploads\\\/2025\\\/08\\\/Poky05DiaGarnacha.jpg\",\"contentUrl\":\"https:\\\/\\\/canal7slp.tv\\\/2025\\\/wp-content\\\/uploads\\\/2025\\\/08\\\/Poky05DiaGarnacha.jpg\",\"width\":1280,\"height\":720},{\"@type\":\"BreadcrumbList\",\"@id\":\"https:\\\/\\\/canal7slp.tv\\\/2025\\\/sgs-celebro-el-dia-de-la-garnacha-en-la-fenapo-2025\\\/#breadcrumb\",\"itemListElement\":[{\"@type\":\"ListItem\",\"position\":1,\"name\":\"Portada\",\"item\":\"https:\\\/\\\/canal7slp.tv\\\/2025\\\/\"},{\"@type\":\"ListItem\",\"position\":2,\"name\":\"SGS celebr\u00f3 el D\u00eda de la Garnacha en la Fenapo 2025\"}]},{\"@type\":\"WebSite\",\"@id\":\"https:\\\/\\\/canal7slp.tv\\\/2025\\\/#website\",\"url\":\"https:\\\/\\\/canal7slp.tv\\\/2025\\\/\",\"name\":\"N7 - Noticieros Canal 7\",\"description\":\"Somos el Medio\",\"publisher\":{\"@id\":\"https:\\\/\\\/canal7slp.tv\\\/2025\\\/#organization\"},\"potentialAction\":[{\"@type\":\"SearchAction\",\"target\":{\"@type\":\"EntryPoint\",\"urlTemplate\":\"https:\\\/\\\/canal7slp.tv\\\/2025\\\/?s={search_term_string}\"},\"query-input\":{\"@type\":\"PropertyValueSpecification\",\"valueRequired\":true,\"valueName\":\"search_term_string\"}}],\"inLanguage\":\"es\"},{\"@type\":\"Organization\",\"@id\":\"https:\\\/\\\/canal7slp.tv\\\/2025\\\/#organization\",\"name\":\"Noticieros Canal 7\",\"url\":\"https:\\\/\\\/canal7slp.tv\\\/2025\\\/\",\"logo\":{\"@type\":\"ImageObject\",\"inLanguage\":\"es\",\"@id\":\"https:\\\/\\\/canal7slp.tv\\\/2025\\\/#\\\/schema\\\/logo\\\/image\\\/\",\"url\":\"https:\\\/\\\/canal7slp.tv\\\/2025\\\/wp-content\\\/uploads\\\/2021\\\/01\\\/logo-noticieros@2x.png\",\"contentUrl\":\"https:\\\/\\\/canal7slp.tv\\\/2025\\\/wp-content\\\/uploads\\\/2021\\\/01\\\/logo-noticieros@2x.png\",\"width\":1017,\"height\":268,\"caption\":\"Noticieros Canal 7\"},\"image\":{\"@id\":\"https:\\\/\\\/canal7slp.tv\\\/2025\\\/#\\\/schema\\\/logo\\\/image\\\/\"},\"sameAs\":[\"https:\\\/\\\/www.facebook.com\\\/noticieroscanal7atencionciudadana\\\/\",\"https:\\\/\\\/x.com\\\/NOTICIEROS7\",\"https:\\\/\\\/www.instagram.com\\\/canal7_slp\",\"https:\\\/\\\/www.youtube.com\\\/channel\\\/UCliiYs-gP3JfJeqdPrNdd5A\"]},{\"@type\":\"Person\",\"@id\":\"https:\\\/\\\/canal7slp.tv\\\/2025\\\/#\\\/schema\\\/person\\\/271e2b60a96e7cc9d9ac296f4d7e414b\",\"name\":\"Edici\u00f3n Web\",\"image\":{\"@type\":\"ImageObject\",\"inLanguage\":\"es\",\"@id\":\"https:\\\/\\\/secure.gravatar.com\\\/avatar\\\/eee448fc3f7164808013b816ba91ac7e43bbe82a70bebac296f8bc6f0addaa1a?s=96&d=mm&r=g\",\"url\":\"https:\\\/\\\/secure.gravatar.com\\\/avatar\\\/eee448fc3f7164808013b816ba91ac7e43bbe82a70bebac296f8bc6f0addaa1a?s=96&d=mm&r=g\",\"contentUrl\":\"https:\\\/\\\/secure.gravatar.com\\\/avatar\\\/eee448fc3f7164808013b816ba91ac7e43bbe82a70bebac296f8bc6f0addaa1a?s=96&d=mm&r=g\",\"caption\":\"Edici\u00f3n Web\"},\"url\":\"https:\\\/\\\/canal7slp.tv\\\/2025\\\/author\\\/edicionweb\\\/\"}]}<\/script>\n<!-- \/ Yoast SEO plugin. -->","yoast_head_json":{"title":"SGS celebr\u00f3 el D\u00eda de la Garnacha en la Fenapo 2025 - Canal 7 SLP - 2025","robots":{"index":"index","follow":"follow","max-snippet":"max-snippet:-1","max-image-preview":"max-image-preview:large","max-video-preview":"max-video-preview:-1"},"canonical":"https:\/\/canal7slp.tv\/2025\/sgs-celebro-el-dia-de-la-garnacha-en-la-fenapo-2025\/","og_locale":"es_ES","og_type":"article","og_title":"SGS celebr\u00f3 el D\u00eda de la Garnacha en la Fenapo 2025 - Canal 7 SLP - 2025","og_description":"SLP.- Las cofias bien apretadas, el agua y refresco frescos, la seguridad en stand by, mucho folklore, el aceite a temperatura justa para fre\u00edr el manjar originario de Soledad de Graciano S\u00e1nchez, pero sobre todo listos los parroquianos que acudieron al D\u00eda de la Garnacha organizado por el ayuntamiento de Soledad. \u201cEl d\u00eda de hoy nos encontramos en la Feria Nacional Potosina nada m\u00e1s y nada menos que en el D\u00eda de la Garnacha impulsado por el Municipio de Soledad de Graciano S\u00e1nchez\u201d. Y es que este d\u00eda la explanada del Palenque de la Feria Nacional Potosina sirvi\u00f3 como zona [&hellip;]","og_url":"https:\/\/canal7slp.tv\/2025\/sgs-celebro-el-dia-de-la-garnacha-en-la-fenapo-2025\/","og_site_name":"Canal 7 SLP - 2025","article_publisher":"https:\/\/www.facebook.com\/noticieroscanal7atencionciudadana\/","article_published_time":"2025-08-23T00:22:05+00:00","og_image":[{"width":1280,"height":720,"url":"https:\/\/canal7slp.tv\/2025\/wp-content\/uploads\/2025\/08\/Poky05DiaGarnacha.jpg","type":"image\/jpeg"}],"author":"Edici\u00f3n Web","twitter_card":"summary_large_image","twitter_creator":"@NOTICIEROS7","twitter_site":"@NOTICIEROS7","twitter_misc":{"Escrito por":"Edici\u00f3n Web","Tiempo de lectura":"3 minutos"},"schema":{"@context":"https:\/\/schema.org","@graph":[{"@type":"Article","@id":"https:\/\/canal7slp.tv\/2025\/sgs-celebro-el-dia-de-la-garnacha-en-la-fenapo-2025\/#article","isPartOf":{"@id":"https:\/\/canal7slp.tv\/2025\/sgs-celebro-el-dia-de-la-garnacha-en-la-fenapo-2025\/"},"author":{"name":"Edici\u00f3n Web","@id":"https:\/\/canal7slp.tv\/2025\/#\/schema\/person\/271e2b60a96e7cc9d9ac296f4d7e414b"},"headline":"SGS celebr\u00f3 el D\u00eda de la Garnacha en la Fenapo 2025","datePublished":"2025-08-23T00:22:05+00:00","mainEntityOfPage":{"@id":"https:\/\/canal7slp.tv\/2025\/sgs-celebro-el-dia-de-la-garnacha-en-la-fenapo-2025\/"},"wordCount":468,"publisher":{"@id":"https:\/\/canal7slp.tv\/2025\/#organization"},"image":{"@id":"https:\/\/canal7slp.tv\/2025\/sgs-celebro-el-dia-de-la-garnacha-en-la-fenapo-2025\/#primaryimage"},"thumbnailUrl":"https:\/\/canal7slp.tv\/2025\/wp-content\/uploads\/2025\/08\/Poky05DiaGarnacha.jpg","articleSection":["AYOSGS","DESTACADAS","LOCALES Y REGIONALES"],"inLanguage":"es"},{"@type":"WebPage","@id":"https:\/\/canal7slp.tv\/2025\/sgs-celebro-el-dia-de-la-garnacha-en-la-fenapo-2025\/","url":"https:\/\/canal7slp.tv\/2025\/sgs-celebro-el-dia-de-la-garnacha-en-la-fenapo-2025\/","name":"SGS celebr\u00f3 el D\u00eda de la Garnacha en la Fenapo 2025 - Canal 7 SLP - 2025","isPartOf":{"@id":"https:\/\/canal7slp.tv\/2025\/#website"},"primaryImageOfPage":{"@id":"https:\/\/canal7slp.tv\/2025\/sgs-celebro-el-dia-de-la-garnacha-en-la-fenapo-2025\/#primaryimage"},"image":{"@id":"https:\/\/canal7slp.tv\/2025\/sgs-celebro-el-dia-de-la-garnacha-en-la-fenapo-2025\/#primaryimage"},"thumbnailUrl":"https:\/\/canal7slp.tv\/2025\/wp-content\/uploads\/2025\/08\/Poky05DiaGarnacha.jpg","datePublished":"2025-08-23T00:22:05+00:00","breadcrumb":{"@id":"https:\/\/canal7slp.tv\/2025\/sgs-celebro-el-dia-de-la-garnacha-en-la-fenapo-2025\/#breadcrumb"},"inLanguage":"es","potentialAction":[{"@type":"ReadAction","target":["https:\/\/canal7slp.tv\/2025\/sgs-celebro-el-dia-de-la-garnacha-en-la-fenapo-2025\/"]}]},{"@type":"ImageObject","inLanguage":"es","@id":"https:\/\/canal7slp.tv\/2025\/sgs-celebro-el-dia-de-la-garnacha-en-la-fenapo-2025\/#primaryimage","url":"https:\/\/canal7slp.tv\/2025\/wp-content\/uploads\/2025\/08\/Poky05DiaGarnacha.jpg","contentUrl":"https:\/\/canal7slp.tv\/2025\/wp-content\/uploads\/2025\/08\/Poky05DiaGarnacha.jpg","width":1280,"height":720},{"@type":"BreadcrumbList","@id":"https:\/\/canal7slp.tv\/2025\/sgs-celebro-el-dia-de-la-garnacha-en-la-fenapo-2025\/#breadcrumb","itemListElement":[{"@type":"ListItem","position":1,"name":"Portada","item":"https:\/\/canal7slp.tv\/2025\/"},{"@type":"ListItem","position":2,"name":"SGS celebr\u00f3 el D\u00eda de la Garnacha en la Fenapo 2025"}]},{"@type":"WebSite","@id":"https:\/\/canal7slp.tv\/2025\/#website","url":"https:\/\/canal7slp.tv\/2025\/","name":"N7 - Noticieros Canal 7","description":"Somos el Medio","publisher":{"@id":"https:\/\/canal7slp.tv\/2025\/#organization"},"potentialAction":[{"@type":"SearchAction","target":{"@type":"EntryPoint","urlTemplate":"https:\/\/canal7slp.tv\/2025\/?s={search_term_string}"},"query-input":{"@type":"PropertyValueSpecification","valueRequired":true,"valueName":"search_term_string"}}],"inLanguage":"es"},{"@type":"Organization","@id":"https:\/\/canal7slp.tv\/2025\/#organization","name":"Noticieros Canal 7","url":"https:\/\/canal7slp.tv\/2025\/","logo":{"@type":"ImageObject","inLanguage":"es","@id":"https:\/\/canal7slp.tv\/2025\/#\/schema\/logo\/image\/","url":"https:\/\/canal7slp.tv\/2025\/wp-content\/uploads\/2021\/01\/logo-noticieros@2x.png","contentUrl":"https:\/\/canal7slp.tv\/2025\/wp-content\/uploads\/2021\/01\/logo-noticieros@2x.png","width":1017,"height":268,"caption":"Noticieros Canal 7"},"image":{"@id":"https:\/\/canal7slp.tv\/2025\/#\/schema\/logo\/image\/"},"sameAs":["https:\/\/www.facebook.com\/noticieroscanal7atencionciudadana\/","https:\/\/x.com\/NOTICIEROS7","https:\/\/www.instagram.com\/canal7_slp","https:\/\/www.youtube.com\/channel\/UCliiYs-gP3JfJeqdPrNdd5A"]},{"@type":"Person","@id":"https:\/\/canal7slp.tv\/2025\/#\/schema\/person\/271e2b60a96e7cc9d9ac296f4d7e414b","name":"Edici\u00f3n Web","image":{"@type":"ImageObject","inLanguage":"es","@id":"https:\/\/secure.gravatar.com\/avatar\/eee448fc3f7164808013b816ba91ac7e43bbe82a70bebac296f8bc6f0addaa1a?s=96&d=mm&r=g","url":"https:\/\/secure.gravatar.com\/avatar\/eee448fc3f7164808013b816ba91ac7e43bbe82a70bebac296f8bc6f0addaa1a?s=96&d=mm&r=g","contentUrl":"https:\/\/secure.gravatar.com\/avatar\/eee448fc3f7164808013b816ba91ac7e43bbe82a70bebac296f8bc6f0addaa1a?s=96&d=mm&r=g","caption":"Edici\u00f3n Web"},"url":"https:\/\/canal7slp.tv\/2025\/author\/edicionweb\/"}]}},"_links":{"self":[{"href":"https:\/\/canal7slp.tv\/2025\/wp-json\/wp\/v2\/posts\/177396","targetHints":{"allow":["GET"]}}],"collection":[{"href":"https:\/\/canal7slp.tv\/2025\/wp-json\/wp\/v2\/posts"}],"about":[{"href":"https:\/\/canal7slp.tv\/2025\/wp-json\/wp\/v2\/types\/post"}],"author":[{"embeddable":true,"href":"https:\/\/canal7slp.tv\/2025\/wp-json\/wp\/v2\/users\/2"}],"replies":[{"embeddable":true,"href":"https:\/\/canal7slp.tv\/2025\/wp-json\/wp\/v2\/comments?post=177396"}],"version-history":[{"count":2,"href":"https:\/\/canal7slp.tv\/2025\/wp-json\/wp\/v2\/posts\/177396\/revisions"}],"predecessor-version":[{"id":177417,"href":"https:\/\/canal7slp.tv\/2025\/wp-json\/wp\/v2\/posts\/177396\/revisions\/177417"}],"wp:featuredmedia":[{"embeddable":true,"href":"https:\/\/canal7slp.tv\/2025\/wp-json\/wp\/v2\/media\/177416"}],"wp:attachment":[{"href":"https:\/\/canal7slp.tv\/2025\/wp-json\/wp\/v2\/media?parent=177396"}],"wp:term":[{"taxonomy":"category","embeddable":true,"href":"https:\/\/canal7slp.tv\/2025\/wp-json\/wp\/v2\/categories?post=177396"},{"taxonomy":"post_tag","embeddable":true,"href":"https:\/\/canal7slp.tv\/2025\/wp-json\/wp\/v2\/tags?post=177396"}],"curies":[{"name":"wp","href":"https:\/\/api.w.org\/{rel}","templated":true}]}}