{"id":177395,"date":"2025-08-22T18:06:25","date_gmt":"2025-08-23T00:06:25","guid":{"rendered":"https:\/\/canal7slp.tv\/2025\/?p=177395"},"modified":"2025-09-11T17:32:12","modified_gmt":"2025-09-11T23:32:12","slug":"amhm-en-slp-va-por-reestructuracion-afirmo-su-presidente-ivan-chavez-sandoval","status":"publish","type":"post","link":"https:\/\/canal7slp.tv\/2025\/amhm-en-slp-va-por-reestructuracion-afirmo-su-presidente-ivan-chavez-sandoval\/","title":{"rendered":"AMHM en SLP va por reestructuraci\u00f3n afirm\u00f3 su presidente Iv\u00e1n Ch\u00e1vez Sandoval"},"content":{"rendered":"<p style=\"text-align: justify;\">SLP.- En aras de generar l\u00edderes en el ramo de la renta de cuartos-habitaci\u00f3n de buscar\u00e1 reestructurar a la Asociaci\u00f3n Mexicana de Hoteles y Moteles de San Luis Potos\u00ed, as\u00ed lo extern\u00f3 su presidente, Iv\u00e1n Ch\u00e1vez Sandoval.<\/p>\n<p style=\"text-align: justify;\">\u201cEstamos reestructurando la parte de la asociaci\u00f3n con una visi\u00f3n totalmente orientada hacia capacitaci\u00f3n, pero no solamente operativa, una capacitaci\u00f3n desde nosotros como l\u00edderes de los hoteles y como due\u00f1os de hoteles\u201d.<\/p>\n<p style=\"text-align: justify;\">De arranque se deber\u00e1 generar un an\u00e1lisis de las condiciones actuales.<\/p>\n<p style=\"text-align: justify;\">\u201cPrimero hay que ver d\u00f3nde estamos parados en la parte de liderazgo y despu\u00e9s vamos a ir viendo el tema operativo\u201d.<\/p>\n<p style=\"text-align: justify;\">La mejora regulatoria es fundamental.<\/p>\n<p style=\"text-align: justify;\">\u201cGobernanza, \u00bfqu\u00e9 es la gobernanza?, dict\u00e1menes, licencias y funcionamientos (\u2026) este tipo de dict\u00e1menes y licencias te van capacitando para tener un lugar seguro, un lugar bien orientado hacia un buen servicio y que el turista pues sienta obviamente una protecci\u00f3n 360 grados\u201d.<\/p>\n<p style=\"text-align: justify;\">Dentro del proyecto se pretende modificar la perspectiva de los hoteleros.<\/p>\n<p style=\"text-align: justify;\">\u201cEl turista por s\u00ed solo no va buscando un hotel para viajar, va buscando una experiencia, entonces eso ya lo entendimos en la asociaci\u00f3n y hoy estamos aliados junto con los tour operadores\u201d.<\/p>\n<p style=\"text-align: justify;\">A la fecha se cuenta con 50 experiencias en la entidad y se pretende crecer el cat\u00e1logo.<\/p>\n<p style=\"text-align: justify;\">\u201cViaja a esta experiencia y qu\u00e9date a alguno de nuestros hoteles, (\u2026) cuando ya decidas por que viajar a San Luis, despu\u00e9s decides en qu\u00e9 hotel quedarte; la experiencia va a costar siempre lo mismo por persona, lo \u00fanico que va a cambiar de acuerdo al nicho de mercado de cada persona pues ya va a ser obviamente el hotel donde quiera hospedarse\u201d.<\/p>\n<p style=\"text-align: justify;\">Por: Juan Carlos Contreras<\/p>\n","protected":false},"excerpt":{"rendered":"<p>SLP.- En aras de generar l\u00edderes en el ramo de la renta de cuartos-habitaci\u00f3n de buscar\u00e1 reestructurar a la Asociaci\u00f3n Mexicana de Hoteles y Moteles de San Luis Potos\u00ed, as\u00ed lo extern\u00f3 su presidente, Iv\u00e1n Ch\u00e1vez Sandoval. \u201cEstamos reestructurando la parte de la asociaci\u00f3n con una visi\u00f3n totalmente orientada hacia capacitaci\u00f3n, pero no solamente operativa, una capacitaci\u00f3n desde nosotros como l\u00edderes de los hoteles y como due\u00f1os de hoteles\u201d. De arranque se deber\u00e1 generar un an\u00e1lisis de las condiciones actuales. \u201cPrimero hay que ver d\u00f3nde estamos parados en la parte de liderazgo y despu\u00e9s vamos a ir viendo el tema [&hellip;]<\/p>\n","protected":false},"author":2,"featured_media":177405,"comment_status":"closed","ping_status":"closed","sticky":false,"template":"","format":"standard","meta":{"_monsterinsights_skip_tracking":false,"_monsterinsights_sitenote_active":false,"_monsterinsights_sitenote_note":"","_monsterinsights_sitenote_category":0,"footnotes":""},"categories":[5,45],"tags":[],"class_list":["post-177395","post","type-post","status-publish","format-standard","has-post-thumbnail","hentry","category-destacadas","category-localesyregionales","post--single"],"yoast_head":"<!-- This site is optimized with the Yoast SEO plugin v27.5 - https:\/\/yoast.com\/product\/yoast-seo-wordpress\/ -->\n<title>AMHM en SLP va por reestructuraci\u00f3n afirm\u00f3 su presidente Iv\u00e1n Ch\u00e1vez Sandoval - Canal 7 SLP - 2025<\/title>\n<meta name=\"robots\" content=\"index, follow, max-snippet:-1, max-image-preview:large, max-video-preview:-1\" \/>\n<link rel=\"canonical\" href=\"https:\/\/canal7slp.tv\/2025\/amhm-en-slp-va-por-reestructuracion-afirmo-su-presidente-ivan-chavez-sandoval\/\" \/>\n<meta property=\"og:locale\" content=\"es_ES\" \/>\n<meta property=\"og:type\" content=\"article\" \/>\n<meta property=\"og:title\" content=\"AMHM en SLP va por reestructuraci\u00f3n afirm\u00f3 su presidente Iv\u00e1n Ch\u00e1vez Sandoval - Canal 7 SLP - 2025\" \/>\n<meta property=\"og:description\" content=\"SLP.- En aras de generar l\u00edderes en el ramo de la renta de cuartos-habitaci\u00f3n de buscar\u00e1 reestructurar a la Asociaci\u00f3n Mexicana de Hoteles y Moteles de San Luis Potos\u00ed, as\u00ed lo extern\u00f3 su presidente, Iv\u00e1n Ch\u00e1vez Sandoval. \u201cEstamos reestructurando la parte de la asociaci\u00f3n con una visi\u00f3n totalmente orientada hacia capacitaci\u00f3n, pero no solamente operativa, una capacitaci\u00f3n desde nosotros como l\u00edderes de los hoteles y como due\u00f1os de hoteles\u201d. De arranque se deber\u00e1 generar un an\u00e1lisis de las condiciones actuales. \u201cPrimero hay que ver d\u00f3nde estamos parados en la parte de liderazgo y despu\u00e9s vamos a ir viendo el tema [&hellip;]\" \/>\n<meta property=\"og:url\" content=\"https:\/\/canal7slp.tv\/2025\/amhm-en-slp-va-por-reestructuracion-afirmo-su-presidente-ivan-chavez-sandoval\/\" \/>\n<meta property=\"og:site_name\" content=\"Canal 7 SLP - 2025\" \/>\n<meta property=\"article:publisher\" content=\"https:\/\/www.facebook.com\/noticieroscanal7atencionciudadana\/\" \/>\n<meta property=\"article:published_time\" content=\"2025-08-23T00:06:25+00:00\" \/>\n<meta property=\"article:modified_time\" content=\"2025-09-11T23:32:12+00:00\" \/>\n<meta property=\"og:image\" content=\"https:\/\/canal7slp.tv\/2025\/wp-content\/uploads\/2025\/08\/Poky04HotelesMoteles.jpg\" \/>\n\t<meta property=\"og:image:width\" content=\"1280\" \/>\n\t<meta property=\"og:image:height\" content=\"720\" \/>\n\t<meta property=\"og:image:type\" content=\"image\/jpeg\" \/>\n<meta name=\"author\" content=\"Edici\u00f3n Web\" \/>\n<meta name=\"twitter:card\" content=\"summary_large_image\" \/>\n<meta name=\"twitter:creator\" content=\"@NOTICIEROS7\" \/>\n<meta name=\"twitter:site\" content=\"@NOTICIEROS7\" \/>\n<meta name=\"twitter:label1\" content=\"Escrito por\" \/>\n\t<meta name=\"twitter:data1\" content=\"Edici\u00f3n Web\" \/>\n\t<meta name=\"twitter:label2\" content=\"Tiempo de lectura\" \/>\n\t<meta name=\"twitter:data2\" content=\"2 minutos\" \/>\n<script type=\"application\/ld+json\" class=\"yoast-schema-graph\">{\"@context\":\"https:\\\/\\\/schema.org\",\"@graph\":[{\"@type\":\"Article\",\"@id\":\"https:\\\/\\\/canal7slp.tv\\\/2025\\\/amhm-en-slp-va-por-reestructuracion-afirmo-su-presidente-ivan-chavez-sandoval\\\/#article\",\"isPartOf\":{\"@id\":\"https:\\\/\\\/canal7slp.tv\\\/2025\\\/amhm-en-slp-va-por-reestructuracion-afirmo-su-presidente-ivan-chavez-sandoval\\\/\"},\"author\":{\"name\":\"Edici\u00f3n Web\",\"@id\":\"https:\\\/\\\/canal7slp.tv\\\/2025\\\/#\\\/schema\\\/person\\\/271e2b60a96e7cc9d9ac296f4d7e414b\"},\"headline\":\"AMHM en SLP va por reestructuraci\u00f3n afirm\u00f3 su presidente Iv\u00e1n Ch\u00e1vez Sandoval\",\"datePublished\":\"2025-08-23T00:06:25+00:00\",\"dateModified\":\"2025-09-11T23:32:12+00:00\",\"mainEntityOfPage\":{\"@id\":\"https:\\\/\\\/canal7slp.tv\\\/2025\\\/amhm-en-slp-va-por-reestructuracion-afirmo-su-presidente-ivan-chavez-sandoval\\\/\"},\"wordCount\":310,\"publisher\":{\"@id\":\"https:\\\/\\\/canal7slp.tv\\\/2025\\\/#organization\"},\"image\":{\"@id\":\"https:\\\/\\\/canal7slp.tv\\\/2025\\\/amhm-en-slp-va-por-reestructuracion-afirmo-su-presidente-ivan-chavez-sandoval\\\/#primaryimage\"},\"thumbnailUrl\":\"https:\\\/\\\/canal7slp.tv\\\/2025\\\/wp-content\\\/uploads\\\/2025\\\/08\\\/Poky04HotelesMoteles.jpg\",\"articleSection\":[\"DESTACADAS\",\"LOCALES Y REGIONALES\"],\"inLanguage\":\"es\"},{\"@type\":\"WebPage\",\"@id\":\"https:\\\/\\\/canal7slp.tv\\\/2025\\\/amhm-en-slp-va-por-reestructuracion-afirmo-su-presidente-ivan-chavez-sandoval\\\/\",\"url\":\"https:\\\/\\\/canal7slp.tv\\\/2025\\\/amhm-en-slp-va-por-reestructuracion-afirmo-su-presidente-ivan-chavez-sandoval\\\/\",\"name\":\"AMHM en SLP va por reestructuraci\u00f3n afirm\u00f3 su presidente Iv\u00e1n Ch\u00e1vez Sandoval - Canal 7 SLP - 2025\",\"isPartOf\":{\"@id\":\"https:\\\/\\\/canal7slp.tv\\\/2025\\\/#website\"},\"primaryImageOfPage\":{\"@id\":\"https:\\\/\\\/canal7slp.tv\\\/2025\\\/amhm-en-slp-va-por-reestructuracion-afirmo-su-presidente-ivan-chavez-sandoval\\\/#primaryimage\"},\"image\":{\"@id\":\"https:\\\/\\\/canal7slp.tv\\\/2025\\\/amhm-en-slp-va-por-reestructuracion-afirmo-su-presidente-ivan-chavez-sandoval\\\/#primaryimage\"},\"thumbnailUrl\":\"https:\\\/\\\/canal7slp.tv\\\/2025\\\/wp-content\\\/uploads\\\/2025\\\/08\\\/Poky04HotelesMoteles.jpg\",\"datePublished\":\"2025-08-23T00:06:25+00:00\",\"dateModified\":\"2025-09-11T23:32:12+00:00\",\"breadcrumb\":{\"@id\":\"https:\\\/\\\/canal7slp.tv\\\/2025\\\/amhm-en-slp-va-por-reestructuracion-afirmo-su-presidente-ivan-chavez-sandoval\\\/#breadcrumb\"},\"inLanguage\":\"es\",\"potentialAction\":[{\"@type\":\"ReadAction\",\"target\":[\"https:\\\/\\\/canal7slp.tv\\\/2025\\\/amhm-en-slp-va-por-reestructuracion-afirmo-su-presidente-ivan-chavez-sandoval\\\/\"]}]},{\"@type\":\"ImageObject\",\"inLanguage\":\"es\",\"@id\":\"https:\\\/\\\/canal7slp.tv\\\/2025\\\/amhm-en-slp-va-por-reestructuracion-afirmo-su-presidente-ivan-chavez-sandoval\\\/#primaryimage\",\"url\":\"https:\\\/\\\/canal7slp.tv\\\/2025\\\/wp-content\\\/uploads\\\/2025\\\/08\\\/Poky04HotelesMoteles.jpg\",\"contentUrl\":\"https:\\\/\\\/canal7slp.tv\\\/2025\\\/wp-content\\\/uploads\\\/2025\\\/08\\\/Poky04HotelesMoteles.jpg\",\"width\":1280,\"height\":720},{\"@type\":\"BreadcrumbList\",\"@id\":\"https:\\\/\\\/canal7slp.tv\\\/2025\\\/amhm-en-slp-va-por-reestructuracion-afirmo-su-presidente-ivan-chavez-sandoval\\\/#breadcrumb\",\"itemListElement\":[{\"@type\":\"ListItem\",\"position\":1,\"name\":\"Portada\",\"item\":\"https:\\\/\\\/canal7slp.tv\\\/2025\\\/\"},{\"@type\":\"ListItem\",\"position\":2,\"name\":\"AMHM en SLP va por reestructuraci\u00f3n afirm\u00f3 su presidente Iv\u00e1n Ch\u00e1vez Sandoval\"}]},{\"@type\":\"WebSite\",\"@id\":\"https:\\\/\\\/canal7slp.tv\\\/2025\\\/#website\",\"url\":\"https:\\\/\\\/canal7slp.tv\\\/2025\\\/\",\"name\":\"N7 - Noticieros Canal 7\",\"description\":\"Somos el Medio\",\"publisher\":{\"@id\":\"https:\\\/\\\/canal7slp.tv\\\/2025\\\/#organization\"},\"potentialAction\":[{\"@type\":\"SearchAction\",\"target\":{\"@type\":\"EntryPoint\",\"urlTemplate\":\"https:\\\/\\\/canal7slp.tv\\\/2025\\\/?s={search_term_string}\"},\"query-input\":{\"@type\":\"PropertyValueSpecification\",\"valueRequired\":true,\"valueName\":\"search_term_string\"}}],\"inLanguage\":\"es\"},{\"@type\":\"Organization\",\"@id\":\"https:\\\/\\\/canal7slp.tv\\\/2025\\\/#organization\",\"name\":\"Noticieros Canal 7\",\"url\":\"https:\\\/\\\/canal7slp.tv\\\/2025\\\/\",\"logo\":{\"@type\":\"ImageObject\",\"inLanguage\":\"es\",\"@id\":\"https:\\\/\\\/canal7slp.tv\\\/2025\\\/#\\\/schema\\\/logo\\\/image\\\/\",\"url\":\"https:\\\/\\\/canal7slp.tv\\\/2025\\\/wp-content\\\/uploads\\\/2021\\\/01\\\/logo-noticieros@2x.png\",\"contentUrl\":\"https:\\\/\\\/canal7slp.tv\\\/2025\\\/wp-content\\\/uploads\\\/2021\\\/01\\\/logo-noticieros@2x.png\",\"width\":1017,\"height\":268,\"caption\":\"Noticieros Canal 7\"},\"image\":{\"@id\":\"https:\\\/\\\/canal7slp.tv\\\/2025\\\/#\\\/schema\\\/logo\\\/image\\\/\"},\"sameAs\":[\"https:\\\/\\\/www.facebook.com\\\/noticieroscanal7atencionciudadana\\\/\",\"https:\\\/\\\/x.com\\\/NOTICIEROS7\",\"https:\\\/\\\/www.instagram.com\\\/canal7_slp\",\"https:\\\/\\\/www.youtube.com\\\/channel\\\/UCliiYs-gP3JfJeqdPrNdd5A\"]},{\"@type\":\"Person\",\"@id\":\"https:\\\/\\\/canal7slp.tv\\\/2025\\\/#\\\/schema\\\/person\\\/271e2b60a96e7cc9d9ac296f4d7e414b\",\"name\":\"Edici\u00f3n Web\",\"image\":{\"@type\":\"ImageObject\",\"inLanguage\":\"es\",\"@id\":\"https:\\\/\\\/secure.gravatar.com\\\/avatar\\\/eee448fc3f7164808013b816ba91ac7e43bbe82a70bebac296f8bc6f0addaa1a?s=96&d=mm&r=g\",\"url\":\"https:\\\/\\\/secure.gravatar.com\\\/avatar\\\/eee448fc3f7164808013b816ba91ac7e43bbe82a70bebac296f8bc6f0addaa1a?s=96&d=mm&r=g\",\"contentUrl\":\"https:\\\/\\\/secure.gravatar.com\\\/avatar\\\/eee448fc3f7164808013b816ba91ac7e43bbe82a70bebac296f8bc6f0addaa1a?s=96&d=mm&r=g\",\"caption\":\"Edici\u00f3n Web\"},\"url\":\"https:\\\/\\\/canal7slp.tv\\\/2025\\\/author\\\/edicionweb\\\/\"}]}<\/script>\n<!-- \/ Yoast SEO plugin. -->","yoast_head_json":{"title":"AMHM en SLP va por reestructuraci\u00f3n afirm\u00f3 su presidente Iv\u00e1n Ch\u00e1vez Sandoval - Canal 7 SLP - 2025","robots":{"index":"index","follow":"follow","max-snippet":"max-snippet:-1","max-image-preview":"max-image-preview:large","max-video-preview":"max-video-preview:-1"},"canonical":"https:\/\/canal7slp.tv\/2025\/amhm-en-slp-va-por-reestructuracion-afirmo-su-presidente-ivan-chavez-sandoval\/","og_locale":"es_ES","og_type":"article","og_title":"AMHM en SLP va por reestructuraci\u00f3n afirm\u00f3 su presidente Iv\u00e1n Ch\u00e1vez Sandoval - Canal 7 SLP - 2025","og_description":"SLP.- En aras de generar l\u00edderes en el ramo de la renta de cuartos-habitaci\u00f3n de buscar\u00e1 reestructurar a la Asociaci\u00f3n Mexicana de Hoteles y Moteles de San Luis Potos\u00ed, as\u00ed lo extern\u00f3 su presidente, Iv\u00e1n Ch\u00e1vez Sandoval. \u201cEstamos reestructurando la parte de la asociaci\u00f3n con una visi\u00f3n totalmente orientada hacia capacitaci\u00f3n, pero no solamente operativa, una capacitaci\u00f3n desde nosotros como l\u00edderes de los hoteles y como due\u00f1os de hoteles\u201d. De arranque se deber\u00e1 generar un an\u00e1lisis de las condiciones actuales. \u201cPrimero hay que ver d\u00f3nde estamos parados en la parte de liderazgo y despu\u00e9s vamos a ir viendo el tema [&hellip;]","og_url":"https:\/\/canal7slp.tv\/2025\/amhm-en-slp-va-por-reestructuracion-afirmo-su-presidente-ivan-chavez-sandoval\/","og_site_name":"Canal 7 SLP - 2025","article_publisher":"https:\/\/www.facebook.com\/noticieroscanal7atencionciudadana\/","article_published_time":"2025-08-23T00:06:25+00:00","article_modified_time":"2025-09-11T23:32:12+00:00","og_image":[{"width":1280,"height":720,"url":"https:\/\/canal7slp.tv\/2025\/wp-content\/uploads\/2025\/08\/Poky04HotelesMoteles.jpg","type":"image\/jpeg"}],"author":"Edici\u00f3n Web","twitter_card":"summary_large_image","twitter_creator":"@NOTICIEROS7","twitter_site":"@NOTICIEROS7","twitter_misc":{"Escrito por":"Edici\u00f3n Web","Tiempo de lectura":"2 minutos"},"schema":{"@context":"https:\/\/schema.org","@graph":[{"@type":"Article","@id":"https:\/\/canal7slp.tv\/2025\/amhm-en-slp-va-por-reestructuracion-afirmo-su-presidente-ivan-chavez-sandoval\/#article","isPartOf":{"@id":"https:\/\/canal7slp.tv\/2025\/amhm-en-slp-va-por-reestructuracion-afirmo-su-presidente-ivan-chavez-sandoval\/"},"author":{"name":"Edici\u00f3n Web","@id":"https:\/\/canal7slp.tv\/2025\/#\/schema\/person\/271e2b60a96e7cc9d9ac296f4d7e414b"},"headline":"AMHM en SLP va por reestructuraci\u00f3n afirm\u00f3 su presidente Iv\u00e1n Ch\u00e1vez Sandoval","datePublished":"2025-08-23T00:06:25+00:00","dateModified":"2025-09-11T23:32:12+00:00","mainEntityOfPage":{"@id":"https:\/\/canal7slp.tv\/2025\/amhm-en-slp-va-por-reestructuracion-afirmo-su-presidente-ivan-chavez-sandoval\/"},"wordCount":310,"publisher":{"@id":"https:\/\/canal7slp.tv\/2025\/#organization"},"image":{"@id":"https:\/\/canal7slp.tv\/2025\/amhm-en-slp-va-por-reestructuracion-afirmo-su-presidente-ivan-chavez-sandoval\/#primaryimage"},"thumbnailUrl":"https:\/\/canal7slp.tv\/2025\/wp-content\/uploads\/2025\/08\/Poky04HotelesMoteles.jpg","articleSection":["DESTACADAS","LOCALES Y REGIONALES"],"inLanguage":"es"},{"@type":"WebPage","@id":"https:\/\/canal7slp.tv\/2025\/amhm-en-slp-va-por-reestructuracion-afirmo-su-presidente-ivan-chavez-sandoval\/","url":"https:\/\/canal7slp.tv\/2025\/amhm-en-slp-va-por-reestructuracion-afirmo-su-presidente-ivan-chavez-sandoval\/","name":"AMHM en SLP va por reestructuraci\u00f3n afirm\u00f3 su presidente Iv\u00e1n Ch\u00e1vez Sandoval - Canal 7 SLP - 2025","isPartOf":{"@id":"https:\/\/canal7slp.tv\/2025\/#website"},"primaryImageOfPage":{"@id":"https:\/\/canal7slp.tv\/2025\/amhm-en-slp-va-por-reestructuracion-afirmo-su-presidente-ivan-chavez-sandoval\/#primaryimage"},"image":{"@id":"https:\/\/canal7slp.tv\/2025\/amhm-en-slp-va-por-reestructuracion-afirmo-su-presidente-ivan-chavez-sandoval\/#primaryimage"},"thumbnailUrl":"https:\/\/canal7slp.tv\/2025\/wp-content\/uploads\/2025\/08\/Poky04HotelesMoteles.jpg","datePublished":"2025-08-23T00:06:25+00:00","dateModified":"2025-09-11T23:32:12+00:00","breadcrumb":{"@id":"https:\/\/canal7slp.tv\/2025\/amhm-en-slp-va-por-reestructuracion-afirmo-su-presidente-ivan-chavez-sandoval\/#breadcrumb"},"inLanguage":"es","potentialAction":[{"@type":"ReadAction","target":["https:\/\/canal7slp.tv\/2025\/amhm-en-slp-va-por-reestructuracion-afirmo-su-presidente-ivan-chavez-sandoval\/"]}]},{"@type":"ImageObject","inLanguage":"es","@id":"https:\/\/canal7slp.tv\/2025\/amhm-en-slp-va-por-reestructuracion-afirmo-su-presidente-ivan-chavez-sandoval\/#primaryimage","url":"https:\/\/canal7slp.tv\/2025\/wp-content\/uploads\/2025\/08\/Poky04HotelesMoteles.jpg","contentUrl":"https:\/\/canal7slp.tv\/2025\/wp-content\/uploads\/2025\/08\/Poky04HotelesMoteles.jpg","width":1280,"height":720},{"@type":"BreadcrumbList","@id":"https:\/\/canal7slp.tv\/2025\/amhm-en-slp-va-por-reestructuracion-afirmo-su-presidente-ivan-chavez-sandoval\/#breadcrumb","itemListElement":[{"@type":"ListItem","position":1,"name":"Portada","item":"https:\/\/canal7slp.tv\/2025\/"},{"@type":"ListItem","position":2,"name":"AMHM en SLP va por reestructuraci\u00f3n afirm\u00f3 su presidente Iv\u00e1n Ch\u00e1vez Sandoval"}]},{"@type":"WebSite","@id":"https:\/\/canal7slp.tv\/2025\/#website","url":"https:\/\/canal7slp.tv\/2025\/","name":"N7 - Noticieros Canal 7","description":"Somos el Medio","publisher":{"@id":"https:\/\/canal7slp.tv\/2025\/#organization"},"potentialAction":[{"@type":"SearchAction","target":{"@type":"EntryPoint","urlTemplate":"https:\/\/canal7slp.tv\/2025\/?s={search_term_string}"},"query-input":{"@type":"PropertyValueSpecification","valueRequired":true,"valueName":"search_term_string"}}],"inLanguage":"es"},{"@type":"Organization","@id":"https:\/\/canal7slp.tv\/2025\/#organization","name":"Noticieros Canal 7","url":"https:\/\/canal7slp.tv\/2025\/","logo":{"@type":"ImageObject","inLanguage":"es","@id":"https:\/\/canal7slp.tv\/2025\/#\/schema\/logo\/image\/","url":"https:\/\/canal7slp.tv\/2025\/wp-content\/uploads\/2021\/01\/logo-noticieros@2x.png","contentUrl":"https:\/\/canal7slp.tv\/2025\/wp-content\/uploads\/2021\/01\/logo-noticieros@2x.png","width":1017,"height":268,"caption":"Noticieros Canal 7"},"image":{"@id":"https:\/\/canal7slp.tv\/2025\/#\/schema\/logo\/image\/"},"sameAs":["https:\/\/www.facebook.com\/noticieroscanal7atencionciudadana\/","https:\/\/x.com\/NOTICIEROS7","https:\/\/www.instagram.com\/canal7_slp","https:\/\/www.youtube.com\/channel\/UCliiYs-gP3JfJeqdPrNdd5A"]},{"@type":"Person","@id":"https:\/\/canal7slp.tv\/2025\/#\/schema\/person\/271e2b60a96e7cc9d9ac296f4d7e414b","name":"Edici\u00f3n Web","image":{"@type":"ImageObject","inLanguage":"es","@id":"https:\/\/secure.gravatar.com\/avatar\/eee448fc3f7164808013b816ba91ac7e43bbe82a70bebac296f8bc6f0addaa1a?s=96&d=mm&r=g","url":"https:\/\/secure.gravatar.com\/avatar\/eee448fc3f7164808013b816ba91ac7e43bbe82a70bebac296f8bc6f0addaa1a?s=96&d=mm&r=g","contentUrl":"https:\/\/secure.gravatar.com\/avatar\/eee448fc3f7164808013b816ba91ac7e43bbe82a70bebac296f8bc6f0addaa1a?s=96&d=mm&r=g","caption":"Edici\u00f3n Web"},"url":"https:\/\/canal7slp.tv\/2025\/author\/edicionweb\/"}]}},"_links":{"self":[{"href":"https:\/\/canal7slp.tv\/2025\/wp-json\/wp\/v2\/posts\/177395","targetHints":{"allow":["GET"]}}],"collection":[{"href":"https:\/\/canal7slp.tv\/2025\/wp-json\/wp\/v2\/posts"}],"about":[{"href":"https:\/\/canal7slp.tv\/2025\/wp-json\/wp\/v2\/types\/post"}],"author":[{"embeddable":true,"href":"https:\/\/canal7slp.tv\/2025\/wp-json\/wp\/v2\/users\/2"}],"replies":[{"embeddable":true,"href":"https:\/\/canal7slp.tv\/2025\/wp-json\/wp\/v2\/comments?post=177395"}],"version-history":[{"count":2,"href":"https:\/\/canal7slp.tv\/2025\/wp-json\/wp\/v2\/posts\/177395\/revisions"}],"predecessor-version":[{"id":177415,"href":"https:\/\/canal7slp.tv\/2025\/wp-json\/wp\/v2\/posts\/177395\/revisions\/177415"}],"wp:featuredmedia":[{"embeddable":true,"href":"https:\/\/canal7slp.tv\/2025\/wp-json\/wp\/v2\/media\/177405"}],"wp:attachment":[{"href":"https:\/\/canal7slp.tv\/2025\/wp-json\/wp\/v2\/media?parent=177395"}],"wp:term":[{"taxonomy":"category","embeddable":true,"href":"https:\/\/canal7slp.tv\/2025\/wp-json\/wp\/v2\/categories?post=177395"},{"taxonomy":"post_tag","embeddable":true,"href":"https:\/\/canal7slp.tv\/2025\/wp-json\/wp\/v2\/tags?post=177395"}],"curies":[{"name":"wp","href":"https:\/\/api.w.org\/{rel}","templated":true}]}}