{"id":177392,"date":"2025-08-22T17:55:15","date_gmt":"2025-08-22T23:55:15","guid":{"rendered":"https:\/\/canal7slp.tv\/2025\/?p=177392"},"modified":"2025-08-22T17:55:15","modified_gmt":"2025-08-22T23:55:15","slug":"proceso-legal-frena-rehabilitacion-de-plaza-de-la-musica-indico-el-alcalde-enrique-galindo","status":"publish","type":"post","link":"https:\/\/canal7slp.tv\/2025\/proceso-legal-frena-rehabilitacion-de-plaza-de-la-musica-indico-el-alcalde-enrique-galindo\/","title":{"rendered":"Proceso legal frena rehabilitaci\u00f3n de Plaza de la M\u00fasica indic\u00f3 el alcalde Enrique Galindo"},"content":{"rendered":"<p style=\"text-align: justify;\">SLP.- Debido a un proceso legal la rehabilitaci\u00f3n de la Plaza de la M\u00fasica, anteriormente nombrada como Plaza del Mariachi, se ha detenido desde hace ya considerable tiempo, as\u00ed lo hizo saber el alcalde Enrique Galindo Ceballos.<\/p>\n<p style=\"text-align: justify;\">\u201cEl problema es que se pretend\u00eda hacer ah\u00ed un teatro que qued\u00f3 a la mitad, est\u00e1 observado, tiene un problema jur\u00eddico, no lo puedo quitar, no lo puedo terminar\u201d.<\/p>\n<p style=\"text-align: justify;\">Cabe recordar que fue la administraci\u00f3n 2019-2021 la que comenz\u00f3 la transformaci\u00f3n y toca a las siguientes culminarla.<\/p>\n<p style=\"text-align: justify;\">\u201cYo fui personalmente, incluso fui con Daniel de la Llera, porque era un proyecto original de Daniel de la Llera\u201d.<\/p>\n<p style=\"text-align: justify;\">A pesar de las condiciones negativas, se ha realizado remozo en la plaza.<\/p>\n<p style=\"text-align: justify;\">\u201cDe hecho reforestamos, limpiamos, arreglamos, quitamos los grafitis, ahorita est\u00e1 otra vez, ya el director de Servicios Municipales tiene programado otra intervenci\u00f3n y estamos volviendo a estudiar si podemos quitar lo que se hizo ah\u00ed porque est\u00e1 muy mal puesto\u201d.<\/p>\n<p style=\"text-align: justify;\">Reiter\u00f3 que el proyecto es terminar las mejoras.<\/p>\n<p style=\"text-align: justify;\">\u201cSi yo pudiera ma\u00f1ana lo quitar\u00edamos y har\u00edamos un gran plaza, que creo que puede hacerla, est\u00e1 muy descuidada, incluso la parte de atr\u00e1s tiene ba\u00f1os o camerinos y ah\u00ed vive gente en situaci\u00f3n de calle, o sea, est\u00e1 complicado pero lo tenemos en el calendario\u201d.<\/p>\n<p>Por: Juan Carlos Contreras<\/p>\n","protected":false},"excerpt":{"rendered":"<p>SLP.- Debido a un proceso legal la rehabilitaci\u00f3n de la Plaza de la M\u00fasica, anteriormente nombrada como Plaza del Mariachi, se ha detenido desde hace ya considerable tiempo, as\u00ed lo hizo saber el alcalde Enrique Galindo Ceballos. \u201cEl problema es que se pretend\u00eda hacer ah\u00ed un teatro que qued\u00f3 a la mitad, est\u00e1 observado, tiene un problema jur\u00eddico, no lo puedo quitar, no lo puedo terminar\u201d. Cabe recordar que fue la administraci\u00f3n 2019-2021 la que comenz\u00f3 la transformaci\u00f3n y toca a las siguientes culminarla. \u201cYo fui personalmente, incluso fui con Daniel de la Llera, porque era un proyecto original de [&hellip;]<\/p>\n","protected":false},"author":2,"featured_media":177402,"comment_status":"closed","ping_status":"closed","sticky":false,"template":"","format":"video","meta":{"_monsterinsights_skip_tracking":false,"_monsterinsights_sitenote_active":false,"_monsterinsights_sitenote_note":"","_monsterinsights_sitenote_category":0,"footnotes":""},"categories":[66,5,45],"tags":[],"class_list":["post-177392","post","type-post","status-publish","format-video","has-post-thumbnail","hentry","category-ayoslp","category-destacadas","category-localesyregionales","post_format-post-format-video","post--single"],"yoast_head":"<!-- This site is optimized with the Yoast SEO plugin v27.5 - https:\/\/yoast.com\/product\/yoast-seo-wordpress\/ -->\n<title>Proceso legal frena rehabilitaci\u00f3n de Plaza de la M\u00fasica indic\u00f3 el alcalde Enrique Galindo - Canal 7 SLP - 2025<\/title>\n<meta name=\"robots\" content=\"index, follow, max-snippet:-1, max-image-preview:large, max-video-preview:-1\" \/>\n<link rel=\"canonical\" href=\"https:\/\/canal7slp.tv\/2025\/proceso-legal-frena-rehabilitacion-de-plaza-de-la-musica-indico-el-alcalde-enrique-galindo\/\" \/>\n<meta property=\"og:locale\" content=\"es_ES\" \/>\n<meta property=\"og:type\" content=\"article\" \/>\n<meta property=\"og:title\" content=\"Proceso legal frena rehabilitaci\u00f3n de Plaza de la M\u00fasica indic\u00f3 el alcalde Enrique Galindo - Canal 7 SLP - 2025\" \/>\n<meta property=\"og:description\" content=\"SLP.- Debido a un proceso legal la rehabilitaci\u00f3n de la Plaza de la M\u00fasica, anteriormente nombrada como Plaza del Mariachi, se ha detenido desde hace ya considerable tiempo, as\u00ed lo hizo saber el alcalde Enrique Galindo Ceballos. \u201cEl problema es que se pretend\u00eda hacer ah\u00ed un teatro que qued\u00f3 a la mitad, est\u00e1 observado, tiene un problema jur\u00eddico, no lo puedo quitar, no lo puedo terminar\u201d. Cabe recordar que fue la administraci\u00f3n 2019-2021 la que comenz\u00f3 la transformaci\u00f3n y toca a las siguientes culminarla. \u201cYo fui personalmente, incluso fui con Daniel de la Llera, porque era un proyecto original de [&hellip;]\" \/>\n<meta property=\"og:url\" content=\"https:\/\/canal7slp.tv\/2025\/proceso-legal-frena-rehabilitacion-de-plaza-de-la-musica-indico-el-alcalde-enrique-galindo\/\" \/>\n<meta property=\"og:site_name\" content=\"Canal 7 SLP - 2025\" \/>\n<meta property=\"article:publisher\" content=\"https:\/\/www.facebook.com\/noticieroscanal7atencionciudadana\/\" \/>\n<meta property=\"article:published_time\" content=\"2025-08-22T23:55:15+00:00\" \/>\n<meta property=\"og:image\" content=\"https:\/\/canal7slp.tv\/2025\/wp-content\/uploads\/2025\/08\/Poky01PlazaMusica.jpg\" \/>\n\t<meta property=\"og:image:width\" content=\"1280\" \/>\n\t<meta property=\"og:image:height\" content=\"720\" \/>\n\t<meta property=\"og:image:type\" content=\"image\/jpeg\" \/>\n<meta name=\"author\" content=\"Edici\u00f3n Web\" \/>\n<meta name=\"twitter:card\" content=\"summary_large_image\" \/>\n<meta name=\"twitter:creator\" content=\"@NOTICIEROS7\" \/>\n<meta name=\"twitter:site\" content=\"@NOTICIEROS7\" \/>\n<meta name=\"twitter:label1\" content=\"Escrito por\" \/>\n\t<meta name=\"twitter:data1\" content=\"Edici\u00f3n Web\" \/>\n\t<meta name=\"twitter:label2\" content=\"Tiempo de lectura\" \/>\n\t<meta name=\"twitter:data2\" content=\"2 minutos\" \/>\n<script type=\"application\/ld+json\" class=\"yoast-schema-graph\">{\"@context\":\"https:\\\/\\\/schema.org\",\"@graph\":[{\"@type\":\"Article\",\"@id\":\"https:\\\/\\\/canal7slp.tv\\\/2025\\\/proceso-legal-frena-rehabilitacion-de-plaza-de-la-musica-indico-el-alcalde-enrique-galindo\\\/#article\",\"isPartOf\":{\"@id\":\"https:\\\/\\\/canal7slp.tv\\\/2025\\\/proceso-legal-frena-rehabilitacion-de-plaza-de-la-musica-indico-el-alcalde-enrique-galindo\\\/\"},\"author\":{\"name\":\"Edici\u00f3n Web\",\"@id\":\"https:\\\/\\\/canal7slp.tv\\\/2025\\\/#\\\/schema\\\/person\\\/271e2b60a96e7cc9d9ac296f4d7e414b\"},\"headline\":\"Proceso legal frena rehabilitaci\u00f3n de Plaza de la M\u00fasica indic\u00f3 el alcalde Enrique Galindo\",\"datePublished\":\"2025-08-22T23:55:15+00:00\",\"mainEntityOfPage\":{\"@id\":\"https:\\\/\\\/canal7slp.tv\\\/2025\\\/proceso-legal-frena-rehabilitacion-de-plaza-de-la-musica-indico-el-alcalde-enrique-galindo\\\/\"},\"wordCount\":245,\"publisher\":{\"@id\":\"https:\\\/\\\/canal7slp.tv\\\/2025\\\/#organization\"},\"image\":{\"@id\":\"https:\\\/\\\/canal7slp.tv\\\/2025\\\/proceso-legal-frena-rehabilitacion-de-plaza-de-la-musica-indico-el-alcalde-enrique-galindo\\\/#primaryimage\"},\"thumbnailUrl\":\"https:\\\/\\\/canal7slp.tv\\\/2025\\\/wp-content\\\/uploads\\\/2025\\\/08\\\/Poky01PlazaMusica.jpg\",\"articleSection\":[\"AYOSLP\",\"DESTACADAS\",\"LOCALES Y REGIONALES\"],\"inLanguage\":\"es\"},{\"@type\":\"WebPage\",\"@id\":\"https:\\\/\\\/canal7slp.tv\\\/2025\\\/proceso-legal-frena-rehabilitacion-de-plaza-de-la-musica-indico-el-alcalde-enrique-galindo\\\/\",\"url\":\"https:\\\/\\\/canal7slp.tv\\\/2025\\\/proceso-legal-frena-rehabilitacion-de-plaza-de-la-musica-indico-el-alcalde-enrique-galindo\\\/\",\"name\":\"Proceso legal frena rehabilitaci\u00f3n de Plaza de la M\u00fasica indic\u00f3 el alcalde Enrique Galindo - Canal 7 SLP - 2025\",\"isPartOf\":{\"@id\":\"https:\\\/\\\/canal7slp.tv\\\/2025\\\/#website\"},\"primaryImageOfPage\":{\"@id\":\"https:\\\/\\\/canal7slp.tv\\\/2025\\\/proceso-legal-frena-rehabilitacion-de-plaza-de-la-musica-indico-el-alcalde-enrique-galindo\\\/#primaryimage\"},\"image\":{\"@id\":\"https:\\\/\\\/canal7slp.tv\\\/2025\\\/proceso-legal-frena-rehabilitacion-de-plaza-de-la-musica-indico-el-alcalde-enrique-galindo\\\/#primaryimage\"},\"thumbnailUrl\":\"https:\\\/\\\/canal7slp.tv\\\/2025\\\/wp-content\\\/uploads\\\/2025\\\/08\\\/Poky01PlazaMusica.jpg\",\"datePublished\":\"2025-08-22T23:55:15+00:00\",\"breadcrumb\":{\"@id\":\"https:\\\/\\\/canal7slp.tv\\\/2025\\\/proceso-legal-frena-rehabilitacion-de-plaza-de-la-musica-indico-el-alcalde-enrique-galindo\\\/#breadcrumb\"},\"inLanguage\":\"es\",\"potentialAction\":[{\"@type\":\"ReadAction\",\"target\":[\"https:\\\/\\\/canal7slp.tv\\\/2025\\\/proceso-legal-frena-rehabilitacion-de-plaza-de-la-musica-indico-el-alcalde-enrique-galindo\\\/\"]}]},{\"@type\":\"ImageObject\",\"inLanguage\":\"es\",\"@id\":\"https:\\\/\\\/canal7slp.tv\\\/2025\\\/proceso-legal-frena-rehabilitacion-de-plaza-de-la-musica-indico-el-alcalde-enrique-galindo\\\/#primaryimage\",\"url\":\"https:\\\/\\\/canal7slp.tv\\\/2025\\\/wp-content\\\/uploads\\\/2025\\\/08\\\/Poky01PlazaMusica.jpg\",\"contentUrl\":\"https:\\\/\\\/canal7slp.tv\\\/2025\\\/wp-content\\\/uploads\\\/2025\\\/08\\\/Poky01PlazaMusica.jpg\",\"width\":1280,\"height\":720},{\"@type\":\"BreadcrumbList\",\"@id\":\"https:\\\/\\\/canal7slp.tv\\\/2025\\\/proceso-legal-frena-rehabilitacion-de-plaza-de-la-musica-indico-el-alcalde-enrique-galindo\\\/#breadcrumb\",\"itemListElement\":[{\"@type\":\"ListItem\",\"position\":1,\"name\":\"Portada\",\"item\":\"https:\\\/\\\/canal7slp.tv\\\/2025\\\/\"},{\"@type\":\"ListItem\",\"position\":2,\"name\":\"Proceso legal frena rehabilitaci\u00f3n de Plaza de la M\u00fasica indic\u00f3 el alcalde Enrique Galindo\"}]},{\"@type\":\"WebSite\",\"@id\":\"https:\\\/\\\/canal7slp.tv\\\/2025\\\/#website\",\"url\":\"https:\\\/\\\/canal7slp.tv\\\/2025\\\/\",\"name\":\"N7 - Noticieros Canal 7\",\"description\":\"Somos el Medio\",\"publisher\":{\"@id\":\"https:\\\/\\\/canal7slp.tv\\\/2025\\\/#organization\"},\"potentialAction\":[{\"@type\":\"SearchAction\",\"target\":{\"@type\":\"EntryPoint\",\"urlTemplate\":\"https:\\\/\\\/canal7slp.tv\\\/2025\\\/?s={search_term_string}\"},\"query-input\":{\"@type\":\"PropertyValueSpecification\",\"valueRequired\":true,\"valueName\":\"search_term_string\"}}],\"inLanguage\":\"es\"},{\"@type\":\"Organization\",\"@id\":\"https:\\\/\\\/canal7slp.tv\\\/2025\\\/#organization\",\"name\":\"Noticieros Canal 7\",\"url\":\"https:\\\/\\\/canal7slp.tv\\\/2025\\\/\",\"logo\":{\"@type\":\"ImageObject\",\"inLanguage\":\"es\",\"@id\":\"https:\\\/\\\/canal7slp.tv\\\/2025\\\/#\\\/schema\\\/logo\\\/image\\\/\",\"url\":\"https:\\\/\\\/canal7slp.tv\\\/2025\\\/wp-content\\\/uploads\\\/2021\\\/01\\\/logo-noticieros@2x.png\",\"contentUrl\":\"https:\\\/\\\/canal7slp.tv\\\/2025\\\/wp-content\\\/uploads\\\/2021\\\/01\\\/logo-noticieros@2x.png\",\"width\":1017,\"height\":268,\"caption\":\"Noticieros Canal 7\"},\"image\":{\"@id\":\"https:\\\/\\\/canal7slp.tv\\\/2025\\\/#\\\/schema\\\/logo\\\/image\\\/\"},\"sameAs\":[\"https:\\\/\\\/www.facebook.com\\\/noticieroscanal7atencionciudadana\\\/\",\"https:\\\/\\\/x.com\\\/NOTICIEROS7\",\"https:\\\/\\\/www.instagram.com\\\/canal7_slp\",\"https:\\\/\\\/www.youtube.com\\\/channel\\\/UCliiYs-gP3JfJeqdPrNdd5A\"]},{\"@type\":\"Person\",\"@id\":\"https:\\\/\\\/canal7slp.tv\\\/2025\\\/#\\\/schema\\\/person\\\/271e2b60a96e7cc9d9ac296f4d7e414b\",\"name\":\"Edici\u00f3n Web\",\"image\":{\"@type\":\"ImageObject\",\"inLanguage\":\"es\",\"@id\":\"https:\\\/\\\/secure.gravatar.com\\\/avatar\\\/eee448fc3f7164808013b816ba91ac7e43bbe82a70bebac296f8bc6f0addaa1a?s=96&d=mm&r=g\",\"url\":\"https:\\\/\\\/secure.gravatar.com\\\/avatar\\\/eee448fc3f7164808013b816ba91ac7e43bbe82a70bebac296f8bc6f0addaa1a?s=96&d=mm&r=g\",\"contentUrl\":\"https:\\\/\\\/secure.gravatar.com\\\/avatar\\\/eee448fc3f7164808013b816ba91ac7e43bbe82a70bebac296f8bc6f0addaa1a?s=96&d=mm&r=g\",\"caption\":\"Edici\u00f3n Web\"},\"url\":\"https:\\\/\\\/canal7slp.tv\\\/2025\\\/author\\\/edicionweb\\\/\"}]}<\/script>\n<!-- \/ Yoast SEO plugin. -->","yoast_head_json":{"title":"Proceso legal frena rehabilitaci\u00f3n de Plaza de la M\u00fasica indic\u00f3 el alcalde Enrique Galindo - Canal 7 SLP - 2025","robots":{"index":"index","follow":"follow","max-snippet":"max-snippet:-1","max-image-preview":"max-image-preview:large","max-video-preview":"max-video-preview:-1"},"canonical":"https:\/\/canal7slp.tv\/2025\/proceso-legal-frena-rehabilitacion-de-plaza-de-la-musica-indico-el-alcalde-enrique-galindo\/","og_locale":"es_ES","og_type":"article","og_title":"Proceso legal frena rehabilitaci\u00f3n de Plaza de la M\u00fasica indic\u00f3 el alcalde Enrique Galindo - Canal 7 SLP - 2025","og_description":"SLP.- Debido a un proceso legal la rehabilitaci\u00f3n de la Plaza de la M\u00fasica, anteriormente nombrada como Plaza del Mariachi, se ha detenido desde hace ya considerable tiempo, as\u00ed lo hizo saber el alcalde Enrique Galindo Ceballos. \u201cEl problema es que se pretend\u00eda hacer ah\u00ed un teatro que qued\u00f3 a la mitad, est\u00e1 observado, tiene un problema jur\u00eddico, no lo puedo quitar, no lo puedo terminar\u201d. Cabe recordar que fue la administraci\u00f3n 2019-2021 la que comenz\u00f3 la transformaci\u00f3n y toca a las siguientes culminarla. \u201cYo fui personalmente, incluso fui con Daniel de la Llera, porque era un proyecto original de [&hellip;]","og_url":"https:\/\/canal7slp.tv\/2025\/proceso-legal-frena-rehabilitacion-de-plaza-de-la-musica-indico-el-alcalde-enrique-galindo\/","og_site_name":"Canal 7 SLP - 2025","article_publisher":"https:\/\/www.facebook.com\/noticieroscanal7atencionciudadana\/","article_published_time":"2025-08-22T23:55:15+00:00","og_image":[{"width":1280,"height":720,"url":"https:\/\/canal7slp.tv\/2025\/wp-content\/uploads\/2025\/08\/Poky01PlazaMusica.jpg","type":"image\/jpeg"}],"author":"Edici\u00f3n Web","twitter_card":"summary_large_image","twitter_creator":"@NOTICIEROS7","twitter_site":"@NOTICIEROS7","twitter_misc":{"Escrito por":"Edici\u00f3n Web","Tiempo de lectura":"2 minutos"},"schema":{"@context":"https:\/\/schema.org","@graph":[{"@type":"Article","@id":"https:\/\/canal7slp.tv\/2025\/proceso-legal-frena-rehabilitacion-de-plaza-de-la-musica-indico-el-alcalde-enrique-galindo\/#article","isPartOf":{"@id":"https:\/\/canal7slp.tv\/2025\/proceso-legal-frena-rehabilitacion-de-plaza-de-la-musica-indico-el-alcalde-enrique-galindo\/"},"author":{"name":"Edici\u00f3n Web","@id":"https:\/\/canal7slp.tv\/2025\/#\/schema\/person\/271e2b60a96e7cc9d9ac296f4d7e414b"},"headline":"Proceso legal frena rehabilitaci\u00f3n de Plaza de la M\u00fasica indic\u00f3 el alcalde Enrique Galindo","datePublished":"2025-08-22T23:55:15+00:00","mainEntityOfPage":{"@id":"https:\/\/canal7slp.tv\/2025\/proceso-legal-frena-rehabilitacion-de-plaza-de-la-musica-indico-el-alcalde-enrique-galindo\/"},"wordCount":245,"publisher":{"@id":"https:\/\/canal7slp.tv\/2025\/#organization"},"image":{"@id":"https:\/\/canal7slp.tv\/2025\/proceso-legal-frena-rehabilitacion-de-plaza-de-la-musica-indico-el-alcalde-enrique-galindo\/#primaryimage"},"thumbnailUrl":"https:\/\/canal7slp.tv\/2025\/wp-content\/uploads\/2025\/08\/Poky01PlazaMusica.jpg","articleSection":["AYOSLP","DESTACADAS","LOCALES Y REGIONALES"],"inLanguage":"es"},{"@type":"WebPage","@id":"https:\/\/canal7slp.tv\/2025\/proceso-legal-frena-rehabilitacion-de-plaza-de-la-musica-indico-el-alcalde-enrique-galindo\/","url":"https:\/\/canal7slp.tv\/2025\/proceso-legal-frena-rehabilitacion-de-plaza-de-la-musica-indico-el-alcalde-enrique-galindo\/","name":"Proceso legal frena rehabilitaci\u00f3n de Plaza de la M\u00fasica indic\u00f3 el alcalde Enrique Galindo - Canal 7 SLP - 2025","isPartOf":{"@id":"https:\/\/canal7slp.tv\/2025\/#website"},"primaryImageOfPage":{"@id":"https:\/\/canal7slp.tv\/2025\/proceso-legal-frena-rehabilitacion-de-plaza-de-la-musica-indico-el-alcalde-enrique-galindo\/#primaryimage"},"image":{"@id":"https:\/\/canal7slp.tv\/2025\/proceso-legal-frena-rehabilitacion-de-plaza-de-la-musica-indico-el-alcalde-enrique-galindo\/#primaryimage"},"thumbnailUrl":"https:\/\/canal7slp.tv\/2025\/wp-content\/uploads\/2025\/08\/Poky01PlazaMusica.jpg","datePublished":"2025-08-22T23:55:15+00:00","breadcrumb":{"@id":"https:\/\/canal7slp.tv\/2025\/proceso-legal-frena-rehabilitacion-de-plaza-de-la-musica-indico-el-alcalde-enrique-galindo\/#breadcrumb"},"inLanguage":"es","potentialAction":[{"@type":"ReadAction","target":["https:\/\/canal7slp.tv\/2025\/proceso-legal-frena-rehabilitacion-de-plaza-de-la-musica-indico-el-alcalde-enrique-galindo\/"]}]},{"@type":"ImageObject","inLanguage":"es","@id":"https:\/\/canal7slp.tv\/2025\/proceso-legal-frena-rehabilitacion-de-plaza-de-la-musica-indico-el-alcalde-enrique-galindo\/#primaryimage","url":"https:\/\/canal7slp.tv\/2025\/wp-content\/uploads\/2025\/08\/Poky01PlazaMusica.jpg","contentUrl":"https:\/\/canal7slp.tv\/2025\/wp-content\/uploads\/2025\/08\/Poky01PlazaMusica.jpg","width":1280,"height":720},{"@type":"BreadcrumbList","@id":"https:\/\/canal7slp.tv\/2025\/proceso-legal-frena-rehabilitacion-de-plaza-de-la-musica-indico-el-alcalde-enrique-galindo\/#breadcrumb","itemListElement":[{"@type":"ListItem","position":1,"name":"Portada","item":"https:\/\/canal7slp.tv\/2025\/"},{"@type":"ListItem","position":2,"name":"Proceso legal frena rehabilitaci\u00f3n de Plaza de la M\u00fasica indic\u00f3 el alcalde Enrique Galindo"}]},{"@type":"WebSite","@id":"https:\/\/canal7slp.tv\/2025\/#website","url":"https:\/\/canal7slp.tv\/2025\/","name":"N7 - Noticieros Canal 7","description":"Somos el Medio","publisher":{"@id":"https:\/\/canal7slp.tv\/2025\/#organization"},"potentialAction":[{"@type":"SearchAction","target":{"@type":"EntryPoint","urlTemplate":"https:\/\/canal7slp.tv\/2025\/?s={search_term_string}"},"query-input":{"@type":"PropertyValueSpecification","valueRequired":true,"valueName":"search_term_string"}}],"inLanguage":"es"},{"@type":"Organization","@id":"https:\/\/canal7slp.tv\/2025\/#organization","name":"Noticieros Canal 7","url":"https:\/\/canal7slp.tv\/2025\/","logo":{"@type":"ImageObject","inLanguage":"es","@id":"https:\/\/canal7slp.tv\/2025\/#\/schema\/logo\/image\/","url":"https:\/\/canal7slp.tv\/2025\/wp-content\/uploads\/2021\/01\/logo-noticieros@2x.png","contentUrl":"https:\/\/canal7slp.tv\/2025\/wp-content\/uploads\/2021\/01\/logo-noticieros@2x.png","width":1017,"height":268,"caption":"Noticieros Canal 7"},"image":{"@id":"https:\/\/canal7slp.tv\/2025\/#\/schema\/logo\/image\/"},"sameAs":["https:\/\/www.facebook.com\/noticieroscanal7atencionciudadana\/","https:\/\/x.com\/NOTICIEROS7","https:\/\/www.instagram.com\/canal7_slp","https:\/\/www.youtube.com\/channel\/UCliiYs-gP3JfJeqdPrNdd5A"]},{"@type":"Person","@id":"https:\/\/canal7slp.tv\/2025\/#\/schema\/person\/271e2b60a96e7cc9d9ac296f4d7e414b","name":"Edici\u00f3n Web","image":{"@type":"ImageObject","inLanguage":"es","@id":"https:\/\/secure.gravatar.com\/avatar\/eee448fc3f7164808013b816ba91ac7e43bbe82a70bebac296f8bc6f0addaa1a?s=96&d=mm&r=g","url":"https:\/\/secure.gravatar.com\/avatar\/eee448fc3f7164808013b816ba91ac7e43bbe82a70bebac296f8bc6f0addaa1a?s=96&d=mm&r=g","contentUrl":"https:\/\/secure.gravatar.com\/avatar\/eee448fc3f7164808013b816ba91ac7e43bbe82a70bebac296f8bc6f0addaa1a?s=96&d=mm&r=g","caption":"Edici\u00f3n Web"},"url":"https:\/\/canal7slp.tv\/2025\/author\/edicionweb\/"}]}},"_links":{"self":[{"href":"https:\/\/canal7slp.tv\/2025\/wp-json\/wp\/v2\/posts\/177392","targetHints":{"allow":["GET"]}}],"collection":[{"href":"https:\/\/canal7slp.tv\/2025\/wp-json\/wp\/v2\/posts"}],"about":[{"href":"https:\/\/canal7slp.tv\/2025\/wp-json\/wp\/v2\/types\/post"}],"author":[{"embeddable":true,"href":"https:\/\/canal7slp.tv\/2025\/wp-json\/wp\/v2\/users\/2"}],"replies":[{"embeddable":true,"href":"https:\/\/canal7slp.tv\/2025\/wp-json\/wp\/v2\/comments?post=177392"}],"version-history":[{"count":2,"href":"https:\/\/canal7slp.tv\/2025\/wp-json\/wp\/v2\/posts\/177392\/revisions"}],"predecessor-version":[{"id":177410,"href":"https:\/\/canal7slp.tv\/2025\/wp-json\/wp\/v2\/posts\/177392\/revisions\/177410"}],"wp:featuredmedia":[{"embeddable":true,"href":"https:\/\/canal7slp.tv\/2025\/wp-json\/wp\/v2\/media\/177402"}],"wp:attachment":[{"href":"https:\/\/canal7slp.tv\/2025\/wp-json\/wp\/v2\/media?parent=177392"}],"wp:term":[{"taxonomy":"category","embeddable":true,"href":"https:\/\/canal7slp.tv\/2025\/wp-json\/wp\/v2\/categories?post=177392"},{"taxonomy":"post_tag","embeddable":true,"href":"https:\/\/canal7slp.tv\/2025\/wp-json\/wp\/v2\/tags?post=177392"}],"curies":[{"name":"wp","href":"https:\/\/api.w.org\/{rel}","templated":true}]}}