{"id":177370,"date":"2025-08-22T16:51:07","date_gmt":"2025-08-22T22:51:07","guid":{"rendered":"https:\/\/canal7slp.tv\/2025\/?p=177370"},"modified":"2025-08-22T16:52:43","modified_gmt":"2025-08-22T22:52:43","slug":"sindrome-de-dyrk1a-detectan-un-caso-en-san-luis-potosi","status":"publish","type":"post","link":"https:\/\/canal7slp.tv\/2025\/sindrome-de-dyrk1a-detectan-un-caso-en-san-luis-potosi\/","title":{"rendered":"S\u00edndrome de DYRK1A: detectan un caso en San Luis Potos\u00ed"},"content":{"rendered":"<p style=\"text-align: justify;\">SLP.- En el marco de la conmemoraci\u00f3n del d\u00eda mundial del s\u00edndrome de DYRK1A, los servicios de salud de San Luis Potos\u00ed y el hospital regional de alta especialidad \u00abDr. Ignacio, Morones Prieto\u00bb, buscan generar conciencia sobre ese trastorno gen\u00e9tico poco frecuente que afecta el desarrollo cerebral y neurol\u00f3gico.<\/p>\n<p style=\"text-align: justify;\">Durante este 2025, en San Luis Potos\u00ed se ha detectado un caso con caracter\u00edsticas cl\u00ednicas compatibles con esta condici\u00f3n.<\/p>\n<p style=\"text-align: justify;\">Aunque su prevalencia es baja, el s\u00edndrome impacta de manera significativa la calidad de vida de quienes lo presentan, por lo que el diagn\u00f3stico oportuno y su difusi\u00f3n resultan fundamentales.<\/p>\n<p style=\"text-align: justify;\">El s\u00edndrome de DYRK1A es ocasionado por alteraciones en el gen ubicado en el cromosoma 21, lo que provoca modificaciones en el desarrollo del sistema nervioso central.<\/p>\n<p style=\"text-align: justify;\">Entre sus manifestaciones se encuentran discapacidad intelectual de grado variable, microcefalia, trastornos del habla y lenguaje, dificultades de visi\u00f3n y audici\u00f3n, alteraciones motoras y problemas de conducta relacionados con el espectro autista, as\u00ed como rasgos f\u00edsicos caracter\u00edsticos.<\/p>\n<p style=\"text-align: justify;\">Los especialistas detallan que se trata de una condici\u00f3n gen\u00e9tica que puede surgir de manera espont\u00e1nea o hereditaria, y que su diagn\u00f3stico se establece mediante estudios gen\u00e9ticos como panel multig\u00e9nico, secuenciaci\u00f3n de exoma o genoma completo.<\/p>\n<p style=\"text-align: justify;\">Si bien no existe una cura, el tratamiento se enfoca en un abordaje integral y multidisciplinario de los s\u00edntomas, a trav\u00e9s de terapias tempranas y acompa\u00f1amiento familiar.<\/p>\n<p style=\"text-align: justify;\">Entre los principales signos de alerta se encuentran el retraso en el desarrollo psicomotor, falta de lenguaje oral, microcefalia, baja talla, problemas de alimentaci\u00f3n y comportamientos relacionados con el espectro autista.<\/p>\n<p style=\"text-align: justify;\">Expertos subrayan que la intervenci\u00f3n temprana y especializada puede mejorar la autonom\u00eda y el bienestar de las personas con este diagn\u00f3stico, aunque se trate de una enfermedad rara.<\/p>\n<p>Por: Jos\u00e9 Luis V\u00e1zquez<\/p>\n","protected":false},"excerpt":{"rendered":"<p>SLP.- En el marco de la conmemoraci\u00f3n del d\u00eda mundial del s\u00edndrome de DYRK1A, los servicios de salud de San Luis Potos\u00ed y el hospital regional de alta especialidad \u00abDr. Ignacio, Morones Prieto\u00bb, buscan generar conciencia sobre ese trastorno gen\u00e9tico poco frecuente que afecta el desarrollo cerebral y neurol\u00f3gico. Durante este 2025, en San Luis Potos\u00ed se ha detectado un caso con caracter\u00edsticas cl\u00ednicas compatibles con esta condici\u00f3n. Aunque su prevalencia es baja, el s\u00edndrome impacta de manera significativa la calidad de vida de quienes lo presentan, por lo que el diagn\u00f3stico oportuno y su difusi\u00f3n resultan fundamentales. El s\u00edndrome [&hellip;]<\/p>\n","protected":false},"author":2,"featured_media":177378,"comment_status":"closed","ping_status":"closed","sticky":false,"template":"","format":"video","meta":{"_monsterinsights_skip_tracking":false,"_monsterinsights_sitenote_active":false,"_monsterinsights_sitenote_note":"","_monsterinsights_sitenote_category":0,"footnotes":""},"categories":[5,510,45],"tags":[],"class_list":["post-177370","post","type-post","status-publish","format-video","has-post-thumbnail","hentry","category-destacadas","category-gobedoslp","category-localesyregionales","post_format-post-format-video","post--single"],"yoast_head":"<!-- This site is optimized with the Yoast SEO plugin v27.5 - https:\/\/yoast.com\/product\/yoast-seo-wordpress\/ -->\n<title>S\u00edndrome de DYRK1A: detectan un caso en San Luis Potos\u00ed - Canal 7 SLP - 2025<\/title>\n<meta name=\"robots\" content=\"index, follow, max-snippet:-1, max-image-preview:large, max-video-preview:-1\" \/>\n<link rel=\"canonical\" href=\"https:\/\/canal7slp.tv\/2025\/sindrome-de-dyrk1a-detectan-un-caso-en-san-luis-potosi\/\" \/>\n<meta property=\"og:locale\" content=\"es_ES\" \/>\n<meta property=\"og:type\" content=\"article\" \/>\n<meta property=\"og:title\" content=\"S\u00edndrome de DYRK1A: detectan un caso en San Luis Potos\u00ed - Canal 7 SLP - 2025\" \/>\n<meta property=\"og:description\" content=\"SLP.- En el marco de la conmemoraci\u00f3n del d\u00eda mundial del s\u00edndrome de DYRK1A, los servicios de salud de San Luis Potos\u00ed y el hospital regional de alta especialidad \u00abDr. Ignacio, Morones Prieto\u00bb, buscan generar conciencia sobre ese trastorno gen\u00e9tico poco frecuente que afecta el desarrollo cerebral y neurol\u00f3gico. Durante este 2025, en San Luis Potos\u00ed se ha detectado un caso con caracter\u00edsticas cl\u00ednicas compatibles con esta condici\u00f3n. Aunque su prevalencia es baja, el s\u00edndrome impacta de manera significativa la calidad de vida de quienes lo presentan, por lo que el diagn\u00f3stico oportuno y su difusi\u00f3n resultan fundamentales. El s\u00edndrome [&hellip;]\" \/>\n<meta property=\"og:url\" content=\"https:\/\/canal7slp.tv\/2025\/sindrome-de-dyrk1a-detectan-un-caso-en-san-luis-potosi\/\" \/>\n<meta property=\"og:site_name\" content=\"Canal 7 SLP - 2025\" \/>\n<meta property=\"article:publisher\" content=\"https:\/\/www.facebook.com\/noticieroscanal7atencionciudadana\/\" \/>\n<meta property=\"article:published_time\" content=\"2025-08-22T22:51:07+00:00\" \/>\n<meta property=\"article:modified_time\" content=\"2025-08-22T22:52:43+00:00\" \/>\n<meta property=\"og:image\" content=\"https:\/\/canal7slp.tv\/2025\/wp-content\/uploads\/2025\/08\/Vazquez03DYRK1ASLP.jpg\" \/>\n\t<meta property=\"og:image:width\" content=\"1280\" \/>\n\t<meta property=\"og:image:height\" content=\"720\" \/>\n\t<meta property=\"og:image:type\" content=\"image\/jpeg\" \/>\n<meta name=\"author\" content=\"Edici\u00f3n Web\" \/>\n<meta name=\"twitter:card\" content=\"summary_large_image\" \/>\n<meta name=\"twitter:creator\" content=\"@NOTICIEROS7\" \/>\n<meta name=\"twitter:site\" content=\"@NOTICIEROS7\" \/>\n<meta name=\"twitter:label1\" content=\"Escrito por\" \/>\n\t<meta name=\"twitter:data1\" content=\"Edici\u00f3n Web\" \/>\n\t<meta name=\"twitter:label2\" content=\"Tiempo de lectura\" \/>\n\t<meta name=\"twitter:data2\" content=\"2 minutos\" \/>\n<script type=\"application\/ld+json\" class=\"yoast-schema-graph\">{\"@context\":\"https:\\\/\\\/schema.org\",\"@graph\":[{\"@type\":\"Article\",\"@id\":\"https:\\\/\\\/canal7slp.tv\\\/2025\\\/sindrome-de-dyrk1a-detectan-un-caso-en-san-luis-potosi\\\/#article\",\"isPartOf\":{\"@id\":\"https:\\\/\\\/canal7slp.tv\\\/2025\\\/sindrome-de-dyrk1a-detectan-un-caso-en-san-luis-potosi\\\/\"},\"author\":{\"name\":\"Edici\u00f3n Web\",\"@id\":\"https:\\\/\\\/canal7slp.tv\\\/2025\\\/#\\\/schema\\\/person\\\/271e2b60a96e7cc9d9ac296f4d7e414b\"},\"headline\":\"S\u00edndrome de DYRK1A: detectan un caso en San Luis Potos\u00ed\",\"datePublished\":\"2025-08-22T22:51:07+00:00\",\"dateModified\":\"2025-08-22T22:52:43+00:00\",\"mainEntityOfPage\":{\"@id\":\"https:\\\/\\\/canal7slp.tv\\\/2025\\\/sindrome-de-dyrk1a-detectan-un-caso-en-san-luis-potosi\\\/\"},\"wordCount\":332,\"publisher\":{\"@id\":\"https:\\\/\\\/canal7slp.tv\\\/2025\\\/#organization\"},\"image\":{\"@id\":\"https:\\\/\\\/canal7slp.tv\\\/2025\\\/sindrome-de-dyrk1a-detectan-un-caso-en-san-luis-potosi\\\/#primaryimage\"},\"thumbnailUrl\":\"https:\\\/\\\/canal7slp.tv\\\/2025\\\/wp-content\\\/uploads\\\/2025\\\/08\\\/Vazquez03DYRK1ASLP.jpg\",\"articleSection\":[\"DESTACADAS\",\"GOBEDOSLP\",\"LOCALES Y REGIONALES\"],\"inLanguage\":\"es\"},{\"@type\":\"WebPage\",\"@id\":\"https:\\\/\\\/canal7slp.tv\\\/2025\\\/sindrome-de-dyrk1a-detectan-un-caso-en-san-luis-potosi\\\/\",\"url\":\"https:\\\/\\\/canal7slp.tv\\\/2025\\\/sindrome-de-dyrk1a-detectan-un-caso-en-san-luis-potosi\\\/\",\"name\":\"S\u00edndrome de DYRK1A: detectan un caso en San Luis Potos\u00ed - Canal 7 SLP - 2025\",\"isPartOf\":{\"@id\":\"https:\\\/\\\/canal7slp.tv\\\/2025\\\/#website\"},\"primaryImageOfPage\":{\"@id\":\"https:\\\/\\\/canal7slp.tv\\\/2025\\\/sindrome-de-dyrk1a-detectan-un-caso-en-san-luis-potosi\\\/#primaryimage\"},\"image\":{\"@id\":\"https:\\\/\\\/canal7slp.tv\\\/2025\\\/sindrome-de-dyrk1a-detectan-un-caso-en-san-luis-potosi\\\/#primaryimage\"},\"thumbnailUrl\":\"https:\\\/\\\/canal7slp.tv\\\/2025\\\/wp-content\\\/uploads\\\/2025\\\/08\\\/Vazquez03DYRK1ASLP.jpg\",\"datePublished\":\"2025-08-22T22:51:07+00:00\",\"dateModified\":\"2025-08-22T22:52:43+00:00\",\"breadcrumb\":{\"@id\":\"https:\\\/\\\/canal7slp.tv\\\/2025\\\/sindrome-de-dyrk1a-detectan-un-caso-en-san-luis-potosi\\\/#breadcrumb\"},\"inLanguage\":\"es\",\"potentialAction\":[{\"@type\":\"ReadAction\",\"target\":[\"https:\\\/\\\/canal7slp.tv\\\/2025\\\/sindrome-de-dyrk1a-detectan-un-caso-en-san-luis-potosi\\\/\"]}]},{\"@type\":\"ImageObject\",\"inLanguage\":\"es\",\"@id\":\"https:\\\/\\\/canal7slp.tv\\\/2025\\\/sindrome-de-dyrk1a-detectan-un-caso-en-san-luis-potosi\\\/#primaryimage\",\"url\":\"https:\\\/\\\/canal7slp.tv\\\/2025\\\/wp-content\\\/uploads\\\/2025\\\/08\\\/Vazquez03DYRK1ASLP.jpg\",\"contentUrl\":\"https:\\\/\\\/canal7slp.tv\\\/2025\\\/wp-content\\\/uploads\\\/2025\\\/08\\\/Vazquez03DYRK1ASLP.jpg\",\"width\":1280,\"height\":720},{\"@type\":\"BreadcrumbList\",\"@id\":\"https:\\\/\\\/canal7slp.tv\\\/2025\\\/sindrome-de-dyrk1a-detectan-un-caso-en-san-luis-potosi\\\/#breadcrumb\",\"itemListElement\":[{\"@type\":\"ListItem\",\"position\":1,\"name\":\"Portada\",\"item\":\"https:\\\/\\\/canal7slp.tv\\\/2025\\\/\"},{\"@type\":\"ListItem\",\"position\":2,\"name\":\"S\u00edndrome de DYRK1A: detectan un caso en San Luis Potos\u00ed\"}]},{\"@type\":\"WebSite\",\"@id\":\"https:\\\/\\\/canal7slp.tv\\\/2025\\\/#website\",\"url\":\"https:\\\/\\\/canal7slp.tv\\\/2025\\\/\",\"name\":\"N7 - Noticieros Canal 7\",\"description\":\"Somos el Medio\",\"publisher\":{\"@id\":\"https:\\\/\\\/canal7slp.tv\\\/2025\\\/#organization\"},\"potentialAction\":[{\"@type\":\"SearchAction\",\"target\":{\"@type\":\"EntryPoint\",\"urlTemplate\":\"https:\\\/\\\/canal7slp.tv\\\/2025\\\/?s={search_term_string}\"},\"query-input\":{\"@type\":\"PropertyValueSpecification\",\"valueRequired\":true,\"valueName\":\"search_term_string\"}}],\"inLanguage\":\"es\"},{\"@type\":\"Organization\",\"@id\":\"https:\\\/\\\/canal7slp.tv\\\/2025\\\/#organization\",\"name\":\"Noticieros Canal 7\",\"url\":\"https:\\\/\\\/canal7slp.tv\\\/2025\\\/\",\"logo\":{\"@type\":\"ImageObject\",\"inLanguage\":\"es\",\"@id\":\"https:\\\/\\\/canal7slp.tv\\\/2025\\\/#\\\/schema\\\/logo\\\/image\\\/\",\"url\":\"https:\\\/\\\/canal7slp.tv\\\/2025\\\/wp-content\\\/uploads\\\/2021\\\/01\\\/logo-noticieros@2x.png\",\"contentUrl\":\"https:\\\/\\\/canal7slp.tv\\\/2025\\\/wp-content\\\/uploads\\\/2021\\\/01\\\/logo-noticieros@2x.png\",\"width\":1017,\"height\":268,\"caption\":\"Noticieros Canal 7\"},\"image\":{\"@id\":\"https:\\\/\\\/canal7slp.tv\\\/2025\\\/#\\\/schema\\\/logo\\\/image\\\/\"},\"sameAs\":[\"https:\\\/\\\/www.facebook.com\\\/noticieroscanal7atencionciudadana\\\/\",\"https:\\\/\\\/x.com\\\/NOTICIEROS7\",\"https:\\\/\\\/www.instagram.com\\\/canal7_slp\",\"https:\\\/\\\/www.youtube.com\\\/channel\\\/UCliiYs-gP3JfJeqdPrNdd5A\"]},{\"@type\":\"Person\",\"@id\":\"https:\\\/\\\/canal7slp.tv\\\/2025\\\/#\\\/schema\\\/person\\\/271e2b60a96e7cc9d9ac296f4d7e414b\",\"name\":\"Edici\u00f3n Web\",\"image\":{\"@type\":\"ImageObject\",\"inLanguage\":\"es\",\"@id\":\"https:\\\/\\\/secure.gravatar.com\\\/avatar\\\/eee448fc3f7164808013b816ba91ac7e43bbe82a70bebac296f8bc6f0addaa1a?s=96&d=mm&r=g\",\"url\":\"https:\\\/\\\/secure.gravatar.com\\\/avatar\\\/eee448fc3f7164808013b816ba91ac7e43bbe82a70bebac296f8bc6f0addaa1a?s=96&d=mm&r=g\",\"contentUrl\":\"https:\\\/\\\/secure.gravatar.com\\\/avatar\\\/eee448fc3f7164808013b816ba91ac7e43bbe82a70bebac296f8bc6f0addaa1a?s=96&d=mm&r=g\",\"caption\":\"Edici\u00f3n Web\"},\"url\":\"https:\\\/\\\/canal7slp.tv\\\/2025\\\/author\\\/edicionweb\\\/\"}]}<\/script>\n<!-- \/ Yoast SEO plugin. -->","yoast_head_json":{"title":"S\u00edndrome de DYRK1A: detectan un caso en San Luis Potos\u00ed - Canal 7 SLP - 2025","robots":{"index":"index","follow":"follow","max-snippet":"max-snippet:-1","max-image-preview":"max-image-preview:large","max-video-preview":"max-video-preview:-1"},"canonical":"https:\/\/canal7slp.tv\/2025\/sindrome-de-dyrk1a-detectan-un-caso-en-san-luis-potosi\/","og_locale":"es_ES","og_type":"article","og_title":"S\u00edndrome de DYRK1A: detectan un caso en San Luis Potos\u00ed - Canal 7 SLP - 2025","og_description":"SLP.- En el marco de la conmemoraci\u00f3n del d\u00eda mundial del s\u00edndrome de DYRK1A, los servicios de salud de San Luis Potos\u00ed y el hospital regional de alta especialidad \u00abDr. Ignacio, Morones Prieto\u00bb, buscan generar conciencia sobre ese trastorno gen\u00e9tico poco frecuente que afecta el desarrollo cerebral y neurol\u00f3gico. Durante este 2025, en San Luis Potos\u00ed se ha detectado un caso con caracter\u00edsticas cl\u00ednicas compatibles con esta condici\u00f3n. Aunque su prevalencia es baja, el s\u00edndrome impacta de manera significativa la calidad de vida de quienes lo presentan, por lo que el diagn\u00f3stico oportuno y su difusi\u00f3n resultan fundamentales. El s\u00edndrome [&hellip;]","og_url":"https:\/\/canal7slp.tv\/2025\/sindrome-de-dyrk1a-detectan-un-caso-en-san-luis-potosi\/","og_site_name":"Canal 7 SLP - 2025","article_publisher":"https:\/\/www.facebook.com\/noticieroscanal7atencionciudadana\/","article_published_time":"2025-08-22T22:51:07+00:00","article_modified_time":"2025-08-22T22:52:43+00:00","og_image":[{"width":1280,"height":720,"url":"https:\/\/canal7slp.tv\/2025\/wp-content\/uploads\/2025\/08\/Vazquez03DYRK1ASLP.jpg","type":"image\/jpeg"}],"author":"Edici\u00f3n Web","twitter_card":"summary_large_image","twitter_creator":"@NOTICIEROS7","twitter_site":"@NOTICIEROS7","twitter_misc":{"Escrito por":"Edici\u00f3n Web","Tiempo de lectura":"2 minutos"},"schema":{"@context":"https:\/\/schema.org","@graph":[{"@type":"Article","@id":"https:\/\/canal7slp.tv\/2025\/sindrome-de-dyrk1a-detectan-un-caso-en-san-luis-potosi\/#article","isPartOf":{"@id":"https:\/\/canal7slp.tv\/2025\/sindrome-de-dyrk1a-detectan-un-caso-en-san-luis-potosi\/"},"author":{"name":"Edici\u00f3n Web","@id":"https:\/\/canal7slp.tv\/2025\/#\/schema\/person\/271e2b60a96e7cc9d9ac296f4d7e414b"},"headline":"S\u00edndrome de DYRK1A: detectan un caso en San Luis Potos\u00ed","datePublished":"2025-08-22T22:51:07+00:00","dateModified":"2025-08-22T22:52:43+00:00","mainEntityOfPage":{"@id":"https:\/\/canal7slp.tv\/2025\/sindrome-de-dyrk1a-detectan-un-caso-en-san-luis-potosi\/"},"wordCount":332,"publisher":{"@id":"https:\/\/canal7slp.tv\/2025\/#organization"},"image":{"@id":"https:\/\/canal7slp.tv\/2025\/sindrome-de-dyrk1a-detectan-un-caso-en-san-luis-potosi\/#primaryimage"},"thumbnailUrl":"https:\/\/canal7slp.tv\/2025\/wp-content\/uploads\/2025\/08\/Vazquez03DYRK1ASLP.jpg","articleSection":["DESTACADAS","GOBEDOSLP","LOCALES Y REGIONALES"],"inLanguage":"es"},{"@type":"WebPage","@id":"https:\/\/canal7slp.tv\/2025\/sindrome-de-dyrk1a-detectan-un-caso-en-san-luis-potosi\/","url":"https:\/\/canal7slp.tv\/2025\/sindrome-de-dyrk1a-detectan-un-caso-en-san-luis-potosi\/","name":"S\u00edndrome de DYRK1A: detectan un caso en San Luis Potos\u00ed - Canal 7 SLP - 2025","isPartOf":{"@id":"https:\/\/canal7slp.tv\/2025\/#website"},"primaryImageOfPage":{"@id":"https:\/\/canal7slp.tv\/2025\/sindrome-de-dyrk1a-detectan-un-caso-en-san-luis-potosi\/#primaryimage"},"image":{"@id":"https:\/\/canal7slp.tv\/2025\/sindrome-de-dyrk1a-detectan-un-caso-en-san-luis-potosi\/#primaryimage"},"thumbnailUrl":"https:\/\/canal7slp.tv\/2025\/wp-content\/uploads\/2025\/08\/Vazquez03DYRK1ASLP.jpg","datePublished":"2025-08-22T22:51:07+00:00","dateModified":"2025-08-22T22:52:43+00:00","breadcrumb":{"@id":"https:\/\/canal7slp.tv\/2025\/sindrome-de-dyrk1a-detectan-un-caso-en-san-luis-potosi\/#breadcrumb"},"inLanguage":"es","potentialAction":[{"@type":"ReadAction","target":["https:\/\/canal7slp.tv\/2025\/sindrome-de-dyrk1a-detectan-un-caso-en-san-luis-potosi\/"]}]},{"@type":"ImageObject","inLanguage":"es","@id":"https:\/\/canal7slp.tv\/2025\/sindrome-de-dyrk1a-detectan-un-caso-en-san-luis-potosi\/#primaryimage","url":"https:\/\/canal7slp.tv\/2025\/wp-content\/uploads\/2025\/08\/Vazquez03DYRK1ASLP.jpg","contentUrl":"https:\/\/canal7slp.tv\/2025\/wp-content\/uploads\/2025\/08\/Vazquez03DYRK1ASLP.jpg","width":1280,"height":720},{"@type":"BreadcrumbList","@id":"https:\/\/canal7slp.tv\/2025\/sindrome-de-dyrk1a-detectan-un-caso-en-san-luis-potosi\/#breadcrumb","itemListElement":[{"@type":"ListItem","position":1,"name":"Portada","item":"https:\/\/canal7slp.tv\/2025\/"},{"@type":"ListItem","position":2,"name":"S\u00edndrome de DYRK1A: detectan un caso en San Luis Potos\u00ed"}]},{"@type":"WebSite","@id":"https:\/\/canal7slp.tv\/2025\/#website","url":"https:\/\/canal7slp.tv\/2025\/","name":"N7 - Noticieros Canal 7","description":"Somos el Medio","publisher":{"@id":"https:\/\/canal7slp.tv\/2025\/#organization"},"potentialAction":[{"@type":"SearchAction","target":{"@type":"EntryPoint","urlTemplate":"https:\/\/canal7slp.tv\/2025\/?s={search_term_string}"},"query-input":{"@type":"PropertyValueSpecification","valueRequired":true,"valueName":"search_term_string"}}],"inLanguage":"es"},{"@type":"Organization","@id":"https:\/\/canal7slp.tv\/2025\/#organization","name":"Noticieros Canal 7","url":"https:\/\/canal7slp.tv\/2025\/","logo":{"@type":"ImageObject","inLanguage":"es","@id":"https:\/\/canal7slp.tv\/2025\/#\/schema\/logo\/image\/","url":"https:\/\/canal7slp.tv\/2025\/wp-content\/uploads\/2021\/01\/logo-noticieros@2x.png","contentUrl":"https:\/\/canal7slp.tv\/2025\/wp-content\/uploads\/2021\/01\/logo-noticieros@2x.png","width":1017,"height":268,"caption":"Noticieros Canal 7"},"image":{"@id":"https:\/\/canal7slp.tv\/2025\/#\/schema\/logo\/image\/"},"sameAs":["https:\/\/www.facebook.com\/noticieroscanal7atencionciudadana\/","https:\/\/x.com\/NOTICIEROS7","https:\/\/www.instagram.com\/canal7_slp","https:\/\/www.youtube.com\/channel\/UCliiYs-gP3JfJeqdPrNdd5A"]},{"@type":"Person","@id":"https:\/\/canal7slp.tv\/2025\/#\/schema\/person\/271e2b60a96e7cc9d9ac296f4d7e414b","name":"Edici\u00f3n Web","image":{"@type":"ImageObject","inLanguage":"es","@id":"https:\/\/secure.gravatar.com\/avatar\/eee448fc3f7164808013b816ba91ac7e43bbe82a70bebac296f8bc6f0addaa1a?s=96&d=mm&r=g","url":"https:\/\/secure.gravatar.com\/avatar\/eee448fc3f7164808013b816ba91ac7e43bbe82a70bebac296f8bc6f0addaa1a?s=96&d=mm&r=g","contentUrl":"https:\/\/secure.gravatar.com\/avatar\/eee448fc3f7164808013b816ba91ac7e43bbe82a70bebac296f8bc6f0addaa1a?s=96&d=mm&r=g","caption":"Edici\u00f3n Web"},"url":"https:\/\/canal7slp.tv\/2025\/author\/edicionweb\/"}]}},"_links":{"self":[{"href":"https:\/\/canal7slp.tv\/2025\/wp-json\/wp\/v2\/posts\/177370","targetHints":{"allow":["GET"]}}],"collection":[{"href":"https:\/\/canal7slp.tv\/2025\/wp-json\/wp\/v2\/posts"}],"about":[{"href":"https:\/\/canal7slp.tv\/2025\/wp-json\/wp\/v2\/types\/post"}],"author":[{"embeddable":true,"href":"https:\/\/canal7slp.tv\/2025\/wp-json\/wp\/v2\/users\/2"}],"replies":[{"embeddable":true,"href":"https:\/\/canal7slp.tv\/2025\/wp-json\/wp\/v2\/comments?post=177370"}],"version-history":[{"count":3,"href":"https:\/\/canal7slp.tv\/2025\/wp-json\/wp\/v2\/posts\/177370\/revisions"}],"predecessor-version":[{"id":177390,"href":"https:\/\/canal7slp.tv\/2025\/wp-json\/wp\/v2\/posts\/177370\/revisions\/177390"}],"wp:featuredmedia":[{"embeddable":true,"href":"https:\/\/canal7slp.tv\/2025\/wp-json\/wp\/v2\/media\/177378"}],"wp:attachment":[{"href":"https:\/\/canal7slp.tv\/2025\/wp-json\/wp\/v2\/media?parent=177370"}],"wp:term":[{"taxonomy":"category","embeddable":true,"href":"https:\/\/canal7slp.tv\/2025\/wp-json\/wp\/v2\/categories?post=177370"},{"taxonomy":"post_tag","embeddable":true,"href":"https:\/\/canal7slp.tv\/2025\/wp-json\/wp\/v2\/tags?post=177370"}],"curies":[{"name":"wp","href":"https:\/\/api.w.org\/{rel}","templated":true}]}}