{"id":177357,"date":"2025-08-22T16:13:35","date_gmt":"2025-08-22T22:13:35","guid":{"rendered":"https:\/\/canal7slp.tv\/2025\/?p=177357"},"modified":"2025-08-22T16:13:35","modified_gmt":"2025-08-22T22:13:35","slug":"corte-de-nueva-york-otorga-prorroga-de-90-dias-a-garcia-luna-para-presentar-apelacion","status":"publish","type":"post","link":"https:\/\/canal7slp.tv\/2025\/corte-de-nueva-york-otorga-prorroga-de-90-dias-a-garcia-luna-para-presentar-apelacion\/","title":{"rendered":"Corte de Nueva York otorga pr\u00f3rroga de 90 d\u00edas a Garc\u00eda Luna para presentar apelaci\u00f3n"},"content":{"rendered":"<p style=\"text-align: justify;\">Nueva York.- Una corte federal de Nueva York concedi\u00f3 una extensi\u00f3n de 90 d\u00edas a Genaro Garc\u00eda Luna, exsecretario de Seguridad P\u00fablica de M\u00e9xico, para presentar los documentos de apelaci\u00f3n contra su condena por narcotr\u00e1fico. El nuevo plazo vence el 18 de diciembre de 2025.<\/p>\n<p style=\"text-align: justify;\">La decisi\u00f3n judicial tambi\u00e9n ordena a la Oficina de Prisiones garantizar acceso regular de los abogados defensores al condenado mediante llamadas telef\u00f3nicas programadas y visitas presenciales. La defensa legal hab\u00eda argumentado dificultades previas de comunicaci\u00f3n con su cliente.<\/p>\n<p style=\"text-align: justify;\">Garc\u00eda Luna se encuentra recluido actualmente en la prisi\u00f3n de m\u00e1xima seguridad ADX Florence en Colorado, la misma instalaci\u00f3n donde cumple condena Joaqu\u00edn Guzm\u00e1n Loera, \u00abEl Chapo\u00bb. El exfuncionario fue transferido recientemente desde una c\u00e1rcel en Oklahoma.<\/p>\n<p style=\"text-align: justify;\">En octubre del a\u00f1o pasado, Garc\u00eda Luna fue sentenciado a 38 a\u00f1os de prisi\u00f3n tras ser declarado culpable de narcotr\u00e1fico y delincuencia organizada. El jurado determin\u00f3 que recibi\u00f3 sobornos del C\u00e1rtel de Sinaloa durante su gesti\u00f3n como alto funcionario de seguridad en M\u00e9xico.<\/p>\n<p style=\"text-align: justify;\">La corte contin\u00faa el proceso de apelaci\u00f3n mientras el condenado permanece bajo custodia federal en Estados Unidos.<\/p>\n","protected":false},"excerpt":{"rendered":"<p>Nueva York.- Una corte federal de Nueva York concedi\u00f3 una extensi\u00f3n de 90 d\u00edas a Genaro Garc\u00eda Luna, exsecretario de Seguridad P\u00fablica de M\u00e9xico, para presentar los documentos de apelaci\u00f3n contra su condena por narcotr\u00e1fico. El nuevo plazo vence el 18 de diciembre de 2025. La decisi\u00f3n judicial tambi\u00e9n ordena a la Oficina de Prisiones garantizar acceso regular de los abogados defensores al condenado mediante llamadas telef\u00f3nicas programadas y visitas presenciales. La defensa legal hab\u00eda argumentado dificultades previas de comunicaci\u00f3n con su cliente. Garc\u00eda Luna se encuentra recluido actualmente en la prisi\u00f3n de m\u00e1xima seguridad ADX Florence en Colorado, la [&hellip;]<\/p>\n","protected":false},"author":2,"featured_media":177364,"comment_status":"closed","ping_status":"closed","sticky":false,"template":"","format":"standard","meta":{"_monsterinsights_skip_tracking":false,"_monsterinsights_sitenote_active":false,"_monsterinsights_sitenote_note":"","_monsterinsights_sitenote_category":0,"footnotes":""},"categories":[44],"tags":[],"class_list":["post-177357","post","type-post","status-publish","format-standard","has-post-thumbnail","hentry","category-internacional","post--single"],"yoast_head":"<!-- This site is optimized with the Yoast SEO plugin v27.5 - https:\/\/yoast.com\/product\/yoast-seo-wordpress\/ -->\n<title>Corte de Nueva York otorga pr\u00f3rroga de 90 d\u00edas a Garc\u00eda Luna para presentar apelaci\u00f3n - Canal 7 SLP - 2025<\/title>\n<meta name=\"robots\" content=\"index, follow, max-snippet:-1, max-image-preview:large, max-video-preview:-1\" \/>\n<link rel=\"canonical\" href=\"https:\/\/canal7slp.tv\/2025\/corte-de-nueva-york-otorga-prorroga-de-90-dias-a-garcia-luna-para-presentar-apelacion\/\" \/>\n<meta property=\"og:locale\" content=\"es_ES\" \/>\n<meta property=\"og:type\" content=\"article\" \/>\n<meta property=\"og:title\" content=\"Corte de Nueva York otorga pr\u00f3rroga de 90 d\u00edas a Garc\u00eda Luna para presentar apelaci\u00f3n - Canal 7 SLP - 2025\" \/>\n<meta property=\"og:description\" content=\"Nueva York.- Una corte federal de Nueva York concedi\u00f3 una extensi\u00f3n de 90 d\u00edas a Genaro Garc\u00eda Luna, exsecretario de Seguridad P\u00fablica de M\u00e9xico, para presentar los documentos de apelaci\u00f3n contra su condena por narcotr\u00e1fico. El nuevo plazo vence el 18 de diciembre de 2025. La decisi\u00f3n judicial tambi\u00e9n ordena a la Oficina de Prisiones garantizar acceso regular de los abogados defensores al condenado mediante llamadas telef\u00f3nicas programadas y visitas presenciales. La defensa legal hab\u00eda argumentado dificultades previas de comunicaci\u00f3n con su cliente. Garc\u00eda Luna se encuentra recluido actualmente en la prisi\u00f3n de m\u00e1xima seguridad ADX Florence en Colorado, la [&hellip;]\" \/>\n<meta property=\"og:url\" content=\"https:\/\/canal7slp.tv\/2025\/corte-de-nueva-york-otorga-prorroga-de-90-dias-a-garcia-luna-para-presentar-apelacion\/\" \/>\n<meta property=\"og:site_name\" content=\"Canal 7 SLP - 2025\" \/>\n<meta property=\"article:publisher\" content=\"https:\/\/www.facebook.com\/noticieroscanal7atencionciudadana\/\" \/>\n<meta property=\"article:published_time\" content=\"2025-08-22T22:13:35+00:00\" \/>\n<meta property=\"og:image\" content=\"https:\/\/canal7slp.tv\/2025\/wp-content\/uploads\/2025\/08\/10-21.jpg\" \/>\n\t<meta property=\"og:image:width\" content=\"955\" \/>\n\t<meta property=\"og:image:height\" content=\"500\" \/>\n\t<meta property=\"og:image:type\" content=\"image\/jpeg\" \/>\n<meta name=\"author\" content=\"Edici\u00f3n Web\" \/>\n<meta name=\"twitter:card\" content=\"summary_large_image\" \/>\n<meta name=\"twitter:creator\" content=\"@NOTICIEROS7\" \/>\n<meta name=\"twitter:site\" content=\"@NOTICIEROS7\" \/>\n<meta name=\"twitter:label1\" content=\"Escrito por\" \/>\n\t<meta name=\"twitter:data1\" content=\"Edici\u00f3n Web\" \/>\n\t<meta name=\"twitter:label2\" content=\"Tiempo de lectura\" \/>\n\t<meta name=\"twitter:data2\" content=\"2 minutos\" \/>\n<script type=\"application\/ld+json\" class=\"yoast-schema-graph\">{\"@context\":\"https:\\\/\\\/schema.org\",\"@graph\":[{\"@type\":\"Article\",\"@id\":\"https:\\\/\\\/canal7slp.tv\\\/2025\\\/corte-de-nueva-york-otorga-prorroga-de-90-dias-a-garcia-luna-para-presentar-apelacion\\\/#article\",\"isPartOf\":{\"@id\":\"https:\\\/\\\/canal7slp.tv\\\/2025\\\/corte-de-nueva-york-otorga-prorroga-de-90-dias-a-garcia-luna-para-presentar-apelacion\\\/\"},\"author\":{\"name\":\"Edici\u00f3n Web\",\"@id\":\"https:\\\/\\\/canal7slp.tv\\\/2025\\\/#\\\/schema\\\/person\\\/271e2b60a96e7cc9d9ac296f4d7e414b\"},\"headline\":\"Corte de Nueva York otorga pr\u00f3rroga de 90 d\u00edas a Garc\u00eda Luna para presentar apelaci\u00f3n\",\"datePublished\":\"2025-08-22T22:13:35+00:00\",\"mainEntityOfPage\":{\"@id\":\"https:\\\/\\\/canal7slp.tv\\\/2025\\\/corte-de-nueva-york-otorga-prorroga-de-90-dias-a-garcia-luna-para-presentar-apelacion\\\/\"},\"wordCount\":224,\"publisher\":{\"@id\":\"https:\\\/\\\/canal7slp.tv\\\/2025\\\/#organization\"},\"image\":{\"@id\":\"https:\\\/\\\/canal7slp.tv\\\/2025\\\/corte-de-nueva-york-otorga-prorroga-de-90-dias-a-garcia-luna-para-presentar-apelacion\\\/#primaryimage\"},\"thumbnailUrl\":\"https:\\\/\\\/canal7slp.tv\\\/2025\\\/wp-content\\\/uploads\\\/2025\\\/08\\\/10-21.jpg\",\"articleSection\":[\"INTERNACIONALES\"],\"inLanguage\":\"es\"},{\"@type\":\"WebPage\",\"@id\":\"https:\\\/\\\/canal7slp.tv\\\/2025\\\/corte-de-nueva-york-otorga-prorroga-de-90-dias-a-garcia-luna-para-presentar-apelacion\\\/\",\"url\":\"https:\\\/\\\/canal7slp.tv\\\/2025\\\/corte-de-nueva-york-otorga-prorroga-de-90-dias-a-garcia-luna-para-presentar-apelacion\\\/\",\"name\":\"Corte de Nueva York otorga pr\u00f3rroga de 90 d\u00edas a Garc\u00eda Luna para presentar apelaci\u00f3n - Canal 7 SLP - 2025\",\"isPartOf\":{\"@id\":\"https:\\\/\\\/canal7slp.tv\\\/2025\\\/#website\"},\"primaryImageOfPage\":{\"@id\":\"https:\\\/\\\/canal7slp.tv\\\/2025\\\/corte-de-nueva-york-otorga-prorroga-de-90-dias-a-garcia-luna-para-presentar-apelacion\\\/#primaryimage\"},\"image\":{\"@id\":\"https:\\\/\\\/canal7slp.tv\\\/2025\\\/corte-de-nueva-york-otorga-prorroga-de-90-dias-a-garcia-luna-para-presentar-apelacion\\\/#primaryimage\"},\"thumbnailUrl\":\"https:\\\/\\\/canal7slp.tv\\\/2025\\\/wp-content\\\/uploads\\\/2025\\\/08\\\/10-21.jpg\",\"datePublished\":\"2025-08-22T22:13:35+00:00\",\"breadcrumb\":{\"@id\":\"https:\\\/\\\/canal7slp.tv\\\/2025\\\/corte-de-nueva-york-otorga-prorroga-de-90-dias-a-garcia-luna-para-presentar-apelacion\\\/#breadcrumb\"},\"inLanguage\":\"es\",\"potentialAction\":[{\"@type\":\"ReadAction\",\"target\":[\"https:\\\/\\\/canal7slp.tv\\\/2025\\\/corte-de-nueva-york-otorga-prorroga-de-90-dias-a-garcia-luna-para-presentar-apelacion\\\/\"]}]},{\"@type\":\"ImageObject\",\"inLanguage\":\"es\",\"@id\":\"https:\\\/\\\/canal7slp.tv\\\/2025\\\/corte-de-nueva-york-otorga-prorroga-de-90-dias-a-garcia-luna-para-presentar-apelacion\\\/#primaryimage\",\"url\":\"https:\\\/\\\/canal7slp.tv\\\/2025\\\/wp-content\\\/uploads\\\/2025\\\/08\\\/10-21.jpg\",\"contentUrl\":\"https:\\\/\\\/canal7slp.tv\\\/2025\\\/wp-content\\\/uploads\\\/2025\\\/08\\\/10-21.jpg\",\"width\":955,\"height\":500},{\"@type\":\"BreadcrumbList\",\"@id\":\"https:\\\/\\\/canal7slp.tv\\\/2025\\\/corte-de-nueva-york-otorga-prorroga-de-90-dias-a-garcia-luna-para-presentar-apelacion\\\/#breadcrumb\",\"itemListElement\":[{\"@type\":\"ListItem\",\"position\":1,\"name\":\"Portada\",\"item\":\"https:\\\/\\\/canal7slp.tv\\\/2025\\\/\"},{\"@type\":\"ListItem\",\"position\":2,\"name\":\"Corte de Nueva York otorga pr\u00f3rroga de 90 d\u00edas a Garc\u00eda Luna para presentar apelaci\u00f3n\"}]},{\"@type\":\"WebSite\",\"@id\":\"https:\\\/\\\/canal7slp.tv\\\/2025\\\/#website\",\"url\":\"https:\\\/\\\/canal7slp.tv\\\/2025\\\/\",\"name\":\"N7 - Noticieros Canal 7\",\"description\":\"Somos el Medio\",\"publisher\":{\"@id\":\"https:\\\/\\\/canal7slp.tv\\\/2025\\\/#organization\"},\"potentialAction\":[{\"@type\":\"SearchAction\",\"target\":{\"@type\":\"EntryPoint\",\"urlTemplate\":\"https:\\\/\\\/canal7slp.tv\\\/2025\\\/?s={search_term_string}\"},\"query-input\":{\"@type\":\"PropertyValueSpecification\",\"valueRequired\":true,\"valueName\":\"search_term_string\"}}],\"inLanguage\":\"es\"},{\"@type\":\"Organization\",\"@id\":\"https:\\\/\\\/canal7slp.tv\\\/2025\\\/#organization\",\"name\":\"Noticieros Canal 7\",\"url\":\"https:\\\/\\\/canal7slp.tv\\\/2025\\\/\",\"logo\":{\"@type\":\"ImageObject\",\"inLanguage\":\"es\",\"@id\":\"https:\\\/\\\/canal7slp.tv\\\/2025\\\/#\\\/schema\\\/logo\\\/image\\\/\",\"url\":\"https:\\\/\\\/canal7slp.tv\\\/2025\\\/wp-content\\\/uploads\\\/2021\\\/01\\\/logo-noticieros@2x.png\",\"contentUrl\":\"https:\\\/\\\/canal7slp.tv\\\/2025\\\/wp-content\\\/uploads\\\/2021\\\/01\\\/logo-noticieros@2x.png\",\"width\":1017,\"height\":268,\"caption\":\"Noticieros Canal 7\"},\"image\":{\"@id\":\"https:\\\/\\\/canal7slp.tv\\\/2025\\\/#\\\/schema\\\/logo\\\/image\\\/\"},\"sameAs\":[\"https:\\\/\\\/www.facebook.com\\\/noticieroscanal7atencionciudadana\\\/\",\"https:\\\/\\\/x.com\\\/NOTICIEROS7\",\"https:\\\/\\\/www.instagram.com\\\/canal7_slp\",\"https:\\\/\\\/www.youtube.com\\\/channel\\\/UCliiYs-gP3JfJeqdPrNdd5A\"]},{\"@type\":\"Person\",\"@id\":\"https:\\\/\\\/canal7slp.tv\\\/2025\\\/#\\\/schema\\\/person\\\/271e2b60a96e7cc9d9ac296f4d7e414b\",\"name\":\"Edici\u00f3n Web\",\"image\":{\"@type\":\"ImageObject\",\"inLanguage\":\"es\",\"@id\":\"https:\\\/\\\/secure.gravatar.com\\\/avatar\\\/eee448fc3f7164808013b816ba91ac7e43bbe82a70bebac296f8bc6f0addaa1a?s=96&d=mm&r=g\",\"url\":\"https:\\\/\\\/secure.gravatar.com\\\/avatar\\\/eee448fc3f7164808013b816ba91ac7e43bbe82a70bebac296f8bc6f0addaa1a?s=96&d=mm&r=g\",\"contentUrl\":\"https:\\\/\\\/secure.gravatar.com\\\/avatar\\\/eee448fc3f7164808013b816ba91ac7e43bbe82a70bebac296f8bc6f0addaa1a?s=96&d=mm&r=g\",\"caption\":\"Edici\u00f3n Web\"},\"url\":\"https:\\\/\\\/canal7slp.tv\\\/2025\\\/author\\\/edicionweb\\\/\"}]}<\/script>\n<!-- \/ Yoast SEO plugin. -->","yoast_head_json":{"title":"Corte de Nueva York otorga pr\u00f3rroga de 90 d\u00edas a Garc\u00eda Luna para presentar apelaci\u00f3n - Canal 7 SLP - 2025","robots":{"index":"index","follow":"follow","max-snippet":"max-snippet:-1","max-image-preview":"max-image-preview:large","max-video-preview":"max-video-preview:-1"},"canonical":"https:\/\/canal7slp.tv\/2025\/corte-de-nueva-york-otorga-prorroga-de-90-dias-a-garcia-luna-para-presentar-apelacion\/","og_locale":"es_ES","og_type":"article","og_title":"Corte de Nueva York otorga pr\u00f3rroga de 90 d\u00edas a Garc\u00eda Luna para presentar apelaci\u00f3n - Canal 7 SLP - 2025","og_description":"Nueva York.- Una corte federal de Nueva York concedi\u00f3 una extensi\u00f3n de 90 d\u00edas a Genaro Garc\u00eda Luna, exsecretario de Seguridad P\u00fablica de M\u00e9xico, para presentar los documentos de apelaci\u00f3n contra su condena por narcotr\u00e1fico. El nuevo plazo vence el 18 de diciembre de 2025. La decisi\u00f3n judicial tambi\u00e9n ordena a la Oficina de Prisiones garantizar acceso regular de los abogados defensores al condenado mediante llamadas telef\u00f3nicas programadas y visitas presenciales. La defensa legal hab\u00eda argumentado dificultades previas de comunicaci\u00f3n con su cliente. Garc\u00eda Luna se encuentra recluido actualmente en la prisi\u00f3n de m\u00e1xima seguridad ADX Florence en Colorado, la [&hellip;]","og_url":"https:\/\/canal7slp.tv\/2025\/corte-de-nueva-york-otorga-prorroga-de-90-dias-a-garcia-luna-para-presentar-apelacion\/","og_site_name":"Canal 7 SLP - 2025","article_publisher":"https:\/\/www.facebook.com\/noticieroscanal7atencionciudadana\/","article_published_time":"2025-08-22T22:13:35+00:00","og_image":[{"width":955,"height":500,"url":"https:\/\/canal7slp.tv\/2025\/wp-content\/uploads\/2025\/08\/10-21.jpg","type":"image\/jpeg"}],"author":"Edici\u00f3n Web","twitter_card":"summary_large_image","twitter_creator":"@NOTICIEROS7","twitter_site":"@NOTICIEROS7","twitter_misc":{"Escrito por":"Edici\u00f3n Web","Tiempo de lectura":"2 minutos"},"schema":{"@context":"https:\/\/schema.org","@graph":[{"@type":"Article","@id":"https:\/\/canal7slp.tv\/2025\/corte-de-nueva-york-otorga-prorroga-de-90-dias-a-garcia-luna-para-presentar-apelacion\/#article","isPartOf":{"@id":"https:\/\/canal7slp.tv\/2025\/corte-de-nueva-york-otorga-prorroga-de-90-dias-a-garcia-luna-para-presentar-apelacion\/"},"author":{"name":"Edici\u00f3n Web","@id":"https:\/\/canal7slp.tv\/2025\/#\/schema\/person\/271e2b60a96e7cc9d9ac296f4d7e414b"},"headline":"Corte de Nueva York otorga pr\u00f3rroga de 90 d\u00edas a Garc\u00eda Luna para presentar apelaci\u00f3n","datePublished":"2025-08-22T22:13:35+00:00","mainEntityOfPage":{"@id":"https:\/\/canal7slp.tv\/2025\/corte-de-nueva-york-otorga-prorroga-de-90-dias-a-garcia-luna-para-presentar-apelacion\/"},"wordCount":224,"publisher":{"@id":"https:\/\/canal7slp.tv\/2025\/#organization"},"image":{"@id":"https:\/\/canal7slp.tv\/2025\/corte-de-nueva-york-otorga-prorroga-de-90-dias-a-garcia-luna-para-presentar-apelacion\/#primaryimage"},"thumbnailUrl":"https:\/\/canal7slp.tv\/2025\/wp-content\/uploads\/2025\/08\/10-21.jpg","articleSection":["INTERNACIONALES"],"inLanguage":"es"},{"@type":"WebPage","@id":"https:\/\/canal7slp.tv\/2025\/corte-de-nueva-york-otorga-prorroga-de-90-dias-a-garcia-luna-para-presentar-apelacion\/","url":"https:\/\/canal7slp.tv\/2025\/corte-de-nueva-york-otorga-prorroga-de-90-dias-a-garcia-luna-para-presentar-apelacion\/","name":"Corte de Nueva York otorga pr\u00f3rroga de 90 d\u00edas a Garc\u00eda Luna para presentar apelaci\u00f3n - Canal 7 SLP - 2025","isPartOf":{"@id":"https:\/\/canal7slp.tv\/2025\/#website"},"primaryImageOfPage":{"@id":"https:\/\/canal7slp.tv\/2025\/corte-de-nueva-york-otorga-prorroga-de-90-dias-a-garcia-luna-para-presentar-apelacion\/#primaryimage"},"image":{"@id":"https:\/\/canal7slp.tv\/2025\/corte-de-nueva-york-otorga-prorroga-de-90-dias-a-garcia-luna-para-presentar-apelacion\/#primaryimage"},"thumbnailUrl":"https:\/\/canal7slp.tv\/2025\/wp-content\/uploads\/2025\/08\/10-21.jpg","datePublished":"2025-08-22T22:13:35+00:00","breadcrumb":{"@id":"https:\/\/canal7slp.tv\/2025\/corte-de-nueva-york-otorga-prorroga-de-90-dias-a-garcia-luna-para-presentar-apelacion\/#breadcrumb"},"inLanguage":"es","potentialAction":[{"@type":"ReadAction","target":["https:\/\/canal7slp.tv\/2025\/corte-de-nueva-york-otorga-prorroga-de-90-dias-a-garcia-luna-para-presentar-apelacion\/"]}]},{"@type":"ImageObject","inLanguage":"es","@id":"https:\/\/canal7slp.tv\/2025\/corte-de-nueva-york-otorga-prorroga-de-90-dias-a-garcia-luna-para-presentar-apelacion\/#primaryimage","url":"https:\/\/canal7slp.tv\/2025\/wp-content\/uploads\/2025\/08\/10-21.jpg","contentUrl":"https:\/\/canal7slp.tv\/2025\/wp-content\/uploads\/2025\/08\/10-21.jpg","width":955,"height":500},{"@type":"BreadcrumbList","@id":"https:\/\/canal7slp.tv\/2025\/corte-de-nueva-york-otorga-prorroga-de-90-dias-a-garcia-luna-para-presentar-apelacion\/#breadcrumb","itemListElement":[{"@type":"ListItem","position":1,"name":"Portada","item":"https:\/\/canal7slp.tv\/2025\/"},{"@type":"ListItem","position":2,"name":"Corte de Nueva York otorga pr\u00f3rroga de 90 d\u00edas a Garc\u00eda Luna para presentar apelaci\u00f3n"}]},{"@type":"WebSite","@id":"https:\/\/canal7slp.tv\/2025\/#website","url":"https:\/\/canal7slp.tv\/2025\/","name":"N7 - Noticieros Canal 7","description":"Somos el Medio","publisher":{"@id":"https:\/\/canal7slp.tv\/2025\/#organization"},"potentialAction":[{"@type":"SearchAction","target":{"@type":"EntryPoint","urlTemplate":"https:\/\/canal7slp.tv\/2025\/?s={search_term_string}"},"query-input":{"@type":"PropertyValueSpecification","valueRequired":true,"valueName":"search_term_string"}}],"inLanguage":"es"},{"@type":"Organization","@id":"https:\/\/canal7slp.tv\/2025\/#organization","name":"Noticieros Canal 7","url":"https:\/\/canal7slp.tv\/2025\/","logo":{"@type":"ImageObject","inLanguage":"es","@id":"https:\/\/canal7slp.tv\/2025\/#\/schema\/logo\/image\/","url":"https:\/\/canal7slp.tv\/2025\/wp-content\/uploads\/2021\/01\/logo-noticieros@2x.png","contentUrl":"https:\/\/canal7slp.tv\/2025\/wp-content\/uploads\/2021\/01\/logo-noticieros@2x.png","width":1017,"height":268,"caption":"Noticieros Canal 7"},"image":{"@id":"https:\/\/canal7slp.tv\/2025\/#\/schema\/logo\/image\/"},"sameAs":["https:\/\/www.facebook.com\/noticieroscanal7atencionciudadana\/","https:\/\/x.com\/NOTICIEROS7","https:\/\/www.instagram.com\/canal7_slp","https:\/\/www.youtube.com\/channel\/UCliiYs-gP3JfJeqdPrNdd5A"]},{"@type":"Person","@id":"https:\/\/canal7slp.tv\/2025\/#\/schema\/person\/271e2b60a96e7cc9d9ac296f4d7e414b","name":"Edici\u00f3n Web","image":{"@type":"ImageObject","inLanguage":"es","@id":"https:\/\/secure.gravatar.com\/avatar\/eee448fc3f7164808013b816ba91ac7e43bbe82a70bebac296f8bc6f0addaa1a?s=96&d=mm&r=g","url":"https:\/\/secure.gravatar.com\/avatar\/eee448fc3f7164808013b816ba91ac7e43bbe82a70bebac296f8bc6f0addaa1a?s=96&d=mm&r=g","contentUrl":"https:\/\/secure.gravatar.com\/avatar\/eee448fc3f7164808013b816ba91ac7e43bbe82a70bebac296f8bc6f0addaa1a?s=96&d=mm&r=g","caption":"Edici\u00f3n Web"},"url":"https:\/\/canal7slp.tv\/2025\/author\/edicionweb\/"}]}},"_links":{"self":[{"href":"https:\/\/canal7slp.tv\/2025\/wp-json\/wp\/v2\/posts\/177357","targetHints":{"allow":["GET"]}}],"collection":[{"href":"https:\/\/canal7slp.tv\/2025\/wp-json\/wp\/v2\/posts"}],"about":[{"href":"https:\/\/canal7slp.tv\/2025\/wp-json\/wp\/v2\/types\/post"}],"author":[{"embeddable":true,"href":"https:\/\/canal7slp.tv\/2025\/wp-json\/wp\/v2\/users\/2"}],"replies":[{"embeddable":true,"href":"https:\/\/canal7slp.tv\/2025\/wp-json\/wp\/v2\/comments?post=177357"}],"version-history":[{"count":2,"href":"https:\/\/canal7slp.tv\/2025\/wp-json\/wp\/v2\/posts\/177357\/revisions"}],"predecessor-version":[{"id":177367,"href":"https:\/\/canal7slp.tv\/2025\/wp-json\/wp\/v2\/posts\/177357\/revisions\/177367"}],"wp:featuredmedia":[{"embeddable":true,"href":"https:\/\/canal7slp.tv\/2025\/wp-json\/wp\/v2\/media\/177364"}],"wp:attachment":[{"href":"https:\/\/canal7slp.tv\/2025\/wp-json\/wp\/v2\/media?parent=177357"}],"wp:term":[{"taxonomy":"category","embeddable":true,"href":"https:\/\/canal7slp.tv\/2025\/wp-json\/wp\/v2\/categories?post=177357"},{"taxonomy":"post_tag","embeddable":true,"href":"https:\/\/canal7slp.tv\/2025\/wp-json\/wp\/v2\/tags?post=177357"}],"curies":[{"name":"wp","href":"https:\/\/api.w.org\/{rel}","templated":true}]}}